{"id":254431,"date":"2026-03-11T16:41:42","date_gmt":"2026-03-11T20:41:42","guid":{"rendered":"https:\/\/www.manaus.am.gov.br\/semcom\/recapeamento-bairro-cidade-nova\/"},"modified":"2026-03-12T12:16:10","modified_gmt":"2026-03-12T15:16:10","slug":"recapeamento-bairro-cidade-nova","status":"publish","type":"post","link":"https:\/\/www.manaus.am.gov.br\/semcom\/recapeamento-bairro-cidade-nova\/","title":{"rendered":"Prefeitura de Manaus avan\u00e7a para a segunda fase do pacote de recapeamento no bairro Cidade Nova e chega ao n\u00facleo 16"},"content":{"rendered":"\n<p>A<a href=\"https:\/\/www.instagram.com\/prefeiturademanaus\/\"> Prefeitura de Manaus,<\/a> por meio da Secretaria Municipal de Infraestrutura<a href=\"https:\/\/www.manaus.am.gov.br\/\"> (Seminf<\/a>), avan\u00e7a para a segunda fase do pacote de recapeamento que contempla 141 ruas do bairro Cidade Nova, na zona Norte da capital. Nesta quarta-feira, 11\/3, as equipes iniciaram os servi\u00e7os na rua Coimbra, localizada no n\u00facleo 16, levando uma nova camada de asfalto e promovendo melhorias significativas na mobilidade urbana da regi\u00e3o, marcando o in\u00edcio dessa importante etapa do pacote de recapeamento das vias da zona Norte.<\/p>\n\n\n\n<p>A a\u00e7\u00e3o faz parte de um amplo trabalho de reestrutura\u00e7\u00e3o da malha vi\u00e1ria, que vem transformando ruas que antes apresentavam desgaste e irregularidades em vias mais seguras, modernas e adequadas para o tr\u00e1fego de ve\u00edculos e pedestres.<\/p>\n\n\n\n<p>O vice-prefeito e secret\u00e1rio de Obras, Renato Junior, destaca que o avan\u00e7o do recapeamento representa mais qualidade de vida para a popula\u00e7\u00e3o e reflete o compromisso da gest\u00e3o municipal em recuperar a infraestrutura da cidade.<\/p>\n\n\n\n<p>\u201cDesde o in\u00edcio da gest\u00e3o, temos trabalhado para fortalecer a infraestrutura de Manaus, levando recapeamento para bairros e comunidades que passaram anos aguardando melhorias. Hoje vemos uma nova realidade, com ruas revitalizadas, mobilidade garantida e mais dignidade para os moradores. Esse \u00e9 um direito da popula\u00e7\u00e3o e seguimos avan\u00e7ando para levar essas melhorias a cada vez mais \u00e1reas da cidade\u201d, afirmou Renato Junior.<\/p>\n\n\n\n<p>A primeira etapa dos servi\u00e7os j\u00e1 foi conclu\u00edda nas ruas do n\u00facleo 15, e agora as frentes de obra avan\u00e7am para o n\u00facleo 16. Com o recapeamento, buracos e imperfei\u00e7\u00f5es s\u00e3o eliminados, o tr\u00e1fego se torna mais seguro e a durabilidade da pavimenta\u00e7\u00e3o aumenta, garantindo mais conforto para motoristas, motociclistas, ciclistas e pedestres.<\/p>\n\n\n\n<p>Em paralelo \u00e0s obras estruturantes de recapeamento, a Prefeitura de Manaus tamb\u00e9m atua diariamente com equipes de recupera\u00e7\u00e3o asf\u00e1ltica em pontos emergenciais da cidade, em todas as zonas da capital, solucionando buracos e desgastes na pavimenta\u00e7\u00e3o. O trabalho garante respostas r\u00e1pidas \u00e0s demandas da popula\u00e7\u00e3o e contribui para manter a malha vi\u00e1ria da capital em melhores condi\u00e7\u00f5es de trafegabilidade.<\/p>\n\n\n\n<p>Morador da rua Coimbra h\u00e1 d\u00e9cadas, o aposentado Jos\u00e9 Leite, de 70 anos, acompanha de perto a execu\u00e7\u00e3o da obra e comemora a transforma\u00e7\u00e3o da via. \u201cMinha rua est\u00e1 ficando uma maravilha. Estou acompanhando todo o trabalho e est\u00e1 ficando um tapete. \u00c9 uma alegria ver essa melhoria chegando aqui. S\u00f3 tenho a agradecer\u201d, disse.<\/p>\n\n\n\n<p>A Prefeitura de Manaus segue com diversas frentes de trabalho atuando simultaneamente no bairro Cidade Nova. Enquanto algumas equipes executam o recapeamento das vias, outras realizam servi\u00e7os de recupera\u00e7\u00e3o asf\u00e1ltica, manuten\u00e7\u00e3o de drenagem superficial e profunda, al\u00e9m de interven\u00e7\u00f5es estruturais que fortalecem a malha vi\u00e1ria e garantem mais mobilidade, seguran\u00e7a e qualidade de vida para a popula\u00e7\u00e3o.<\/p>\n\n\n\n<figure class=\"wp-block-image size-large\"><img loading=\"lazy\" decoding=\"async\" width=\"1024\" height=\"682\" src=\"https:\/\/www.manaus.am.gov.br\/semcom\/wp-content\/uploads\/sites\/5\/2026\/03\/Recuperacao-4-1024x682.jpeg\" alt=\"\" class=\"wp-image-254433\" srcset=\"https:\/\/www.manaus.am.gov.br\/semcom\/wp-content\/uploads\/sites\/5\/2026\/03\/Recuperacao-4-1024x682.jpeg 1024w, https:\/\/www.manaus.am.gov.br\/semcom\/wp-content\/uploads\/sites\/5\/2026\/03\/Recuperacao-4-300x200.jpeg 300w, https:\/\/www.manaus.am.gov.br\/semcom\/wp-content\/uploads\/sites\/5\/2026\/03\/Recuperacao-4-768x512.jpeg 768w, https:\/\/www.manaus.am.gov.br\/semcom\/wp-content\/uploads\/sites\/5\/2026\/03\/Recuperacao-4-1536x1023.jpeg 1536w, https:\/\/www.manaus.am.gov.br\/semcom\/wp-content\/uploads\/sites\/5\/2026\/03\/Recuperacao-4.jpeg 1600w\" sizes=\"(max-width: 1024px) 100vw, 1024px\" \/><figcaption class=\"wp-element-caption\">#paratodosverem &#8211; Aposentado Jos\u00e9 Leite<\/figcaption><\/figure>\n\n\n\n<p>&#8212; &#8212; &#8212;<\/p>\n\n\n\n<p><strong>Texto&nbsp;<\/strong>&#8211; Rayana Coutinho\/Seminf<\/p>\n\n\n\n<p><strong>Fotos <\/strong>&#8211; M\u00e1rcio Melo\/Seminf<\/p>\n","protected":false},"excerpt":{"rendered":"","protected":false},"author":39,"featured_media":254432,"comment_status":"closed","ping_status":"closed","sticky":false,"template":"","format":"standard","meta":{"footnotes":""},"categories":[129],"tags":[321,13212,77,1427,33],"acf":[],"yoast_head":"<!-- This site is optimized with the Yoast SEO plugin v23.0 - https:\/\/yoast.com\/wordpress\/plugins\/seo\/ -->\n<title>Segunda fase do pacote de recapeamento no bairro Cidade Nova<\/title>\n<meta name=\"description\" content=\"Prefeitura de Manaus avan\u00e7a para a segunda fase do pacote de recapeamento no bairro Cidade Nova e chega ao n\u00facleo 16.\" \/>\n<meta name=\"robots\" content=\"index, follow, max-snippet:-1, max-image-preview:large, max-video-preview:-1\" \/>\n<link rel=\"canonical\" href=\"https:\/\/www.manaus.am.gov.br\/semcom\/recapeamento-bairro-cidade-nova\/\" \/>\n<meta property=\"og:locale\" content=\"pt_BR\" \/>\n<meta property=\"og:type\" content=\"article\" \/>\n<meta property=\"og:title\" content=\"Segunda fase do pacote de recapeamento no bairro Cidade Nova\" \/>\n<meta property=\"og:description\" content=\"Prefeitura de Manaus avan\u00e7a para a segunda fase do pacote de recapeamento no bairro Cidade Nova e chega ao n\u00facleo 16.\" \/>\n<meta property=\"og:url\" content=\"https:\/\/www.manaus.am.gov.br\/semcom\/recapeamento-bairro-cidade-nova\/\" \/>\n<meta property=\"og:site_name\" content=\"SEMCOM\" \/>\n<meta property=\"article:published_time\" content=\"2026-03-11T20:41:42+00:00\" \/>\n<meta property=\"article:modified_time\" content=\"2026-03-12T15:16:10+00:00\" \/>\n<meta property=\"og:image\" content=\"https:\/\/www.manaus.am.gov.br\/semcom\/wp-content\/uploads\/sites\/5\/2026\/03\/Recuperacao-2.jpeg\" \/>\n\t<meta property=\"og:image:width\" content=\"1600\" \/>\n\t<meta property=\"og:image:height\" content=\"900\" \/>\n\t<meta property=\"og:image:type\" content=\"image\/jpeg\" \/>\n<meta name=\"author\" content=\"Bruna Greco\" \/>\n<meta name=\"twitter:card\" content=\"summary_large_image\" \/>\n<meta name=\"twitter:label1\" content=\"Written by\" \/>\n\t<meta name=\"twitter:data1\" content=\"Bruna Greco\" \/>\n\t<meta name=\"twitter:label2\" content=\"Est. reading time\" \/>\n\t<meta name=\"twitter:data2\" content=\"3 minutos\" \/>\n<script type=\"application\/ld+json\" class=\"yoast-schema-graph\">{\"@context\":\"https:\/\/schema.org\",\"@graph\":[{\"@type\":\"WebPage\",\"@id\":\"https:\/\/www.manaus.am.gov.br\/semcom\/recapeamento-bairro-cidade-nova\/\",\"url\":\"https:\/\/www.manaus.am.gov.br\/semcom\/recapeamento-bairro-cidade-nova\/\",\"name\":\"Segunda fase do pacote de recapeamento no bairro Cidade Nova\",\"isPartOf\":{\"@id\":\"https:\/\/www.manaus.am.gov.br\/semcom\/#website\"},\"primaryImageOfPage\":{\"@id\":\"https:\/\/www.manaus.am.gov.br\/semcom\/recapeamento-bairro-cidade-nova\/#primaryimage\"},\"image\":{\"@id\":\"https:\/\/www.manaus.am.gov.br\/semcom\/recapeamento-bairro-cidade-nova\/#primaryimage\"},\"thumbnailUrl\":\"https:\/\/www.manaus.am.gov.br\/semcom\/wp-content\/uploads\/sites\/5\/2026\/03\/Recuperacao-2.jpeg\",\"datePublished\":\"2026-03-11T20:41:42+00:00\",\"dateModified\":\"2026-03-12T15:16:10+00:00\",\"author\":{\"@id\":\"https:\/\/www.manaus.am.gov.br\/semcom\/#\/schema\/person\/05d223aea2bf115f9883a6ff3683d81b\"},\"description\":\"Prefeitura de Manaus avan\u00e7a para a segunda fase do pacote de recapeamento no bairro Cidade Nova e chega ao n\u00facleo 16.\",\"inLanguage\":\"pt-BR\",\"potentialAction\":[{\"@type\":\"ReadAction\",\"target\":[\"https:\/\/www.manaus.am.gov.br\/semcom\/recapeamento-bairro-cidade-nova\/\"]}]},{\"@type\":\"ImageObject\",\"inLanguage\":\"pt-BR\",\"@id\":\"https:\/\/www.manaus.am.gov.br\/semcom\/recapeamento-bairro-cidade-nova\/#primaryimage\",\"url\":\"https:\/\/www.manaus.am.gov.br\/semcom\/wp-content\/uploads\/sites\/5\/2026\/03\/Recuperacao-2.jpeg\",\"contentUrl\":\"https:\/\/www.manaus.am.gov.br\/semcom\/wp-content\/uploads\/sites\/5\/2026\/03\/Recuperacao-2.jpeg\",\"width\":1600,\"height\":900,\"caption\":\"#paratodosverem - Imagem a\u00e9rea de via do n\u00facleo 16, no bairro Cidade Nova, totalmente recapeada\"},{\"@type\":\"WebSite\",\"@id\":\"https:\/\/www.manaus.am.gov.br\/semcom\/#website\",\"url\":\"https:\/\/www.manaus.am.gov.br\/semcom\/\",\"name\":\"SEMCOM\",\"description\":\"Secretaria Municipal de Comunica\u00e7\u00e3o\",\"potentialAction\":[{\"@type\":\"SearchAction\",\"target\":{\"@type\":\"EntryPoint\",\"urlTemplate\":\"https:\/\/www.manaus.am.gov.br\/semcom\/?s={search_term_string}\"},\"query-input\":\"required name=search_term_string\"}],\"inLanguage\":\"pt-BR\"},{\"@type\":\"Person\",\"@id\":\"https:\/\/www.manaus.am.gov.br\/semcom\/#\/schema\/person\/05d223aea2bf115f9883a6ff3683d81b\",\"name\":\"Bruna Greco\",\"image\":{\"@type\":\"ImageObject\",\"inLanguage\":\"pt-BR\",\"@id\":\"https:\/\/www.manaus.am.gov.br\/semcom\/#\/schema\/person\/image\/\",\"url\":\"https:\/\/secure.gravatar.com\/avatar\/9c877d1a6adc2a055330e5c09a8653ce?s=96&d=mm&r=g\",\"contentUrl\":\"https:\/\/secure.gravatar.com\/avatar\/9c877d1a6adc2a055330e5c09a8653ce?s=96&d=mm&r=g\",\"caption\":\"Bruna Greco\"}}]}<\/script>\n<!-- \/ Yoast SEO plugin. -->","yoast_head_json":{"title":"Segunda fase do pacote de recapeamento no bairro Cidade Nova","description":"Prefeitura de Manaus avan\u00e7a para a segunda fase do pacote de recapeamento no bairro Cidade Nova e chega ao n\u00facleo 16.","robots":{"index":"index","follow":"follow","max-snippet":"max-snippet:-1","max-image-preview":"max-image-preview:large","max-video-preview":"max-video-preview:-1"},"canonical":"https:\/\/www.manaus.am.gov.br\/semcom\/recapeamento-bairro-cidade-nova\/","og_locale":"pt_BR","og_type":"article","og_title":"Segunda fase do pacote de recapeamento no bairro Cidade Nova","og_description":"Prefeitura de Manaus avan\u00e7a para a segunda fase do pacote de recapeamento no bairro Cidade Nova e chega ao n\u00facleo 16.","og_url":"https:\/\/www.manaus.am.gov.br\/semcom\/recapeamento-bairro-cidade-nova\/","og_site_name":"SEMCOM","article_published_time":"2026-03-11T20:41:42+00:00","article_modified_time":"2026-03-12T15:16:10+00:00","og_image":[{"width":1600,"height":900,"url":"https:\/\/www.manaus.am.gov.br\/semcom\/wp-content\/uploads\/sites\/5\/2026\/03\/Recuperacao-2.jpeg","type":"image\/jpeg"}],"author":"Bruna Greco","twitter_card":"summary_large_image","twitter_misc":{"Written by":"Bruna Greco","Est. reading time":"3 minutos"},"schema":{"@context":"https:\/\/schema.org","@graph":[{"@type":"WebPage","@id":"https:\/\/www.manaus.am.gov.br\/semcom\/recapeamento-bairro-cidade-nova\/","url":"https:\/\/www.manaus.am.gov.br\/semcom\/recapeamento-bairro-cidade-nova\/","name":"Segunda fase do pacote de recapeamento no bairro Cidade Nova","isPartOf":{"@id":"https:\/\/www.manaus.am.gov.br\/semcom\/#website"},"primaryImageOfPage":{"@id":"https:\/\/www.manaus.am.gov.br\/semcom\/recapeamento-bairro-cidade-nova\/#primaryimage"},"image":{"@id":"https:\/\/www.manaus.am.gov.br\/semcom\/recapeamento-bairro-cidade-nova\/#primaryimage"},"thumbnailUrl":"https:\/\/www.manaus.am.gov.br\/semcom\/wp-content\/uploads\/sites\/5\/2026\/03\/Recuperacao-2.jpeg","datePublished":"2026-03-11T20:41:42+00:00","dateModified":"2026-03-12T15:16:10+00:00","author":{"@id":"https:\/\/www.manaus.am.gov.br\/semcom\/#\/schema\/person\/05d223aea2bf115f9883a6ff3683d81b"},"description":"Prefeitura de Manaus avan\u00e7a para a segunda fase do pacote de recapeamento no bairro Cidade Nova e chega ao n\u00facleo 16.","inLanguage":"pt-BR","potentialAction":[{"@type":"ReadAction","target":["https:\/\/www.manaus.am.gov.br\/semcom\/recapeamento-bairro-cidade-nova\/"]}]},{"@type":"ImageObject","inLanguage":"pt-BR","@id":"https:\/\/www.manaus.am.gov.br\/semcom\/recapeamento-bairro-cidade-nova\/#primaryimage","url":"https:\/\/www.manaus.am.gov.br\/semcom\/wp-content\/uploads\/sites\/5\/2026\/03\/Recuperacao-2.jpeg","contentUrl":"https:\/\/www.manaus.am.gov.br\/semcom\/wp-content\/uploads\/sites\/5\/2026\/03\/Recuperacao-2.jpeg","width":1600,"height":900,"caption":"#paratodosverem - Imagem a\u00e9rea de via do n\u00facleo 16, no bairro Cidade Nova, totalmente recapeada"},{"@type":"WebSite","@id":"https:\/\/www.manaus.am.gov.br\/semcom\/#website","url":"https:\/\/www.manaus.am.gov.br\/semcom\/","name":"SEMCOM","description":"Secretaria Municipal de Comunica\u00e7\u00e3o","potentialAction":[{"@type":"SearchAction","target":{"@type":"EntryPoint","urlTemplate":"https:\/\/www.manaus.am.gov.br\/semcom\/?s={search_term_string}"},"query-input":"required name=search_term_string"}],"inLanguage":"pt-BR"},{"@type":"Person","@id":"https:\/\/www.manaus.am.gov.br\/semcom\/#\/schema\/person\/05d223aea2bf115f9883a6ff3683d81b","name":"Bruna Greco","image":{"@type":"ImageObject","inLanguage":"pt-BR","@id":"https:\/\/www.manaus.am.gov.br\/semcom\/#\/schema\/person\/image\/","url":"https:\/\/secure.gravatar.com\/avatar\/9c877d1a6adc2a055330e5c09a8653ce?s=96&d=mm&r=g","contentUrl":"https:\/\/secure.gravatar.com\/avatar\/9c877d1a6adc2a055330e5c09a8653ce?s=96&d=mm&r=g","caption":"Bruna Greco"}}]}},"_links":{"self":[{"href":"https:\/\/www.manaus.am.gov.br\/semcom\/wp-json\/wp\/v2\/posts\/254431"}],"collection":[{"href":"https:\/\/www.manaus.am.gov.br\/semcom\/wp-json\/wp\/v2\/posts"}],"about":[{"href":"https:\/\/www.manaus.am.gov.br\/semcom\/wp-json\/wp\/v2\/types\/post"}],"author":[{"embeddable":true,"href":"https:\/\/www.manaus.am.gov.br\/semcom\/wp-json\/wp\/v2\/users\/39"}],"replies":[{"embeddable":true,"href":"https:\/\/www.manaus.am.gov.br\/semcom\/wp-json\/wp\/v2\/comments?post=254431"}],"version-history":[{"count":3,"href":"https:\/\/www.manaus.am.gov.br\/semcom\/wp-json\/wp\/v2\/posts\/254431\/revisions"}],"predecessor-version":[{"id":254472,"href":"https:\/\/www.manaus.am.gov.br\/semcom\/wp-json\/wp\/v2\/posts\/254431\/revisions\/254472"}],"wp:featuredmedia":[{"embeddable":true,"href":"https:\/\/www.manaus.am.gov.br\/semcom\/wp-json\/wp\/v2\/media\/254432"}],"wp:attachment":[{"href":"https:\/\/www.manaus.am.gov.br\/semcom\/wp-json\/wp\/v2\/media?parent=254431"}],"wp:term":[{"taxonomy":"category","embeddable":true,"href":"https:\/\/www.manaus.am.gov.br\/semcom\/wp-json\/wp\/v2\/categories?post=254431"},{"taxonomy":"post_tag","embeddable":true,"href":"https:\/\/www.manaus.am.gov.br\/semcom\/wp-json\/wp\/v2\/tags?post=254431"}],"curies":[{"name":"wp","href":"https:\/\/api.w.org\/{rel}","templated":true}]}}