{"id":254414,"date":"2026-03-11T16:35:35","date_gmt":"2026-03-11T19:35:35","guid":{"rendered":"https:\/\/www.manaus.am.gov.br\/semcom\/demora-recomposicao-multa\/"},"modified":"2026-03-11T16:52:36","modified_gmt":"2026-03-11T19:52:36","slug":"demora-recomposicao-multa","status":"publish","type":"post","link":"https:\/\/www.manaus.am.gov.br\/semcom\/demora-recomposicao-multa\/","title":{"rendered":"Ageman multa \u00c1guas de Manaus em R$ 255,5 mil por atraso de 24 dias na recomposi\u00e7\u00e3o de cal\u00e7ada"},"content":{"rendered":"\n<p>A demora na recomposi\u00e7\u00e3o de uma cal\u00e7ada, ap\u00f3s a execu\u00e7\u00e3o de um servi\u00e7o para corrigir um vazamento de \u00e1gua na zona Oeste de Manaus, levou a <a href=\"https:\/\/www.instagram.com\/ageman_manaus\/\">Ag\u00eancia Reguladora dos Servi\u00e7os P\u00fablicos Delegados do Munic\u00edpio de Manaus<\/a> (Ageman) a multar em R$ 255,5 mil a empresa \u00c1guas de Manaus, na manh\u00e3 desta quarta-feira (10).<\/p>\n\n\n\n<p>O fato ocorreu na rua Marechal Od\u00edlio Denis, no Parque Aripuan\u00e3, bairro Chapada. A ag\u00eancia reguladora fez o registro do vazamento de \u00e1gua junto a concession\u00e1ria que em poucos dias realizou a manuten\u00e7\u00e3o do servi\u00e7o. No entanto, a recomposi\u00e7\u00e3o da via e da cal\u00e7ada que por lei deveria ter sido realizada em um prazo m\u00e1ximo de 48 horas, levou mais de 24 dias para ser executada.<\/p>\n\n\n\n<p>\u201cA recomposi\u00e7\u00e3o das vias e cal\u00e7adas ap\u00f3s interven\u00e7\u00f5es da concession\u00e1ria n\u00e3o \u00e9 uma op\u00e7\u00e3o, \u00e9 uma obriga\u00e7\u00e3o contratual e deve ser executada dentro dos prazos estabelecidos. Quando esse prazo n\u00e3o \u00e9 cumprido, al\u00e9m de causar transtornos \u00e0 popula\u00e7\u00e3o, compromete a seguran\u00e7a de pedestres e motoristas. A Ageman acompanha essas situa\u00e7\u00f5es de perto e, sempre que identificadas irregularidades ou demora injustificada na recomposi\u00e7\u00e3o, adota as medidas regulat\u00f3rias cab\u00edveis, incluindo a aplica\u00e7\u00e3o de penalidades\u201d, afirmou o diretor-presidente da Ageman, Elson Andrade.<\/p>\n\n\n\n<p>Ao longo desse tempo, o propriet\u00e1rio do im\u00f3vel fez v\u00e1rias solicita\u00e7\u00f5es \u00e0 empresa e ap\u00f3s n\u00e3o obter sucesso, acionou novamente o \u00f3rg\u00e3o regulador.<\/p>\n\n\n\n<p>Diante da situa\u00e7\u00e3o, o diretor-presidente da Ageman, Elson Andrade, determinou a emiss\u00e3o de auto de infra\u00e7\u00e3o com aplica\u00e7\u00e3o de multa contra a empresa.<\/p>\n\n\n\n<p>De acordo com a notifica\u00e7\u00e3o, a concession\u00e1ria ter\u00e1 um prazo de cinco dias para adotar todas as provid\u00eancias necess\u00e1rias \u00e0 recomposi\u00e7\u00e3o definitiva do pavimento asf\u00e1ltico da via e passeio afetados, mediante a execu\u00e7\u00e3o dos servi\u00e7os de recapeamento asf\u00e1ltico em conformidade com as normas t\u00e9cnicas, de forma a garantir a trafegabilidade e a seguran\u00e7a da via p\u00fablica para ve\u00edculos e pedestres.<\/p>\n\n\n\n<p>A Ageman refor\u00e7a que segue intensificando as a\u00e7\u00f5es de fiscaliza\u00e7\u00e3o nas obras e interven\u00e7\u00f5es realizadas pela concession\u00e1ria nas vias da cidade, com o objetivo de assegurar a qualidade dos servi\u00e7os prestados \u00e0 popula\u00e7\u00e3o.<\/p>\n\n\n\n<p>A Ag\u00eancia destaca ainda que a Ouvidoria do \u00f3rg\u00e3o tamb\u00e9m recebe e acompanha demandas relacionadas \u00e0 m\u00e1 execu\u00e7\u00e3o dos servi\u00e7os de recomposi\u00e7\u00e3o asf\u00e1ltica realizados pela \u00c1guas de Manaus ap\u00f3s interven\u00e7\u00f5es dos servi\u00e7os de saneamento b\u00e1sico. Os usu\u00e1rios que identificarem esse tipo de problema podem registrar suas manifesta\u00e7\u00f5es pelos canais de atendimento da Ouvidoria da Ageman, por meio dos n\u00fameros (92) 98842-2919 e (92) 98410-3247, al\u00e9m do site www.ageman.manaus.am.gov.br\/ouvidoria e tamb\u00e9m por meio das redes sociais da ag\u00eancia.<\/p>\n\n\n\n<p>&#8212; &#8212; &#8212;<\/p>\n\n\n\n<p><strong>Texto<\/strong> \u2013 Tereza Te\u00f3filo \/ Ageman<\/p>\n\n\n\n<p><strong>Fotos<\/strong> \u2013 Divulga\u00e7\u00e3o &nbsp;\/ Ageman<\/p>\n","protected":false},"excerpt":{"rendered":"","protected":false},"author":61,"featured_media":254415,"comment_status":"closed","ping_status":"closed","sticky":false,"template":"","format":"standard","meta":{"footnotes":""},"categories":[2807],"tags":[215,10477,77,19717],"acf":[],"yoast_head":"<!-- This site is optimized with the Yoast SEO plugin v23.0 - https:\/\/yoast.com\/wordpress\/plugins\/seo\/ -->\n<title>Ageman multa \u00c1guas de Manaus em R$ 255,5 mil por atraso de 24 dias na recomposi\u00e7\u00e3o de cal\u00e7ada<\/title>\n<meta name=\"description\" content=\"A demora na recomposi\u00e7\u00e3o de uma cal\u00e7ada, ap\u00f3s a execu\u00e7\u00e3o de um servi\u00e7o para corrigir um vazamento de \u00e1gua na zona Oeste de Manaus, levou a Ag\u00eancia Reguladora dos Servi\u00e7os P\u00fablicos Delegados do Munic\u00edpio de Manaus (Ageman) a multar em R$ 255,5 mil a empresa \u00c1guas de Manaus.\" \/>\n<meta name=\"robots\" content=\"index, follow, max-snippet:-1, max-image-preview:large, max-video-preview:-1\" \/>\n<link rel=\"canonical\" href=\"https:\/\/www.manaus.am.gov.br\/semcom\/demora-recomposicao-multa\/\" \/>\n<meta property=\"og:locale\" content=\"pt_BR\" \/>\n<meta property=\"og:type\" content=\"article\" \/>\n<meta property=\"og:title\" content=\"Ageman multa \u00c1guas de Manaus em R$ 255,5 mil por atraso de 24 dias na recomposi\u00e7\u00e3o de cal\u00e7ada\" \/>\n<meta property=\"og:description\" content=\"A demora na recomposi\u00e7\u00e3o de uma cal\u00e7ada, ap\u00f3s a execu\u00e7\u00e3o de um servi\u00e7o para corrigir um vazamento de \u00e1gua na zona Oeste de Manaus, levou a Ag\u00eancia Reguladora dos Servi\u00e7os P\u00fablicos Delegados do Munic\u00edpio de Manaus (Ageman) a multar em R$ 255,5 mil a empresa \u00c1guas de Manaus.\" \/>\n<meta property=\"og:url\" content=\"https:\/\/www.manaus.am.gov.br\/semcom\/demora-recomposicao-multa\/\" \/>\n<meta property=\"og:site_name\" content=\"SEMCOM\" \/>\n<meta property=\"article:published_time\" content=\"2026-03-11T19:35:35+00:00\" \/>\n<meta property=\"article:modified_time\" content=\"2026-03-11T19:52:36+00:00\" \/>\n<meta property=\"og:image\" content=\"https:\/\/www.manaus.am.gov.br\/semcom\/wp-content\/uploads\/sites\/5\/2026\/03\/Ageman.jpg\" \/>\n\t<meta property=\"og:image:width\" content=\"900\" \/>\n\t<meta property=\"og:image:height\" content=\"792\" \/>\n\t<meta property=\"og:image:type\" content=\"image\/jpeg\" \/>\n<meta name=\"author\" content=\"smonteiro\" \/>\n<meta name=\"twitter:card\" content=\"summary_large_image\" \/>\n<meta name=\"twitter:label1\" content=\"Written by\" \/>\n\t<meta name=\"twitter:data1\" content=\"smonteiro\" \/>\n\t<meta name=\"twitter:label2\" content=\"Est. reading time\" \/>\n\t<meta name=\"twitter:data2\" content=\"3 minutos\" \/>\n<script type=\"application\/ld+json\" class=\"yoast-schema-graph\">{\"@context\":\"https:\/\/schema.org\",\"@graph\":[{\"@type\":\"WebPage\",\"@id\":\"https:\/\/www.manaus.am.gov.br\/semcom\/demora-recomposicao-multa\/\",\"url\":\"https:\/\/www.manaus.am.gov.br\/semcom\/demora-recomposicao-multa\/\",\"name\":\"Ageman multa \u00c1guas de Manaus em R$ 255,5 mil por atraso de 24 dias na recomposi\u00e7\u00e3o de cal\u00e7ada\",\"isPartOf\":{\"@id\":\"https:\/\/www.manaus.am.gov.br\/semcom\/#website\"},\"primaryImageOfPage\":{\"@id\":\"https:\/\/www.manaus.am.gov.br\/semcom\/demora-recomposicao-multa\/#primaryimage\"},\"image\":{\"@id\":\"https:\/\/www.manaus.am.gov.br\/semcom\/demora-recomposicao-multa\/#primaryimage\"},\"thumbnailUrl\":\"https:\/\/www.manaus.am.gov.br\/semcom\/wp-content\/uploads\/sites\/5\/2026\/03\/Ageman.jpg\",\"datePublished\":\"2026-03-11T19:35:35+00:00\",\"dateModified\":\"2026-03-11T19:52:36+00:00\",\"author\":{\"@id\":\"https:\/\/www.manaus.am.gov.br\/semcom\/#\/schema\/person\/ab4dcf766a54dff74e8d267f5c591961\"},\"description\":\"A demora na recomposi\u00e7\u00e3o de uma cal\u00e7ada, ap\u00f3s a execu\u00e7\u00e3o de um servi\u00e7o para corrigir um vazamento de \u00e1gua na zona Oeste de Manaus, levou a Ag\u00eancia Reguladora dos Servi\u00e7os P\u00fablicos Delegados do Munic\u00edpio de Manaus (Ageman) a multar em R$ 255,5 mil a empresa \u00c1guas de Manaus.\",\"inLanguage\":\"pt-BR\",\"potentialAction\":[{\"@type\":\"ReadAction\",\"target\":[\"https:\/\/www.manaus.am.gov.br\/semcom\/demora-recomposicao-multa\/\"]}]},{\"@type\":\"ImageObject\",\"inLanguage\":\"pt-BR\",\"@id\":\"https:\/\/www.manaus.am.gov.br\/semcom\/demora-recomposicao-multa\/#primaryimage\",\"url\":\"https:\/\/www.manaus.am.gov.br\/semcom\/wp-content\/uploads\/sites\/5\/2026\/03\/Ageman.jpg\",\"contentUrl\":\"https:\/\/www.manaus.am.gov.br\/semcom\/wp-content\/uploads\/sites\/5\/2026\/03\/Ageman.jpg\",\"width\":900,\"height\":792,\"caption\":\"#paratodosverem - a Ageman multou a \u00c1guas do Amazonas pela demora na recupera\u00e7\u00e3o da via\"},{\"@type\":\"WebSite\",\"@id\":\"https:\/\/www.manaus.am.gov.br\/semcom\/#website\",\"url\":\"https:\/\/www.manaus.am.gov.br\/semcom\/\",\"name\":\"SEMCOM\",\"description\":\"Secretaria Municipal de Comunica\u00e7\u00e3o\",\"potentialAction\":[{\"@type\":\"SearchAction\",\"target\":{\"@type\":\"EntryPoint\",\"urlTemplate\":\"https:\/\/www.manaus.am.gov.br\/semcom\/?s={search_term_string}\"},\"query-input\":\"required name=search_term_string\"}],\"inLanguage\":\"pt-BR\"},{\"@type\":\"Person\",\"@id\":\"https:\/\/www.manaus.am.gov.br\/semcom\/#\/schema\/person\/ab4dcf766a54dff74e8d267f5c591961\",\"name\":\"smonteiro\",\"image\":{\"@type\":\"ImageObject\",\"inLanguage\":\"pt-BR\",\"@id\":\"https:\/\/www.manaus.am.gov.br\/semcom\/#\/schema\/person\/image\/\",\"url\":\"https:\/\/secure.gravatar.com\/avatar\/21c8776ef61d9272c73322052e042d77?s=96&d=mm&r=g\",\"contentUrl\":\"https:\/\/secure.gravatar.com\/avatar\/21c8776ef61d9272c73322052e042d77?s=96&d=mm&r=g\",\"caption\":\"smonteiro\"}}]}<\/script>\n<!-- \/ Yoast SEO plugin. -->","yoast_head_json":{"title":"Ageman multa \u00c1guas de Manaus em R$ 255,5 mil por atraso de 24 dias na recomposi\u00e7\u00e3o de cal\u00e7ada","description":"A demora na recomposi\u00e7\u00e3o de uma cal\u00e7ada, ap\u00f3s a execu\u00e7\u00e3o de um servi\u00e7o para corrigir um vazamento de \u00e1gua na zona Oeste de Manaus, levou a Ag\u00eancia Reguladora dos Servi\u00e7os P\u00fablicos Delegados do Munic\u00edpio de Manaus (Ageman) a multar em R$ 255,5 mil a empresa \u00c1guas de Manaus.","robots":{"index":"index","follow":"follow","max-snippet":"max-snippet:-1","max-image-preview":"max-image-preview:large","max-video-preview":"max-video-preview:-1"},"canonical":"https:\/\/www.manaus.am.gov.br\/semcom\/demora-recomposicao-multa\/","og_locale":"pt_BR","og_type":"article","og_title":"Ageman multa \u00c1guas de Manaus em R$ 255,5 mil por atraso de 24 dias na recomposi\u00e7\u00e3o de cal\u00e7ada","og_description":"A demora na recomposi\u00e7\u00e3o de uma cal\u00e7ada, ap\u00f3s a execu\u00e7\u00e3o de um servi\u00e7o para corrigir um vazamento de \u00e1gua na zona Oeste de Manaus, levou a Ag\u00eancia Reguladora dos Servi\u00e7os P\u00fablicos Delegados do Munic\u00edpio de Manaus (Ageman) a multar em R$ 255,5 mil a empresa \u00c1guas de Manaus.","og_url":"https:\/\/www.manaus.am.gov.br\/semcom\/demora-recomposicao-multa\/","og_site_name":"SEMCOM","article_published_time":"2026-03-11T19:35:35+00:00","article_modified_time":"2026-03-11T19:52:36+00:00","og_image":[{"width":900,"height":792,"url":"https:\/\/www.manaus.am.gov.br\/semcom\/wp-content\/uploads\/sites\/5\/2026\/03\/Ageman.jpg","type":"image\/jpeg"}],"author":"smonteiro","twitter_card":"summary_large_image","twitter_misc":{"Written by":"smonteiro","Est. reading time":"3 minutos"},"schema":{"@context":"https:\/\/schema.org","@graph":[{"@type":"WebPage","@id":"https:\/\/www.manaus.am.gov.br\/semcom\/demora-recomposicao-multa\/","url":"https:\/\/www.manaus.am.gov.br\/semcom\/demora-recomposicao-multa\/","name":"Ageman multa \u00c1guas de Manaus em R$ 255,5 mil por atraso de 24 dias na recomposi\u00e7\u00e3o de cal\u00e7ada","isPartOf":{"@id":"https:\/\/www.manaus.am.gov.br\/semcom\/#website"},"primaryImageOfPage":{"@id":"https:\/\/www.manaus.am.gov.br\/semcom\/demora-recomposicao-multa\/#primaryimage"},"image":{"@id":"https:\/\/www.manaus.am.gov.br\/semcom\/demora-recomposicao-multa\/#primaryimage"},"thumbnailUrl":"https:\/\/www.manaus.am.gov.br\/semcom\/wp-content\/uploads\/sites\/5\/2026\/03\/Ageman.jpg","datePublished":"2026-03-11T19:35:35+00:00","dateModified":"2026-03-11T19:52:36+00:00","author":{"@id":"https:\/\/www.manaus.am.gov.br\/semcom\/#\/schema\/person\/ab4dcf766a54dff74e8d267f5c591961"},"description":"A demora na recomposi\u00e7\u00e3o de uma cal\u00e7ada, ap\u00f3s a execu\u00e7\u00e3o de um servi\u00e7o para corrigir um vazamento de \u00e1gua na zona Oeste de Manaus, levou a Ag\u00eancia Reguladora dos Servi\u00e7os P\u00fablicos Delegados do Munic\u00edpio de Manaus (Ageman) a multar em R$ 255,5 mil a empresa \u00c1guas de Manaus.","inLanguage":"pt-BR","potentialAction":[{"@type":"ReadAction","target":["https:\/\/www.manaus.am.gov.br\/semcom\/demora-recomposicao-multa\/"]}]},{"@type":"ImageObject","inLanguage":"pt-BR","@id":"https:\/\/www.manaus.am.gov.br\/semcom\/demora-recomposicao-multa\/#primaryimage","url":"https:\/\/www.manaus.am.gov.br\/semcom\/wp-content\/uploads\/sites\/5\/2026\/03\/Ageman.jpg","contentUrl":"https:\/\/www.manaus.am.gov.br\/semcom\/wp-content\/uploads\/sites\/5\/2026\/03\/Ageman.jpg","width":900,"height":792,"caption":"#paratodosverem - a Ageman multou a \u00c1guas do Amazonas pela demora na recupera\u00e7\u00e3o da via"},{"@type":"WebSite","@id":"https:\/\/www.manaus.am.gov.br\/semcom\/#website","url":"https:\/\/www.manaus.am.gov.br\/semcom\/","name":"SEMCOM","description":"Secretaria Municipal de Comunica\u00e7\u00e3o","potentialAction":[{"@type":"SearchAction","target":{"@type":"EntryPoint","urlTemplate":"https:\/\/www.manaus.am.gov.br\/semcom\/?s={search_term_string}"},"query-input":"required name=search_term_string"}],"inLanguage":"pt-BR"},{"@type":"Person","@id":"https:\/\/www.manaus.am.gov.br\/semcom\/#\/schema\/person\/ab4dcf766a54dff74e8d267f5c591961","name":"smonteiro","image":{"@type":"ImageObject","inLanguage":"pt-BR","@id":"https:\/\/www.manaus.am.gov.br\/semcom\/#\/schema\/person\/image\/","url":"https:\/\/secure.gravatar.com\/avatar\/21c8776ef61d9272c73322052e042d77?s=96&d=mm&r=g","contentUrl":"https:\/\/secure.gravatar.com\/avatar\/21c8776ef61d9272c73322052e042d77?s=96&d=mm&r=g","caption":"smonteiro"}}]}},"_links":{"self":[{"href":"https:\/\/www.manaus.am.gov.br\/semcom\/wp-json\/wp\/v2\/posts\/254414"}],"collection":[{"href":"https:\/\/www.manaus.am.gov.br\/semcom\/wp-json\/wp\/v2\/posts"}],"about":[{"href":"https:\/\/www.manaus.am.gov.br\/semcom\/wp-json\/wp\/v2\/types\/post"}],"author":[{"embeddable":true,"href":"https:\/\/www.manaus.am.gov.br\/semcom\/wp-json\/wp\/v2\/users\/61"}],"replies":[{"embeddable":true,"href":"https:\/\/www.manaus.am.gov.br\/semcom\/wp-json\/wp\/v2\/comments?post=254414"}],"version-history":[{"count":1,"href":"https:\/\/www.manaus.am.gov.br\/semcom\/wp-json\/wp\/v2\/posts\/254414\/revisions"}],"predecessor-version":[{"id":254423,"href":"https:\/\/www.manaus.am.gov.br\/semcom\/wp-json\/wp\/v2\/posts\/254414\/revisions\/254423"}],"wp:featuredmedia":[{"embeddable":true,"href":"https:\/\/www.manaus.am.gov.br\/semcom\/wp-json\/wp\/v2\/media\/254415"}],"wp:attachment":[{"href":"https:\/\/www.manaus.am.gov.br\/semcom\/wp-json\/wp\/v2\/media?parent=254414"}],"wp:term":[{"taxonomy":"category","embeddable":true,"href":"https:\/\/www.manaus.am.gov.br\/semcom\/wp-json\/wp\/v2\/categories?post=254414"},{"taxonomy":"post_tag","embeddable":true,"href":"https:\/\/www.manaus.am.gov.br\/semcom\/wp-json\/wp\/v2\/tags?post=254414"}],"curies":[{"name":"wp","href":"https:\/\/api.w.org\/{rel}","templated":true}]}}