{"id":254398,"date":"2026-03-11T15:15:14","date_gmt":"2026-03-11T19:15:14","guid":{"rendered":"https:\/\/www.manaus.am.gov.br\/semcom\/encontro-nacional-planejamento-urbano-maceio\/"},"modified":"2026-03-11T16:21:08","modified_gmt":"2026-03-11T19:21:08","slug":"encontro-nacional-planejamento-urbano-maceio","status":"publish","type":"post","link":"https:\/\/www.manaus.am.gov.br\/semcom\/encontro-nacional-planejamento-urbano-maceio\/","title":{"rendered":"Prefeitura de Manaus participa de encontro nacional de planejamento urbano em Macei\u00f3\u00a0"},"content":{"rendered":"\n<p>Ap\u00f3s Manaus se transformar na capital de debates do planejamento urban\u00edstico em 2025, a <a href=\"https:\/\/www.manaus.am.gov.br\/\">Prefeitura de Manaus<\/a> participa, nos dias 12, 13 e 14\/3, do 12\u00ba Encontro Nacional da Rede Brasileira de Institutos de Planejamento (InREDE), em Macei\u00f3 (AL), com o tema \u201cDireito \u00e0 Cidade, Territ\u00f3rios Vivos e Experi\u00eancias Humanas: Interven\u00e7\u00f5es que Reduzem Desigualdades\u201d. O munic\u00edpio ser\u00e1 representado pelo diretor-presidente do <a href=\"https:\/\/www.instagram.com\/implurb\/\">Instituto Municipal de Planejamento Urbano<\/a> (Implurb), Carlos Valente.<\/p>\n\n\n\n<p>O evento tem como anfitri\u00e3 a Prefeitura de Macei\u00f3, por meio do Instituto de Pesquisa, Planejamento e Licenciamento Urbano e Ambiental (Iplam), e conta com o apoio do Minist\u00e9rio das Cidades, da ONU-Habitat e da Deutsche Gesellschaft f\u00fcr Internationale Zusammenarbeit (GIZ), no \u00e2mbito da coopera\u00e7\u00e3o Brasil-Alemanha.<\/p>\n\n\n\n<p>A InREDE se consolidou como um espa\u00e7o nacional de articula\u00e7\u00e3o entre institui\u00e7\u00f5es p\u00fablicas, universidades e organismos t\u00e9cnicos, promovendo o interc\u00e2mbio de experi\u00eancias e solu\u00e7\u00f5es voltadas ao planejamento urbano sustent\u00e1vel e \u00e0 redu\u00e7\u00e3o das desigualdades territoriais. Em Macei\u00f3, a expectativa \u00e9 reunir cerca de 50 institutos de diferentes regi\u00f5es do pa\u00eds, al\u00e9m de autoridades e representantes institucionais, fortalecendo a integra\u00e7\u00e3o entre conhecimento t\u00e9cnico, gest\u00e3o p\u00fablica e realidade local.<\/p>\n\n\n\n<p>\u201cParticipar de um encontro como a InREDE \u00e9 fundamental para fortalecer o planejamento urbano das cidades brasileiras. Esses espa\u00e7os de di\u00e1logo permitem compartilhar experi\u00eancias, conhecer solu\u00e7\u00f5es adotadas em diferentes territ\u00f3rios e aprimorar as pol\u00edticas p\u00fablicas voltadas ao desenvolvimento urbano. Manaus tem muito a contribuir nesse debate e tamb\u00e9m a aprender, especialmente quando falamos de redu\u00e7\u00e3o das desigualdades e de constru\u00e7\u00e3o de cidades mais humanas, inclusivas e sustent\u00e1veis\u201d, destacou o diretor-presidente do Implurb, Carlos Valente.<\/p>\n\n\n\n<p><strong>Encontro<\/strong><\/p>\n\n\n\n<p>O encontro \u00e9 direcionado a representantes de institui\u00e7\u00f5es p\u00fablicas, centros de pesquisa, universidades e organismos parceiros que atuam nas \u00e1reas de planejamento urbano e desenvolvimento territorial, fechado ao p\u00fablico em geral.<\/p>\n\n\n\n<p>A proposta da InREDE \u00e9 promover um ambiente t\u00e9cnico de troca qualificada entre gestores e especialistas, estimulando a coopera\u00e7\u00e3o institucional e a constru\u00e7\u00e3o conjunta de solu\u00e7\u00f5es para os desafios urbanos contempor\u00e2neos, com foco nas experi\u00eancias e pol\u00edticas desenvolvidas em Macei\u00f3 e em outras cidades brasileiras.<\/p>\n\n\n\n<p>Al\u00e9m das atividades em audit\u00f3rio, os participantes tamb\u00e9m ter\u00e3o experi\u00eancias de campo, com visitas t\u00e9cnicas a \u00e1reas estrat\u00e9gicas da cidade, possibilitando conhecer de perto projetos urbanos, ambientais e de requalifica\u00e7\u00e3o em andamento. A iniciativa visa conectar teoria e pr\u00e1tica, promovendo a troca de experi\u00eancias entre gestores, pesquisadores e institui\u00e7\u00f5es de diferentes regi\u00f5es do pa\u00eds.<\/p>\n\n\n\n<figure class=\"wp-block-image size-full\"><img loading=\"lazy\" decoding=\"async\" width=\"850\" height=\"560\" src=\"https:\/\/www.manaus.am.gov.br\/semcom\/wp-content\/uploads\/sites\/5\/2026\/03\/inredemaceio.png\" alt=\"\" class=\"wp-image-254399\" srcset=\"https:\/\/www.manaus.am.gov.br\/semcom\/wp-content\/uploads\/sites\/5\/2026\/03\/inredemaceio.png 850w, https:\/\/www.manaus.am.gov.br\/semcom\/wp-content\/uploads\/sites\/5\/2026\/03\/inredemaceio-300x198.png 300w, https:\/\/www.manaus.am.gov.br\/semcom\/wp-content\/uploads\/sites\/5\/2026\/03\/inredemaceio-768x506.png 768w\" sizes=\"(max-width: 850px) 100vw, 850px\" \/><figcaption class=\"wp-element-caption\">#paratodosverem &#8211; Divulga\u00e7\u00e3o<\/figcaption><\/figure>\n\n\n\n<p>&#8212; &#8212; &#8212;<\/p>\n\n\n\n<p><strong>Texto e fotos<\/strong>&nbsp;\u2013 Divulga\u00e7\u00e3o\/Implurb<\/p>\n","protected":false},"excerpt":{"rendered":"","protected":false},"author":39,"featured_media":254400,"comment_status":"closed","ping_status":"closed","sticky":false,"template":"","format":"standard","meta":{"footnotes":""},"categories":[980],"tags":[35,19716,65,3516,14082,77],"acf":[],"yoast_head":"<!-- This site is optimized with the Yoast SEO plugin v23.0 - https:\/\/yoast.com\/wordpress\/plugins\/seo\/ -->\n<title>Prefeitura participa do 12\u00ba InREDE em Macei\u00f3<\/title>\n<meta name=\"description\" content=\"Prefeitura de Manaus, por meio do Implurb, participa de encontro nacional de planejamento urbano em Macei\u00f3.\" \/>\n<meta name=\"robots\" content=\"index, follow, max-snippet:-1, max-image-preview:large, max-video-preview:-1\" \/>\n<link rel=\"canonical\" href=\"https:\/\/www.manaus.am.gov.br\/semcom\/encontro-nacional-planejamento-urbano-maceio\/\" \/>\n<meta property=\"og:locale\" content=\"pt_BR\" \/>\n<meta property=\"og:type\" content=\"article\" \/>\n<meta property=\"og:title\" content=\"Prefeitura participa do 12\u00ba InREDE em Macei\u00f3\" \/>\n<meta property=\"og:description\" content=\"Prefeitura de Manaus, por meio do Implurb, participa de encontro nacional de planejamento urbano em Macei\u00f3.\" \/>\n<meta property=\"og:url\" content=\"https:\/\/www.manaus.am.gov.br\/semcom\/encontro-nacional-planejamento-urbano-maceio\/\" \/>\n<meta property=\"og:site_name\" content=\"SEMCOM\" \/>\n<meta property=\"article:published_time\" content=\"2026-03-11T19:15:14+00:00\" \/>\n<meta property=\"article:modified_time\" content=\"2026-03-11T19:21:08+00:00\" \/>\n<meta property=\"og:image\" content=\"https:\/\/www.manaus.am.gov.br\/semcom\/wp-content\/uploads\/sites\/5\/2026\/03\/inredemaceio2.png\" \/>\n\t<meta property=\"og:image:width\" content=\"1024\" \/>\n\t<meta property=\"og:image:height\" content=\"683\" \/>\n\t<meta property=\"og:image:type\" content=\"image\/png\" \/>\n<meta name=\"author\" content=\"Bruna Greco\" \/>\n<meta name=\"twitter:card\" content=\"summary_large_image\" \/>\n<meta name=\"twitter:label1\" content=\"Written by\" \/>\n\t<meta name=\"twitter:data1\" content=\"Bruna Greco\" \/>\n\t<meta name=\"twitter:label2\" content=\"Est. reading time\" \/>\n\t<meta name=\"twitter:data2\" content=\"3 minutos\" \/>\n<script type=\"application\/ld+json\" class=\"yoast-schema-graph\">{\"@context\":\"https:\/\/schema.org\",\"@graph\":[{\"@type\":\"WebPage\",\"@id\":\"https:\/\/www.manaus.am.gov.br\/semcom\/encontro-nacional-planejamento-urbano-maceio\/\",\"url\":\"https:\/\/www.manaus.am.gov.br\/semcom\/encontro-nacional-planejamento-urbano-maceio\/\",\"name\":\"Prefeitura participa do 12\u00ba InREDE em Macei\u00f3\",\"isPartOf\":{\"@id\":\"https:\/\/www.manaus.am.gov.br\/semcom\/#website\"},\"primaryImageOfPage\":{\"@id\":\"https:\/\/www.manaus.am.gov.br\/semcom\/encontro-nacional-planejamento-urbano-maceio\/#primaryimage\"},\"image\":{\"@id\":\"https:\/\/www.manaus.am.gov.br\/semcom\/encontro-nacional-planejamento-urbano-maceio\/#primaryimage\"},\"thumbnailUrl\":\"https:\/\/www.manaus.am.gov.br\/semcom\/wp-content\/uploads\/sites\/5\/2026\/03\/inredemaceio2.png\",\"datePublished\":\"2026-03-11T19:15:14+00:00\",\"dateModified\":\"2026-03-11T19:21:08+00:00\",\"author\":{\"@id\":\"https:\/\/www.manaus.am.gov.br\/semcom\/#\/schema\/person\/05d223aea2bf115f9883a6ff3683d81b\"},\"description\":\"Prefeitura de Manaus, por meio do Implurb, participa de encontro nacional de planejamento urbano em Macei\u00f3.\",\"inLanguage\":\"pt-BR\",\"potentialAction\":[{\"@type\":\"ReadAction\",\"target\":[\"https:\/\/www.manaus.am.gov.br\/semcom\/encontro-nacional-planejamento-urbano-maceio\/\"]}]},{\"@type\":\"ImageObject\",\"inLanguage\":\"pt-BR\",\"@id\":\"https:\/\/www.manaus.am.gov.br\/semcom\/encontro-nacional-planejamento-urbano-maceio\/#primaryimage\",\"url\":\"https:\/\/www.manaus.am.gov.br\/semcom\/wp-content\/uploads\/sites\/5\/2026\/03\/inredemaceio2.png\",\"contentUrl\":\"https:\/\/www.manaus.am.gov.br\/semcom\/wp-content\/uploads\/sites\/5\/2026\/03\/inredemaceio2.png\",\"width\":1024,\"height\":683,\"caption\":\"#paratodosverem - Imagem a\u00e9rea de ponto tur\u00edstico de Macei\u00f3, em Alagoas\"},{\"@type\":\"WebSite\",\"@id\":\"https:\/\/www.manaus.am.gov.br\/semcom\/#website\",\"url\":\"https:\/\/www.manaus.am.gov.br\/semcom\/\",\"name\":\"SEMCOM\",\"description\":\"Secretaria Municipal de Comunica\u00e7\u00e3o\",\"potentialAction\":[{\"@type\":\"SearchAction\",\"target\":{\"@type\":\"EntryPoint\",\"urlTemplate\":\"https:\/\/www.manaus.am.gov.br\/semcom\/?s={search_term_string}\"},\"query-input\":\"required name=search_term_string\"}],\"inLanguage\":\"pt-BR\"},{\"@type\":\"Person\",\"@id\":\"https:\/\/www.manaus.am.gov.br\/semcom\/#\/schema\/person\/05d223aea2bf115f9883a6ff3683d81b\",\"name\":\"Bruna Greco\",\"image\":{\"@type\":\"ImageObject\",\"inLanguage\":\"pt-BR\",\"@id\":\"https:\/\/www.manaus.am.gov.br\/semcom\/#\/schema\/person\/image\/\",\"url\":\"https:\/\/secure.gravatar.com\/avatar\/9c877d1a6adc2a055330e5c09a8653ce?s=96&d=mm&r=g\",\"contentUrl\":\"https:\/\/secure.gravatar.com\/avatar\/9c877d1a6adc2a055330e5c09a8653ce?s=96&d=mm&r=g\",\"caption\":\"Bruna Greco\"}}]}<\/script>\n<!-- \/ Yoast SEO plugin. -->","yoast_head_json":{"title":"Prefeitura participa do 12\u00ba InREDE em Macei\u00f3","description":"Prefeitura de Manaus, por meio do Implurb, participa de encontro nacional de planejamento urbano em Macei\u00f3.","robots":{"index":"index","follow":"follow","max-snippet":"max-snippet:-1","max-image-preview":"max-image-preview:large","max-video-preview":"max-video-preview:-1"},"canonical":"https:\/\/www.manaus.am.gov.br\/semcom\/encontro-nacional-planejamento-urbano-maceio\/","og_locale":"pt_BR","og_type":"article","og_title":"Prefeitura participa do 12\u00ba InREDE em Macei\u00f3","og_description":"Prefeitura de Manaus, por meio do Implurb, participa de encontro nacional de planejamento urbano em Macei\u00f3.","og_url":"https:\/\/www.manaus.am.gov.br\/semcom\/encontro-nacional-planejamento-urbano-maceio\/","og_site_name":"SEMCOM","article_published_time":"2026-03-11T19:15:14+00:00","article_modified_time":"2026-03-11T19:21:08+00:00","og_image":[{"width":1024,"height":683,"url":"https:\/\/www.manaus.am.gov.br\/semcom\/wp-content\/uploads\/sites\/5\/2026\/03\/inredemaceio2.png","type":"image\/png"}],"author":"Bruna Greco","twitter_card":"summary_large_image","twitter_misc":{"Written by":"Bruna Greco","Est. reading time":"3 minutos"},"schema":{"@context":"https:\/\/schema.org","@graph":[{"@type":"WebPage","@id":"https:\/\/www.manaus.am.gov.br\/semcom\/encontro-nacional-planejamento-urbano-maceio\/","url":"https:\/\/www.manaus.am.gov.br\/semcom\/encontro-nacional-planejamento-urbano-maceio\/","name":"Prefeitura participa do 12\u00ba InREDE em Macei\u00f3","isPartOf":{"@id":"https:\/\/www.manaus.am.gov.br\/semcom\/#website"},"primaryImageOfPage":{"@id":"https:\/\/www.manaus.am.gov.br\/semcom\/encontro-nacional-planejamento-urbano-maceio\/#primaryimage"},"image":{"@id":"https:\/\/www.manaus.am.gov.br\/semcom\/encontro-nacional-planejamento-urbano-maceio\/#primaryimage"},"thumbnailUrl":"https:\/\/www.manaus.am.gov.br\/semcom\/wp-content\/uploads\/sites\/5\/2026\/03\/inredemaceio2.png","datePublished":"2026-03-11T19:15:14+00:00","dateModified":"2026-03-11T19:21:08+00:00","author":{"@id":"https:\/\/www.manaus.am.gov.br\/semcom\/#\/schema\/person\/05d223aea2bf115f9883a6ff3683d81b"},"description":"Prefeitura de Manaus, por meio do Implurb, participa de encontro nacional de planejamento urbano em Macei\u00f3.","inLanguage":"pt-BR","potentialAction":[{"@type":"ReadAction","target":["https:\/\/www.manaus.am.gov.br\/semcom\/encontro-nacional-planejamento-urbano-maceio\/"]}]},{"@type":"ImageObject","inLanguage":"pt-BR","@id":"https:\/\/www.manaus.am.gov.br\/semcom\/encontro-nacional-planejamento-urbano-maceio\/#primaryimage","url":"https:\/\/www.manaus.am.gov.br\/semcom\/wp-content\/uploads\/sites\/5\/2026\/03\/inredemaceio2.png","contentUrl":"https:\/\/www.manaus.am.gov.br\/semcom\/wp-content\/uploads\/sites\/5\/2026\/03\/inredemaceio2.png","width":1024,"height":683,"caption":"#paratodosverem - Imagem a\u00e9rea de ponto tur\u00edstico de Macei\u00f3, em Alagoas"},{"@type":"WebSite","@id":"https:\/\/www.manaus.am.gov.br\/semcom\/#website","url":"https:\/\/www.manaus.am.gov.br\/semcom\/","name":"SEMCOM","description":"Secretaria Municipal de Comunica\u00e7\u00e3o","potentialAction":[{"@type":"SearchAction","target":{"@type":"EntryPoint","urlTemplate":"https:\/\/www.manaus.am.gov.br\/semcom\/?s={search_term_string}"},"query-input":"required name=search_term_string"}],"inLanguage":"pt-BR"},{"@type":"Person","@id":"https:\/\/www.manaus.am.gov.br\/semcom\/#\/schema\/person\/05d223aea2bf115f9883a6ff3683d81b","name":"Bruna Greco","image":{"@type":"ImageObject","inLanguage":"pt-BR","@id":"https:\/\/www.manaus.am.gov.br\/semcom\/#\/schema\/person\/image\/","url":"https:\/\/secure.gravatar.com\/avatar\/9c877d1a6adc2a055330e5c09a8653ce?s=96&d=mm&r=g","contentUrl":"https:\/\/secure.gravatar.com\/avatar\/9c877d1a6adc2a055330e5c09a8653ce?s=96&d=mm&r=g","caption":"Bruna Greco"}}]}},"_links":{"self":[{"href":"https:\/\/www.manaus.am.gov.br\/semcom\/wp-json\/wp\/v2\/posts\/254398"}],"collection":[{"href":"https:\/\/www.manaus.am.gov.br\/semcom\/wp-json\/wp\/v2\/posts"}],"about":[{"href":"https:\/\/www.manaus.am.gov.br\/semcom\/wp-json\/wp\/v2\/types\/post"}],"author":[{"embeddable":true,"href":"https:\/\/www.manaus.am.gov.br\/semcom\/wp-json\/wp\/v2\/users\/39"}],"replies":[{"embeddable":true,"href":"https:\/\/www.manaus.am.gov.br\/semcom\/wp-json\/wp\/v2\/comments?post=254398"}],"version-history":[{"count":9,"href":"https:\/\/www.manaus.am.gov.br\/semcom\/wp-json\/wp\/v2\/posts\/254398\/revisions"}],"predecessor-version":[{"id":254409,"href":"https:\/\/www.manaus.am.gov.br\/semcom\/wp-json\/wp\/v2\/posts\/254398\/revisions\/254409"}],"wp:featuredmedia":[{"embeddable":true,"href":"https:\/\/www.manaus.am.gov.br\/semcom\/wp-json\/wp\/v2\/media\/254400"}],"wp:attachment":[{"href":"https:\/\/www.manaus.am.gov.br\/semcom\/wp-json\/wp\/v2\/media?parent=254398"}],"wp:term":[{"taxonomy":"category","embeddable":true,"href":"https:\/\/www.manaus.am.gov.br\/semcom\/wp-json\/wp\/v2\/categories?post=254398"},{"taxonomy":"post_tag","embeddable":true,"href":"https:\/\/www.manaus.am.gov.br\/semcom\/wp-json\/wp\/v2\/tags?post=254398"}],"curies":[{"name":"wp","href":"https:\/\/api.w.org\/{rel}","templated":true}]}}