{"id":254394,"date":"2026-03-11T15:00:17","date_gmt":"2026-03-11T19:00:17","guid":{"rendered":"https:\/\/www.manaus.am.gov.br\/semcom\/vagas-curso-metrologia-basica\/"},"modified":"2026-03-11T15:00:17","modified_gmt":"2026-03-11T19:00:17","slug":"vagas-curso-metrologia-basica","status":"publish","type":"post","link":"https:\/\/www.manaus.am.gov.br\/semcom\/vagas-curso-metrologia-basica\/","title":{"rendered":"Prefeitura de Manaus oferta 100 vagas para curso gratuito de Metrologia B\u00e1sica"},"content":{"rendered":"\n<p>A Prefeitura de Manaus, por meio da Secretaria Municipal do Trabalho, Empreendedorismo e Inova\u00e7\u00e3o (Semtepi), abre, nesta sexta-feira, 13\/3, as inscri\u00e7\u00f5es para o Curso de Metrologia B\u00e1sica, que ser\u00e1 realizado no dia 21\/3, das 8h \u00e0s 17h, na galeria dos Rem\u00e9dios, localizada na rua Miranda Le\u00e3o, n\u00ba 82, no centro da capital. As inscri\u00e7\u00f5es devem ser realizadas por meio do link:&nbsp;<a href=\"https:\/\/forms.gle\/KKX22mrb2SpMzqUdA\" target=\"_blank\" rel=\"noreferrer noopener\">https:\/\/forms.gle\/KKX22mrb2SpMzqUdA<\/a>, at\u00e9 as 17h do dia 16\/3.<\/p>\n\n\n\n<p>A capacita\u00e7\u00e3o, executada em parceria com a Rockstar Consultoria e Treinamento, oferece 100 vagas gratuitas. A forma\u00e7\u00e3o \u00e9 voltada principalmente para jovens aprendizes e pessoas interessadas em ingressar ou se qualificar para atuar em \u00e1reas industriais ou de manuten\u00e7\u00e3o.<\/p>\n\n\n\n<p>O treinamento tem como objetivo ensinar conceitos fundamentais de medi\u00e7\u00e3o, al\u00e9m de orientar os participantes sobre o uso correto de instrumentos de medi\u00e7\u00e3o e a interpreta\u00e7\u00e3o precisa de medidas, evitando erros que possam comprometer a qualidade de pe\u00e7as, produtos e processos.<\/p>\n\n\n\n<p>\u201cO curso de Metrologia B\u00e1sica \u00e9 uma oportunidade importante para quem deseja entrar ou se aperfei\u00e7oar no mercado industrial. A Prefeitura de Manaus segue investindo em capacita\u00e7\u00f5es que preparam a popula\u00e7\u00e3o para novas oportunidades de trabalho e gera\u00e7\u00e3o de renda\u201d, destacou o secret\u00e1rio da Semtepi, Alonso Oliveira.<\/p>\n\n\n\n<p>A lista dos candidatos selecionados ser\u00e1 divulgada no dia 17\/3, a partir das 12h.<\/p>\n\n\n\n<figure class=\"wp-block-image size-large\"><img loading=\"lazy\" decoding=\"async\" width=\"1024\" height=\"684\" src=\"https:\/\/www.manaus.am.gov.br\/semcom\/wp-content\/uploads\/sites\/5\/2026\/03\/Curso-1-1024x684.jpeg\" alt=\"\" class=\"wp-image-254396\" srcset=\"https:\/\/www.manaus.am.gov.br\/semcom\/wp-content\/uploads\/sites\/5\/2026\/03\/Curso-1-1024x684.jpeg 1024w, https:\/\/www.manaus.am.gov.br\/semcom\/wp-content\/uploads\/sites\/5\/2026\/03\/Curso-1-300x201.jpeg 300w, https:\/\/www.manaus.am.gov.br\/semcom\/wp-content\/uploads\/sites\/5\/2026\/03\/Curso-1-768x513.jpeg 768w, https:\/\/www.manaus.am.gov.br\/semcom\/wp-content\/uploads\/sites\/5\/2026\/03\/Curso-1.jpeg 1496w\" sizes=\"(max-width: 1024px) 100vw, 1024px\" \/><figcaption class=\"wp-element-caption\">#paratodosverem &#8211; Capacita\u00e7\u00e3o<\/figcaption><\/figure>\n\n\n\n<p>&#8212; &#8212; &#8212;<\/p>\n\n\n\n<p><strong>Texto &#8211;&nbsp;<\/strong>Fabiane Monteiro\/Semtepi<\/p>\n\n\n\n<p><strong>Fotos &#8211; <\/strong>Divulga\u00e7\u00e3o\/Semtepi<\/p>\n","protected":false},"excerpt":{"rendered":"","protected":false},"author":39,"featured_media":254395,"comment_status":"closed","ping_status":"closed","sticky":false,"template":"","format":"standard","meta":{"footnotes":""},"categories":[6002],"tags":[8891,19715,757,77,22],"acf":[],"yoast_head":"<!-- This site is optimized with the Yoast SEO plugin v23.0 - https:\/\/yoast.com\/wordpress\/plugins\/seo\/ -->\n<title>Oferta de 100 vagas para curso gratuito de Metrologia B\u00e1sica<\/title>\n<meta name=\"description\" content=\"Prefeitura de Manaus, por meio da Semtepi, oferta 100 vagas para curso gratuito de Metrologia B\u00e1sica com inscri\u00e7\u00f5es abertas no dia 13\/3.\" \/>\n<meta name=\"robots\" content=\"index, follow, max-snippet:-1, max-image-preview:large, max-video-preview:-1\" \/>\n<link rel=\"canonical\" href=\"https:\/\/www.manaus.am.gov.br\/semcom\/vagas-curso-metrologia-basica\/\" \/>\n<meta property=\"og:locale\" content=\"pt_BR\" \/>\n<meta property=\"og:type\" content=\"article\" \/>\n<meta property=\"og:title\" content=\"Oferta de 100 vagas para curso gratuito de Metrologia B\u00e1sica\" \/>\n<meta property=\"og:description\" content=\"Prefeitura de Manaus, por meio da Semtepi, oferta 100 vagas para curso gratuito de Metrologia B\u00e1sica com inscri\u00e7\u00f5es abertas no dia 13\/3.\" \/>\n<meta property=\"og:url\" content=\"https:\/\/www.manaus.am.gov.br\/semcom\/vagas-curso-metrologia-basica\/\" \/>\n<meta property=\"og:site_name\" content=\"SEMCOM\" \/>\n<meta property=\"article:published_time\" content=\"2026-03-11T19:00:17+00:00\" \/>\n<meta property=\"og:image\" content=\"https:\/\/www.manaus.am.gov.br\/semcom\/wp-content\/uploads\/sites\/5\/2026\/03\/Curso-3.jpeg\" \/>\n\t<meta property=\"og:image:width\" content=\"1496\" \/>\n\t<meta property=\"og:image:height\" content=\"1000\" \/>\n\t<meta property=\"og:image:type\" content=\"image\/jpeg\" \/>\n<meta name=\"author\" content=\"Bruna Greco\" \/>\n<meta name=\"twitter:card\" content=\"summary_large_image\" \/>\n<meta name=\"twitter:label1\" content=\"Written by\" \/>\n\t<meta name=\"twitter:data1\" content=\"Bruna Greco\" \/>\n\t<meta name=\"twitter:label2\" content=\"Est. reading time\" \/>\n\t<meta name=\"twitter:data2\" content=\"2 minutos\" \/>\n<script type=\"application\/ld+json\" class=\"yoast-schema-graph\">{\"@context\":\"https:\/\/schema.org\",\"@graph\":[{\"@type\":\"WebPage\",\"@id\":\"https:\/\/www.manaus.am.gov.br\/semcom\/vagas-curso-metrologia-basica\/\",\"url\":\"https:\/\/www.manaus.am.gov.br\/semcom\/vagas-curso-metrologia-basica\/\",\"name\":\"Oferta de 100 vagas para curso gratuito de Metrologia B\u00e1sica\",\"isPartOf\":{\"@id\":\"https:\/\/www.manaus.am.gov.br\/semcom\/#website\"},\"primaryImageOfPage\":{\"@id\":\"https:\/\/www.manaus.am.gov.br\/semcom\/vagas-curso-metrologia-basica\/#primaryimage\"},\"image\":{\"@id\":\"https:\/\/www.manaus.am.gov.br\/semcom\/vagas-curso-metrologia-basica\/#primaryimage\"},\"thumbnailUrl\":\"https:\/\/www.manaus.am.gov.br\/semcom\/wp-content\/uploads\/sites\/5\/2026\/03\/Curso-3.jpeg\",\"datePublished\":\"2026-03-11T19:00:17+00:00\",\"dateModified\":\"2026-03-11T19:00:17+00:00\",\"author\":{\"@id\":\"https:\/\/www.manaus.am.gov.br\/semcom\/#\/schema\/person\/05d223aea2bf115f9883a6ff3683d81b\"},\"description\":\"Prefeitura de Manaus, por meio da Semtepi, oferta 100 vagas para curso gratuito de Metrologia B\u00e1sica com inscri\u00e7\u00f5es abertas no dia 13\/3.\",\"inLanguage\":\"pt-BR\",\"potentialAction\":[{\"@type\":\"ReadAction\",\"target\":[\"https:\/\/www.manaus.am.gov.br\/semcom\/vagas-curso-metrologia-basica\/\"]}]},{\"@type\":\"ImageObject\",\"inLanguage\":\"pt-BR\",\"@id\":\"https:\/\/www.manaus.am.gov.br\/semcom\/vagas-curso-metrologia-basica\/#primaryimage\",\"url\":\"https:\/\/www.manaus.am.gov.br\/semcom\/wp-content\/uploads\/sites\/5\/2026\/03\/Curso-3.jpeg\",\"contentUrl\":\"https:\/\/www.manaus.am.gov.br\/semcom\/wp-content\/uploads\/sites\/5\/2026\/03\/Curso-3.jpeg\",\"width\":1496,\"height\":1000,\"caption\":\"#paratodosverem - Integrante de curso da Semtepi com certificado nas m\u00e3os\"},{\"@type\":\"WebSite\",\"@id\":\"https:\/\/www.manaus.am.gov.br\/semcom\/#website\",\"url\":\"https:\/\/www.manaus.am.gov.br\/semcom\/\",\"name\":\"SEMCOM\",\"description\":\"Secretaria Municipal de Comunica\u00e7\u00e3o\",\"potentialAction\":[{\"@type\":\"SearchAction\",\"target\":{\"@type\":\"EntryPoint\",\"urlTemplate\":\"https:\/\/www.manaus.am.gov.br\/semcom\/?s={search_term_string}\"},\"query-input\":\"required name=search_term_string\"}],\"inLanguage\":\"pt-BR\"},{\"@type\":\"Person\",\"@id\":\"https:\/\/www.manaus.am.gov.br\/semcom\/#\/schema\/person\/05d223aea2bf115f9883a6ff3683d81b\",\"name\":\"Bruna Greco\",\"image\":{\"@type\":\"ImageObject\",\"inLanguage\":\"pt-BR\",\"@id\":\"https:\/\/www.manaus.am.gov.br\/semcom\/#\/schema\/person\/image\/\",\"url\":\"https:\/\/secure.gravatar.com\/avatar\/9c877d1a6adc2a055330e5c09a8653ce?s=96&d=mm&r=g\",\"contentUrl\":\"https:\/\/secure.gravatar.com\/avatar\/9c877d1a6adc2a055330e5c09a8653ce?s=96&d=mm&r=g\",\"caption\":\"Bruna Greco\"}}]}<\/script>\n<!-- \/ Yoast SEO plugin. -->","yoast_head_json":{"title":"Oferta de 100 vagas para curso gratuito de Metrologia B\u00e1sica","description":"Prefeitura de Manaus, por meio da Semtepi, oferta 100 vagas para curso gratuito de Metrologia B\u00e1sica com inscri\u00e7\u00f5es abertas no dia 13\/3.","robots":{"index":"index","follow":"follow","max-snippet":"max-snippet:-1","max-image-preview":"max-image-preview:large","max-video-preview":"max-video-preview:-1"},"canonical":"https:\/\/www.manaus.am.gov.br\/semcom\/vagas-curso-metrologia-basica\/","og_locale":"pt_BR","og_type":"article","og_title":"Oferta de 100 vagas para curso gratuito de Metrologia B\u00e1sica","og_description":"Prefeitura de Manaus, por meio da Semtepi, oferta 100 vagas para curso gratuito de Metrologia B\u00e1sica com inscri\u00e7\u00f5es abertas no dia 13\/3.","og_url":"https:\/\/www.manaus.am.gov.br\/semcom\/vagas-curso-metrologia-basica\/","og_site_name":"SEMCOM","article_published_time":"2026-03-11T19:00:17+00:00","og_image":[{"width":1496,"height":1000,"url":"https:\/\/www.manaus.am.gov.br\/semcom\/wp-content\/uploads\/sites\/5\/2026\/03\/Curso-3.jpeg","type":"image\/jpeg"}],"author":"Bruna Greco","twitter_card":"summary_large_image","twitter_misc":{"Written by":"Bruna Greco","Est. reading time":"2 minutos"},"schema":{"@context":"https:\/\/schema.org","@graph":[{"@type":"WebPage","@id":"https:\/\/www.manaus.am.gov.br\/semcom\/vagas-curso-metrologia-basica\/","url":"https:\/\/www.manaus.am.gov.br\/semcom\/vagas-curso-metrologia-basica\/","name":"Oferta de 100 vagas para curso gratuito de Metrologia B\u00e1sica","isPartOf":{"@id":"https:\/\/www.manaus.am.gov.br\/semcom\/#website"},"primaryImageOfPage":{"@id":"https:\/\/www.manaus.am.gov.br\/semcom\/vagas-curso-metrologia-basica\/#primaryimage"},"image":{"@id":"https:\/\/www.manaus.am.gov.br\/semcom\/vagas-curso-metrologia-basica\/#primaryimage"},"thumbnailUrl":"https:\/\/www.manaus.am.gov.br\/semcom\/wp-content\/uploads\/sites\/5\/2026\/03\/Curso-3.jpeg","datePublished":"2026-03-11T19:00:17+00:00","dateModified":"2026-03-11T19:00:17+00:00","author":{"@id":"https:\/\/www.manaus.am.gov.br\/semcom\/#\/schema\/person\/05d223aea2bf115f9883a6ff3683d81b"},"description":"Prefeitura de Manaus, por meio da Semtepi, oferta 100 vagas para curso gratuito de Metrologia B\u00e1sica com inscri\u00e7\u00f5es abertas no dia 13\/3.","inLanguage":"pt-BR","potentialAction":[{"@type":"ReadAction","target":["https:\/\/www.manaus.am.gov.br\/semcom\/vagas-curso-metrologia-basica\/"]}]},{"@type":"ImageObject","inLanguage":"pt-BR","@id":"https:\/\/www.manaus.am.gov.br\/semcom\/vagas-curso-metrologia-basica\/#primaryimage","url":"https:\/\/www.manaus.am.gov.br\/semcom\/wp-content\/uploads\/sites\/5\/2026\/03\/Curso-3.jpeg","contentUrl":"https:\/\/www.manaus.am.gov.br\/semcom\/wp-content\/uploads\/sites\/5\/2026\/03\/Curso-3.jpeg","width":1496,"height":1000,"caption":"#paratodosverem - Integrante de curso da Semtepi com certificado nas m\u00e3os"},{"@type":"WebSite","@id":"https:\/\/www.manaus.am.gov.br\/semcom\/#website","url":"https:\/\/www.manaus.am.gov.br\/semcom\/","name":"SEMCOM","description":"Secretaria Municipal de Comunica\u00e7\u00e3o","potentialAction":[{"@type":"SearchAction","target":{"@type":"EntryPoint","urlTemplate":"https:\/\/www.manaus.am.gov.br\/semcom\/?s={search_term_string}"},"query-input":"required name=search_term_string"}],"inLanguage":"pt-BR"},{"@type":"Person","@id":"https:\/\/www.manaus.am.gov.br\/semcom\/#\/schema\/person\/05d223aea2bf115f9883a6ff3683d81b","name":"Bruna Greco","image":{"@type":"ImageObject","inLanguage":"pt-BR","@id":"https:\/\/www.manaus.am.gov.br\/semcom\/#\/schema\/person\/image\/","url":"https:\/\/secure.gravatar.com\/avatar\/9c877d1a6adc2a055330e5c09a8653ce?s=96&d=mm&r=g","contentUrl":"https:\/\/secure.gravatar.com\/avatar\/9c877d1a6adc2a055330e5c09a8653ce?s=96&d=mm&r=g","caption":"Bruna Greco"}}]}},"_links":{"self":[{"href":"https:\/\/www.manaus.am.gov.br\/semcom\/wp-json\/wp\/v2\/posts\/254394"}],"collection":[{"href":"https:\/\/www.manaus.am.gov.br\/semcom\/wp-json\/wp\/v2\/posts"}],"about":[{"href":"https:\/\/www.manaus.am.gov.br\/semcom\/wp-json\/wp\/v2\/types\/post"}],"author":[{"embeddable":true,"href":"https:\/\/www.manaus.am.gov.br\/semcom\/wp-json\/wp\/v2\/users\/39"}],"replies":[{"embeddable":true,"href":"https:\/\/www.manaus.am.gov.br\/semcom\/wp-json\/wp\/v2\/comments?post=254394"}],"version-history":[{"count":1,"href":"https:\/\/www.manaus.am.gov.br\/semcom\/wp-json\/wp\/v2\/posts\/254394\/revisions"}],"predecessor-version":[{"id":254397,"href":"https:\/\/www.manaus.am.gov.br\/semcom\/wp-json\/wp\/v2\/posts\/254394\/revisions\/254397"}],"wp:featuredmedia":[{"embeddable":true,"href":"https:\/\/www.manaus.am.gov.br\/semcom\/wp-json\/wp\/v2\/media\/254395"}],"wp:attachment":[{"href":"https:\/\/www.manaus.am.gov.br\/semcom\/wp-json\/wp\/v2\/media?parent=254394"}],"wp:term":[{"taxonomy":"category","embeddable":true,"href":"https:\/\/www.manaus.am.gov.br\/semcom\/wp-json\/wp\/v2\/categories?post=254394"},{"taxonomy":"post_tag","embeddable":true,"href":"https:\/\/www.manaus.am.gov.br\/semcom\/wp-json\/wp\/v2\/tags?post=254394"}],"curies":[{"name":"wp","href":"https:\/\/api.w.org\/{rel}","templated":true}]}}