{"id":254390,"date":"2026-03-11T14:59:50","date_gmt":"2026-03-11T18:59:50","guid":{"rendered":"https:\/\/www.manaus.am.gov.br\/semcom\/prefeitura-procon-pesquisa-combustiveis\/"},"modified":"2026-03-11T16:27:12","modified_gmt":"2026-03-11T19:27:12","slug":"prefeitura-procon-pesquisa-combustiveis","status":"publish","type":"post","link":"https:\/\/www.manaus.am.gov.br\/semcom\/prefeitura-procon-pesquisa-combustiveis\/","title":{"rendered":"Prefeitura de Manaus divulga resultado da pesquisa de pre\u00e7os de combust\u00edveis de mar\u00e7o"},"content":{"rendered":"\n<p>A <a href=\"https:\/\/www.manaus.am.gov.br\/\">Prefeitura de Manaus<\/a>, por meio do <a href=\"https:\/\/www.procon.am.gov.br\/\">Servi\u00e7o de Atendimento e Prote\u00e7\u00e3o ao Consumidor<\/a> (Procon Manaus), divulgou, nesta quarta-feira, 11\/3, o resultado da pesquisa mensal de pre\u00e7os de combust\u00edveis realizada na capital amazonense. O levantamento faz parte do monitoramento peri\u00f3dico do \u00f3rg\u00e3o, que acompanha o comportamento do mercado e disponibiliza informa\u00e7\u00f5es para auxiliar o consumidor na compara\u00e7\u00e3o de pre\u00e7os.<\/p>\n\n\n\n<p>\u201cA divulga\u00e7\u00e3o peri\u00f3dica dessa pesquisa \u00e9 fundamental para garantir mais transpar\u00eancia nas rela\u00e7\u00f5es de consumo. Quando o consumidor tem acesso \u00e0s informa\u00e7\u00f5es sobre os pre\u00e7os praticados no mercado, ele consegue comparar, escolher melhor onde abastecer e exercer de forma mais consciente o seu direito de escolha\u201d, destacou a presidente do Procon Manaus, Onilda Abreu.<\/p>\n\n\n\n<p>A coleta de dados foi realizada no dia 9 de mar\u00e7o, pela Divis\u00e3o de Fiscaliza\u00e7\u00e3o do \u00f3rg\u00e3o, com o objetivo de acompanhar a varia\u00e7\u00e3o dos pre\u00e7os praticados em Manaus e incentivar a livre concorr\u00eancia, conforme previsto nos artigos 4\u00ba e 6\u00ba, incisos 2 e 3, do C\u00f3digo de Defesa do Consumidor (Lei n\u00ba 8.078\/90).<\/p>\n\n\n\n<p>Ao todo, 40 postos de combust\u00edveis, distribu\u00eddos em todas as zonas da cidade, foram visitados. A pesquisa analisou gasolina comum, S10, gasolina aditivada, etanol hidratado, diesel comum e diesel. De acordo com o levantamento, o pre\u00e7o da gasolina comum apresentou aumento na maioria dos estabelecimentos, passando de R$ 6,99 para R$ 7,29, uma alta de R$ 0,30, por litro.<\/p>\n\n\n\n<p>Apesar da eleva\u00e7\u00e3o registrada em parte dos postos, a pesquisa identificou valores menores em alguns estabelecimentos. Os menores pre\u00e7os encontrados foram de R$ 6,99 para a gasolina comum, R$ 6,99 para a gasolina aditivada, R$ 5,47 para o etanol, R$ 6,49 para o diesel comum e R$ 6,49 para o diesel S10.<\/p>\n\n\n\n<p>Embora n\u00e3o haja confirma\u00e7\u00e3o oficial sobre os motivos do aumento, o cen\u00e1rio tem sido associado, por parte do mercado, \u00e0 instabilidade internacional provocada por conflitos no Oriente M\u00e9dio envolvendo Estados Unidos e Ir\u00e3, fator que pode impactar o setor de combust\u00edveis.<\/p>\n\n\n\n<p>O Procon Manaus refor\u00e7a que os valores apresentados refletem o cen\u00e1rio identificado nos dias da coleta e podem sofrer altera\u00e7\u00f5es ao longo do m\u00eas. Por isso, o \u00f3rg\u00e3o orienta que os consumidores pesquisem e comparem os pre\u00e7os antes de abastecer.<\/p>\n\n\n\n<div data-wp-interactive=\"\" class=\"wp-block-file\"><object data-wp-bind--hidden=\"!selectors.core.file.hasPdfPreview\" hidden class=\"wp-block-file__embed\" data=\"https:\/\/www.manaus.am.gov.br\/semcom\/wp-content\/uploads\/sites\/5\/2026\/03\/Pesquisa-combustivel-09.03.26.pdf\" type=\"application\/pdf\" style=\"width:100%;height:600px\" aria-label=\"Incorporado de Pesquisa combustivel 09.03.26.\"><\/object><a id=\"wp-block-file--media-aee74b9e-ddb0-4c14-b9de-422f78d7e2da\" href=\"https:\/\/www.manaus.am.gov.br\/semcom\/wp-content\/uploads\/sites\/5\/2026\/03\/Pesquisa-combustivel-09.03.26.pdf\">Pesquisa combustivel 09.03.26<\/a><a href=\"https:\/\/www.manaus.am.gov.br\/semcom\/wp-content\/uploads\/sites\/5\/2026\/03\/Pesquisa-combustivel-09.03.26.pdf\" class=\"wp-block-file__button wp-element-button\" download aria-describedby=\"wp-block-file--media-aee74b9e-ddb0-4c14-b9de-422f78d7e2da\">Baixar<\/a><\/div>\n\n\n\n<p>&#8212; &#8212; &#8212; &nbsp; &nbsp; &nbsp; &nbsp; &nbsp; &nbsp; &nbsp;<\/p>\n\n\n\n<p><strong>Texto<\/strong> \u2013 Fernanda de Sousa \/ Procon Manaus<\/p>\n\n\n\n<p><strong>Fotos<\/strong> \u2013 Divulga\u00e7\u00e3o \/ Semcom<\/p>\n","protected":false},"excerpt":{"rendered":"","protected":false},"author":23,"featured_media":254392,"comment_status":"closed","ping_status":"closed","sticky":false,"template":"","format":"standard","meta":{"footnotes":""},"categories":[3335],"tags":[10286,11421,4616,630,5985,10287,77],"acf":[],"yoast_head":"<!-- This site is optimized with the Yoast SEO plugin v23.0 - https:\/\/yoast.com\/wordpress\/plugins\/seo\/ -->\n<title>Pre\u00e7os de Combust\u00edveis: PMM divulga resultado da pesquisa<\/title>\n<meta name=\"description\" content=\"A Prefeitura de Manaus, por meio do Servi\u00e7o de Atendimento e Prote\u00e7\u00e3o ao Consumidor (Procon Manaus), divulgou, nesta quarta-feira, 11\/3, o resultado da pesquisa mensal de pre\u00e7os de combust\u00edveis realizada na capital amazonense.\" \/>\n<meta name=\"robots\" content=\"index, follow, max-snippet:-1, max-image-preview:large, max-video-preview:-1\" \/>\n<link rel=\"canonical\" href=\"https:\/\/www.manaus.am.gov.br\/semcom\/prefeitura-procon-pesquisa-combustiveis\/\" \/>\n<meta property=\"og:locale\" content=\"pt_BR\" \/>\n<meta property=\"og:type\" content=\"article\" \/>\n<meta property=\"og:title\" content=\"Pre\u00e7os de Combust\u00edveis: PMM divulga resultado da pesquisa\" \/>\n<meta property=\"og:description\" content=\"A Prefeitura de Manaus, por meio do Servi\u00e7o de Atendimento e Prote\u00e7\u00e3o ao Consumidor (Procon Manaus), divulgou, nesta quarta-feira, 11\/3, o resultado da pesquisa mensal de pre\u00e7os de combust\u00edveis realizada na capital amazonense.\" \/>\n<meta property=\"og:url\" content=\"https:\/\/www.manaus.am.gov.br\/semcom\/prefeitura-procon-pesquisa-combustiveis\/\" \/>\n<meta property=\"og:site_name\" content=\"SEMCOM\" \/>\n<meta property=\"article:published_time\" content=\"2026-03-11T18:59:50+00:00\" \/>\n<meta property=\"article:modified_time\" content=\"2026-03-11T19:27:12+00:00\" \/>\n<meta property=\"og:image\" content=\"https:\/\/www.manaus.am.gov.br\/semcom\/wp-content\/uploads\/sites\/5\/2026\/03\/WhatsApp-Image-2025-11-13-at-09.26.42-1-1.jpeg\" \/>\n\t<meta property=\"og:image:width\" content=\"1600\" \/>\n\t<meta property=\"og:image:height\" content=\"1066\" \/>\n\t<meta property=\"og:image:type\" content=\"image\/jpeg\" \/>\n<meta name=\"author\" content=\"Adriana Costa\" \/>\n<meta name=\"twitter:card\" content=\"summary_large_image\" \/>\n<meta name=\"twitter:label1\" content=\"Written by\" \/>\n\t<meta name=\"twitter:data1\" content=\"Adriana Costa\" \/>\n\t<meta name=\"twitter:label2\" content=\"Est. reading time\" \/>\n\t<meta name=\"twitter:data2\" content=\"3 minutos\" \/>\n<script type=\"application\/ld+json\" class=\"yoast-schema-graph\">{\"@context\":\"https:\/\/schema.org\",\"@graph\":[{\"@type\":\"WebPage\",\"@id\":\"https:\/\/www.manaus.am.gov.br\/semcom\/prefeitura-procon-pesquisa-combustiveis\/\",\"url\":\"https:\/\/www.manaus.am.gov.br\/semcom\/prefeitura-procon-pesquisa-combustiveis\/\",\"name\":\"Pre\u00e7os de Combust\u00edveis: PMM divulga resultado da pesquisa\",\"isPartOf\":{\"@id\":\"https:\/\/www.manaus.am.gov.br\/semcom\/#website\"},\"primaryImageOfPage\":{\"@id\":\"https:\/\/www.manaus.am.gov.br\/semcom\/prefeitura-procon-pesquisa-combustiveis\/#primaryimage\"},\"image\":{\"@id\":\"https:\/\/www.manaus.am.gov.br\/semcom\/prefeitura-procon-pesquisa-combustiveis\/#primaryimage\"},\"thumbnailUrl\":\"https:\/\/www.manaus.am.gov.br\/semcom\/wp-content\/uploads\/sites\/5\/2026\/03\/WhatsApp-Image-2025-11-13-at-09.26.42-1-1.jpeg\",\"datePublished\":\"2026-03-11T18:59:50+00:00\",\"dateModified\":\"2026-03-11T19:27:12+00:00\",\"author\":{\"@id\":\"https:\/\/www.manaus.am.gov.br\/semcom\/#\/schema\/person\/4e49f4e267757a06ca072ec61b2b9968\"},\"description\":\"A Prefeitura de Manaus, por meio do Servi\u00e7o de Atendimento e Prote\u00e7\u00e3o ao Consumidor (Procon Manaus), divulgou, nesta quarta-feira, 11\/3, o resultado da pesquisa mensal de pre\u00e7os de combust\u00edveis realizada na capital amazonense.\",\"inLanguage\":\"pt-BR\",\"potentialAction\":[{\"@type\":\"ReadAction\",\"target\":[\"https:\/\/www.manaus.am.gov.br\/semcom\/prefeitura-procon-pesquisa-combustiveis\/\"]}]},{\"@type\":\"ImageObject\",\"inLanguage\":\"pt-BR\",\"@id\":\"https:\/\/www.manaus.am.gov.br\/semcom\/prefeitura-procon-pesquisa-combustiveis\/#primaryimage\",\"url\":\"https:\/\/www.manaus.am.gov.br\/semcom\/wp-content\/uploads\/sites\/5\/2026\/03\/WhatsApp-Image-2025-11-13-at-09.26.42-1-1.jpeg\",\"contentUrl\":\"https:\/\/www.manaus.am.gov.br\/semcom\/wp-content\/uploads\/sites\/5\/2026\/03\/WhatsApp-Image-2025-11-13-at-09.26.42-1-1.jpeg\",\"width\":1600,\"height\":1066,\"caption\":\"#paratodosverem - Fiscal do Procon perto de frentista e bomba de gasolina em posto de Manaus\"},{\"@type\":\"WebSite\",\"@id\":\"https:\/\/www.manaus.am.gov.br\/semcom\/#website\",\"url\":\"https:\/\/www.manaus.am.gov.br\/semcom\/\",\"name\":\"SEMCOM\",\"description\":\"Secretaria Municipal de Comunica\u00e7\u00e3o\",\"potentialAction\":[{\"@type\":\"SearchAction\",\"target\":{\"@type\":\"EntryPoint\",\"urlTemplate\":\"https:\/\/www.manaus.am.gov.br\/semcom\/?s={search_term_string}\"},\"query-input\":\"required name=search_term_string\"}],\"inLanguage\":\"pt-BR\"},{\"@type\":\"Person\",\"@id\":\"https:\/\/www.manaus.am.gov.br\/semcom\/#\/schema\/person\/4e49f4e267757a06ca072ec61b2b9968\",\"name\":\"Adriana Costa\",\"image\":{\"@type\":\"ImageObject\",\"inLanguage\":\"pt-BR\",\"@id\":\"https:\/\/www.manaus.am.gov.br\/semcom\/#\/schema\/person\/image\/\",\"url\":\"https:\/\/secure.gravatar.com\/avatar\/576258617ef7194f718179e766d57bd4?s=96&d=mm&r=g\",\"contentUrl\":\"https:\/\/secure.gravatar.com\/avatar\/576258617ef7194f718179e766d57bd4?s=96&d=mm&r=g\",\"caption\":\"Adriana Costa\"}}]}<\/script>\n<!-- \/ Yoast SEO plugin. -->","yoast_head_json":{"title":"Pre\u00e7os de Combust\u00edveis: PMM divulga resultado da pesquisa","description":"A Prefeitura de Manaus, por meio do Servi\u00e7o de Atendimento e Prote\u00e7\u00e3o ao Consumidor (Procon Manaus), divulgou, nesta quarta-feira, 11\/3, o resultado da pesquisa mensal de pre\u00e7os de combust\u00edveis realizada na capital amazonense.","robots":{"index":"index","follow":"follow","max-snippet":"max-snippet:-1","max-image-preview":"max-image-preview:large","max-video-preview":"max-video-preview:-1"},"canonical":"https:\/\/www.manaus.am.gov.br\/semcom\/prefeitura-procon-pesquisa-combustiveis\/","og_locale":"pt_BR","og_type":"article","og_title":"Pre\u00e7os de Combust\u00edveis: PMM divulga resultado da pesquisa","og_description":"A Prefeitura de Manaus, por meio do Servi\u00e7o de Atendimento e Prote\u00e7\u00e3o ao Consumidor (Procon Manaus), divulgou, nesta quarta-feira, 11\/3, o resultado da pesquisa mensal de pre\u00e7os de combust\u00edveis realizada na capital amazonense.","og_url":"https:\/\/www.manaus.am.gov.br\/semcom\/prefeitura-procon-pesquisa-combustiveis\/","og_site_name":"SEMCOM","article_published_time":"2026-03-11T18:59:50+00:00","article_modified_time":"2026-03-11T19:27:12+00:00","og_image":[{"width":1600,"height":1066,"url":"https:\/\/www.manaus.am.gov.br\/semcom\/wp-content\/uploads\/sites\/5\/2026\/03\/WhatsApp-Image-2025-11-13-at-09.26.42-1-1.jpeg","type":"image\/jpeg"}],"author":"Adriana Costa","twitter_card":"summary_large_image","twitter_misc":{"Written by":"Adriana Costa","Est. reading time":"3 minutos"},"schema":{"@context":"https:\/\/schema.org","@graph":[{"@type":"WebPage","@id":"https:\/\/www.manaus.am.gov.br\/semcom\/prefeitura-procon-pesquisa-combustiveis\/","url":"https:\/\/www.manaus.am.gov.br\/semcom\/prefeitura-procon-pesquisa-combustiveis\/","name":"Pre\u00e7os de Combust\u00edveis: PMM divulga resultado da pesquisa","isPartOf":{"@id":"https:\/\/www.manaus.am.gov.br\/semcom\/#website"},"primaryImageOfPage":{"@id":"https:\/\/www.manaus.am.gov.br\/semcom\/prefeitura-procon-pesquisa-combustiveis\/#primaryimage"},"image":{"@id":"https:\/\/www.manaus.am.gov.br\/semcom\/prefeitura-procon-pesquisa-combustiveis\/#primaryimage"},"thumbnailUrl":"https:\/\/www.manaus.am.gov.br\/semcom\/wp-content\/uploads\/sites\/5\/2026\/03\/WhatsApp-Image-2025-11-13-at-09.26.42-1-1.jpeg","datePublished":"2026-03-11T18:59:50+00:00","dateModified":"2026-03-11T19:27:12+00:00","author":{"@id":"https:\/\/www.manaus.am.gov.br\/semcom\/#\/schema\/person\/4e49f4e267757a06ca072ec61b2b9968"},"description":"A Prefeitura de Manaus, por meio do Servi\u00e7o de Atendimento e Prote\u00e7\u00e3o ao Consumidor (Procon Manaus), divulgou, nesta quarta-feira, 11\/3, o resultado da pesquisa mensal de pre\u00e7os de combust\u00edveis realizada na capital amazonense.","inLanguage":"pt-BR","potentialAction":[{"@type":"ReadAction","target":["https:\/\/www.manaus.am.gov.br\/semcom\/prefeitura-procon-pesquisa-combustiveis\/"]}]},{"@type":"ImageObject","inLanguage":"pt-BR","@id":"https:\/\/www.manaus.am.gov.br\/semcom\/prefeitura-procon-pesquisa-combustiveis\/#primaryimage","url":"https:\/\/www.manaus.am.gov.br\/semcom\/wp-content\/uploads\/sites\/5\/2026\/03\/WhatsApp-Image-2025-11-13-at-09.26.42-1-1.jpeg","contentUrl":"https:\/\/www.manaus.am.gov.br\/semcom\/wp-content\/uploads\/sites\/5\/2026\/03\/WhatsApp-Image-2025-11-13-at-09.26.42-1-1.jpeg","width":1600,"height":1066,"caption":"#paratodosverem - Fiscal do Procon perto de frentista e bomba de gasolina em posto de Manaus"},{"@type":"WebSite","@id":"https:\/\/www.manaus.am.gov.br\/semcom\/#website","url":"https:\/\/www.manaus.am.gov.br\/semcom\/","name":"SEMCOM","description":"Secretaria Municipal de Comunica\u00e7\u00e3o","potentialAction":[{"@type":"SearchAction","target":{"@type":"EntryPoint","urlTemplate":"https:\/\/www.manaus.am.gov.br\/semcom\/?s={search_term_string}"},"query-input":"required name=search_term_string"}],"inLanguage":"pt-BR"},{"@type":"Person","@id":"https:\/\/www.manaus.am.gov.br\/semcom\/#\/schema\/person\/4e49f4e267757a06ca072ec61b2b9968","name":"Adriana Costa","image":{"@type":"ImageObject","inLanguage":"pt-BR","@id":"https:\/\/www.manaus.am.gov.br\/semcom\/#\/schema\/person\/image\/","url":"https:\/\/secure.gravatar.com\/avatar\/576258617ef7194f718179e766d57bd4?s=96&d=mm&r=g","contentUrl":"https:\/\/secure.gravatar.com\/avatar\/576258617ef7194f718179e766d57bd4?s=96&d=mm&r=g","caption":"Adriana Costa"}}]}},"_links":{"self":[{"href":"https:\/\/www.manaus.am.gov.br\/semcom\/wp-json\/wp\/v2\/posts\/254390"}],"collection":[{"href":"https:\/\/www.manaus.am.gov.br\/semcom\/wp-json\/wp\/v2\/posts"}],"about":[{"href":"https:\/\/www.manaus.am.gov.br\/semcom\/wp-json\/wp\/v2\/types\/post"}],"author":[{"embeddable":true,"href":"https:\/\/www.manaus.am.gov.br\/semcom\/wp-json\/wp\/v2\/users\/23"}],"replies":[{"embeddable":true,"href":"https:\/\/www.manaus.am.gov.br\/semcom\/wp-json\/wp\/v2\/comments?post=254390"}],"version-history":[{"count":3,"href":"https:\/\/www.manaus.am.gov.br\/semcom\/wp-json\/wp\/v2\/posts\/254390\/revisions"}],"predecessor-version":[{"id":254413,"href":"https:\/\/www.manaus.am.gov.br\/semcom\/wp-json\/wp\/v2\/posts\/254390\/revisions\/254413"}],"wp:featuredmedia":[{"embeddable":true,"href":"https:\/\/www.manaus.am.gov.br\/semcom\/wp-json\/wp\/v2\/media\/254392"}],"wp:attachment":[{"href":"https:\/\/www.manaus.am.gov.br\/semcom\/wp-json\/wp\/v2\/media?parent=254390"}],"wp:term":[{"taxonomy":"category","embeddable":true,"href":"https:\/\/www.manaus.am.gov.br\/semcom\/wp-json\/wp\/v2\/categories?post=254390"},{"taxonomy":"post_tag","embeddable":true,"href":"https:\/\/www.manaus.am.gov.br\/semcom\/wp-json\/wp\/v2\/tags?post=254390"}],"curies":[{"name":"wp","href":"https:\/\/api.w.org\/{rel}","templated":true}]}}