{"id":254371,"date":"2026-03-11T12:15:31","date_gmt":"2026-03-11T16:15:31","guid":{"rendered":"https:\/\/www.manaus.am.gov.br\/semcom\/revitalizacao-sinalizacao-viaria-t2\/"},"modified":"2026-03-11T13:52:03","modified_gmt":"2026-03-11T16:52:03","slug":"revitalizacao-sinalizacao-viaria-t2","status":"publish","type":"post","link":"https:\/\/www.manaus.am.gov.br\/semcom\/revitalizacao-sinalizacao-viaria-t2\/","title":{"rendered":"Prefeitura de Manaus revitaliza sinaliza\u00e7\u00e3o vi\u00e1ria do T2 e garante mais seguran\u00e7a aos usu\u00e1rios e motoristas do transporte coletivo"},"content":{"rendered":"\n<p>A <a href=\"https:\/\/www.manaus.am.gov.br\/\">Prefeitura de Manaus<\/a>, por meio do <a href=\"https:\/\/www.instagram.com\/immu_manaus\/\">Instituto Municipal de Mobilidade Urbana<\/a> (IMMU), executou a revitaliza\u00e7\u00e3o total da sinaliza\u00e7\u00e3o vi\u00e1ria no Terminal de Integra\u00e7\u00e3o 2 (T2), localizado no bairro Cachoeirinha, na zona Sul da cidade. A interven\u00e7\u00e3o incluiu a renova\u00e7\u00e3o da pintura horizontal da via, visando organizar o fluxo de ve\u00edculos e aumentar a seguran\u00e7a de pedestres e usu\u00e1rios do transporte coletivo que transitam pela regi\u00e3o diariamente.<\/p>\n\n\n\n<p>Dentre os servi\u00e7os realizados, as equipes do \u00f3rg\u00e3o revitalizaram as tr\u00eas faixas de pedestres, assegurando melhor visibilidade para uma travessia segura dos usu\u00e1rios que utilizam o terminal; e realizaram a pintura da linha de bordo em ambos os sentidos da via, um elemento que demarca a pista de rolamento e ajuda a guiar os motoristas. A revitaliza\u00e7\u00e3o da linha de eixo central amarela, que separa os fluxos opostos de ve\u00edculos e melhora a leitura da via pelos motoristas, foi outro aspecto importante da interven\u00e7\u00e3o.<\/p>\n\n\n\n<p>Segundo o diretor de sinaliza\u00e7\u00e3o vi\u00e1ria do IMMU, Lucas Pimentel, a medida integra um cronograma constante de manuten\u00e7\u00e3o da sinaliza\u00e7\u00e3o em regi\u00f5es de alta circula\u00e7\u00e3o.<\/p>\n\n\n\n<p>&#8220;Estamos executando a renova\u00e7\u00e3o total da sinaliza\u00e7\u00e3o horizontal no terminal 2, abrangendo faixas de pedestres, linha de bordo e eixo central da via. Essas a\u00e7\u00f5es s\u00e3o essenciais para otimizar a organiza\u00e7\u00e3o do tr\u00e2nsito e, sobretudo, assegurar maior seguran\u00e7a para pedestres, motoristas e usu\u00e1rios do transporte coletivo que usam esse espa\u00e7o diariamente\u201d, enfatizou.<\/p>\n\n\n\n<p>A manuten\u00e7\u00e3o da sinaliza\u00e7\u00e3o no terminal, que lida com um grande volume de passageiros e ve\u00edculos, \u00e9 uma a\u00e7\u00e3o estrat\u00e9gica para a mobilidade urbana. Para aqueles que usam o espa\u00e7o diariamente, a melhoria traz mais seguran\u00e7a no dia a dia, como comentou o auxiliar de servi\u00e7os gerais e usu\u00e1rio regular do terminal, Jo\u00e3o Batista.<\/p>\n\n\n\n<p>&#8220;A nova pintura \u00e9 bastante \u00fatil, especialmente para aqueles que atravessam a rua para acessar o terminal. Antes, estava mais apagada, agora est\u00e1 muito mais vis\u00edvel para os motoristas\u201d, disse Batista.<\/p>\n\n\n\n<p>A prefeitura assegura que as obras de revitaliza\u00e7\u00e3o da sinaliza\u00e7\u00e3o vi\u00e1ria est\u00e3o sendo realizadas de acordo com um planejamento t\u00e9cnico que prioriza corredores de transporte, \u00e1reas adjacentes a terminais e vias com alto fluxo de pedestres, o que contribui para um tr\u00e2nsito mais seguro e organizado na cidade.<\/p>\n\n\n\n<figure class=\"wp-block-image size-large\"><img loading=\"lazy\" decoding=\"async\" width=\"1024\" height=\"1024\" src=\"https:\/\/www.manaus.am.gov.br\/semcom\/wp-content\/uploads\/sites\/5\/2026\/03\/Manutencao-2-1024x1024.jpeg\" alt=\"\" class=\"wp-image-254372\" srcset=\"https:\/\/www.manaus.am.gov.br\/semcom\/wp-content\/uploads\/sites\/5\/2026\/03\/Manutencao-2-1024x1024.jpeg 1024w, https:\/\/www.manaus.am.gov.br\/semcom\/wp-content\/uploads\/sites\/5\/2026\/03\/Manutencao-2-300x300.jpeg 300w, https:\/\/www.manaus.am.gov.br\/semcom\/wp-content\/uploads\/sites\/5\/2026\/03\/Manutencao-2-150x150.jpeg 150w, https:\/\/www.manaus.am.gov.br\/semcom\/wp-content\/uploads\/sites\/5\/2026\/03\/Manutencao-2-768x768.jpeg 768w, https:\/\/www.manaus.am.gov.br\/semcom\/wp-content\/uploads\/sites\/5\/2026\/03\/Manutencao-2.jpeg 1528w\" sizes=\"(max-width: 1024px) 100vw, 1024px\" \/><figcaption class=\"wp-element-caption\">#paratodosverem &#8211; T2<\/figcaption><\/figure>\n\n\n\n<p>&#8212; &#8212; &#8212;<\/p>\n\n\n\n<p><strong>Texto \u2013&nbsp;<\/strong>Naira Nascimento\/IMMU<\/p>\n\n\n\n<p><strong>Fotos \u2013 <\/strong>Divulga\u00e7\u00e3o\/IMMU<\/p>\n","protected":false},"excerpt":{"rendered":"","protected":false},"author":39,"featured_media":254373,"comment_status":"closed","ping_status":"closed","sticky":false,"template":"","format":"standard","meta":{"footnotes":""},"categories":[182],"tags":[12,77,19712,1243,19713],"acf":[],"yoast_head":"<!-- This site is optimized with the Yoast SEO plugin v23.0 - https:\/\/yoast.com\/wordpress\/plugins\/seo\/ -->\n<title>Prefeitura de Manaus revitaliza sinaliza\u00e7\u00e3o vi\u00e1ria do T2<\/title>\n<meta name=\"description\" content=\"Prefeitura de Manaus revitaliza sinaliza\u00e7\u00e3o vi\u00e1ria do T2 e garante mais seguran\u00e7a aos usu\u00e1rios e motoristas do transporte coletivo.\" \/>\n<meta name=\"robots\" content=\"index, follow, max-snippet:-1, max-image-preview:large, max-video-preview:-1\" \/>\n<link rel=\"canonical\" href=\"https:\/\/www.manaus.am.gov.br\/semcom\/revitalizacao-sinalizacao-viaria-t2\/\" \/>\n<meta property=\"og:locale\" content=\"pt_BR\" \/>\n<meta property=\"og:type\" content=\"article\" \/>\n<meta property=\"og:title\" content=\"Prefeitura de Manaus revitaliza sinaliza\u00e7\u00e3o vi\u00e1ria do T2\" \/>\n<meta property=\"og:description\" content=\"Prefeitura de Manaus revitaliza sinaliza\u00e7\u00e3o vi\u00e1ria do T2 e garante mais seguran\u00e7a aos usu\u00e1rios e motoristas do transporte coletivo.\" \/>\n<meta property=\"og:url\" content=\"https:\/\/www.manaus.am.gov.br\/semcom\/revitalizacao-sinalizacao-viaria-t2\/\" \/>\n<meta property=\"og:site_name\" content=\"SEMCOM\" \/>\n<meta property=\"article:published_time\" content=\"2026-03-11T16:15:31+00:00\" \/>\n<meta property=\"article:modified_time\" content=\"2026-03-11T16:52:03+00:00\" \/>\n<meta property=\"og:image\" content=\"https:\/\/www.manaus.am.gov.br\/semcom\/wp-content\/uploads\/sites\/5\/2026\/03\/Manutencao-1.jpeg\" \/>\n\t<meta property=\"og:image:width\" content=\"1528\" \/>\n\t<meta property=\"og:image:height\" content=\"1528\" \/>\n\t<meta property=\"og:image:type\" content=\"image\/jpeg\" \/>\n<meta name=\"author\" content=\"Bruna Greco\" \/>\n<meta name=\"twitter:card\" content=\"summary_large_image\" \/>\n<meta name=\"twitter:label1\" content=\"Written by\" \/>\n\t<meta name=\"twitter:data1\" content=\"Bruna Greco\" \/>\n\t<meta name=\"twitter:label2\" content=\"Est. reading time\" \/>\n\t<meta name=\"twitter:data2\" content=\"3 minutos\" \/>\n<script type=\"application\/ld+json\" class=\"yoast-schema-graph\">{\"@context\":\"https:\/\/schema.org\",\"@graph\":[{\"@type\":\"WebPage\",\"@id\":\"https:\/\/www.manaus.am.gov.br\/semcom\/revitalizacao-sinalizacao-viaria-t2\/\",\"url\":\"https:\/\/www.manaus.am.gov.br\/semcom\/revitalizacao-sinalizacao-viaria-t2\/\",\"name\":\"Prefeitura de Manaus revitaliza sinaliza\u00e7\u00e3o vi\u00e1ria do T2\",\"isPartOf\":{\"@id\":\"https:\/\/www.manaus.am.gov.br\/semcom\/#website\"},\"primaryImageOfPage\":{\"@id\":\"https:\/\/www.manaus.am.gov.br\/semcom\/revitalizacao-sinalizacao-viaria-t2\/#primaryimage\"},\"image\":{\"@id\":\"https:\/\/www.manaus.am.gov.br\/semcom\/revitalizacao-sinalizacao-viaria-t2\/#primaryimage\"},\"thumbnailUrl\":\"https:\/\/www.manaus.am.gov.br\/semcom\/wp-content\/uploads\/sites\/5\/2026\/03\/Manutencao-1.jpeg\",\"datePublished\":\"2026-03-11T16:15:31+00:00\",\"dateModified\":\"2026-03-11T16:52:03+00:00\",\"author\":{\"@id\":\"https:\/\/www.manaus.am.gov.br\/semcom\/#\/schema\/person\/05d223aea2bf115f9883a6ff3683d81b\"},\"description\":\"Prefeitura de Manaus revitaliza sinaliza\u00e7\u00e3o vi\u00e1ria do T2 e garante mais seguran\u00e7a aos usu\u00e1rios e motoristas do transporte coletivo.\",\"inLanguage\":\"pt-BR\",\"potentialAction\":[{\"@type\":\"ReadAction\",\"target\":[\"https:\/\/www.manaus.am.gov.br\/semcom\/revitalizacao-sinalizacao-viaria-t2\/\"]}]},{\"@type\":\"ImageObject\",\"inLanguage\":\"pt-BR\",\"@id\":\"https:\/\/www.manaus.am.gov.br\/semcom\/revitalizacao-sinalizacao-viaria-t2\/#primaryimage\",\"url\":\"https:\/\/www.manaus.am.gov.br\/semcom\/wp-content\/uploads\/sites\/5\/2026\/03\/Manutencao-1.jpeg\",\"contentUrl\":\"https:\/\/www.manaus.am.gov.br\/semcom\/wp-content\/uploads\/sites\/5\/2026\/03\/Manutencao-1.jpeg\",\"width\":1528,\"height\":1528,\"caption\":\"#paratodosverem - Terminal de Integra\u00e7\u00e3o 2 (T2), no bairro Cachoeirinha, recebe manuten\u00e7\u00e3o de sinaliza\u00e7\u00e3o vi\u00e1ria com revitaliza\u00e7\u00e3o total\"},{\"@type\":\"WebSite\",\"@id\":\"https:\/\/www.manaus.am.gov.br\/semcom\/#website\",\"url\":\"https:\/\/www.manaus.am.gov.br\/semcom\/\",\"name\":\"SEMCOM\",\"description\":\"Secretaria Municipal de Comunica\u00e7\u00e3o\",\"potentialAction\":[{\"@type\":\"SearchAction\",\"target\":{\"@type\":\"EntryPoint\",\"urlTemplate\":\"https:\/\/www.manaus.am.gov.br\/semcom\/?s={search_term_string}\"},\"query-input\":\"required name=search_term_string\"}],\"inLanguage\":\"pt-BR\"},{\"@type\":\"Person\",\"@id\":\"https:\/\/www.manaus.am.gov.br\/semcom\/#\/schema\/person\/05d223aea2bf115f9883a6ff3683d81b\",\"name\":\"Bruna Greco\",\"image\":{\"@type\":\"ImageObject\",\"inLanguage\":\"pt-BR\",\"@id\":\"https:\/\/www.manaus.am.gov.br\/semcom\/#\/schema\/person\/image\/\",\"url\":\"https:\/\/secure.gravatar.com\/avatar\/9c877d1a6adc2a055330e5c09a8653ce?s=96&d=mm&r=g\",\"contentUrl\":\"https:\/\/secure.gravatar.com\/avatar\/9c877d1a6adc2a055330e5c09a8653ce?s=96&d=mm&r=g\",\"caption\":\"Bruna Greco\"}}]}<\/script>\n<!-- \/ Yoast SEO plugin. -->","yoast_head_json":{"title":"Prefeitura de Manaus revitaliza sinaliza\u00e7\u00e3o vi\u00e1ria do T2","description":"Prefeitura de Manaus revitaliza sinaliza\u00e7\u00e3o vi\u00e1ria do T2 e garante mais seguran\u00e7a aos usu\u00e1rios e motoristas do transporte coletivo.","robots":{"index":"index","follow":"follow","max-snippet":"max-snippet:-1","max-image-preview":"max-image-preview:large","max-video-preview":"max-video-preview:-1"},"canonical":"https:\/\/www.manaus.am.gov.br\/semcom\/revitalizacao-sinalizacao-viaria-t2\/","og_locale":"pt_BR","og_type":"article","og_title":"Prefeitura de Manaus revitaliza sinaliza\u00e7\u00e3o vi\u00e1ria do T2","og_description":"Prefeitura de Manaus revitaliza sinaliza\u00e7\u00e3o vi\u00e1ria do T2 e garante mais seguran\u00e7a aos usu\u00e1rios e motoristas do transporte coletivo.","og_url":"https:\/\/www.manaus.am.gov.br\/semcom\/revitalizacao-sinalizacao-viaria-t2\/","og_site_name":"SEMCOM","article_published_time":"2026-03-11T16:15:31+00:00","article_modified_time":"2026-03-11T16:52:03+00:00","og_image":[{"width":1528,"height":1528,"url":"https:\/\/www.manaus.am.gov.br\/semcom\/wp-content\/uploads\/sites\/5\/2026\/03\/Manutencao-1.jpeg","type":"image\/jpeg"}],"author":"Bruna Greco","twitter_card":"summary_large_image","twitter_misc":{"Written by":"Bruna Greco","Est. reading time":"3 minutos"},"schema":{"@context":"https:\/\/schema.org","@graph":[{"@type":"WebPage","@id":"https:\/\/www.manaus.am.gov.br\/semcom\/revitalizacao-sinalizacao-viaria-t2\/","url":"https:\/\/www.manaus.am.gov.br\/semcom\/revitalizacao-sinalizacao-viaria-t2\/","name":"Prefeitura de Manaus revitaliza sinaliza\u00e7\u00e3o vi\u00e1ria do T2","isPartOf":{"@id":"https:\/\/www.manaus.am.gov.br\/semcom\/#website"},"primaryImageOfPage":{"@id":"https:\/\/www.manaus.am.gov.br\/semcom\/revitalizacao-sinalizacao-viaria-t2\/#primaryimage"},"image":{"@id":"https:\/\/www.manaus.am.gov.br\/semcom\/revitalizacao-sinalizacao-viaria-t2\/#primaryimage"},"thumbnailUrl":"https:\/\/www.manaus.am.gov.br\/semcom\/wp-content\/uploads\/sites\/5\/2026\/03\/Manutencao-1.jpeg","datePublished":"2026-03-11T16:15:31+00:00","dateModified":"2026-03-11T16:52:03+00:00","author":{"@id":"https:\/\/www.manaus.am.gov.br\/semcom\/#\/schema\/person\/05d223aea2bf115f9883a6ff3683d81b"},"description":"Prefeitura de Manaus revitaliza sinaliza\u00e7\u00e3o vi\u00e1ria do T2 e garante mais seguran\u00e7a aos usu\u00e1rios e motoristas do transporte coletivo.","inLanguage":"pt-BR","potentialAction":[{"@type":"ReadAction","target":["https:\/\/www.manaus.am.gov.br\/semcom\/revitalizacao-sinalizacao-viaria-t2\/"]}]},{"@type":"ImageObject","inLanguage":"pt-BR","@id":"https:\/\/www.manaus.am.gov.br\/semcom\/revitalizacao-sinalizacao-viaria-t2\/#primaryimage","url":"https:\/\/www.manaus.am.gov.br\/semcom\/wp-content\/uploads\/sites\/5\/2026\/03\/Manutencao-1.jpeg","contentUrl":"https:\/\/www.manaus.am.gov.br\/semcom\/wp-content\/uploads\/sites\/5\/2026\/03\/Manutencao-1.jpeg","width":1528,"height":1528,"caption":"#paratodosverem - Terminal de Integra\u00e7\u00e3o 2 (T2), no bairro Cachoeirinha, recebe manuten\u00e7\u00e3o de sinaliza\u00e7\u00e3o vi\u00e1ria com revitaliza\u00e7\u00e3o total"},{"@type":"WebSite","@id":"https:\/\/www.manaus.am.gov.br\/semcom\/#website","url":"https:\/\/www.manaus.am.gov.br\/semcom\/","name":"SEMCOM","description":"Secretaria Municipal de Comunica\u00e7\u00e3o","potentialAction":[{"@type":"SearchAction","target":{"@type":"EntryPoint","urlTemplate":"https:\/\/www.manaus.am.gov.br\/semcom\/?s={search_term_string}"},"query-input":"required name=search_term_string"}],"inLanguage":"pt-BR"},{"@type":"Person","@id":"https:\/\/www.manaus.am.gov.br\/semcom\/#\/schema\/person\/05d223aea2bf115f9883a6ff3683d81b","name":"Bruna Greco","image":{"@type":"ImageObject","inLanguage":"pt-BR","@id":"https:\/\/www.manaus.am.gov.br\/semcom\/#\/schema\/person\/image\/","url":"https:\/\/secure.gravatar.com\/avatar\/9c877d1a6adc2a055330e5c09a8653ce?s=96&d=mm&r=g","contentUrl":"https:\/\/secure.gravatar.com\/avatar\/9c877d1a6adc2a055330e5c09a8653ce?s=96&d=mm&r=g","caption":"Bruna Greco"}}]}},"_links":{"self":[{"href":"https:\/\/www.manaus.am.gov.br\/semcom\/wp-json\/wp\/v2\/posts\/254371"}],"collection":[{"href":"https:\/\/www.manaus.am.gov.br\/semcom\/wp-json\/wp\/v2\/posts"}],"about":[{"href":"https:\/\/www.manaus.am.gov.br\/semcom\/wp-json\/wp\/v2\/types\/post"}],"author":[{"embeddable":true,"href":"https:\/\/www.manaus.am.gov.br\/semcom\/wp-json\/wp\/v2\/users\/39"}],"replies":[{"embeddable":true,"href":"https:\/\/www.manaus.am.gov.br\/semcom\/wp-json\/wp\/v2\/comments?post=254371"}],"version-history":[{"count":3,"href":"https:\/\/www.manaus.am.gov.br\/semcom\/wp-json\/wp\/v2\/posts\/254371\/revisions"}],"predecessor-version":[{"id":254377,"href":"https:\/\/www.manaus.am.gov.br\/semcom\/wp-json\/wp\/v2\/posts\/254371\/revisions\/254377"}],"wp:featuredmedia":[{"embeddable":true,"href":"https:\/\/www.manaus.am.gov.br\/semcom\/wp-json\/wp\/v2\/media\/254373"}],"wp:attachment":[{"href":"https:\/\/www.manaus.am.gov.br\/semcom\/wp-json\/wp\/v2\/media?parent=254371"}],"wp:term":[{"taxonomy":"category","embeddable":true,"href":"https:\/\/www.manaus.am.gov.br\/semcom\/wp-json\/wp\/v2\/categories?post=254371"},{"taxonomy":"post_tag","embeddable":true,"href":"https:\/\/www.manaus.am.gov.br\/semcom\/wp-json\/wp\/v2\/tags?post=254371"}],"curies":[{"name":"wp","href":"https:\/\/api.w.org\/{rel}","templated":true}]}}