{"id":254354,"date":"2026-03-11T12:45:09","date_gmt":"2026-03-11T15:45:09","guid":{"rendered":"https:\/\/www.manaus.am.gov.br\/semcom\/prefeitura-semef-governancatecnologica\/"},"modified":"2026-03-11T12:59:26","modified_gmt":"2026-03-11T15:59:26","slug":"prefeitura-semef-governancatecnologica","status":"publish","type":"post","link":"https:\/\/www.manaus.am.gov.br\/semcom\/prefeitura-semef-governancatecnologica\/","title":{"rendered":"Manaus participa da Eatech Conference 2026 e refor\u00e7a protagonismo em debates sobre tecnologia e transforma\u00e7\u00e3o digital"},"content":{"rendered":"\n<p>A<a href=\"https:\/\/www.instagram.com\/prefeiturademanaus\/\"> Prefeitura de Manaus <\/a>participou, entre os dias 4 e 8 de mar\u00e7o, da Eatech Conference 2026, realizada na Chapada dos Guimar\u00e3es, no Estado de Mato Grosso (MT). O munic\u00edpio foi representado pelo subsecret\u00e1rio de Tecnologia da Informa\u00e7\u00e3o, da Secretaria Municipal de Finan\u00e7as, Planejamento e Tecnologia da Informa\u00e7\u00e3o<a href=\"https:\/\/www.manaus.am.gov.br\/\"> (Semef)<\/a>, S\u00e9rgio Magalh\u00e3es, e pelo diretor de Suporte e Infraestrutura de TI, Adonai Fernandes.<\/p>\n\n\n\n<p>O evento reuniu lideran\u00e7as e especialistas de tecnologia de todo o pa\u00eds para discutir os principais desafios da transforma\u00e7\u00e3o digital, o uso estrat\u00e9gico da intelig\u00eancia artificial e as novas compet\u00eancias necess\u00e1rias para a gest\u00e3o p\u00fablica e privada. Entre os temas centrais debatidos estiveram a resili\u00eancia digital, pessoal e clim\u00e1tica, consideradas fundamentais para o processo de moderniza\u00e7\u00e3o das cidades.<\/p>\n\n\n\n<p>A participa\u00e7\u00e3o da capital amazonense refor\u00e7a a inser\u00e7\u00e3o de Manaus nas discuss\u00f5es nacionais sobre inova\u00e7\u00e3o e governan\u00e7a tecnol\u00f3gica. Durante o encontro, especialistas destacaram a redefini\u00e7\u00e3o do papel do CIO (Chief Information Officer), que deixa de atuar apenas como gestor de infraestrutura para assumir uma fun\u00e7\u00e3o mais estrat\u00e9gica, voltada \u00e0 transforma\u00e7\u00e3o organizacional e ao desenvolvimento de solu\u00e7\u00f5es alinhadas \u00e0s demandas da sociedade.<\/p>\n\n\n\n<p>Dados apresentados nas plen\u00e1rias indicaram ainda um desafio estrutural para o setor p\u00fablico: enquanto o processo de digitaliza\u00e7\u00e3o avan\u00e7a, o n\u00edvel de prontid\u00e3o em infraestrutura e governan\u00e7a nas organiza\u00e7\u00f5es governamentais est\u00e1 em torno de 31%, percentual considerado inferior ao registrado no setor privado.<\/p>\n\n\n\n<p>Nesse contexto, a participa\u00e7\u00e3o de Manaus no evento contribui para ampliar o debate sobre a ado\u00e7\u00e3o de modelos de Governan\u00e7a 5.0, voltados ao uso da tecnologia para melhorar a efici\u00eancia administrativa e os servi\u00e7os prestados \u00e0 popula\u00e7\u00e3o.<\/p>\n\n\n\n<p>De acordo com o subsecret\u00e1rio S\u00e9rgio Magalh\u00e3es, a presen\u00e7a do munic\u00edpio em f\u00f3runs nacionais de tecnologia \u00e9 estrat\u00e9gica para alinhar a gest\u00e3o p\u00fablica local \u00e0s principais tend\u00eancias do setor. \u201cEventos como esse permitem trocar experi\u00eancias com outras administra\u00e7\u00f5es e acompanhar de perto as inova\u00e7\u00f5es que est\u00e3o transformando a gest\u00e3o p\u00fablica. Nosso objetivo \u00e9 trazer esse conhecimento para Manaus e fortalecer o uso da tecnologia para melhorar os servi\u00e7os oferecidos ao cidad\u00e3o\u201d, destacou.<\/p>\n\n\n\n<p>Durante o encontro, tamb\u00e9m foram debatidos desafios do mercado tecnol\u00f3gico global. Segundo o diretor Adonai Fernandes, o aumento expressivo nos pre\u00e7os da mem\u00f3ria RAM, tanto nos padr\u00f5es DDR4 quanto DDR5, tem impactado diretamente o custo de equipamentos de tecnologia. A alta demanda impulsionada por aplica\u00e7\u00f5es de intelig\u00eancia artificial e a redu\u00e7\u00e3o da oferta de componentes de alta performance fizeram com que a mem\u00f3ria represente, atualmente, at\u00e9 45% do custo total de novos computadores, notebooks, esta\u00e7\u00f5es de trabalho e servidores.<\/p>\n\n\n\n<p>A participa\u00e7\u00e3o no encontro tamb\u00e9m possibilitou a integra\u00e7\u00e3o de Manaus a redes de inova\u00e7\u00e3o que buscam solu\u00e7\u00f5es para desafios recorrentes da administra\u00e7\u00e3o p\u00fablica, como a limita\u00e7\u00e3o or\u00e7ament\u00e1ria, a necessidade de qualifica\u00e7\u00e3o t\u00e9cnica e a forma\u00e7\u00e3o de novos talentos na \u00e1rea de tecnologia.<\/p>\n\n\n\n<p>Com a presen\u00e7a na Eatech Conference 2026, a capital amazonense fortalece sua atua\u00e7\u00e3o nos debates estrat\u00e9gicos sobre inova\u00e7\u00e3o e consolida seu papel como refer\u00eancia regional na constru\u00e7\u00e3o de uma gest\u00e3o p\u00fablica mais resiliente, preparada para enfrentar desafios clim\u00e1ticos e as demandas da nova economia digital.<\/p>\n\n\n\n<p>&#8212; &#8212; &#8212;<\/p>\n\n\n\n<p><strong>Texto&nbsp;<\/strong>\u2013&nbsp;Anderson Farias&nbsp;\/ Semef<\/p>\n\n\n\n<p><strong>Fotos&nbsp;<\/strong>&#8211; Divulga\u00e7\u00e3o<\/p>\n","protected":false},"excerpt":{"rendered":"","protected":false},"author":23,"featured_media":254355,"comment_status":"closed","ping_status":"closed","sticky":false,"template":"","format":"standard","meta":{"footnotes":""},"categories":[2374],"tags":[19709,19710,19711,77,157],"acf":[],"yoast_head":"<!-- This site is optimized with the Yoast SEO plugin v23.0 - https:\/\/yoast.com\/wordpress\/plugins\/seo\/ -->\n<title>Manaus participa da Eatech Conference 2026 e refor\u00e7a protagonismo em debates sobre tecnologia e transforma\u00e7\u00e3o digital<\/title>\n<meta name=\"description\" content=\"A Prefeitura de Manaus participou, entre os dias 4 e 8 de mar\u00e7o, da Eatech Conference 2026, realizada na Chapada dos Guimar\u00e3es, no Estado de Mato Grosso (MT). O munic\u00edpio foi representado pelo subsecret\u00e1rio de Tecnologia da Informa\u00e7\u00e3o, da Secretaria Municipal de Finan\u00e7as, Planejamento e Tecnologia da Informa\u00e7\u00e3o (Semef), S\u00e9rgio Magalh\u00e3es, e pelo diretor de Suporte e Infraestrutura de TI, Adonai Fernandes.\" \/>\n<meta name=\"robots\" content=\"index, follow, max-snippet:-1, max-image-preview:large, max-video-preview:-1\" \/>\n<link rel=\"canonical\" href=\"https:\/\/www.manaus.am.gov.br\/semcom\/prefeitura-semef-governancatecnologica\/\" \/>\n<meta property=\"og:locale\" content=\"pt_BR\" \/>\n<meta property=\"og:type\" content=\"article\" \/>\n<meta property=\"og:title\" content=\"Manaus participa da Eatech Conference 2026 e refor\u00e7a protagonismo em debates sobre tecnologia e transforma\u00e7\u00e3o digital\" \/>\n<meta property=\"og:description\" content=\"A Prefeitura de Manaus participou, entre os dias 4 e 8 de mar\u00e7o, da Eatech Conference 2026, realizada na Chapada dos Guimar\u00e3es, no Estado de Mato Grosso (MT). O munic\u00edpio foi representado pelo subsecret\u00e1rio de Tecnologia da Informa\u00e7\u00e3o, da Secretaria Municipal de Finan\u00e7as, Planejamento e Tecnologia da Informa\u00e7\u00e3o (Semef), S\u00e9rgio Magalh\u00e3es, e pelo diretor de Suporte e Infraestrutura de TI, Adonai Fernandes.\" \/>\n<meta property=\"og:url\" content=\"https:\/\/www.manaus.am.gov.br\/semcom\/prefeitura-semef-governancatecnologica\/\" \/>\n<meta property=\"og:site_name\" content=\"SEMCOM\" \/>\n<meta property=\"article:published_time\" content=\"2026-03-11T15:45:09+00:00\" \/>\n<meta property=\"article:modified_time\" content=\"2026-03-11T15:59:26+00:00\" \/>\n<meta property=\"og:image\" content=\"https:\/\/www.manaus.am.gov.br\/semcom\/wp-content\/uploads\/sites\/5\/2026\/03\/74f0d8b5-2718-4a99-9cb8-1dcc9da2261c.jpeg\" \/>\n\t<meta property=\"og:image:width\" content=\"1600\" \/>\n\t<meta property=\"og:image:height\" content=\"1066\" \/>\n\t<meta property=\"og:image:type\" content=\"image\/jpeg\" \/>\n<meta name=\"author\" content=\"Adriana Costa\" \/>\n<meta name=\"twitter:card\" content=\"summary_large_image\" \/>\n<meta name=\"twitter:label1\" content=\"Written by\" \/>\n\t<meta name=\"twitter:data1\" content=\"Adriana Costa\" \/>\n\t<meta name=\"twitter:label2\" content=\"Est. reading time\" \/>\n\t<meta name=\"twitter:data2\" content=\"3 minutos\" \/>\n<script type=\"application\/ld+json\" class=\"yoast-schema-graph\">{\"@context\":\"https:\/\/schema.org\",\"@graph\":[{\"@type\":\"WebPage\",\"@id\":\"https:\/\/www.manaus.am.gov.br\/semcom\/prefeitura-semef-governancatecnologica\/\",\"url\":\"https:\/\/www.manaus.am.gov.br\/semcom\/prefeitura-semef-governancatecnologica\/\",\"name\":\"Manaus participa da Eatech Conference 2026 e refor\u00e7a protagonismo em debates sobre tecnologia e transforma\u00e7\u00e3o digital\",\"isPartOf\":{\"@id\":\"https:\/\/www.manaus.am.gov.br\/semcom\/#website\"},\"primaryImageOfPage\":{\"@id\":\"https:\/\/www.manaus.am.gov.br\/semcom\/prefeitura-semef-governancatecnologica\/#primaryimage\"},\"image\":{\"@id\":\"https:\/\/www.manaus.am.gov.br\/semcom\/prefeitura-semef-governancatecnologica\/#primaryimage\"},\"thumbnailUrl\":\"https:\/\/www.manaus.am.gov.br\/semcom\/wp-content\/uploads\/sites\/5\/2026\/03\/74f0d8b5-2718-4a99-9cb8-1dcc9da2261c.jpeg\",\"datePublished\":\"2026-03-11T15:45:09+00:00\",\"dateModified\":\"2026-03-11T15:59:26+00:00\",\"author\":{\"@id\":\"https:\/\/www.manaus.am.gov.br\/semcom\/#\/schema\/person\/4e49f4e267757a06ca072ec61b2b9968\"},\"description\":\"A Prefeitura de Manaus participou, entre os dias 4 e 8 de mar\u00e7o, da Eatech Conference 2026, realizada na Chapada dos Guimar\u00e3es, no Estado de Mato Grosso (MT). O munic\u00edpio foi representado pelo subsecret\u00e1rio de Tecnologia da Informa\u00e7\u00e3o, da Secretaria Municipal de Finan\u00e7as, Planejamento e Tecnologia da Informa\u00e7\u00e3o (Semef), S\u00e9rgio Magalh\u00e3es, e pelo diretor de Suporte e Infraestrutura de TI, Adonai Fernandes.\",\"inLanguage\":\"pt-BR\",\"potentialAction\":[{\"@type\":\"ReadAction\",\"target\":[\"https:\/\/www.manaus.am.gov.br\/semcom\/prefeitura-semef-governancatecnologica\/\"]}]},{\"@type\":\"ImageObject\",\"inLanguage\":\"pt-BR\",\"@id\":\"https:\/\/www.manaus.am.gov.br\/semcom\/prefeitura-semef-governancatecnologica\/#primaryimage\",\"url\":\"https:\/\/www.manaus.am.gov.br\/semcom\/wp-content\/uploads\/sites\/5\/2026\/03\/74f0d8b5-2718-4a99-9cb8-1dcc9da2261c.jpeg\",\"contentUrl\":\"https:\/\/www.manaus.am.gov.br\/semcom\/wp-content\/uploads\/sites\/5\/2026\/03\/74f0d8b5-2718-4a99-9cb8-1dcc9da2261c.jpeg\",\"width\":1600,\"height\":1066,\"caption\":\"#paratodosverem - Evento Eatech Conference 2026, com participa\u00e7\u00e3o da Prefeitura de Manaus\"},{\"@type\":\"WebSite\",\"@id\":\"https:\/\/www.manaus.am.gov.br\/semcom\/#website\",\"url\":\"https:\/\/www.manaus.am.gov.br\/semcom\/\",\"name\":\"SEMCOM\",\"description\":\"Secretaria Municipal de Comunica\u00e7\u00e3o\",\"potentialAction\":[{\"@type\":\"SearchAction\",\"target\":{\"@type\":\"EntryPoint\",\"urlTemplate\":\"https:\/\/www.manaus.am.gov.br\/semcom\/?s={search_term_string}\"},\"query-input\":\"required name=search_term_string\"}],\"inLanguage\":\"pt-BR\"},{\"@type\":\"Person\",\"@id\":\"https:\/\/www.manaus.am.gov.br\/semcom\/#\/schema\/person\/4e49f4e267757a06ca072ec61b2b9968\",\"name\":\"Adriana Costa\",\"image\":{\"@type\":\"ImageObject\",\"inLanguage\":\"pt-BR\",\"@id\":\"https:\/\/www.manaus.am.gov.br\/semcom\/#\/schema\/person\/image\/\",\"url\":\"https:\/\/secure.gravatar.com\/avatar\/576258617ef7194f718179e766d57bd4?s=96&d=mm&r=g\",\"contentUrl\":\"https:\/\/secure.gravatar.com\/avatar\/576258617ef7194f718179e766d57bd4?s=96&d=mm&r=g\",\"caption\":\"Adriana Costa\"}}]}<\/script>\n<!-- \/ Yoast SEO plugin. -->","yoast_head_json":{"title":"Manaus participa da Eatech Conference 2026 e refor\u00e7a protagonismo em debates sobre tecnologia e transforma\u00e7\u00e3o digital","description":"A Prefeitura de Manaus participou, entre os dias 4 e 8 de mar\u00e7o, da Eatech Conference 2026, realizada na Chapada dos Guimar\u00e3es, no Estado de Mato Grosso (MT). O munic\u00edpio foi representado pelo subsecret\u00e1rio de Tecnologia da Informa\u00e7\u00e3o, da Secretaria Municipal de Finan\u00e7as, Planejamento e Tecnologia da Informa\u00e7\u00e3o (Semef), S\u00e9rgio Magalh\u00e3es, e pelo diretor de Suporte e Infraestrutura de TI, Adonai Fernandes.","robots":{"index":"index","follow":"follow","max-snippet":"max-snippet:-1","max-image-preview":"max-image-preview:large","max-video-preview":"max-video-preview:-1"},"canonical":"https:\/\/www.manaus.am.gov.br\/semcom\/prefeitura-semef-governancatecnologica\/","og_locale":"pt_BR","og_type":"article","og_title":"Manaus participa da Eatech Conference 2026 e refor\u00e7a protagonismo em debates sobre tecnologia e transforma\u00e7\u00e3o digital","og_description":"A Prefeitura de Manaus participou, entre os dias 4 e 8 de mar\u00e7o, da Eatech Conference 2026, realizada na Chapada dos Guimar\u00e3es, no Estado de Mato Grosso (MT). O munic\u00edpio foi representado pelo subsecret\u00e1rio de Tecnologia da Informa\u00e7\u00e3o, da Secretaria Municipal de Finan\u00e7as, Planejamento e Tecnologia da Informa\u00e7\u00e3o (Semef), S\u00e9rgio Magalh\u00e3es, e pelo diretor de Suporte e Infraestrutura de TI, Adonai Fernandes.","og_url":"https:\/\/www.manaus.am.gov.br\/semcom\/prefeitura-semef-governancatecnologica\/","og_site_name":"SEMCOM","article_published_time":"2026-03-11T15:45:09+00:00","article_modified_time":"2026-03-11T15:59:26+00:00","og_image":[{"width":1600,"height":1066,"url":"https:\/\/www.manaus.am.gov.br\/semcom\/wp-content\/uploads\/sites\/5\/2026\/03\/74f0d8b5-2718-4a99-9cb8-1dcc9da2261c.jpeg","type":"image\/jpeg"}],"author":"Adriana Costa","twitter_card":"summary_large_image","twitter_misc":{"Written by":"Adriana Costa","Est. reading time":"3 minutos"},"schema":{"@context":"https:\/\/schema.org","@graph":[{"@type":"WebPage","@id":"https:\/\/www.manaus.am.gov.br\/semcom\/prefeitura-semef-governancatecnologica\/","url":"https:\/\/www.manaus.am.gov.br\/semcom\/prefeitura-semef-governancatecnologica\/","name":"Manaus participa da Eatech Conference 2026 e refor\u00e7a protagonismo em debates sobre tecnologia e transforma\u00e7\u00e3o digital","isPartOf":{"@id":"https:\/\/www.manaus.am.gov.br\/semcom\/#website"},"primaryImageOfPage":{"@id":"https:\/\/www.manaus.am.gov.br\/semcom\/prefeitura-semef-governancatecnologica\/#primaryimage"},"image":{"@id":"https:\/\/www.manaus.am.gov.br\/semcom\/prefeitura-semef-governancatecnologica\/#primaryimage"},"thumbnailUrl":"https:\/\/www.manaus.am.gov.br\/semcom\/wp-content\/uploads\/sites\/5\/2026\/03\/74f0d8b5-2718-4a99-9cb8-1dcc9da2261c.jpeg","datePublished":"2026-03-11T15:45:09+00:00","dateModified":"2026-03-11T15:59:26+00:00","author":{"@id":"https:\/\/www.manaus.am.gov.br\/semcom\/#\/schema\/person\/4e49f4e267757a06ca072ec61b2b9968"},"description":"A Prefeitura de Manaus participou, entre os dias 4 e 8 de mar\u00e7o, da Eatech Conference 2026, realizada na Chapada dos Guimar\u00e3es, no Estado de Mato Grosso (MT). O munic\u00edpio foi representado pelo subsecret\u00e1rio de Tecnologia da Informa\u00e7\u00e3o, da Secretaria Municipal de Finan\u00e7as, Planejamento e Tecnologia da Informa\u00e7\u00e3o (Semef), S\u00e9rgio Magalh\u00e3es, e pelo diretor de Suporte e Infraestrutura de TI, Adonai Fernandes.","inLanguage":"pt-BR","potentialAction":[{"@type":"ReadAction","target":["https:\/\/www.manaus.am.gov.br\/semcom\/prefeitura-semef-governancatecnologica\/"]}]},{"@type":"ImageObject","inLanguage":"pt-BR","@id":"https:\/\/www.manaus.am.gov.br\/semcom\/prefeitura-semef-governancatecnologica\/#primaryimage","url":"https:\/\/www.manaus.am.gov.br\/semcom\/wp-content\/uploads\/sites\/5\/2026\/03\/74f0d8b5-2718-4a99-9cb8-1dcc9da2261c.jpeg","contentUrl":"https:\/\/www.manaus.am.gov.br\/semcom\/wp-content\/uploads\/sites\/5\/2026\/03\/74f0d8b5-2718-4a99-9cb8-1dcc9da2261c.jpeg","width":1600,"height":1066,"caption":"#paratodosverem - Evento Eatech Conference 2026, com participa\u00e7\u00e3o da Prefeitura de Manaus"},{"@type":"WebSite","@id":"https:\/\/www.manaus.am.gov.br\/semcom\/#website","url":"https:\/\/www.manaus.am.gov.br\/semcom\/","name":"SEMCOM","description":"Secretaria Municipal de Comunica\u00e7\u00e3o","potentialAction":[{"@type":"SearchAction","target":{"@type":"EntryPoint","urlTemplate":"https:\/\/www.manaus.am.gov.br\/semcom\/?s={search_term_string}"},"query-input":"required name=search_term_string"}],"inLanguage":"pt-BR"},{"@type":"Person","@id":"https:\/\/www.manaus.am.gov.br\/semcom\/#\/schema\/person\/4e49f4e267757a06ca072ec61b2b9968","name":"Adriana Costa","image":{"@type":"ImageObject","inLanguage":"pt-BR","@id":"https:\/\/www.manaus.am.gov.br\/semcom\/#\/schema\/person\/image\/","url":"https:\/\/secure.gravatar.com\/avatar\/576258617ef7194f718179e766d57bd4?s=96&d=mm&r=g","contentUrl":"https:\/\/secure.gravatar.com\/avatar\/576258617ef7194f718179e766d57bd4?s=96&d=mm&r=g","caption":"Adriana Costa"}}]}},"_links":{"self":[{"href":"https:\/\/www.manaus.am.gov.br\/semcom\/wp-json\/wp\/v2\/posts\/254354"}],"collection":[{"href":"https:\/\/www.manaus.am.gov.br\/semcom\/wp-json\/wp\/v2\/posts"}],"about":[{"href":"https:\/\/www.manaus.am.gov.br\/semcom\/wp-json\/wp\/v2\/types\/post"}],"author":[{"embeddable":true,"href":"https:\/\/www.manaus.am.gov.br\/semcom\/wp-json\/wp\/v2\/users\/23"}],"replies":[{"embeddable":true,"href":"https:\/\/www.manaus.am.gov.br\/semcom\/wp-json\/wp\/v2\/comments?post=254354"}],"version-history":[{"count":1,"href":"https:\/\/www.manaus.am.gov.br\/semcom\/wp-json\/wp\/v2\/posts\/254354\/revisions"}],"predecessor-version":[{"id":254356,"href":"https:\/\/www.manaus.am.gov.br\/semcom\/wp-json\/wp\/v2\/posts\/254354\/revisions\/254356"}],"wp:featuredmedia":[{"embeddable":true,"href":"https:\/\/www.manaus.am.gov.br\/semcom\/wp-json\/wp\/v2\/media\/254355"}],"wp:attachment":[{"href":"https:\/\/www.manaus.am.gov.br\/semcom\/wp-json\/wp\/v2\/media?parent=254354"}],"wp:term":[{"taxonomy":"category","embeddable":true,"href":"https:\/\/www.manaus.am.gov.br\/semcom\/wp-json\/wp\/v2\/categories?post=254354"},{"taxonomy":"post_tag","embeddable":true,"href":"https:\/\/www.manaus.am.gov.br\/semcom\/wp-json\/wp\/v2\/tags?post=254354"}],"curies":[{"name":"wp","href":"https:\/\/api.w.org\/{rel}","templated":true}]}}