{"id":254324,"date":"2026-03-10T17:36:31","date_gmt":"2026-03-10T21:36:31","guid":{"rendered":"https:\/\/www.manaus.am.gov.br\/semcom\/vistoria-obras-parque-encontro-das-aguas-rosa-almeida\/"},"modified":"2026-03-11T13:06:49","modified_gmt":"2026-03-11T16:06:49","slug":"vistoria-obras-parque-encontro-das-aguas-rosa-almeida","status":"publish","type":"post","link":"https:\/\/www.manaus.am.gov.br\/semcom\/vistoria-obras-parque-encontro-das-aguas-rosa-almeida\/","title":{"rendered":"David Almeida vistoria avan\u00e7o das obras do parque Encontro das \u00c1guas Rosa Almeida, novo cart\u00e3o-postal de Manaus"},"content":{"rendered":"\n<p>O prefeito de Manaus, David Almeida, vistoriou, na manh\u00e3 desta ter\u00e7a-feira, 10\/3, o avan\u00e7o das obras do parque Encontro das \u00c1guas Rosa Almeida, na zona Leste da capital. A visita t\u00e9cnica ocorreu em um dos pontos mais emblem\u00e1ticos da Amaz\u00f4nia, onde acontece o fen\u00f4meno natural do encontro dos rios Negro e Solim\u00f5es, considerado um dos cen\u00e1rios naturais mais conhecidos do mundo.<\/p>\n\n\n\n<p>Durante a agenda, o prefeito percorreu o canteiro de obras e verificou o andamento das frentes de trabalho que integram um dos principais projetos tur\u00edsticos e urban\u00edsticos executados atualmente pela <a href=\"https:\/\/www.instagram.com\/prefeiturademanaus\/\">Prefeitura de Manaus<\/a>. O empreendimento segue o conceito arquitet\u00f4nico idealizado pelo arquiteto Oscar Niemeyer e dever\u00e1 se consolidar como um novo espa\u00e7o de contempla\u00e7\u00e3o da paisagem amaz\u00f4nica, voltado ao turismo, lazer e valoriza\u00e7\u00e3o ambiental.<\/p>\n\n\n\n<p>Entre as etapas em execu\u00e7\u00e3o est\u00e3o a concretagem da \u00e1rea que abrigar\u00e1 o restaurante panor\u00e2mico e a constru\u00e7\u00e3o da c\u00fapula do monumento Encontro das \u00c1guas, elemento central do projeto que permitir\u00e1 aos visitantes contemplar o fen\u00f4meno natural da conflu\u00eancia dos rios Negro e Solim\u00f5es.<\/p>\n\n\n\n<p>\u201cHoje, fizemos mais uma visita \u00e0s obras da<a href=\"https:\/\/www.manaus.am.gov.br\/\"> Prefeitura de Manaus<\/a> neste ponto tur\u00edstico fant\u00e1stico que \u00e9 o Encontro das \u00c1guas, essa verdadeira obra-prima da natureza que recebemos de Deus. Estamos construindo aqui um monumento que tem a assinatura de Oscar Niemeyer e que ficar\u00e1 como um grande legado para o turismo da nossa cidade. \u00c9 uma paisagem \u00fanica, que permitir\u00e1 \u00e0s pessoas contemplarem de perto esse fen\u00f4meno natural. Neste momento, estamos avan\u00e7ando na concretagem do restaurante e tamb\u00e9m na constru\u00e7\u00e3o da c\u00fapula do monumento Encontro das \u00c1guas. As obras seguem em ritmo acelerado para que possamos entregar esse espa\u00e7o, ainda em 2026, como um novo marco do turismo em Manaus\u201d, afirmou o prefeito David Almeida.<\/p>\n\n\n\n<p>Com mais de 120 mil metros quadrados de \u00e1rea, o parque Encontro das \u00c1guas Rosa Almeida foi concebido para integrar arquitetura, cultura, turismo e natureza em um \u00fanico espa\u00e7o p\u00fablico. O projeto prev\u00ea mirantes, \u00e1reas de conviv\u00eancia, equipamentos de visita\u00e7\u00e3o e infraestrutura voltada \u00e0 contempla\u00e7\u00e3o de um dos fen\u00f4menos naturais mais impressionantes do planeta.<\/p>\n\n\n\n<p>A previs\u00e3o da Prefeitura de Manaus \u00e9 que o parque seja entregue ainda em 2026, consolidando um novo polo tur\u00edstico na capital amazonense e ampliando a estrutura de visita\u00e7\u00e3o em um dos maiores patrim\u00f4nios naturais da Amaz\u00f4nia.<\/p>\n\n\n\n<figure class=\"wp-block-image size-large\"><img loading=\"lazy\" decoding=\"async\" width=\"1024\" height=\"679\" src=\"https:\/\/www.manaus.am.gov.br\/semcom\/wp-content\/uploads\/sites\/5\/2026\/03\/WhatsApp-Image-2026-03-10-at-15.38.08-1024x679.jpeg\" alt=\"\" class=\"wp-image-254326\" srcset=\"https:\/\/www.manaus.am.gov.br\/semcom\/wp-content\/uploads\/sites\/5\/2026\/03\/WhatsApp-Image-2026-03-10-at-15.38.08-1024x679.jpeg 1024w, https:\/\/www.manaus.am.gov.br\/semcom\/wp-content\/uploads\/sites\/5\/2026\/03\/WhatsApp-Image-2026-03-10-at-15.38.08-300x199.jpeg 300w, https:\/\/www.manaus.am.gov.br\/semcom\/wp-content\/uploads\/sites\/5\/2026\/03\/WhatsApp-Image-2026-03-10-at-15.38.08-768x509.jpeg 768w, https:\/\/www.manaus.am.gov.br\/semcom\/wp-content\/uploads\/sites\/5\/2026\/03\/WhatsApp-Image-2026-03-10-at-15.38.08-1536x1019.jpeg 1536w, https:\/\/www.manaus.am.gov.br\/semcom\/wp-content\/uploads\/sites\/5\/2026\/03\/WhatsApp-Image-2026-03-10-at-15.38.08-2048x1358.jpeg 2048w\" sizes=\"(max-width: 1024px) 100vw, 1024px\" \/><figcaption class=\"wp-element-caption\">#paratodosverem &#8211; Obras em andamento<\/figcaption><\/figure>\n\n\n\n<p>&#8212; &#8212; &#8212;<\/p>\n\n\n\n<p><strong>Texto&nbsp;<\/strong>&#8211; Emanuelle Baires\/Semcom-Prefeito<\/p>\n\n\n\n<p><strong>Fotos <\/strong>&#8211; Dhyeizo Lemos\/Semcom-Prefeito<\/p>\n\n\n\n<p><strong>Dispon\u00edveis em <\/strong>&#8211; <a href=\"https:\/\/flic.kr\/s\/aHBqjCMFib\">https:\/\/flic.kr\/s\/aHBqjCMFib<\/a><\/p>\n","protected":false},"excerpt":{"rendered":"","protected":false},"author":39,"featured_media":254325,"comment_status":"closed","ping_status":"closed","sticky":false,"template":"","format":"standard","meta":{"footnotes":""},"categories":[338],"tags":[35,65,19704,19576,77,1482],"acf":[],"yoast_head":"<!-- This site is optimized with the Yoast SEO plugin v23.0 - https:\/\/yoast.com\/wordpress\/plugins\/seo\/ -->\n<title>David Almeida vistoria avan\u00e7o das obras do parque Encontro das \u00c1guas Rosa Almeida<\/title>\n<meta name=\"description\" content=\"Prefeito David Almeida vistoria avan\u00e7o das obras do parque Encontro das \u00c1guas Rosa Almeida, novo cart\u00e3o-postal de Manaus.\" \/>\n<meta name=\"robots\" content=\"index, follow, max-snippet:-1, max-image-preview:large, max-video-preview:-1\" \/>\n<link rel=\"canonical\" href=\"https:\/\/www.manaus.am.gov.br\/semcom\/vistoria-obras-parque-encontro-das-aguas-rosa-almeida\/\" \/>\n<meta property=\"og:locale\" content=\"pt_BR\" \/>\n<meta property=\"og:type\" content=\"article\" \/>\n<meta property=\"og:title\" content=\"David Almeida vistoria avan\u00e7o das obras do parque Encontro das \u00c1guas Rosa Almeida\" \/>\n<meta property=\"og:description\" content=\"Prefeito David Almeida vistoria avan\u00e7o das obras do parque Encontro das \u00c1guas Rosa Almeida, novo cart\u00e3o-postal de Manaus.\" \/>\n<meta property=\"og:url\" content=\"https:\/\/www.manaus.am.gov.br\/semcom\/vistoria-obras-parque-encontro-das-aguas-rosa-almeida\/\" \/>\n<meta property=\"og:site_name\" content=\"SEMCOM\" \/>\n<meta property=\"article:published_time\" content=\"2026-03-10T21:36:31+00:00\" \/>\n<meta property=\"article:modified_time\" content=\"2026-03-11T16:06:49+00:00\" \/>\n<meta property=\"og:image\" content=\"https:\/\/www.manaus.am.gov.br\/semcom\/wp-content\/uploads\/sites\/5\/2026\/03\/WhatsApp-Image-2026-03-10-at-15.38.07-1.jpeg\" \/>\n\t<meta property=\"og:image:width\" content=\"4160\" \/>\n\t<meta property=\"og:image:height\" content=\"2773\" \/>\n\t<meta property=\"og:image:type\" content=\"image\/jpeg\" \/>\n<meta name=\"author\" content=\"Bruna Greco\" \/>\n<meta name=\"twitter:card\" content=\"summary_large_image\" \/>\n<meta name=\"twitter:label1\" content=\"Written by\" \/>\n\t<meta name=\"twitter:data1\" content=\"Bruna Greco\" \/>\n\t<meta name=\"twitter:label2\" content=\"Est. reading time\" \/>\n\t<meta name=\"twitter:data2\" content=\"3 minutos\" \/>\n<script type=\"application\/ld+json\" class=\"yoast-schema-graph\">{\"@context\":\"https:\/\/schema.org\",\"@graph\":[{\"@type\":\"WebPage\",\"@id\":\"https:\/\/www.manaus.am.gov.br\/semcom\/vistoria-obras-parque-encontro-das-aguas-rosa-almeida\/\",\"url\":\"https:\/\/www.manaus.am.gov.br\/semcom\/vistoria-obras-parque-encontro-das-aguas-rosa-almeida\/\",\"name\":\"David Almeida vistoria avan\u00e7o das obras do parque Encontro das \u00c1guas Rosa Almeida\",\"isPartOf\":{\"@id\":\"https:\/\/www.manaus.am.gov.br\/semcom\/#website\"},\"primaryImageOfPage\":{\"@id\":\"https:\/\/www.manaus.am.gov.br\/semcom\/vistoria-obras-parque-encontro-das-aguas-rosa-almeida\/#primaryimage\"},\"image\":{\"@id\":\"https:\/\/www.manaus.am.gov.br\/semcom\/vistoria-obras-parque-encontro-das-aguas-rosa-almeida\/#primaryimage\"},\"thumbnailUrl\":\"https:\/\/www.manaus.am.gov.br\/semcom\/wp-content\/uploads\/sites\/5\/2026\/03\/WhatsApp-Image-2026-03-10-at-15.38.07-1.jpeg\",\"datePublished\":\"2026-03-10T21:36:31+00:00\",\"dateModified\":\"2026-03-11T16:06:49+00:00\",\"author\":{\"@id\":\"https:\/\/www.manaus.am.gov.br\/semcom\/#\/schema\/person\/05d223aea2bf115f9883a6ff3683d81b\"},\"description\":\"Prefeito David Almeida vistoria avan\u00e7o das obras do parque Encontro das \u00c1guas Rosa Almeida, novo cart\u00e3o-postal de Manaus.\",\"inLanguage\":\"pt-BR\",\"potentialAction\":[{\"@type\":\"ReadAction\",\"target\":[\"https:\/\/www.manaus.am.gov.br\/semcom\/vistoria-obras-parque-encontro-das-aguas-rosa-almeida\/\"]}]},{\"@type\":\"ImageObject\",\"inLanguage\":\"pt-BR\",\"@id\":\"https:\/\/www.manaus.am.gov.br\/semcom\/vistoria-obras-parque-encontro-das-aguas-rosa-almeida\/#primaryimage\",\"url\":\"https:\/\/www.manaus.am.gov.br\/semcom\/wp-content\/uploads\/sites\/5\/2026\/03\/WhatsApp-Image-2026-03-10-at-15.38.07-1.jpeg\",\"contentUrl\":\"https:\/\/www.manaus.am.gov.br\/semcom\/wp-content\/uploads\/sites\/5\/2026\/03\/WhatsApp-Image-2026-03-10-at-15.38.07-1.jpeg\",\"width\":4160,\"height\":2773,\"caption\":\"#paratodosverem - Prefeito de Manaus, David Almeida, acompanhando de t\u00e9cnicos, durante vistoria das obras no parque Encontro das \u00c1guas Rosa Almeida\"},{\"@type\":\"WebSite\",\"@id\":\"https:\/\/www.manaus.am.gov.br\/semcom\/#website\",\"url\":\"https:\/\/www.manaus.am.gov.br\/semcom\/\",\"name\":\"SEMCOM\",\"description\":\"Secretaria Municipal de Comunica\u00e7\u00e3o\",\"potentialAction\":[{\"@type\":\"SearchAction\",\"target\":{\"@type\":\"EntryPoint\",\"urlTemplate\":\"https:\/\/www.manaus.am.gov.br\/semcom\/?s={search_term_string}\"},\"query-input\":\"required name=search_term_string\"}],\"inLanguage\":\"pt-BR\"},{\"@type\":\"Person\",\"@id\":\"https:\/\/www.manaus.am.gov.br\/semcom\/#\/schema\/person\/05d223aea2bf115f9883a6ff3683d81b\",\"name\":\"Bruna Greco\",\"image\":{\"@type\":\"ImageObject\",\"inLanguage\":\"pt-BR\",\"@id\":\"https:\/\/www.manaus.am.gov.br\/semcom\/#\/schema\/person\/image\/\",\"url\":\"https:\/\/secure.gravatar.com\/avatar\/9c877d1a6adc2a055330e5c09a8653ce?s=96&d=mm&r=g\",\"contentUrl\":\"https:\/\/secure.gravatar.com\/avatar\/9c877d1a6adc2a055330e5c09a8653ce?s=96&d=mm&r=g\",\"caption\":\"Bruna Greco\"}}]}<\/script>\n<!-- \/ Yoast SEO plugin. -->","yoast_head_json":{"title":"David Almeida vistoria avan\u00e7o das obras do parque Encontro das \u00c1guas Rosa Almeida","description":"Prefeito David Almeida vistoria avan\u00e7o das obras do parque Encontro das \u00c1guas Rosa Almeida, novo cart\u00e3o-postal de Manaus.","robots":{"index":"index","follow":"follow","max-snippet":"max-snippet:-1","max-image-preview":"max-image-preview:large","max-video-preview":"max-video-preview:-1"},"canonical":"https:\/\/www.manaus.am.gov.br\/semcom\/vistoria-obras-parque-encontro-das-aguas-rosa-almeida\/","og_locale":"pt_BR","og_type":"article","og_title":"David Almeida vistoria avan\u00e7o das obras do parque Encontro das \u00c1guas Rosa Almeida","og_description":"Prefeito David Almeida vistoria avan\u00e7o das obras do parque Encontro das \u00c1guas Rosa Almeida, novo cart\u00e3o-postal de Manaus.","og_url":"https:\/\/www.manaus.am.gov.br\/semcom\/vistoria-obras-parque-encontro-das-aguas-rosa-almeida\/","og_site_name":"SEMCOM","article_published_time":"2026-03-10T21:36:31+00:00","article_modified_time":"2026-03-11T16:06:49+00:00","og_image":[{"width":4160,"height":2773,"url":"https:\/\/www.manaus.am.gov.br\/semcom\/wp-content\/uploads\/sites\/5\/2026\/03\/WhatsApp-Image-2026-03-10-at-15.38.07-1.jpeg","type":"image\/jpeg"}],"author":"Bruna Greco","twitter_card":"summary_large_image","twitter_misc":{"Written by":"Bruna Greco","Est. reading time":"3 minutos"},"schema":{"@context":"https:\/\/schema.org","@graph":[{"@type":"WebPage","@id":"https:\/\/www.manaus.am.gov.br\/semcom\/vistoria-obras-parque-encontro-das-aguas-rosa-almeida\/","url":"https:\/\/www.manaus.am.gov.br\/semcom\/vistoria-obras-parque-encontro-das-aguas-rosa-almeida\/","name":"David Almeida vistoria avan\u00e7o das obras do parque Encontro das \u00c1guas Rosa Almeida","isPartOf":{"@id":"https:\/\/www.manaus.am.gov.br\/semcom\/#website"},"primaryImageOfPage":{"@id":"https:\/\/www.manaus.am.gov.br\/semcom\/vistoria-obras-parque-encontro-das-aguas-rosa-almeida\/#primaryimage"},"image":{"@id":"https:\/\/www.manaus.am.gov.br\/semcom\/vistoria-obras-parque-encontro-das-aguas-rosa-almeida\/#primaryimage"},"thumbnailUrl":"https:\/\/www.manaus.am.gov.br\/semcom\/wp-content\/uploads\/sites\/5\/2026\/03\/WhatsApp-Image-2026-03-10-at-15.38.07-1.jpeg","datePublished":"2026-03-10T21:36:31+00:00","dateModified":"2026-03-11T16:06:49+00:00","author":{"@id":"https:\/\/www.manaus.am.gov.br\/semcom\/#\/schema\/person\/05d223aea2bf115f9883a6ff3683d81b"},"description":"Prefeito David Almeida vistoria avan\u00e7o das obras do parque Encontro das \u00c1guas Rosa Almeida, novo cart\u00e3o-postal de Manaus.","inLanguage":"pt-BR","potentialAction":[{"@type":"ReadAction","target":["https:\/\/www.manaus.am.gov.br\/semcom\/vistoria-obras-parque-encontro-das-aguas-rosa-almeida\/"]}]},{"@type":"ImageObject","inLanguage":"pt-BR","@id":"https:\/\/www.manaus.am.gov.br\/semcom\/vistoria-obras-parque-encontro-das-aguas-rosa-almeida\/#primaryimage","url":"https:\/\/www.manaus.am.gov.br\/semcom\/wp-content\/uploads\/sites\/5\/2026\/03\/WhatsApp-Image-2026-03-10-at-15.38.07-1.jpeg","contentUrl":"https:\/\/www.manaus.am.gov.br\/semcom\/wp-content\/uploads\/sites\/5\/2026\/03\/WhatsApp-Image-2026-03-10-at-15.38.07-1.jpeg","width":4160,"height":2773,"caption":"#paratodosverem - Prefeito de Manaus, David Almeida, acompanhando de t\u00e9cnicos, durante vistoria das obras no parque Encontro das \u00c1guas Rosa Almeida"},{"@type":"WebSite","@id":"https:\/\/www.manaus.am.gov.br\/semcom\/#website","url":"https:\/\/www.manaus.am.gov.br\/semcom\/","name":"SEMCOM","description":"Secretaria Municipal de Comunica\u00e7\u00e3o","potentialAction":[{"@type":"SearchAction","target":{"@type":"EntryPoint","urlTemplate":"https:\/\/www.manaus.am.gov.br\/semcom\/?s={search_term_string}"},"query-input":"required name=search_term_string"}],"inLanguage":"pt-BR"},{"@type":"Person","@id":"https:\/\/www.manaus.am.gov.br\/semcom\/#\/schema\/person\/05d223aea2bf115f9883a6ff3683d81b","name":"Bruna Greco","image":{"@type":"ImageObject","inLanguage":"pt-BR","@id":"https:\/\/www.manaus.am.gov.br\/semcom\/#\/schema\/person\/image\/","url":"https:\/\/secure.gravatar.com\/avatar\/9c877d1a6adc2a055330e5c09a8653ce?s=96&d=mm&r=g","contentUrl":"https:\/\/secure.gravatar.com\/avatar\/9c877d1a6adc2a055330e5c09a8653ce?s=96&d=mm&r=g","caption":"Bruna Greco"}}]}},"_links":{"self":[{"href":"https:\/\/www.manaus.am.gov.br\/semcom\/wp-json\/wp\/v2\/posts\/254324"}],"collection":[{"href":"https:\/\/www.manaus.am.gov.br\/semcom\/wp-json\/wp\/v2\/posts"}],"about":[{"href":"https:\/\/www.manaus.am.gov.br\/semcom\/wp-json\/wp\/v2\/types\/post"}],"author":[{"embeddable":true,"href":"https:\/\/www.manaus.am.gov.br\/semcom\/wp-json\/wp\/v2\/users\/39"}],"replies":[{"embeddable":true,"href":"https:\/\/www.manaus.am.gov.br\/semcom\/wp-json\/wp\/v2\/comments?post=254324"}],"version-history":[{"count":5,"href":"https:\/\/www.manaus.am.gov.br\/semcom\/wp-json\/wp\/v2\/posts\/254324\/revisions"}],"predecessor-version":[{"id":254369,"href":"https:\/\/www.manaus.am.gov.br\/semcom\/wp-json\/wp\/v2\/posts\/254324\/revisions\/254369"}],"wp:featuredmedia":[{"embeddable":true,"href":"https:\/\/www.manaus.am.gov.br\/semcom\/wp-json\/wp\/v2\/media\/254325"}],"wp:attachment":[{"href":"https:\/\/www.manaus.am.gov.br\/semcom\/wp-json\/wp\/v2\/media?parent=254324"}],"wp:term":[{"taxonomy":"category","embeddable":true,"href":"https:\/\/www.manaus.am.gov.br\/semcom\/wp-json\/wp\/v2\/categories?post=254324"},{"taxonomy":"post_tag","embeddable":true,"href":"https:\/\/www.manaus.am.gov.br\/semcom\/wp-json\/wp\/v2\/tags?post=254324"}],"curies":[{"name":"wp","href":"https:\/\/api.w.org\/{rel}","templated":true}]}}