{"id":254312,"date":"2026-03-10T16:20:40","date_gmt":"2026-03-10T20:20:40","guid":{"rendered":"https:\/\/www.manaus.am.gov.br\/semcom\/pesquisa-precos-cesta-basica-mes-marco\/"},"modified":"2026-03-10T17:26:56","modified_gmt":"2026-03-10T20:26:56","slug":"pesquisa-precos-cesta-basica-mes-marco","status":"publish","type":"post","link":"https:\/\/www.manaus.am.gov.br\/semcom\/pesquisa-precos-cesta-basica-mes-marco\/","title":{"rendered":"Procon Manaus divulga pesquisa de pre\u00e7os da cesta b\u00e1sica referente ao m\u00eas de mar\u00e7o"},"content":{"rendered":"\n<p>A <a href=\"https:\/\/www.manaus.am.gov.br\">Prefeitura de Manaus<\/a>, por meio do Servi\u00e7o de Atendimento e Prote\u00e7\u00e3o ao Consumidor (Procon Manaus), divulgou, nesta ter\u00e7a-feira, 10\/3, o resultado da\u00a0Pesquisa Mensal de Pre\u00e7os da Cesta B\u00e1sica realizada em supermercados da capital. O levantamento tem como objetivo acompanhar a varia\u00e7\u00e3o de pre\u00e7os de produtos essenciais e promover mais transpar\u00eancia nas rela\u00e7\u00f5es de consumo.<\/p>\n\n\n\n<p>\u201cO acompanhamento mensal dos pre\u00e7os da cesta b\u00e1sica permite identificar como os valores dos produtos essenciais est\u00e3o se comportando no mercado. Esse tipo de levantamento ajuda o consumidor a ter uma refer\u00eancia na hora de fazer suas compras, al\u00e9m de incentivar a pesquisa de pre\u00e7os entre os estabelecimentos, o que pode gerar economia no or\u00e7amento das fam\u00edlias\u201d, destacou a presidente do Procon Manaus,&nbsp;Onilda Abreu.<\/p>\n\n\n\n<p>A pesquisa foi realizada no dia&nbsp;6\/3, em&nbsp;10 supermercados de Manaus, e analisou&nbsp;20 produtos que totalizam 39 itens&nbsp;que comp\u00f5em a cesta b\u00e1sica. O levantamento foi conduzido pela&nbsp;Divis\u00e3o de Fiscaliza\u00e7\u00e3o do Procon Manaus, com base nos par\u00e2metros definidos pelo&nbsp;Departamento Intersindical de Estat\u00edstica e Estudos Socioecon\u00f4micos (Dieese)&nbsp;e no&nbsp;Decreto Federal n\u00ba 11.936\/2024, que estabelece a composi\u00e7\u00e3o da cesta b\u00e1sica no \u00e2mbito da Pol\u00edtica Nacional de Seguran\u00e7a Alimentar e Nutricional.<\/p>\n\n\n\n<p>Entre os estabelecimentos pesquisados, o&nbsp;supermercado Assa\u00ed, localizado na avenida Torquato Tapaj\u00f3s,&nbsp;apresentou o&nbsp;menor valor da cesta b\u00e1sica, com&nbsp;R$ 242,45, enquanto o&nbsp;supermercado Veneza, do bairro Tancredo Neves,&nbsp;registrou o&nbsp;maior pre\u00e7o, de&nbsp;R$ 330,90.&nbsp;A diferen\u00e7a entre os dois valores chegou a&nbsp;R$ 88,45. J\u00e1 o&nbsp;valor m\u00e9dio da cesta b\u00e1sica em Manaus foi de R$ 285,91.<\/p>\n\n\n\n<p>Entre os itens analisados, alguns produtos apresentaram redu\u00e7\u00e3o de pre\u00e7o na compara\u00e7\u00e3o entre os meses de fevereiro e mar\u00e7o. O&nbsp;caf\u00e9 torrado ou mo\u00eddo&nbsp;registrou queda de&nbsp;11,03%,&nbsp;seguido pelo&nbsp;\u00f3leo de soja,&nbsp;com redu\u00e7\u00e3o de&nbsp;2,98%,&nbsp;e pela&nbsp;cartela de ovos, que teve diminui\u00e7\u00e3o de&nbsp;1,41%&nbsp;no per\u00edodo analisado.<\/p>\n\n\n\n<p>Durante a pesquisa, tamb\u00e9m foram identificadas varia\u00e7\u00f5es significativas de pre\u00e7os entre os estabelecimentos. O caf\u00e9 torrado ou mo\u00eddo foi encontrado com valores entre R$ 8,49 e R$ 14,90, o \u00f3leo de soja variou de R$ 6,79 a R$ 9,49, e a cartela de ovos apresentou pre\u00e7os entre R$ 16,99 e R$ 24,99.<\/p>\n\n\n\n<p>O \u00f3rg\u00e3o destaca que os pre\u00e7os registrados correspondem ao per\u00edodo de realiza\u00e7\u00e3o da pesquisa e podem sofrer altera\u00e7\u00f5es em raz\u00e3o de promo\u00e7\u00f5es, ofertas ou disponibilidade dos produtos. Por isso, a orienta\u00e7\u00e3o \u00e9 que o consumidor pesquise e compare pre\u00e7os antes de realizar suas compras.&nbsp;&nbsp;<\/p>\n\n\n\n<p><strong><a href=\"https:\/\/www.manaus.am.gov.br\/semcom\/wp-content\/uploads\/sites\/5\/2026\/03\/CESTA-BASICA-Mes-de-Marco.pdf\">Confira a lista de divulga\u00e7\u00e3o de pre\u00e7os<\/a><\/strong><\/p>\n\n\n\n<p>&#8212; &#8212; &#8212;<br><strong>Texto \u2013&nbsp;<\/strong>Lara Bernardes\/Procon Manaus<br><strong>Foto \u2013<\/strong>&nbsp;Divulga\u00e7\u00e3o\/Procon<\/p>\n","protected":false},"excerpt":{"rendered":"","protected":false},"author":39,"featured_media":254313,"comment_status":"closed","ping_status":"closed","sticky":false,"template":"","format":"standard","meta":{"footnotes":""},"categories":[223],"tags":[11143,19702,11132,77,9825],"acf":[],"yoast_head":"<!-- This site is optimized with the Yoast SEO plugin v23.0 - https:\/\/yoast.com\/wordpress\/plugins\/seo\/ -->\n<title>Pesquisa de pre\u00e7os da cesta b\u00e1sica referente ao m\u00eas de mar\u00e7o<\/title>\n<meta name=\"description\" content=\"Procon Manaus divulga pesquisa de pre\u00e7os da cesta b\u00e1sica referente ao m\u00eas de mar\u00e7o realizada em supermercados da capital.\" \/>\n<meta name=\"robots\" content=\"index, follow, max-snippet:-1, max-image-preview:large, max-video-preview:-1\" \/>\n<link rel=\"canonical\" href=\"https:\/\/www.manaus.am.gov.br\/semcom\/pesquisa-precos-cesta-basica-mes-marco\/\" \/>\n<meta property=\"og:locale\" content=\"pt_BR\" \/>\n<meta property=\"og:type\" content=\"article\" \/>\n<meta property=\"og:title\" content=\"Pesquisa de pre\u00e7os da cesta b\u00e1sica referente ao m\u00eas de mar\u00e7o\" \/>\n<meta property=\"og:description\" content=\"Procon Manaus divulga pesquisa de pre\u00e7os da cesta b\u00e1sica referente ao m\u00eas de mar\u00e7o realizada em supermercados da capital.\" \/>\n<meta property=\"og:url\" content=\"https:\/\/www.manaus.am.gov.br\/semcom\/pesquisa-precos-cesta-basica-mes-marco\/\" \/>\n<meta property=\"og:site_name\" content=\"SEMCOM\" \/>\n<meta property=\"article:published_time\" content=\"2026-03-10T20:20:40+00:00\" \/>\n<meta property=\"article:modified_time\" content=\"2026-03-10T20:26:56+00:00\" \/>\n<meta property=\"og:image\" content=\"https:\/\/www.manaus.am.gov.br\/semcom\/wp-content\/uploads\/sites\/5\/2026\/03\/WhatsApp-Image-2026-03-10-at-14.48.17-1.jpeg\" \/>\n\t<meta property=\"og:image:width\" content=\"1280\" \/>\n\t<meta property=\"og:image:height\" content=\"960\" \/>\n\t<meta property=\"og:image:type\" content=\"image\/jpeg\" \/>\n<meta name=\"author\" content=\"Bruna Greco\" \/>\n<meta name=\"twitter:card\" content=\"summary_large_image\" \/>\n<meta name=\"twitter:label1\" content=\"Written by\" \/>\n\t<meta name=\"twitter:data1\" content=\"Bruna Greco\" \/>\n\t<meta name=\"twitter:label2\" content=\"Est. reading time\" \/>\n\t<meta name=\"twitter:data2\" content=\"3 minutos\" \/>\n<script type=\"application\/ld+json\" class=\"yoast-schema-graph\">{\"@context\":\"https:\/\/schema.org\",\"@graph\":[{\"@type\":\"WebPage\",\"@id\":\"https:\/\/www.manaus.am.gov.br\/semcom\/pesquisa-precos-cesta-basica-mes-marco\/\",\"url\":\"https:\/\/www.manaus.am.gov.br\/semcom\/pesquisa-precos-cesta-basica-mes-marco\/\",\"name\":\"Pesquisa de pre\u00e7os da cesta b\u00e1sica referente ao m\u00eas de mar\u00e7o\",\"isPartOf\":{\"@id\":\"https:\/\/www.manaus.am.gov.br\/semcom\/#website\"},\"primaryImageOfPage\":{\"@id\":\"https:\/\/www.manaus.am.gov.br\/semcom\/pesquisa-precos-cesta-basica-mes-marco\/#primaryimage\"},\"image\":{\"@id\":\"https:\/\/www.manaus.am.gov.br\/semcom\/pesquisa-precos-cesta-basica-mes-marco\/#primaryimage\"},\"thumbnailUrl\":\"https:\/\/www.manaus.am.gov.br\/semcom\/wp-content\/uploads\/sites\/5\/2026\/03\/WhatsApp-Image-2026-03-10-at-14.48.17-1.jpeg\",\"datePublished\":\"2026-03-10T20:20:40+00:00\",\"dateModified\":\"2026-03-10T20:26:56+00:00\",\"author\":{\"@id\":\"https:\/\/www.manaus.am.gov.br\/semcom\/#\/schema\/person\/05d223aea2bf115f9883a6ff3683d81b\"},\"description\":\"Procon Manaus divulga pesquisa de pre\u00e7os da cesta b\u00e1sica referente ao m\u00eas de mar\u00e7o realizada em supermercados da capital.\",\"inLanguage\":\"pt-BR\",\"potentialAction\":[{\"@type\":\"ReadAction\",\"target\":[\"https:\/\/www.manaus.am.gov.br\/semcom\/pesquisa-precos-cesta-basica-mes-marco\/\"]}]},{\"@type\":\"ImageObject\",\"inLanguage\":\"pt-BR\",\"@id\":\"https:\/\/www.manaus.am.gov.br\/semcom\/pesquisa-precos-cesta-basica-mes-marco\/#primaryimage\",\"url\":\"https:\/\/www.manaus.am.gov.br\/semcom\/wp-content\/uploads\/sites\/5\/2026\/03\/WhatsApp-Image-2026-03-10-at-14.48.17-1.jpeg\",\"contentUrl\":\"https:\/\/www.manaus.am.gov.br\/semcom\/wp-content\/uploads\/sites\/5\/2026\/03\/WhatsApp-Image-2026-03-10-at-14.48.17-1.jpeg\",\"width\":1280,\"height\":960,\"caption\":\"#paratodosverem - Fiscais do Procon Manaus realizando pesquisa de pre\u00e7os de cesta b\u00e1sica em supermercado da cidade\"},{\"@type\":\"WebSite\",\"@id\":\"https:\/\/www.manaus.am.gov.br\/semcom\/#website\",\"url\":\"https:\/\/www.manaus.am.gov.br\/semcom\/\",\"name\":\"SEMCOM\",\"description\":\"Secretaria Municipal de Comunica\u00e7\u00e3o\",\"potentialAction\":[{\"@type\":\"SearchAction\",\"target\":{\"@type\":\"EntryPoint\",\"urlTemplate\":\"https:\/\/www.manaus.am.gov.br\/semcom\/?s={search_term_string}\"},\"query-input\":\"required name=search_term_string\"}],\"inLanguage\":\"pt-BR\"},{\"@type\":\"Person\",\"@id\":\"https:\/\/www.manaus.am.gov.br\/semcom\/#\/schema\/person\/05d223aea2bf115f9883a6ff3683d81b\",\"name\":\"Bruna Greco\",\"image\":{\"@type\":\"ImageObject\",\"inLanguage\":\"pt-BR\",\"@id\":\"https:\/\/www.manaus.am.gov.br\/semcom\/#\/schema\/person\/image\/\",\"url\":\"https:\/\/secure.gravatar.com\/avatar\/9c877d1a6adc2a055330e5c09a8653ce?s=96&d=mm&r=g\",\"contentUrl\":\"https:\/\/secure.gravatar.com\/avatar\/9c877d1a6adc2a055330e5c09a8653ce?s=96&d=mm&r=g\",\"caption\":\"Bruna Greco\"}}]}<\/script>\n<!-- \/ Yoast SEO plugin. -->","yoast_head_json":{"title":"Pesquisa de pre\u00e7os da cesta b\u00e1sica referente ao m\u00eas de mar\u00e7o","description":"Procon Manaus divulga pesquisa de pre\u00e7os da cesta b\u00e1sica referente ao m\u00eas de mar\u00e7o realizada em supermercados da capital.","robots":{"index":"index","follow":"follow","max-snippet":"max-snippet:-1","max-image-preview":"max-image-preview:large","max-video-preview":"max-video-preview:-1"},"canonical":"https:\/\/www.manaus.am.gov.br\/semcom\/pesquisa-precos-cesta-basica-mes-marco\/","og_locale":"pt_BR","og_type":"article","og_title":"Pesquisa de pre\u00e7os da cesta b\u00e1sica referente ao m\u00eas de mar\u00e7o","og_description":"Procon Manaus divulga pesquisa de pre\u00e7os da cesta b\u00e1sica referente ao m\u00eas de mar\u00e7o realizada em supermercados da capital.","og_url":"https:\/\/www.manaus.am.gov.br\/semcom\/pesquisa-precos-cesta-basica-mes-marco\/","og_site_name":"SEMCOM","article_published_time":"2026-03-10T20:20:40+00:00","article_modified_time":"2026-03-10T20:26:56+00:00","og_image":[{"width":1280,"height":960,"url":"https:\/\/www.manaus.am.gov.br\/semcom\/wp-content\/uploads\/sites\/5\/2026\/03\/WhatsApp-Image-2026-03-10-at-14.48.17-1.jpeg","type":"image\/jpeg"}],"author":"Bruna Greco","twitter_card":"summary_large_image","twitter_misc":{"Written by":"Bruna Greco","Est. reading time":"3 minutos"},"schema":{"@context":"https:\/\/schema.org","@graph":[{"@type":"WebPage","@id":"https:\/\/www.manaus.am.gov.br\/semcom\/pesquisa-precos-cesta-basica-mes-marco\/","url":"https:\/\/www.manaus.am.gov.br\/semcom\/pesquisa-precos-cesta-basica-mes-marco\/","name":"Pesquisa de pre\u00e7os da cesta b\u00e1sica referente ao m\u00eas de mar\u00e7o","isPartOf":{"@id":"https:\/\/www.manaus.am.gov.br\/semcom\/#website"},"primaryImageOfPage":{"@id":"https:\/\/www.manaus.am.gov.br\/semcom\/pesquisa-precos-cesta-basica-mes-marco\/#primaryimage"},"image":{"@id":"https:\/\/www.manaus.am.gov.br\/semcom\/pesquisa-precos-cesta-basica-mes-marco\/#primaryimage"},"thumbnailUrl":"https:\/\/www.manaus.am.gov.br\/semcom\/wp-content\/uploads\/sites\/5\/2026\/03\/WhatsApp-Image-2026-03-10-at-14.48.17-1.jpeg","datePublished":"2026-03-10T20:20:40+00:00","dateModified":"2026-03-10T20:26:56+00:00","author":{"@id":"https:\/\/www.manaus.am.gov.br\/semcom\/#\/schema\/person\/05d223aea2bf115f9883a6ff3683d81b"},"description":"Procon Manaus divulga pesquisa de pre\u00e7os da cesta b\u00e1sica referente ao m\u00eas de mar\u00e7o realizada em supermercados da capital.","inLanguage":"pt-BR","potentialAction":[{"@type":"ReadAction","target":["https:\/\/www.manaus.am.gov.br\/semcom\/pesquisa-precos-cesta-basica-mes-marco\/"]}]},{"@type":"ImageObject","inLanguage":"pt-BR","@id":"https:\/\/www.manaus.am.gov.br\/semcom\/pesquisa-precos-cesta-basica-mes-marco\/#primaryimage","url":"https:\/\/www.manaus.am.gov.br\/semcom\/wp-content\/uploads\/sites\/5\/2026\/03\/WhatsApp-Image-2026-03-10-at-14.48.17-1.jpeg","contentUrl":"https:\/\/www.manaus.am.gov.br\/semcom\/wp-content\/uploads\/sites\/5\/2026\/03\/WhatsApp-Image-2026-03-10-at-14.48.17-1.jpeg","width":1280,"height":960,"caption":"#paratodosverem - Fiscais do Procon Manaus realizando pesquisa de pre\u00e7os de cesta b\u00e1sica em supermercado da cidade"},{"@type":"WebSite","@id":"https:\/\/www.manaus.am.gov.br\/semcom\/#website","url":"https:\/\/www.manaus.am.gov.br\/semcom\/","name":"SEMCOM","description":"Secretaria Municipal de Comunica\u00e7\u00e3o","potentialAction":[{"@type":"SearchAction","target":{"@type":"EntryPoint","urlTemplate":"https:\/\/www.manaus.am.gov.br\/semcom\/?s={search_term_string}"},"query-input":"required name=search_term_string"}],"inLanguage":"pt-BR"},{"@type":"Person","@id":"https:\/\/www.manaus.am.gov.br\/semcom\/#\/schema\/person\/05d223aea2bf115f9883a6ff3683d81b","name":"Bruna Greco","image":{"@type":"ImageObject","inLanguage":"pt-BR","@id":"https:\/\/www.manaus.am.gov.br\/semcom\/#\/schema\/person\/image\/","url":"https:\/\/secure.gravatar.com\/avatar\/9c877d1a6adc2a055330e5c09a8653ce?s=96&d=mm&r=g","contentUrl":"https:\/\/secure.gravatar.com\/avatar\/9c877d1a6adc2a055330e5c09a8653ce?s=96&d=mm&r=g","caption":"Bruna Greco"}}]}},"_links":{"self":[{"href":"https:\/\/www.manaus.am.gov.br\/semcom\/wp-json\/wp\/v2\/posts\/254312"}],"collection":[{"href":"https:\/\/www.manaus.am.gov.br\/semcom\/wp-json\/wp\/v2\/posts"}],"about":[{"href":"https:\/\/www.manaus.am.gov.br\/semcom\/wp-json\/wp\/v2\/types\/post"}],"author":[{"embeddable":true,"href":"https:\/\/www.manaus.am.gov.br\/semcom\/wp-json\/wp\/v2\/users\/39"}],"replies":[{"embeddable":true,"href":"https:\/\/www.manaus.am.gov.br\/semcom\/wp-json\/wp\/v2\/comments?post=254312"}],"version-history":[{"count":3,"href":"https:\/\/www.manaus.am.gov.br\/semcom\/wp-json\/wp\/v2\/posts\/254312\/revisions"}],"predecessor-version":[{"id":254317,"href":"https:\/\/www.manaus.am.gov.br\/semcom\/wp-json\/wp\/v2\/posts\/254312\/revisions\/254317"}],"wp:featuredmedia":[{"embeddable":true,"href":"https:\/\/www.manaus.am.gov.br\/semcom\/wp-json\/wp\/v2\/media\/254313"}],"wp:attachment":[{"href":"https:\/\/www.manaus.am.gov.br\/semcom\/wp-json\/wp\/v2\/media?parent=254312"}],"wp:term":[{"taxonomy":"category","embeddable":true,"href":"https:\/\/www.manaus.am.gov.br\/semcom\/wp-json\/wp\/v2\/categories?post=254312"},{"taxonomy":"post_tag","embeddable":true,"href":"https:\/\/www.manaus.am.gov.br\/semcom\/wp-json\/wp\/v2\/tags?post=254312"}],"curies":[{"name":"wp","href":"https:\/\/api.w.org\/{rel}","templated":true}]}}