{"id":254306,"date":"2026-03-10T16:40:03","date_gmt":"2026-03-10T19:40:03","guid":{"rendered":"https:\/\/www.manaus.am.gov.br\/semcom\/premios-campanha-galerias\/"},"modified":"2026-03-10T16:57:11","modified_gmt":"2026-03-10T19:57:11","slug":"premios-campanha-galerias","status":"publish","type":"post","link":"https:\/\/www.manaus.am.gov.br\/semcom\/premios-campanha-galerias\/","title":{"rendered":"Prefeitura entrega pr\u00eamios da campanha \u201cFinal de Ano Premiado\u201d nas galerias populares"},"content":{"rendered":"\n<p>A <a href=\"https:\/\/www.manaus.am.gov.br\/\">Prefeitura de Manaus<\/a>, por meio da <a href=\"https:\/\/www.instagram.com\/semtepimanaus\/\">Secretaria Municipal do Trabalho, Empreendedorismo e Inova\u00e7\u00e3o<\/a> (Semtepi), realizou, na segunda-feira, 9\/3, a entrega dos pr\u00eamios da campanha \u201cFinal de Ano Premiado\u201d, iniciativa que movimentou o com\u00e9rcio nas galerias populares administradas pelo munic\u00edpio durante o per\u00edodo natalino.<\/p>\n\n\n\n<p>A campanha teve como objetivo incentivar as compras nos centros comerciais populares, fortalecendo os pequenos empreendedores e gerando mais oportunidades para os permission\u00e1rios que atuam nesses espa\u00e7os. Entre os pr\u00eamios distribu\u00eddos, um carro zero quil\u00f4metro, uma motocicleta, televisores e geladeiras, incentivando o p\u00fablico a prestigiar o com\u00e9rcio popular em espa\u00e7os como a Galeria Esp\u00edrito Santo, a Galeria dos Rem\u00e9dios e o Shopping Phelippe Daou.<\/p>\n\n\n<div class=\"wp-block-image\">\n<figure class=\"aligncenter size-full\"><img decoding=\"async\" src=\"https:\/\/www.manaus.am.gov.br\/wp-content\/uploads\/2026\/03\/Semtepi-Premios.png\" alt=\"\" class=\"wp-image-289157\" \/><figcaption class=\"wp-element-caption\">#paratodosverem &#8211; entre os pr\u00eamios da campanha, uma motocicleta<\/figcaption><\/figure><\/div>\n\n\n<p>\u201cO objetivo da campanha foi valorizar o com\u00e9rcio das galerias populares, incentivar a popula\u00e7\u00e3o a comprar nesses espa\u00e7os e fortalecer os pequenos empreendedores que trabalham diariamente nesses centros comerciais. Quando premiamos os clientes, tamb\u00e9m movimentamos a economia local e geramos mais oportunidades para os permission\u00e1rios das galerias administradas pela prefeitura\u201d, destacou o secret\u00e1rio da Semtepi, Alonso Oliveira.<\/p>\n\n\n\n<p>Entre os contemplados est\u00e1 a cliente Jossileia Maciel, que realizou compras na Galeria dos Rem\u00e9dios e foi premiada com uma TV de 50 polegadas. O cupom premiado veio de uma compra realizada no box da permission\u00e1ria Sandra da Silva, que comemorou a premia\u00e7\u00e3o da cliente.<\/p>\n\n\n<div class=\"wp-block-image\">\n<figure class=\"aligncenter size-large\"><img decoding=\"async\" src=\"https:\/\/www.manaus.am.gov.br\/wp-content\/uploads\/2026\/03\/Semtepi-Premios-2-1024x575.png\" alt=\"\" class=\"wp-image-289159\" \/><figcaption class=\"wp-element-caption\">#paratodosverem &#8211; consumidora recebe uma TV de 50 polegadas<\/figcaption><\/figure><\/div>\n\n\n<p>\u201cEstou muito feliz e gratificada. Sou cliente da loja, fiz minha compra aqui e fui contemplada com essa TV. Quero convidar quem ainda n\u00e3o conhece as galerias a vir comprar e participar tamb\u00e9m dos sorteios\u201d, destacou Jossileia.<\/p>\n\n\n\n<p>A lojista Sandra da Silva tamb\u00e9m celebrou a iniciativa e ressaltou a import\u00e2ncia da a\u00e7\u00e3o para o com\u00e9rcio popular. \u201c\u00c9 muito importante essa campanha que a prefeitura vem realizando nas galerias. Fico muito feliz pela minha cliente ter comprado comigo e ter sido contemplada\u201d, afirmou.<\/p>\n\n\n\n<p>Ao todo, a campanha \u201cFinal de Ano Premiado\u201d contemplou 10 consumidores que realizaram compras nas galerias populares administradas pela Prefeitura de Manaus. Na Galeria dos Rem\u00e9dios, foram premiados Jossileia Maciel dos Reis da Silva, com uma TV de 50 polegadas; Manuel Ribeiro da Silva, com uma geladeira; e Maria Helena Cabral Ferreira, com uma motocicleta. Na Galeria Esp\u00edrito Santo, os contemplados foram Gabriela do Carmo, que ganhou uma TV de 50 polegadas; Katia Maria Valoes de Oliveira, com uma geladeira; Malba Maria da Silva Serra, com uma motocicleta; e Gina Maria Reis Gonz\u00e1lez, vencedora do carro zero quil\u00f4metro. J\u00e1 no Shopping Phelippe Daou, os premiados foram Vilmara Vieira Martins, com uma TV de 50 polegadas; Raick Guerreiro Tom\u00e9, que recebeu uma geladeira; e Davi da Silva Almeida, contemplado com uma motocicleta.<\/p>\n\n\n\n<p>&#8212; &#8212; &#8212;<\/p>\n\n\n\n<p><strong>Texto<\/strong> \u2013 Asafe Augusto \/ Semtepi<\/p>\n\n\n\n<p><strong>Fotos<\/strong> \u2013 Vinicius Viana \/ Semtepi<\/p>\n","protected":false},"excerpt":{"rendered":"","protected":false},"author":61,"featured_media":254307,"comment_status":"closed","ping_status":"closed","sticky":false,"template":"","format":"standard","meta":{"footnotes":""},"categories":[9907],"tags":[19701,3316,77,22],"acf":[],"yoast_head":"<!-- This site is optimized with the Yoast SEO plugin v23.0 - https:\/\/yoast.com\/wordpress\/plugins\/seo\/ -->\n<title>Prefeitura entrega pr\u00eamios da campanha \u201cFinal de Ano Premiado\u201d nas galerias populares<\/title>\n<meta name=\"description\" content=\"A Prefeitura de Manaus, por meio da Secretaria Municipal do Trabalho, Empreendedorismo e Inova\u00e7\u00e3o (Semtepi), realizou, na segunda-feira, 9\/3, a entrega dos pr\u00eamios da campanha \u201cFinal de Ano Premiado\u201d.\" \/>\n<meta name=\"robots\" content=\"index, follow, max-snippet:-1, max-image-preview:large, max-video-preview:-1\" \/>\n<link rel=\"canonical\" href=\"https:\/\/www.manaus.am.gov.br\/semcom\/premios-campanha-galerias\/\" \/>\n<meta property=\"og:locale\" content=\"pt_BR\" \/>\n<meta property=\"og:type\" content=\"article\" \/>\n<meta property=\"og:title\" content=\"Prefeitura entrega pr\u00eamios da campanha \u201cFinal de Ano Premiado\u201d nas galerias populares\" \/>\n<meta property=\"og:description\" content=\"A Prefeitura de Manaus, por meio da Secretaria Municipal do Trabalho, Empreendedorismo e Inova\u00e7\u00e3o (Semtepi), realizou, na segunda-feira, 9\/3, a entrega dos pr\u00eamios da campanha \u201cFinal de Ano Premiado\u201d.\" \/>\n<meta property=\"og:url\" content=\"https:\/\/www.manaus.am.gov.br\/semcom\/premios-campanha-galerias\/\" \/>\n<meta property=\"og:site_name\" content=\"SEMCOM\" \/>\n<meta property=\"article:published_time\" content=\"2026-03-10T19:40:03+00:00\" \/>\n<meta property=\"article:modified_time\" content=\"2026-03-10T19:57:11+00:00\" \/>\n<meta property=\"og:image\" content=\"https:\/\/www.manaus.am.gov.br\/semcom\/wp-content\/uploads\/sites\/5\/2026\/03\/Semtepi-Premios-1.png\" \/>\n\t<meta property=\"og:image:width\" content=\"1071\" \/>\n\t<meta property=\"og:image:height\" content=\"602\" \/>\n\t<meta property=\"og:image:type\" content=\"image\/png\" \/>\n<meta name=\"author\" content=\"smonteiro\" \/>\n<meta name=\"twitter:card\" content=\"summary_large_image\" \/>\n<meta name=\"twitter:label1\" content=\"Written by\" \/>\n\t<meta name=\"twitter:data1\" content=\"smonteiro\" \/>\n\t<meta name=\"twitter:label2\" content=\"Est. reading time\" \/>\n\t<meta name=\"twitter:data2\" content=\"4 minutos\" \/>\n<script type=\"application\/ld+json\" class=\"yoast-schema-graph\">{\"@context\":\"https:\/\/schema.org\",\"@graph\":[{\"@type\":\"WebPage\",\"@id\":\"https:\/\/www.manaus.am.gov.br\/semcom\/premios-campanha-galerias\/\",\"url\":\"https:\/\/www.manaus.am.gov.br\/semcom\/premios-campanha-galerias\/\",\"name\":\"Prefeitura entrega pr\u00eamios da campanha \u201cFinal de Ano Premiado\u201d nas galerias populares\",\"isPartOf\":{\"@id\":\"https:\/\/www.manaus.am.gov.br\/semcom\/#website\"},\"primaryImageOfPage\":{\"@id\":\"https:\/\/www.manaus.am.gov.br\/semcom\/premios-campanha-galerias\/#primaryimage\"},\"image\":{\"@id\":\"https:\/\/www.manaus.am.gov.br\/semcom\/premios-campanha-galerias\/#primaryimage\"},\"thumbnailUrl\":\"https:\/\/www.manaus.am.gov.br\/semcom\/wp-content\/uploads\/sites\/5\/2026\/03\/Semtepi-Premios-1.png\",\"datePublished\":\"2026-03-10T19:40:03+00:00\",\"dateModified\":\"2026-03-10T19:57:11+00:00\",\"author\":{\"@id\":\"https:\/\/www.manaus.am.gov.br\/semcom\/#\/schema\/person\/ab4dcf766a54dff74e8d267f5c591961\"},\"description\":\"A Prefeitura de Manaus, por meio da Secretaria Municipal do Trabalho, Empreendedorismo e Inova\u00e7\u00e3o (Semtepi), realizou, na segunda-feira, 9\/3, a entrega dos pr\u00eamios da campanha \u201cFinal de Ano Premiado\u201d.\",\"inLanguage\":\"pt-BR\",\"potentialAction\":[{\"@type\":\"ReadAction\",\"target\":[\"https:\/\/www.manaus.am.gov.br\/semcom\/premios-campanha-galerias\/\"]}]},{\"@type\":\"ImageObject\",\"inLanguage\":\"pt-BR\",\"@id\":\"https:\/\/www.manaus.am.gov.br\/semcom\/premios-campanha-galerias\/#primaryimage\",\"url\":\"https:\/\/www.manaus.am.gov.br\/semcom\/wp-content\/uploads\/sites\/5\/2026\/03\/Semtepi-Premios-1.png\",\"contentUrl\":\"https:\/\/www.manaus.am.gov.br\/semcom\/wp-content\/uploads\/sites\/5\/2026\/03\/Semtepi-Premios-1.png\",\"width\":1071,\"height\":602,\"caption\":\"#paratodosverem - consumidora recebe um carro do sorteio da campanha\"},{\"@type\":\"WebSite\",\"@id\":\"https:\/\/www.manaus.am.gov.br\/semcom\/#website\",\"url\":\"https:\/\/www.manaus.am.gov.br\/semcom\/\",\"name\":\"SEMCOM\",\"description\":\"Secretaria Municipal de Comunica\u00e7\u00e3o\",\"potentialAction\":[{\"@type\":\"SearchAction\",\"target\":{\"@type\":\"EntryPoint\",\"urlTemplate\":\"https:\/\/www.manaus.am.gov.br\/semcom\/?s={search_term_string}\"},\"query-input\":\"required name=search_term_string\"}],\"inLanguage\":\"pt-BR\"},{\"@type\":\"Person\",\"@id\":\"https:\/\/www.manaus.am.gov.br\/semcom\/#\/schema\/person\/ab4dcf766a54dff74e8d267f5c591961\",\"name\":\"smonteiro\",\"image\":{\"@type\":\"ImageObject\",\"inLanguage\":\"pt-BR\",\"@id\":\"https:\/\/www.manaus.am.gov.br\/semcom\/#\/schema\/person\/image\/\",\"url\":\"https:\/\/secure.gravatar.com\/avatar\/21c8776ef61d9272c73322052e042d77?s=96&d=mm&r=g\",\"contentUrl\":\"https:\/\/secure.gravatar.com\/avatar\/21c8776ef61d9272c73322052e042d77?s=96&d=mm&r=g\",\"caption\":\"smonteiro\"}}]}<\/script>\n<!-- \/ Yoast SEO plugin. -->","yoast_head_json":{"title":"Prefeitura entrega pr\u00eamios da campanha \u201cFinal de Ano Premiado\u201d nas galerias populares","description":"A Prefeitura de Manaus, por meio da Secretaria Municipal do Trabalho, Empreendedorismo e Inova\u00e7\u00e3o (Semtepi), realizou, na segunda-feira, 9\/3, a entrega dos pr\u00eamios da campanha \u201cFinal de Ano Premiado\u201d.","robots":{"index":"index","follow":"follow","max-snippet":"max-snippet:-1","max-image-preview":"max-image-preview:large","max-video-preview":"max-video-preview:-1"},"canonical":"https:\/\/www.manaus.am.gov.br\/semcom\/premios-campanha-galerias\/","og_locale":"pt_BR","og_type":"article","og_title":"Prefeitura entrega pr\u00eamios da campanha \u201cFinal de Ano Premiado\u201d nas galerias populares","og_description":"A Prefeitura de Manaus, por meio da Secretaria Municipal do Trabalho, Empreendedorismo e Inova\u00e7\u00e3o (Semtepi), realizou, na segunda-feira, 9\/3, a entrega dos pr\u00eamios da campanha \u201cFinal de Ano Premiado\u201d.","og_url":"https:\/\/www.manaus.am.gov.br\/semcom\/premios-campanha-galerias\/","og_site_name":"SEMCOM","article_published_time":"2026-03-10T19:40:03+00:00","article_modified_time":"2026-03-10T19:57:11+00:00","og_image":[{"width":1071,"height":602,"url":"https:\/\/www.manaus.am.gov.br\/semcom\/wp-content\/uploads\/sites\/5\/2026\/03\/Semtepi-Premios-1.png","type":"image\/png"}],"author":"smonteiro","twitter_card":"summary_large_image","twitter_misc":{"Written by":"smonteiro","Est. reading time":"4 minutos"},"schema":{"@context":"https:\/\/schema.org","@graph":[{"@type":"WebPage","@id":"https:\/\/www.manaus.am.gov.br\/semcom\/premios-campanha-galerias\/","url":"https:\/\/www.manaus.am.gov.br\/semcom\/premios-campanha-galerias\/","name":"Prefeitura entrega pr\u00eamios da campanha \u201cFinal de Ano Premiado\u201d nas galerias populares","isPartOf":{"@id":"https:\/\/www.manaus.am.gov.br\/semcom\/#website"},"primaryImageOfPage":{"@id":"https:\/\/www.manaus.am.gov.br\/semcom\/premios-campanha-galerias\/#primaryimage"},"image":{"@id":"https:\/\/www.manaus.am.gov.br\/semcom\/premios-campanha-galerias\/#primaryimage"},"thumbnailUrl":"https:\/\/www.manaus.am.gov.br\/semcom\/wp-content\/uploads\/sites\/5\/2026\/03\/Semtepi-Premios-1.png","datePublished":"2026-03-10T19:40:03+00:00","dateModified":"2026-03-10T19:57:11+00:00","author":{"@id":"https:\/\/www.manaus.am.gov.br\/semcom\/#\/schema\/person\/ab4dcf766a54dff74e8d267f5c591961"},"description":"A Prefeitura de Manaus, por meio da Secretaria Municipal do Trabalho, Empreendedorismo e Inova\u00e7\u00e3o (Semtepi), realizou, na segunda-feira, 9\/3, a entrega dos pr\u00eamios da campanha \u201cFinal de Ano Premiado\u201d.","inLanguage":"pt-BR","potentialAction":[{"@type":"ReadAction","target":["https:\/\/www.manaus.am.gov.br\/semcom\/premios-campanha-galerias\/"]}]},{"@type":"ImageObject","inLanguage":"pt-BR","@id":"https:\/\/www.manaus.am.gov.br\/semcom\/premios-campanha-galerias\/#primaryimage","url":"https:\/\/www.manaus.am.gov.br\/semcom\/wp-content\/uploads\/sites\/5\/2026\/03\/Semtepi-Premios-1.png","contentUrl":"https:\/\/www.manaus.am.gov.br\/semcom\/wp-content\/uploads\/sites\/5\/2026\/03\/Semtepi-Premios-1.png","width":1071,"height":602,"caption":"#paratodosverem - consumidora recebe um carro do sorteio da campanha"},{"@type":"WebSite","@id":"https:\/\/www.manaus.am.gov.br\/semcom\/#website","url":"https:\/\/www.manaus.am.gov.br\/semcom\/","name":"SEMCOM","description":"Secretaria Municipal de Comunica\u00e7\u00e3o","potentialAction":[{"@type":"SearchAction","target":{"@type":"EntryPoint","urlTemplate":"https:\/\/www.manaus.am.gov.br\/semcom\/?s={search_term_string}"},"query-input":"required name=search_term_string"}],"inLanguage":"pt-BR"},{"@type":"Person","@id":"https:\/\/www.manaus.am.gov.br\/semcom\/#\/schema\/person\/ab4dcf766a54dff74e8d267f5c591961","name":"smonteiro","image":{"@type":"ImageObject","inLanguage":"pt-BR","@id":"https:\/\/www.manaus.am.gov.br\/semcom\/#\/schema\/person\/image\/","url":"https:\/\/secure.gravatar.com\/avatar\/21c8776ef61d9272c73322052e042d77?s=96&d=mm&r=g","contentUrl":"https:\/\/secure.gravatar.com\/avatar\/21c8776ef61d9272c73322052e042d77?s=96&d=mm&r=g","caption":"smonteiro"}}]}},"_links":{"self":[{"href":"https:\/\/www.manaus.am.gov.br\/semcom\/wp-json\/wp\/v2\/posts\/254306"}],"collection":[{"href":"https:\/\/www.manaus.am.gov.br\/semcom\/wp-json\/wp\/v2\/posts"}],"about":[{"href":"https:\/\/www.manaus.am.gov.br\/semcom\/wp-json\/wp\/v2\/types\/post"}],"author":[{"embeddable":true,"href":"https:\/\/www.manaus.am.gov.br\/semcom\/wp-json\/wp\/v2\/users\/61"}],"replies":[{"embeddable":true,"href":"https:\/\/www.manaus.am.gov.br\/semcom\/wp-json\/wp\/v2\/comments?post=254306"}],"version-history":[{"count":2,"href":"https:\/\/www.manaus.am.gov.br\/semcom\/wp-json\/wp\/v2\/posts\/254306\/revisions"}],"predecessor-version":[{"id":254310,"href":"https:\/\/www.manaus.am.gov.br\/semcom\/wp-json\/wp\/v2\/posts\/254306\/revisions\/254310"}],"wp:featuredmedia":[{"embeddable":true,"href":"https:\/\/www.manaus.am.gov.br\/semcom\/wp-json\/wp\/v2\/media\/254307"}],"wp:attachment":[{"href":"https:\/\/www.manaus.am.gov.br\/semcom\/wp-json\/wp\/v2\/media?parent=254306"}],"wp:term":[{"taxonomy":"category","embeddable":true,"href":"https:\/\/www.manaus.am.gov.br\/semcom\/wp-json\/wp\/v2\/categories?post=254306"},{"taxonomy":"post_tag","embeddable":true,"href":"https:\/\/www.manaus.am.gov.br\/semcom\/wp-json\/wp\/v2\/tags?post=254306"}],"curies":[{"name":"wp","href":"https:\/\/api.w.org\/{rel}","templated":true}]}}