{"id":254288,"date":"2026-03-10T15:41:56","date_gmt":"2026-03-10T18:41:56","guid":{"rendered":"https:\/\/www.manaus.am.gov.br\/semcom\/prefeitura-semed-aprenderlutando\/"},"modified":"2026-03-10T15:46:14","modified_gmt":"2026-03-10T18:46:14","slug":"prefeitura-semed-aprenderlutando","status":"publish","type":"post","link":"https:\/\/www.manaus.am.gov.br\/semcom\/prefeitura-semed-aprenderlutando\/","title":{"rendered":"Prefeitura de Manaus realiza aula inaugural do projeto \u2018Aprender Lutando\u2019 no\u00a0Cime\u00a0L\u00facia Almeida"},"content":{"rendered":"\n<p>Estudantes\u00a0da educa\u00e7\u00e3o infantil e do 1\u00ba ao 5\u00ba ano do ensino fundamental, do Centro Integrado Municipal de Educa\u00e7\u00e3o (Cime) L\u00facia Melo Ferreira Almeida, da <a href=\"https:\/\/www.manaus.am.gov.br\/\">Prefeitura de Manaus<\/a>, por meio da <a href=\"https:\/\/www.instagram.com\/semedmanaus\/\">Secretaria Municipal de Educa\u00e7\u00e3o<\/a> (Semed), participaram da aula inaugural do projeto \u201cAprender Lutando\u201d, nesta ter\u00e7a-feira, 10\/3. No total, ser\u00e3o beneficiados mais de 120 alunos das duas modalidades de ensino, com aulas de capoeira, jud\u00f4 e jiu-j\u00edtsu, com no m\u00ednimo duas aulas semanais.\u00a0<\/p>\n\n\n\n<p>Com&nbsp;aproximadamente&nbsp;10 anos de atividades, o projeto idealizado pela Coordenadoria de Esporte&nbsp;(Coordesp), da&nbsp;Semed, beneficia&nbsp;crian\u00e7as, adolescentes e adultos&nbsp;da Educa\u00e7\u00e3o de Jovens e Adultos (EJA). No total, 40 unidades de ensino de todas as zonas geogr\u00e1ficas da cidade s\u00e3o atendidas pelo programa.&nbsp;<\/p>\n\n\n\n<p>Um dos professores do projeto, Alexandre Romano, disse que \u00e9 um momento importante para os alunos, pois mostra a preocupa\u00e7\u00e3o da secretaria na forma\u00e7\u00e3o educacional, por meio da pr\u00e1tica esportiva.&nbsp;<\/p>\n\n\n\n<p>\u201cN\u00f3s estamos muito felizes&nbsp;com a abertura do projeto, que faz parte do plano de governo da&nbsp;Semed.&nbsp;Todos os professores de educa\u00e7\u00e3o f\u00edsica s\u00e3o capacitados para atender as crian\u00e7as,&nbsp;n\u00e3o s\u00f3 para o desenvolvimento f\u00edsico, mas para o desenvolvimento cognitivo. Tudo que a gente faz com essas crian\u00e7as \u00e9 para que elas melhorem na vida e no aprendizado\u201d,&nbsp;explicou.&nbsp;<\/p>\n\n\n\n<p>Para o diretor do&nbsp;Cime&nbsp;L\u00facia Almeida, Armando Barbosa, a pr\u00e1tica esportiva \u00e9 muito salutar, ainda mais quando&nbsp;os&nbsp;resultados&nbsp;surgem na&nbsp;sala de aula com a participa\u00e7\u00e3o no projeto.&nbsp;<\/p>\n\n\n\n<p>\u201cOs alunos est\u00e3o animados com o projeto.&nbsp;Eles n\u00e3o veem&nbsp;a hora de come\u00e7ar o projeto,&nbsp;os pais est\u00e3o bem ansiosos tamb\u00e9m, enfim, \u00e9 um projeto que ajuda&nbsp;bastante na disciplina.&nbsp;Eles est\u00e3o&nbsp;mais concentrados, e&nbsp;isso contribui&nbsp;na parte pedag\u00f3gica&nbsp;e&nbsp;ajuda&nbsp;na&nbsp;sala de aula\u201d, contou.&nbsp;<\/p>\n\n\n\n<p>Sempre presente nas atividades do&nbsp;Cime, a costureira Daiana Cris Martins, 41 anos, m\u00e3e da aluna Maria Gabriela Martins, de 8 anos, que cursa o 2\u00ba ano, acompanha de perto o desenvolvimento da filha nas pr\u00e1ticas esportivas. A estudante participar\u00e1 das aulas de jud\u00f4 e jiu-j\u00edtsu oferecidas pela unidade, mas j\u00e1 possui experi\u00eancia em competi\u00e7\u00f5es de luta livre fora do ambiente escolar.&nbsp;<\/p>\n\n\n\n<p>Para Daiana, o esporte vai muito al\u00e9m da atividade f\u00edsica, representando tamb\u00e9m uma importante ferramenta de aprendizado e forma\u00e7\u00e3o para as crian\u00e7as.&nbsp;<\/p>\n\n\n\n<p>\u201c\u00c9 muito importante, porque al\u00e9m de contribuir para o desenvolvimento, o esporte incentiva as crian\u00e7as&nbsp;e tamb\u00e9m&nbsp;pode servir como defesa pessoal. No mundo de hoje, \u00e9 fundamental incentivar os filhos a praticarem alguma modalidade esportiva. No caso dela, por ser menina, acredito que aprender a se defender \u00e9 ainda mais importante, al\u00e9m de ser uma oportunidade de crescimento e at\u00e9 de construir uma carreira no futuro\u201d, destacou.&nbsp;<\/p>\n\n\n\n<p>&#8212; &#8212; &#8212;<\/p>\n\n\n\n<p><strong>Texto&nbsp;<\/strong>&#8211; Paulo Rog\u00e9rio Veiga\/Semed&nbsp;<\/p>\n\n\n\n<p><strong>Fotos&nbsp;<\/strong>&#8211; Wendell Ramos\/Semed&nbsp;<\/p>\n","protected":false},"excerpt":{"rendered":"","protected":false},"author":23,"featured_media":254289,"comment_status":"closed","ping_status":"closed","sticky":false,"template":"","format":"standard","meta":{"footnotes":""},"categories":[49],"tags":[7687,19695,13726,2941,77,608,62],"acf":[],"yoast_head":"<!-- This site is optimized with the Yoast SEO plugin v23.0 - https:\/\/yoast.com\/wordpress\/plugins\/seo\/ -->\n<title>Aprender Lutando: Projeto no Cime L\u00facia Almeida<\/title>\n<meta name=\"description\" content=\"Estudantes da educa\u00e7\u00e3o infantil e do 1\u00ba ao 5\u00ba ano do ensino fundamental, do Centro Integrado Municipal de Educa\u00e7\u00e3o (Cime) L\u00facia Melo Ferreira Almeida, da Prefeitura de Manaus, por meio da Secretaria Municipal de Educa\u00e7\u00e3o (Semed), participaram da aula inaugural do projeto \u201cAprender Lutando\u201d, nesta ter\u00e7a-feira, 10\/3.\" \/>\n<meta name=\"robots\" content=\"index, follow, max-snippet:-1, max-image-preview:large, max-video-preview:-1\" \/>\n<link rel=\"canonical\" href=\"https:\/\/www.manaus.am.gov.br\/semcom\/prefeitura-semed-aprenderlutando\/\" \/>\n<meta property=\"og:locale\" content=\"pt_BR\" \/>\n<meta property=\"og:type\" content=\"article\" \/>\n<meta property=\"og:title\" content=\"Aprender Lutando: Projeto no Cime L\u00facia Almeida\" \/>\n<meta property=\"og:description\" content=\"Estudantes da educa\u00e7\u00e3o infantil e do 1\u00ba ao 5\u00ba ano do ensino fundamental, do Centro Integrado Municipal de Educa\u00e7\u00e3o (Cime) L\u00facia Melo Ferreira Almeida, da Prefeitura de Manaus, por meio da Secretaria Municipal de Educa\u00e7\u00e3o (Semed), participaram da aula inaugural do projeto \u201cAprender Lutando\u201d, nesta ter\u00e7a-feira, 10\/3.\" \/>\n<meta property=\"og:url\" content=\"https:\/\/www.manaus.am.gov.br\/semcom\/prefeitura-semed-aprenderlutando\/\" \/>\n<meta property=\"og:site_name\" content=\"SEMCOM\" \/>\n<meta property=\"article:published_time\" content=\"2026-03-10T18:41:56+00:00\" \/>\n<meta property=\"article:modified_time\" content=\"2026-03-10T18:46:14+00:00\" \/>\n<meta property=\"og:image\" content=\"https:\/\/www.manaus.am.gov.br\/semcom\/wp-content\/uploads\/sites\/5\/2026\/03\/WhatsApp-Image-2026-03-10-at-14.22.36.jpeg\" \/>\n\t<meta property=\"og:image:width\" content=\"920\" \/>\n\t<meta property=\"og:image:height\" content=\"599\" \/>\n\t<meta property=\"og:image:type\" content=\"image\/jpeg\" \/>\n<meta name=\"author\" content=\"Adriana Costa\" \/>\n<meta name=\"twitter:card\" content=\"summary_large_image\" \/>\n<meta name=\"twitter:label1\" content=\"Written by\" \/>\n\t<meta name=\"twitter:data1\" content=\"Adriana Costa\" \/>\n\t<meta name=\"twitter:label2\" content=\"Est. reading time\" \/>\n\t<meta name=\"twitter:data2\" content=\"3 minutos\" \/>\n<script type=\"application\/ld+json\" class=\"yoast-schema-graph\">{\"@context\":\"https:\/\/schema.org\",\"@graph\":[{\"@type\":\"WebPage\",\"@id\":\"https:\/\/www.manaus.am.gov.br\/semcom\/prefeitura-semed-aprenderlutando\/\",\"url\":\"https:\/\/www.manaus.am.gov.br\/semcom\/prefeitura-semed-aprenderlutando\/\",\"name\":\"Aprender Lutando: Projeto no Cime L\u00facia Almeida\",\"isPartOf\":{\"@id\":\"https:\/\/www.manaus.am.gov.br\/semcom\/#website\"},\"primaryImageOfPage\":{\"@id\":\"https:\/\/www.manaus.am.gov.br\/semcom\/prefeitura-semed-aprenderlutando\/#primaryimage\"},\"image\":{\"@id\":\"https:\/\/www.manaus.am.gov.br\/semcom\/prefeitura-semed-aprenderlutando\/#primaryimage\"},\"thumbnailUrl\":\"https:\/\/www.manaus.am.gov.br\/semcom\/wp-content\/uploads\/sites\/5\/2026\/03\/WhatsApp-Image-2026-03-10-at-14.22.36.jpeg\",\"datePublished\":\"2026-03-10T18:41:56+00:00\",\"dateModified\":\"2026-03-10T18:46:14+00:00\",\"author\":{\"@id\":\"https:\/\/www.manaus.am.gov.br\/semcom\/#\/schema\/person\/4e49f4e267757a06ca072ec61b2b9968\"},\"description\":\"Estudantes da educa\u00e7\u00e3o infantil e do 1\u00ba ao 5\u00ba ano do ensino fundamental, do Centro Integrado Municipal de Educa\u00e7\u00e3o (Cime) L\u00facia Melo Ferreira Almeida, da Prefeitura de Manaus, por meio da Secretaria Municipal de Educa\u00e7\u00e3o (Semed), participaram da aula inaugural do projeto \u201cAprender Lutando\u201d, nesta ter\u00e7a-feira, 10\/3.\",\"inLanguage\":\"pt-BR\",\"potentialAction\":[{\"@type\":\"ReadAction\",\"target\":[\"https:\/\/www.manaus.am.gov.br\/semcom\/prefeitura-semed-aprenderlutando\/\"]}]},{\"@type\":\"ImageObject\",\"inLanguage\":\"pt-BR\",\"@id\":\"https:\/\/www.manaus.am.gov.br\/semcom\/prefeitura-semed-aprenderlutando\/#primaryimage\",\"url\":\"https:\/\/www.manaus.am.gov.br\/semcom\/wp-content\/uploads\/sites\/5\/2026\/03\/WhatsApp-Image-2026-03-10-at-14.22.36.jpeg\",\"contentUrl\":\"https:\/\/www.manaus.am.gov.br\/semcom\/wp-content\/uploads\/sites\/5\/2026\/03\/WhatsApp-Image-2026-03-10-at-14.22.36.jpeg\",\"width\":920,\"height\":599,\"caption\":\"#paratodosverem - Professores e alunos do projeto \\\"Aprender Lutando\\\" fazem alongamento\"},{\"@type\":\"WebSite\",\"@id\":\"https:\/\/www.manaus.am.gov.br\/semcom\/#website\",\"url\":\"https:\/\/www.manaus.am.gov.br\/semcom\/\",\"name\":\"SEMCOM\",\"description\":\"Secretaria Municipal de Comunica\u00e7\u00e3o\",\"potentialAction\":[{\"@type\":\"SearchAction\",\"target\":{\"@type\":\"EntryPoint\",\"urlTemplate\":\"https:\/\/www.manaus.am.gov.br\/semcom\/?s={search_term_string}\"},\"query-input\":\"required name=search_term_string\"}],\"inLanguage\":\"pt-BR\"},{\"@type\":\"Person\",\"@id\":\"https:\/\/www.manaus.am.gov.br\/semcom\/#\/schema\/person\/4e49f4e267757a06ca072ec61b2b9968\",\"name\":\"Adriana Costa\",\"image\":{\"@type\":\"ImageObject\",\"inLanguage\":\"pt-BR\",\"@id\":\"https:\/\/www.manaus.am.gov.br\/semcom\/#\/schema\/person\/image\/\",\"url\":\"https:\/\/secure.gravatar.com\/avatar\/576258617ef7194f718179e766d57bd4?s=96&d=mm&r=g\",\"contentUrl\":\"https:\/\/secure.gravatar.com\/avatar\/576258617ef7194f718179e766d57bd4?s=96&d=mm&r=g\",\"caption\":\"Adriana Costa\"}}]}<\/script>\n<!-- \/ Yoast SEO plugin. -->","yoast_head_json":{"title":"Aprender Lutando: Projeto no Cime L\u00facia Almeida","description":"Estudantes da educa\u00e7\u00e3o infantil e do 1\u00ba ao 5\u00ba ano do ensino fundamental, do Centro Integrado Municipal de Educa\u00e7\u00e3o (Cime) L\u00facia Melo Ferreira Almeida, da Prefeitura de Manaus, por meio da Secretaria Municipal de Educa\u00e7\u00e3o (Semed), participaram da aula inaugural do projeto \u201cAprender Lutando\u201d, nesta ter\u00e7a-feira, 10\/3.","robots":{"index":"index","follow":"follow","max-snippet":"max-snippet:-1","max-image-preview":"max-image-preview:large","max-video-preview":"max-video-preview:-1"},"canonical":"https:\/\/www.manaus.am.gov.br\/semcom\/prefeitura-semed-aprenderlutando\/","og_locale":"pt_BR","og_type":"article","og_title":"Aprender Lutando: Projeto no Cime L\u00facia Almeida","og_description":"Estudantes da educa\u00e7\u00e3o infantil e do 1\u00ba ao 5\u00ba ano do ensino fundamental, do Centro Integrado Municipal de Educa\u00e7\u00e3o (Cime) L\u00facia Melo Ferreira Almeida, da Prefeitura de Manaus, por meio da Secretaria Municipal de Educa\u00e7\u00e3o (Semed), participaram da aula inaugural do projeto \u201cAprender Lutando\u201d, nesta ter\u00e7a-feira, 10\/3.","og_url":"https:\/\/www.manaus.am.gov.br\/semcom\/prefeitura-semed-aprenderlutando\/","og_site_name":"SEMCOM","article_published_time":"2026-03-10T18:41:56+00:00","article_modified_time":"2026-03-10T18:46:14+00:00","og_image":[{"width":920,"height":599,"url":"https:\/\/www.manaus.am.gov.br\/semcom\/wp-content\/uploads\/sites\/5\/2026\/03\/WhatsApp-Image-2026-03-10-at-14.22.36.jpeg","type":"image\/jpeg"}],"author":"Adriana Costa","twitter_card":"summary_large_image","twitter_misc":{"Written by":"Adriana Costa","Est. reading time":"3 minutos"},"schema":{"@context":"https:\/\/schema.org","@graph":[{"@type":"WebPage","@id":"https:\/\/www.manaus.am.gov.br\/semcom\/prefeitura-semed-aprenderlutando\/","url":"https:\/\/www.manaus.am.gov.br\/semcom\/prefeitura-semed-aprenderlutando\/","name":"Aprender Lutando: Projeto no Cime L\u00facia Almeida","isPartOf":{"@id":"https:\/\/www.manaus.am.gov.br\/semcom\/#website"},"primaryImageOfPage":{"@id":"https:\/\/www.manaus.am.gov.br\/semcom\/prefeitura-semed-aprenderlutando\/#primaryimage"},"image":{"@id":"https:\/\/www.manaus.am.gov.br\/semcom\/prefeitura-semed-aprenderlutando\/#primaryimage"},"thumbnailUrl":"https:\/\/www.manaus.am.gov.br\/semcom\/wp-content\/uploads\/sites\/5\/2026\/03\/WhatsApp-Image-2026-03-10-at-14.22.36.jpeg","datePublished":"2026-03-10T18:41:56+00:00","dateModified":"2026-03-10T18:46:14+00:00","author":{"@id":"https:\/\/www.manaus.am.gov.br\/semcom\/#\/schema\/person\/4e49f4e267757a06ca072ec61b2b9968"},"description":"Estudantes da educa\u00e7\u00e3o infantil e do 1\u00ba ao 5\u00ba ano do ensino fundamental, do Centro Integrado Municipal de Educa\u00e7\u00e3o (Cime) L\u00facia Melo Ferreira Almeida, da Prefeitura de Manaus, por meio da Secretaria Municipal de Educa\u00e7\u00e3o (Semed), participaram da aula inaugural do projeto \u201cAprender Lutando\u201d, nesta ter\u00e7a-feira, 10\/3.","inLanguage":"pt-BR","potentialAction":[{"@type":"ReadAction","target":["https:\/\/www.manaus.am.gov.br\/semcom\/prefeitura-semed-aprenderlutando\/"]}]},{"@type":"ImageObject","inLanguage":"pt-BR","@id":"https:\/\/www.manaus.am.gov.br\/semcom\/prefeitura-semed-aprenderlutando\/#primaryimage","url":"https:\/\/www.manaus.am.gov.br\/semcom\/wp-content\/uploads\/sites\/5\/2026\/03\/WhatsApp-Image-2026-03-10-at-14.22.36.jpeg","contentUrl":"https:\/\/www.manaus.am.gov.br\/semcom\/wp-content\/uploads\/sites\/5\/2026\/03\/WhatsApp-Image-2026-03-10-at-14.22.36.jpeg","width":920,"height":599,"caption":"#paratodosverem - Professores e alunos do projeto \"Aprender Lutando\" fazem alongamento"},{"@type":"WebSite","@id":"https:\/\/www.manaus.am.gov.br\/semcom\/#website","url":"https:\/\/www.manaus.am.gov.br\/semcom\/","name":"SEMCOM","description":"Secretaria Municipal de Comunica\u00e7\u00e3o","potentialAction":[{"@type":"SearchAction","target":{"@type":"EntryPoint","urlTemplate":"https:\/\/www.manaus.am.gov.br\/semcom\/?s={search_term_string}"},"query-input":"required name=search_term_string"}],"inLanguage":"pt-BR"},{"@type":"Person","@id":"https:\/\/www.manaus.am.gov.br\/semcom\/#\/schema\/person\/4e49f4e267757a06ca072ec61b2b9968","name":"Adriana Costa","image":{"@type":"ImageObject","inLanguage":"pt-BR","@id":"https:\/\/www.manaus.am.gov.br\/semcom\/#\/schema\/person\/image\/","url":"https:\/\/secure.gravatar.com\/avatar\/576258617ef7194f718179e766d57bd4?s=96&d=mm&r=g","contentUrl":"https:\/\/secure.gravatar.com\/avatar\/576258617ef7194f718179e766d57bd4?s=96&d=mm&r=g","caption":"Adriana Costa"}}]}},"_links":{"self":[{"href":"https:\/\/www.manaus.am.gov.br\/semcom\/wp-json\/wp\/v2\/posts\/254288"}],"collection":[{"href":"https:\/\/www.manaus.am.gov.br\/semcom\/wp-json\/wp\/v2\/posts"}],"about":[{"href":"https:\/\/www.manaus.am.gov.br\/semcom\/wp-json\/wp\/v2\/types\/post"}],"author":[{"embeddable":true,"href":"https:\/\/www.manaus.am.gov.br\/semcom\/wp-json\/wp\/v2\/users\/23"}],"replies":[{"embeddable":true,"href":"https:\/\/www.manaus.am.gov.br\/semcom\/wp-json\/wp\/v2\/comments?post=254288"}],"version-history":[{"count":1,"href":"https:\/\/www.manaus.am.gov.br\/semcom\/wp-json\/wp\/v2\/posts\/254288\/revisions"}],"predecessor-version":[{"id":254290,"href":"https:\/\/www.manaus.am.gov.br\/semcom\/wp-json\/wp\/v2\/posts\/254288\/revisions\/254290"}],"wp:featuredmedia":[{"embeddable":true,"href":"https:\/\/www.manaus.am.gov.br\/semcom\/wp-json\/wp\/v2\/media\/254289"}],"wp:attachment":[{"href":"https:\/\/www.manaus.am.gov.br\/semcom\/wp-json\/wp\/v2\/media?parent=254288"}],"wp:term":[{"taxonomy":"category","embeddable":true,"href":"https:\/\/www.manaus.am.gov.br\/semcom\/wp-json\/wp\/v2\/categories?post=254288"},{"taxonomy":"post_tag","embeddable":true,"href":"https:\/\/www.manaus.am.gov.br\/semcom\/wp-json\/wp\/v2\/tags?post=254288"}],"curies":[{"name":"wp","href":"https:\/\/api.w.org\/{rel}","templated":true}]}}