{"id":254275,"date":"2026-03-10T14:19:48","date_gmt":"2026-03-10T17:19:48","guid":{"rendered":"https:\/\/www.manaus.am.gov.br\/semcom\/prefeitura-semtepi-sinemanaus-vagas1003-2\/"},"modified":"2026-03-10T14:40:11","modified_gmt":"2026-03-10T17:40:11","slug":"prefeitura-semtepi-sine-manaus-vagas1103-2","status":"publish","type":"post","link":"https:\/\/www.manaus.am.gov.br\/semcom\/prefeitura-semtepi-sine-manaus-vagas1103-2\/","title":{"rendered":"Sine Manaus oferta 329 vagas de emprego nesta quarta\u2013feira, 11\/3"},"content":{"rendered":"\n<p>A <a href=\"https:\/\/www.manaus.am.gov.br\/\">Prefeitura de Manaus<\/a>, por meio do Sine Manaus, oferta 329 vagas de emprego em v\u00e1rias \u00e1reas de atua\u00e7\u00e3o, nesta quarta-feira, 11\/3,\u00a0das 8h \u00e0s 14h. O candidato pode validar a Carteira Digital e Previd\u00eancia Social (CTPS) no aplicativo \u201cCarteira de Trabalho Digital\u201d ou acessar o site\u00a0<a href=\"http:\/\/gov.br\/trabalho\">http:\/\/gov.br\/trabalho<\/a>.<\/p>\n\n\n\n<p>Para participar da pr\u00e9\u2013sele\u00e7\u00e3o e concorrer a uma das vagas dispon\u00edveis, ou receber orienta\u00e7\u00e3o de cadastro, Carteira de Trabalho Digital e seguro\u2013desemprego, os candidatos devem comparecer a um dos postos do Sine Manaus: na avenida Constantino Nery, n\u00ba 1.272, bairro S\u00e3o Geraldo, zona Centro\u2013Sul; ou no shopping Phelippe Daou, na avenida Camapu\u00e3, n\u00ba 2.939, bairro Cidade de Deus, zona Norte.<\/p>\n\n\n\n<p>Os interessados devem estar munidos do comprovante de vacina\u00e7\u00e3o (Covid\u201319), curr\u00edculo, certificados de cursos e documentos pessoais (RG, CPF, PIS, CTPS, comprovante de escolaridade e resid\u00eancia). N\u00e3o \u00e9 necess\u00e1rio apresentar c\u00f3pias, somente os documentos originais.<\/p>\n\n\n\n<p>\u00c9 importante que os candidatos mantenham seus cadastros atualizados, especialmente ao finalizarem novas qualifica\u00e7\u00f5es. Para vagas espec\u00edficas, podem ser solicitados documentos adicionais, como cursos ou certifica\u00e7\u00f5es, por isso, \u00e9 essencial estar atento aos &#8220;Requisitos Obrigat\u00f3rios&#8221; de cada vaga.<\/p>\n\n\n\n<p>A Semtepi ressalta que, obedecendo ao disposto no artigo 5\u00ba, da Constitui\u00e7\u00e3o Federal, e ao artigo 373\u2013A, da Consolida\u00e7\u00e3o das Leis Trabalhistas (CLT), crit\u00e9rios referentes a sexo, idade, cor ou situa\u00e7\u00e3o familiar, n\u00e3o podem ser informados na divulga\u00e7\u00e3o das vagas disponibilizadas.<\/p>\n\n\n\n<p>Os candidatos devem estar cientes das diretrizes de vestimenta estabelecidas pelo \u00f3rg\u00e3o, as quais incluem a proibi\u00e7\u00e3o de vestimentas como bermudas, shorts, minissaias, camisetas regatas e chinelos durante a entrada.<\/p>\n\n\n\n<p><strong>VAGAS NOVAS \u2013 52<\/strong><\/p>\n\n\n\n<p><strong>5 vagas \u2013 Auxiliar de Servi\u00e7os Gerais \u2013 Vagas destinadas para Pessoa com Defici\u00eancia (PCD)<\/strong><\/p>\n\n\n\n<p><strong>Escolaridade \u2013<\/strong> ensino fundamental completo;<\/p>\n\n\n\n<p><strong>Experi\u00eancia \u2013 <\/strong>seis meses na Carteira de Trabalho ou avulso;<\/p>\n\n\n\n<p><strong>Requisitos Obrigat\u00f3rios <\/strong>\u2013 ter documenta\u00e7\u00e3o completa;<\/p>\n\n\n\n<p><strong>Atividades \u2013 <\/strong>demolem edifica\u00e7\u00f5es de concreto, de alvenaria e outras estruturas; preparam canteiros de obras, limpando a \u00e1rea e compactando solos, efetuam manuten\u00e7\u00e3o de primeiro n\u00edvel, limpando m\u00e1quinas e ferramentas, verificando condi\u00e7\u00f5es dos equipamentos e reparando eventuais defeitos mec\u00e2nicos nos mesmos, realizam escava\u00e7\u00f5es e preparam massa de concreto e outros materiais.<\/p>\n\n\n\n<p><strong>Dispon\u00edvel at\u00e9 11\/03\/2026 ou encerramento da vaga.<\/strong><\/p>\n\n\n\n<p><strong>4 vagas \u2013 Assistente Administrativo \u2013 Vagas destinadas para Pessoa com Defici\u00eancia (PCD)<\/strong><\/p>\n\n\n\n<p><strong>Escolaridade \u2013<\/strong> ensino m\u00e9dio completo;<\/p>\n\n\n\n<p><strong>Experi\u00eancia \u2013 <\/strong>seis meses na Carteira de Trabalho ou avulso;<\/p>\n\n\n\n<p><strong>Requisitos Obrigat\u00f3rios <\/strong>\u2013 ter curso de inform\u00e1tica b\u00e1sica e ter documenta\u00e7\u00e3o completa;<\/p>\n\n\n\n<p><strong>Atividades \u2013 <\/strong>dar suporte em \u00e1reas como recursos humanos, administra\u00e7\u00e3o, finan\u00e7as e log\u00edstica, al\u00e9m de atender clientes e fornecedores, tratar e arquivar documentos e auxiliar na elabora\u00e7\u00e3o de relat\u00f3rios e planilhas.<\/p>\n\n\n\n<p><strong>Dispon\u00edvel at\u00e9 11\/03\/2026 ou encerramento da vaga.<\/strong><\/p>\n\n\n\n<p><strong>5 vagas \u2013 Art\u00edfice<\/strong><\/p>\n\n\n\n<p><strong>Escolaridade \u2013<\/strong> ensino m\u00e9dio completo;<\/p>\n\n\n\n<p><strong>Experi\u00eancia \u2013 <\/strong>seis meses na Carteira de Trabalho;<\/p>\n\n\n\n<p><strong>Requisitos Obrigat\u00f3rios <\/strong>\u2013 ter curso NR 10, NR 32, NR 35, NR 34 e ter documenta\u00e7\u00e3o completa (com dispensa militar);<\/p>\n\n\n\n<p><strong>Atividades \u2013 <\/strong>realizar atividades de manuten\u00e7\u00e3o predial em geral, realizar reparos e cuidar da conserva\u00e7\u00e3o e manuten\u00e7\u00e3o das depend\u00eancias da unidade, desmontar e fazer ajustes necess\u00e1rios dos equipamentos.<\/p>\n\n\n\n<p><strong>Dispon\u00edvel at\u00e9 11\/03\/2026 ou encerramento da vaga.<\/strong><\/p>\n\n\n\n<p><strong>3 vagas \u2013 Atendente de Call Center<\/strong><\/p>\n\n\n\n<p><strong>Escolaridade \u2013<\/strong> ensino m\u00e9dio completo;<\/p>\n\n\n\n<p><strong>Experi\u00eancia \u2013 <\/strong>seis meses na Carteira de Trabalho;<\/p>\n\n\n\n<p><strong>Requisitos Obrigat\u00f3rios <\/strong>\u2013 ter curso&nbsp; atendimento ao cliente, telemarketing ou vendas e ter documenta\u00e7\u00e3o completa;<\/p>\n\n\n\n<p><strong>Atividades \u2013 <\/strong>contato ativo com clientes da base para agendamento de manuten\u00e7\u00f5es peri\u00f3dicas (troca de refil a cada 6 meses), atendimento a clientes de forma receptiva, esclarecendo d\u00favidas e oferecendo solu\u00e7\u00f5es, oferecimento de servi\u00e7os, or\u00e7amentos e condi\u00e7\u00f5es de pagamento, negocia\u00e7\u00e3o e outras atividades pertinentes confirma\u00e7\u00e3o de dados cadastrais e organiza\u00e7\u00e3o da agenda de atendimentos por rotam excel\u00eancia no atendimento e satisfa\u00e7\u00e3o do cliente.<\/p>\n\n\n\n<p><strong>Dispon\u00edvel at\u00e9 11\/03\/2026 ou encerramento da vaga.<\/strong><\/p>\n\n\n\n<p><strong>1 vaga \u2013 Agente de Portaria<\/strong><\/p>\n\n\n\n<p><strong>Escolaridade \u2013<\/strong> ensino m\u00e9dio completo;<\/p>\n\n\n\n<p><strong>Experi\u00eancia \u2013 <\/strong>seis meses na Carteira de Trabalho;<\/p>\n\n\n\n<p><strong>Requisitos Obrigat\u00f3rios <\/strong>\u2013 ter curso de agente de portaria e ter documenta\u00e7\u00e3o completa (com dispensa militar);<\/p>\n\n\n\n<p><strong>Atividades \u2013 <\/strong>zelar pela guarda do patrim\u00f4nio e exercer a vigil\u00e2ncia de f\u00e1bricas, armaz\u00e9ns, resid\u00eancias, estacionamentos, edif\u00edcios p\u00fablicos, privados e outros estabelecimentos, percorrendo\u2013os sistematicamente e inspecionando suas depend\u00eancias, para evitar inc\u00eandios, roubos, entrada de pessoas estranhas e outras anormalidades, controlar fluxo de pessoas, identificar, orientar e encaminhar para os lugares desejados, escoltar pessoas e mercadorias, fazer manuten\u00e7\u00f5es simples nos locais de trabalho.<\/p>\n\n\n\n<p><strong>Dispon\u00edvel at\u00e9 11\/03\/2026 ou encerramento da vaga.<\/strong><\/p>\n\n\n\n<p><strong>1 vaga \u2013 Encarregado de Obra<\/strong><\/p>\n\n\n\n<p><strong>Escolaridade \u2013<\/strong> ensino m\u00e9dio completo;<\/p>\n\n\n\n<p><strong>Experi\u00eancia \u2013 <\/strong>seis meses na Carteira de Trabalho;<\/p>\n\n\n\n<p><strong>Requisitos Obrigat\u00f3rios <\/strong>\u2013 ter Carteira Nacional de Habilita\u00e7\u00e3o categorias (A) ou (B),&nbsp; ve\u00edculo pr\u00f3prio e ter documenta\u00e7\u00e3o completa;<\/p>\n\n\n\n<p><strong>Atividades \u2013 <\/strong>supervisionar equipes de trabalhadores da constru\u00e7\u00e3o civil que atuar\u00e3o em usinas de concreto, canteiros de obras civis e ferrovias,elaborar documenta\u00e7\u00e3o t\u00e9cnica e controlar os recursos produtivos da obra (arranjos f\u00edsicos, equipamentos, materiais, insumos e equipes de trabalho), controlar padr\u00f5es produtivos da obra tais como inspe\u00e7\u00e3o da qualidade dos materiais e insumos utilizados, orienta\u00e7\u00e3o sobre especifica\u00e7\u00e3o, fluxo e movimenta\u00e7\u00e3o dos materiais e sobre medidas de seguran\u00e7a dos locais e equipamentos da obra, administrar o cronograma da obra.<\/p>\n\n\n\n<p><strong>Dispon\u00edvel at\u00e9 11\/03\/2026 ou encerramento da vaga.<\/strong><\/p>\n\n\n\n<p><strong>5 vagas \u2013 Agente de Portaria<\/strong><\/p>\n\n\n\n<p><strong>Escolaridade \u2013<\/strong> ensino m\u00e9dio completo;<\/p>\n\n\n\n<p><strong>Experi\u00eancia \u2013 <\/strong>seis meses na Carteira de Trabalho;<\/p>\n\n\n\n<p><strong>Requisitos Obrigat\u00f3rios <\/strong>\u2013 ter curso de agente de portaria, ter disponibilidade de hor\u00e1rio e ter documenta\u00e7\u00e3o completa;<\/p>\n\n\n\n<p><strong>Atividades \u2013 <\/strong>zelar pela guarda do patrim\u00f4nio e exercer a vigil\u00e2ncia de f\u00e1bricas, armaz\u00e9ns, resid\u00eancias, estacionamentos, edif\u00edcios p\u00fablicos, privados e outros estabelecimentos, percorrendo\u2013os sistematicamente e inspecionando suas depend\u00eancias, para evitar inc\u00eandios, roubos, entrada de pessoas estranhas e outras anormalidades, controlar fluxo de pessoas, identificar, orientar e encaminhar para os lugares desejados, escoltar pessoas e mercadorias, fazer manuten\u00e7\u00f5es simples nos locais de trabalho.<\/p>\n\n\n\n<p><strong>Dispon\u00edvel at\u00e9 11\/03\/2026 ou encerramento da vaga.<\/strong><\/p>\n\n\n\n<p><strong>10 vagas \u2013 Auxiliar de Limpeza<\/strong><\/p>\n\n\n\n<p><strong>Escolaridade \u2013<\/strong> ensino fundamental completo;<\/p>\n\n\n\n<p><strong>Experi\u00eancia \u2013 <\/strong>seis meses na Carteira de Trabalho;<\/p>\n\n\n\n<p><strong>Requisitos Obrigat\u00f3rios <\/strong>\u2013 ter experi\u00eancia em hospital ou Ind\u00fastria, residir nas zonas norte ou leste e ter documenta\u00e7\u00e3o completa (com dispensa militar);<\/p>\n\n\n\n<p><strong>Atividades \u2013 <\/strong>conserva\u00e7\u00e3o e limpeza em ambientes internos e externos da f\u00e1brica, operar equipamentos de limpeza e higieniza\u00e7\u00e3o, entre outras atividades correlatas \u00e0 fun\u00e7\u00e3o.<\/p>\n\n\n\n<p><strong>Dispon\u00edvel at\u00e9 11\/03\/2026 ou encerramento da vaga.<\/strong><\/p>\n\n\n\n<p><strong>5 vagas \u2013 Auxiliar de Log\u00edstica<\/strong><\/p>\n\n\n\n<p><strong>Escolaridade \u2013<\/strong> ensino m\u00e9dio completo;<\/p>\n\n\n\n<p><strong>Experi\u00eancia \u2013 <\/strong>tres meses na Carteira de Trabalho;<\/p>\n\n\n\n<p><strong>Requisitos Obrigat\u00f3rios <\/strong>\u2013 ter documenta\u00e7\u00e3o completa (com dispensa militar);<\/p>\n\n\n\n<p><strong>Atividades \u2013 <\/strong>pode estar envolvido na carga e descarga de ve\u00edculos, verificando os itens conforme s\u00e3o carregados e descarregados, ele tamb\u00e9m pode auxiliar na organiza\u00e7\u00e3o das rotas de entrega, garantindo que os produtos sejam entregues de forma eficiente e no prazo.<\/p>\n\n\n\n<p><strong>Dispon\u00edvel at\u00e9 11\/03\/2026 ou encerramento da vaga.<\/strong><\/p>\n\n\n\n<p><strong>1 vaga \u2013 Servi\u00e7os Gerais<\/strong><\/p>\n\n\n\n<p><strong>Escolaridade \u2013<\/strong> ensino fundamental completo;<\/p>\n\n\n\n<p><strong>Experi\u00eancia \u2013 <\/strong>n\u00e3o \u00e9 necess\u00e1rio;<\/p>\n\n\n\n<p><strong>Requisitos Obrigat\u00f3rios <\/strong>\u2013 ter documenta\u00e7\u00e3o completa (com dispensa militar);<\/p>\n\n\n\n<p><strong>Atividades \u2013 <\/strong>profissional faxineiro, respons\u00e1vel pela limpeza, higieniza\u00e7\u00e3o e conserva\u00e7\u00e3o de ambientes residenciais, comerciais e industriais.<\/p>\n\n\n\n<p><strong>Dispon\u00edvel at\u00e9 11\/03\/2026 ou encerramento da vaga.<\/strong><\/p>\n\n\n\n<p><strong>2 vagas \u2013 Auxiliar de Servi\u00e7os Gerais<\/strong><\/p>\n\n\n\n<p><strong>Escolaridade \u2013<\/strong> ensino m\u00e9dio completo;<\/p>\n\n\n\n<p><strong>Experi\u00eancia \u2013&nbsp; <\/strong>seis meses na Carteira de Trabalho;<\/p>\n\n\n\n<p><strong>Requisitos Obrigat\u00f3rios <\/strong>\u2013 ter documenta\u00e7\u00e3o completa;<\/p>\n\n\n\n<p><strong>Atividades \u2013 <\/strong>respons\u00e1vel por manter a limpeza, conserva\u00e7\u00e3o e organiza\u00e7\u00e3o de ambientes internos e externos, como empresas, condom\u00ednios e escolas.<\/p>\n\n\n\n<p><strong>Dispon\u00edvel at\u00e9 11\/03\/2026 ou encerramento da vaga.<\/strong><\/p>\n\n\n\n<p><strong>2 vagas \u2013 Servente de Obras<\/strong><\/p>\n\n\n\n<p><strong>Escolaridade \u2013<\/strong> ensino fundamental&nbsp; incompleto;<\/p>\n\n\n\n<p><strong>Experi\u00eancia \u2013&nbsp; <\/strong>seis meses na Carteira de Trabalho;<\/p>\n\n\n\n<p><strong>Requisitos Obrigat\u00f3rios <\/strong>\u2013 ter documenta\u00e7\u00e3o completa (com dispensa militar);<\/p>\n\n\n\n<p><strong>Atividades \u2013 <\/strong>realizar servi\u00e7os de apoio na constru\u00e7\u00e3o civil, como transporte de materiais, prepara\u00e7\u00e3o de massa, limpeza e organiza\u00e7\u00e3o do canteiro.<\/p>\n\n\n\n<p><strong>Dispon\u00edvel at\u00e9 11\/03\/2026 ou encerramento da vaga.<\/strong><\/p>\n\n\n\n<p><strong>2 vagas \u2013 Pedreiro<\/strong><\/p>\n\n\n\n<p><strong>Escolaridade \u2013<\/strong> ensino fundamental&nbsp; incompleto;<\/p>\n\n\n\n<p><strong>Experi\u00eancia \u2013&nbsp; <\/strong>seis meses na Carteira de Trabalho;<\/p>\n\n\n\n<p><strong>Requisitos Obrigat\u00f3rios <\/strong>\u2013 ter documenta\u00e7\u00e3o completa (com dispensa militar);<\/p>\n\n\n\n<p><strong>Atividades \u2013 <\/strong>atua na constru\u00e7\u00e3o civil levantando estruturas, alvenarias, paredes, muros e alicerces.<\/p>\n\n\n\n<p><strong>Dispon\u00edvel at\u00e9 11\/03\/2026 ou encerramento da vaga.<\/strong><\/p>\n\n\n\n<p><strong>2 vagas \u2013 Motofretista<\/strong><\/p>\n\n\n\n<p><strong>Escolaridade \u2013<\/strong> ensino m\u00e9dio completo;<\/p>\n\n\n\n<p><strong>Experi\u00eancia \u2013&nbsp; <\/strong>n\u00e3o \u00e9 necess\u00e1rio;<\/p>\n\n\n\n<p><strong>Requisitos Obrigat\u00f3rios <\/strong>\u2013 ter Carteira Nacional de Habilita\u00e7\u00e3o categorias (A), ve\u00edculo pr\u00f3prio e ter documenta\u00e7\u00e3o completa (com dispensa militar);<\/p>\n\n\n\n<p><strong>Atividades \u2013 <\/strong>coletam e entregam documentos, valores, mercadorias e encomendas, transportam pessoas, realizam servi\u00e7os de pagamento e cobran\u00e7a, roteirizar entregas e coletas, localizam e conferem destinat\u00e1rios e endere\u00e7os, emitem e coletam recibos do material transportado.<\/p>\n\n\n\n<p><strong>Dispon\u00edvel at\u00e9 11\/03\/2026 ou encerramento da vaga.<\/strong><\/p>\n\n\n\n<p><strong>1 vaga \u2013 Estoquista<\/strong><\/p>\n\n\n\n<p><strong>Escolaridade \u2013<\/strong> ensino m\u00e9dio completo;<\/p>\n\n\n\n<p><strong>Experi\u00eancia \u2013&nbsp; <\/strong>registrada na Carteira de Trabalho;<\/p>\n\n\n\n<p><strong>Requisitos Obrigat\u00f3rios <\/strong>\u2013 ter conhecimento em pe\u00e7as de moto e ter documenta\u00e7\u00e3o completa (com dispensa militar);<\/p>\n\n\n\n<p><strong>Atividades \u2013 <\/strong>respons\u00e1vel por gerenciar o fluxo de mercadorias, incluindo recebimento, confer\u00eancia, organiza\u00e7\u00e3o, armazenagem e invent\u00e1rio de produtos.<\/p>\n\n\n\n<p><strong>Dispon\u00edvel at\u00e9 11\/03\/2026 ou encerramento da vaga.<\/strong><\/p>\n\n\n\n<p><strong>1 vaga \u2013 Motorista Carreteiro<\/strong><\/p>\n\n\n\n<p><strong>Escolaridade \u2013<\/strong> ensino m\u00e9dio completo;<\/p>\n\n\n\n<p><strong>Experi\u00eancia \u2013&nbsp; <\/strong>registrada na Carteira de Trabalho;<\/p>\n\n\n\n<p><strong>Requisitos Obrigat\u00f3rios <\/strong>\u2013 ter Carteira Nacional de Habilita\u00e7\u00e3o categorias (E), curso Mopp e ter documenta\u00e7\u00e3o completa (com dispensa militar);<\/p>\n\n\n\n<p><strong>Atividades \u2013 <\/strong>movimentam cargas volumosas e pesadas, podem, tamb\u00e9m, operar equipamentos, realizar inspe\u00e7\u00f5es e reparos em ve\u00edculos, vistoriar cargas, al\u00e9m de verificar documenta\u00e7\u00e3o de ve\u00edculos e de cargas.<\/p>\n\n\n\n<p><strong>Dispon\u00edvel at\u00e9 11\/03\/2026 ou encerramento da vaga.<\/strong><\/p>\n\n\n\n<p><strong>1 vaga \u2013 Atendente<\/strong><\/p>\n\n\n\n<p><strong>Escolaridade \u2013<\/strong> ensino m\u00e9dio completo;<\/p>\n\n\n\n<p><strong>Experi\u00eancia \u2013&nbsp; <\/strong>n\u00e3o \u00e9 necess\u00e1rio;<\/p>\n\n\n\n<p><strong>Requisitos Obrigat\u00f3rios <\/strong>\u2013 ter documenta\u00e7\u00e3o completa;<\/p>\n\n\n\n<p><strong>Atividades \u2013 <\/strong>receber, acolher e direcionar clientes, entendendo suas necessidades e oferecendo solu\u00e7\u00f5es.<\/p>\n\n\n\n<p><strong>Dispon\u00edvel at\u00e9 11\/03\/2026 ou encerramento da vaga.<\/strong><\/p>\n\n\n\n<p><strong>1 vaga \u2013 Almoxarife \u2013 Vagas destinadas para Pessoa com Defici\u00eancia (PCD)<\/strong><\/p>\n\n\n\n<p><strong>Escolaridade \u2013<\/strong> ensino m\u00e9dio completo;<\/p>\n\n\n\n<p><strong>Experi\u00eancia \u2013 <\/strong>seis meses na Carteira de Trabalho ou avulso;<\/p>\n\n\n\n<p><strong>Requisitos Obrigat\u00f3rios <\/strong>\u2013 ter curso pacote office e ter documenta\u00e7\u00e3o completa (com dispensa militar);<\/p>\n\n\n\n<p><strong>Atividades \u2013 <\/strong>respons\u00e1vel por gerenciar o estoque, recebendo, conferindo, armazenando e distribuindo materiais e produtos em empresas.<\/p>\n\n\n\n<p><strong>Dispon\u00edvel at\u00e9 11\/03\/2026 ou encerramento da vaga.<\/strong><\/p>\n\n\n\n<p><strong>VAGAS NO COM\u00c9RCIO \u2013 27<\/strong><\/p>\n\n\n\n<p><strong>2 vagas \u2013 Churrasqueiro<\/strong><\/p>\n\n\n\n<p><strong>Escolaridade \u2013<\/strong> ensino fundamental completo;<\/p>\n\n\n\n<p><strong>Experi\u00eancia \u2013 <\/strong>seis meses na Carteira de Trabalho;<\/p>\n\n\n\n<p><strong>Requisitos Obrigat\u00f3rios <\/strong>\u2013 ter curso de agente de portaria e ter documenta\u00e7\u00e3o completa (com dispensa militar);<\/p>\n\n\n\n<p><strong>Atividades \u2013 <\/strong>respons\u00e1vel por todo o processo de um churrasco, abrangendo desde a sele\u00e7\u00e3o, preparo e tempero das carnes at\u00e9 o controle do fogo (brasa), assamento no ponto ideal e corte para servir.<\/p>\n\n\n\n<p><strong>Dispon\u00edvel at\u00e9 11\/03\/2026 ou encerramento da vaga.<\/strong><\/p>\n\n\n\n<p><strong>1 vaga \u2013 Cartazeiro<\/strong><\/p>\n\n\n\n<p><strong>Escolaridade \u2013<\/strong> ensino m\u00e9dio completo;<\/p>\n\n\n\n<p><strong>Experi\u00eancia \u2013 <\/strong>seis meses na Carteira de Trabalho;<\/p>\n\n\n\n<p><strong>Requisitos Obrigat\u00f3rios <\/strong>\u2013 ter documenta\u00e7\u00e3o completa;<\/p>\n\n\n\n<p><strong>Atividades \u2013 <\/strong>respons\u00e1vel por fazer e anexar cartazes e etiquetas conforme os padr\u00f5es de marketing e comunica\u00e7\u00e3o visual pr\u00e9 estabelecidos, confeccionar cartazes conforme requisi\u00e7\u00e3o com a utiliza\u00e7\u00e3o de m\u00e1quinas espec\u00edficas e anexar nos pontos da \u00e1rea de venda, participar da decora\u00e7\u00e3o da loja conforme padr\u00f5es de marketing e comunica\u00e7\u00e3o visual pr\u00e9\u2013estabelecidos, afixar os cartazes e etiquetas na \u00e1rea de venda e vistoriar a necessidade de cartazes avariados para realizar novas confec\u00e7\u00f5es, prestar suporte a todas as \u00e1reas confeccionando cartazes e banners.<\/p>\n\n\n\n<p><strong>Dispon\u00edvel at\u00e9 11\/03\/2026 ou encerramento da vaga.<\/strong><\/p>\n\n\n\n<p><strong>2 vagas \u2013 Saladeiro<\/strong><\/p>\n\n\n\n<p><strong>Escolaridade \u2013<\/strong> ensino fundamental completo;<\/p>\n\n\n\n<p><strong>Experi\u00eancia \u2013 <\/strong>seis meses na Carteira de Trabalho;<\/p>\n\n\n\n<p><strong>Requisitos Obrigat\u00f3rios <\/strong>\u2013 ter documenta\u00e7\u00e3o completa;<\/p>\n\n\n\n<p><strong>Atividades \u2013 <\/strong>respons\u00e1vel por higienizar, cortar e preparar verduras, legumes, frutas, molhos e pastas, montando saladas e pratos frios de forma atrativa, entre outras atividades correlatas \u00e0 fun\u00e7\u00e3o.<\/p>\n\n\n\n<p><strong>Dispon\u00edvel at\u00e9 11\/03\/2026 ou encerramento da vaga.<\/strong><\/p>\n\n\n\n<p><strong>1 vaga \u2013 Padeiro<\/strong><\/p>\n\n\n\n<p><strong>Escolaridade \u2013<\/strong> ensino m\u00e9dio completo;<\/p>\n\n\n\n<p><strong>Experi\u00eancia \u2013 <\/strong>registrada na Carteira de Trabalho;<\/p>\n\n\n\n<p><strong>Requisitos Obrigat\u00f3rios <\/strong>\u2013 ter documenta\u00e7\u00e3o completa;<\/p>\n\n\n\n<p><strong>Atividades \u2013 <\/strong>produzir p\u00e3es e derivados e manter limpo e organizado o seu setor de trabalho.<\/p>\n\n\n\n<p><strong>Dispon\u00edvel at\u00e9 11\/03\/2026 ou encerramento da vaga.<\/strong><\/p>\n\n\n\n<p><strong>1 vaga \u2013 Auxiliar de Padaria<\/strong><\/p>\n\n\n\n<p><strong>Escolaridade \u2013<\/strong> ensino m\u00e9dio completo;<\/p>\n\n\n\n<p><strong>Experi\u00eancia \u2013 <\/strong>seis meses Carteira de Trabalho;<\/p>\n\n\n\n<p><strong>Requisitos Obrigat\u00f3rios <\/strong>\u2013 ter documenta\u00e7\u00e3o completa;<\/p>\n\n\n\n<p><strong>Atividades \u2013 <\/strong>auxiliar o padeiro na confec\u00e7\u00e3o dos produtos, lavar os equipamentos e utens\u00edlios, manter o local limpo e organizado do seu setor de trabalho.<\/p>\n\n\n\n<p><strong>Dispon\u00edvel at\u00e9 11\/03\/2026 ou encerramento da vaga.<\/strong><\/p>\n\n\n\n<p><strong>1 vaga \u2013 Auxiliar Administrativo<\/strong><\/p>\n\n\n\n<p><strong>Escolaridade \u2013<\/strong> ensino m\u00e9dio completo;<\/p>\n\n\n\n<p><strong>Experi\u00eancia \u2013 <\/strong>seis meses na Carteira de Trabalho;<\/p>\n\n\n\n<p><strong>Requisitos Obrigat\u00f3rios <\/strong>\u2013 ter Carteira Nacional de Habilita\u00e7\u00e3o categorias (AB), conhecimento b\u00e1sico de inform\u00e1tica pacote office ou similar e ter documenta\u00e7\u00e3o completa (com dispensa militar);<\/p>\n\n\n\n<p><strong>Atividades \u2013 <\/strong>apoiar a gest\u00e3o de empresas executando rotinas di\u00e1rias como organiza\u00e7\u00e3o de documentos, atendimento a clientes\/fornecedores, controle de agendas, alimenta\u00e7\u00e3o de planilhas e suporte financeiro (emiss\u00e3o de notas, contas).<\/p>\n\n\n\n<p><strong>Dispon\u00edvel at\u00e9 11\/03\/2026 ou encerramento da vaga.<\/strong><\/p>\n\n\n\n<p><strong>2 vagas \u2013 Servi\u00e7os Gerais<\/strong><\/p>\n\n\n\n<p><strong>Escolaridade \u2013<\/strong> ensino m\u00e9dio completo;<\/p>\n\n\n\n<p><strong>Experi\u00eancia \u2013 <\/strong>seis meses na Carteira de Trabalho;<\/p>\n\n\n\n<p><strong>Requisitos Obrigat\u00f3rios <\/strong>\u2013 ter documenta\u00e7\u00e3o completa;<\/p>\n\n\n\n<p><strong>Atividades \u2013 <\/strong>respons\u00e1vel pela limpeza, conserva\u00e7\u00e3o e manuten\u00e7\u00e3o de ambientes internos e externos, suas fun\u00e7\u00f5es incluem varrer, lavar, tirar lixo, organizar espa\u00e7os, realizar pequenos reparos (el\u00e9trica\/hidr\u00e1ulica), cuidar de jardins e reposi\u00e7\u00e3o de materiais, garantindo a organiza\u00e7\u00e3o e funcionamento de empresas.<\/p>\n\n\n\n<p><strong>Dispon\u00edvel at\u00e9 11\/03\/2026 ou encerramento da vaga.<\/strong><\/p>\n\n\n\n<p><strong>4 vagas \u2013 Auxiliar de Confeiteiro<\/strong><\/p>\n\n\n\n<p><strong>Escolaridade \u2013<\/strong> ensino fundamental completo;<\/p>\n\n\n\n<p><strong>Experi\u00eancia \u2013 <\/strong>tres meses na Carteira de Trabalho ou avulsa;<\/p>\n\n\n\n<p><strong>Requisitos Obrigat\u00f3rios <\/strong>\u2013 ter documenta\u00e7\u00e3o completa;<\/p>\n\n\n\n<p><strong>Atividades \u2013 <\/strong>preparar ingredientes (pesagem\/mis\u2013en\u2013place), auxiliar na produ\u00e7\u00e3o de massas, recheios e coberturas, decora produtos simples, montar vitrines e higienizar utens\u00edlios e equipamentos, tamb\u00e9m atua no controle de estoque, verificar validade de produtos e mant\u00e9m a organiza\u00e7\u00e3o e limpeza da cozinha.<\/p>\n\n\n\n<p><strong>Dispon\u00edvel at\u00e9 11\/03\/2026 ou encerramento da vaga.<\/strong><\/p>\n\n\n\n<p><strong>4 vagas \u2013 Confeiteiro<\/strong><\/p>\n\n\n\n<p><strong>Escolaridade \u2013<\/strong> ensino fundamental completo;<\/p>\n\n\n\n<p><strong>Experi\u00eancia \u2013 <\/strong>tres meses na Carteira de Trabalho ou avulsa;<\/p>\n\n\n\n<p><strong>Requisitos Obrigat\u00f3rios <\/strong>\u2013 ter documenta\u00e7\u00e3o completa;<\/p>\n\n\n\n<p><strong>Atividades \u2013 <\/strong>prepara, assa e decora bolos, doces, tortas, biscoitos e sobremesas, equilibrando sabor, texturas e apelo visual, suas atividades incluem o controle de estoque, preparo de massas e recheios, opera\u00e7\u00e3o de maquin\u00e1rio, rigor com a higiene e, muitas vezes, a cria\u00e7\u00e3o de novas receitas e atendimento personalizado ao cliente.<\/p>\n\n\n\n<p><strong>Dispon\u00edvel at\u00e9 11\/03\/2026 ou encerramento da vaga.<\/strong><\/p>\n\n\n\n<p><strong>6 vagas \u2013 Motorista de Caminh\u00e3o<\/strong><\/p>\n\n\n\n<p><strong>Escolaridade \u2013<\/strong> ensino m\u00e9dio completo;<\/p>\n\n\n\n<p><strong>Experi\u00eancia \u2013 <\/strong>registrada na Carteira de Trabalho;<\/p>\n\n\n\n<p><strong>Requisitos Obrigat\u00f3rios <\/strong>\u2013 ter Carteira Nacional de Habilita\u00e7\u00e3o categorias (D) e ter documenta\u00e7\u00e3o completa (com dispensa militar);<\/p>\n\n\n\n<p><strong>Atividades \u2013 <\/strong>transportam, coletam e entregam cargas em geral, movimentam cargas volumosas e pesadas, podem, tamb\u00e9m, operar equipamentos, realizar inspe\u00e7\u00f5es e reparos em ve\u00edculos, vistoriar cargas, al\u00e9m de verificar documenta\u00e7\u00e3o de ve\u00edculos e de cargas, definem rotas e asseguram a regularidade do transporte.<\/p>\n\n\n\n<p><strong>Dispon\u00edvel at\u00e9 11\/03\/2026 ou encerramento da vaga.<\/strong><\/p>\n\n\n\n<p><strong>1 vaga \u2013 Operadora de Caixa<\/strong><\/p>\n\n\n\n<p><strong>Escolaridade \u2013<\/strong> ensino m\u00e9dio completo;<\/p>\n\n\n\n<p><strong>Experi\u00eancia \u2013 <\/strong>seis meses na Carteira de Trabalho;<\/p>\n\n\n\n<p><strong>Requisitos Obrigat\u00f3rios <\/strong>\u2013 ter documenta\u00e7\u00e3o completa;<\/p>\n\n\n\n<p><strong>Atividades \u2013 <\/strong>respons\u00e1vel por gerenciar todas as transa\u00e7\u00f5es financeiras, garantindo que cada compra seja processada de forma eficiente e precisa, no dia a dia, suas tarefas incluem registrar produtos, receber pagamentos em dinheiro ou cart\u00f5es, emitir recibos e troco, e manter o caixa equilibrado e organizado.<\/p>\n\n\n\n<p><strong>Dispon\u00edvel at\u00e9 11\/03\/2026 ou encerramento da vaga.<\/strong><\/p>\n\n\n\n<p><strong>1 vaga \u2013 Art\u00edfice de Manuten\u00e7\u00e3o<\/strong><\/p>\n\n\n\n<p><strong>Escolaridade \u2013<\/strong> ensino m\u00e9dio completo;<\/p>\n\n\n\n<p><strong>Experi\u00eancia \u2013 <\/strong>seis meses na Carteira de Trabalho;<\/p>\n\n\n\n<p><strong>Requisitos Obrigat\u00f3rios <\/strong>\u2013 ter curso de NR 10, NR 35, disponibilidade de hor\u00e1rio e ter documenta\u00e7\u00e3o completa (com dispensa militar);<\/p>\n\n\n\n<p><strong>Atividades \u2013 <\/strong>atuar como auxiliar de manuten\u00e7\u00e3o el\u00e9trica, hidr\u00e1ulica e predial, manuten\u00e7\u00e3o multifuncional respons\u00e1vel por realizar pequenos reparos e conserva\u00e7\u00e3o em edifica\u00e7\u00f5es.<\/p>\n\n\n\n<p><strong>Dispon\u00edvel at\u00e9 11\/03\/2026 ou encerramento da vaga.<\/strong><\/p>\n\n\n\n<p><strong>1 vaga \u2013 Repositor<\/strong><\/p>\n\n\n\n<p><strong>Escolaridade \u2013<\/strong> ensino m\u00e9dio completo;<\/p>\n\n\n\n<p><strong>Experi\u00eancia \u2013 <\/strong>seis meses na Carteira de Trabalho;<\/p>\n\n\n\n<p><strong>Requisitos Obrigat\u00f3rios <\/strong>\u2013 ter documenta\u00e7\u00e3o completa (com dispensa militar);<\/p>\n\n\n\n<p><strong>Atividades \u2013 <\/strong>abastecer prateleiras, organizar g\u00f4ndolas e controlar o estoque em supermercados e lojas, garantindo que os produtos estejam dispon\u00edveis, precificados e dentro da validade para o cliente.<\/p>\n\n\n\n<p><strong>Dispon\u00edvel at\u00e9 11\/03\/2026 ou encerramento da vaga.<\/strong><\/p>\n\n\n\n<p><strong>VAGAS NA IND\u00daSTRIA \u2013 56<\/strong><\/p>\n\n\n\n<p><strong>50 vagas \u2013 Auxiliar de Linha de Produ\u00e7\u00e3o<\/strong><\/p>\n\n\n\n<p><strong>Escolaridade \u2013 <\/strong>ensino fundamental incompleto;<\/p>\n\n\n\n<p><strong>Experi\u00eancia \u2013<\/strong> n\u00e3o \u00e9 necess\u00e1rio;<\/p>\n\n\n\n<p><strong>Requisitos Obrigat\u00f3rios \u2013 <\/strong>a vaga \u00e9 destinada para candidatos que est\u00e3o em busca de novos desafios; o candidato vai precisar morar em: V\u00e1rzea Grande (MT) e ter documenta\u00e7\u00e3o completa (com dispensa militar);<\/p>\n\n\n\n<p><strong>Atividades \u2013 <\/strong>respons\u00e1vel por executar atividades operacionais em setores de apoio ou produ\u00e7\u00e3o de frios, visando garantir a manuten\u00e7\u00e3o, organiza\u00e7\u00e3o, limpeza ou opera\u00e7\u00e3o de atividades na unidade.<\/p>\n\n\n\n<p><strong>Dispon\u00edvel at\u00e9 10\/02\/2026 ou encerramento da vaga<\/strong><\/p>\n\n\n\n<p><strong>1 vaga \u2013 Auxiliar de Faturamento<\/strong><\/p>\n\n\n\n<p><strong>Escolaridade \u2013<\/strong> ensino superior&nbsp; completo Contabilidade, Administra\u00e7\u00e3o ou Log\u00edstica;<\/p>\n\n\n\n<p><strong>Experi\u00eancia \u2013 <\/strong>registrada na Carteira de Trabalho;<\/p>\n\n\n\n<p><strong>Requisitos Obrigat\u00f3rios <\/strong>\u2013 ter documenta\u00e7\u00e3o completa;<\/p>\n\n\n\n<p><strong>Atividades \u2013 <\/strong>trabalhar com recebimento e baixa de NF, emiss\u00e3o de notas fiscais e boletos e lan\u00e7amentos de dados no sistema.<\/p>\n\n\n\n<p><strong>Dispon\u00edvel at\u00e9 11\/03\/2026 ou encerramento da vaga.<\/strong><\/p>\n\n\n\n<p><strong>1 vaga \u2013 T\u00e9cnico em Seguran\u00e7a do Trabalho<\/strong><\/p>\n\n\n\n<p><strong>Escolaridade \u2013<\/strong> ensino t\u00e9cnico&nbsp; completo na \u00e1rea de seguran\u00e7a;<\/p>\n\n\n\n<p><strong>Experi\u00eancia \u2013 <\/strong>seis meses na Carteira de Trabalho;<\/p>\n\n\n\n<p><strong>Requisitos Obrigat\u00f3rios <\/strong>\u2013 ter documenta\u00e7\u00e3o completa;<\/p>\n\n\n\n<p><strong>Atividades \u2013 <\/strong>respons\u00e1vel por elaborar e implementar pol\u00edticas de sa\u00fade e seguran\u00e7a, visando a preven\u00e7\u00e3o de acidentes e doen\u00e7as ocupacionais, analisar riscos, orientar sobre o uso de EPIs\/EPCs, treinar funcion\u00e1rios, elaborar laudos e assegurar o cumprimento das normas regulamentadoras (NRs).<\/p>\n\n\n\n<p><strong>Dispon\u00edvel at\u00e9 11\/03\/2026 ou encerramento da vaga.<\/strong><\/p>\n\n\n\n<p><strong>1 vaga \u2013 Auxiliar de Servi\u00e7os Gerais<\/strong><\/p>\n\n\n\n<p><strong>Escolaridade \u2013<\/strong> ensino m\u00e9dio&nbsp; completo;<\/p>\n\n\n\n<p><strong>Experi\u00eancia \u2013 <\/strong>seis meses na Carteira de Trabalho;<\/p>\n\n\n\n<p><strong>Requisitos Obrigat\u00f3rios <\/strong>\u2013 ter disponibilidade de hor\u00e1rio, residir no bairros: Alvorada, Augusto Montenegro, Bairro da Paz, Compensa, Crespo, Dom Pedro, Gloria, Hileia, Japiim, L\u00edrio de Vale, Nova Esperan\u00e7a, Petr\u00f3polis, Planalto, Reden\u00e7\u00e3o, Santa Luzia, Santo Agostinho, Santo Ant\u00f4nio, Santos Dumont, S\u00e3o L\u00e1zaro, S\u00e3o Jorge, S\u00e3o Raimundo, Uni\u00e3o da Vit\u00f3ria ou Vila da Prata e ter documenta\u00e7\u00e3o completa (com dispensa militar);<\/p>\n\n\n\n<p><strong>Atividades \u2013 <\/strong>varrer, passar pano, recolher lixo, limpar m\u00f3veis das salas, corredores e \u00e1rea externa; efetuar a limpeza e higieniza\u00e7\u00e3o de banheiros, pias e instala\u00e7\u00f5es da empresa, abastecer conforme necessidade os suportes de \u00e1lcool em gel e l\u00edquido das salas, sabonete l\u00edquido e copos descart\u00e1veis dos setores, papel toalha e higi\u00eanico dos banheiros e vesti\u00e1rios, corredores e \u00e1rea externa, abastecer conforme necessidade os garraf\u00f5es de \u00e1gua das salas, corredores e \u00e1rea externa, separar e enviar roupas (toalhas da produ\u00e7\u00e3o, uniformes setoriais, len\u00e7\u00f3is de cama, toalhas de banho, toalhas de mesas) para a lavanderia, providenciar caf\u00e9 e lanches em geral, incluindo visitantes, quando solicitado, realizar a limpeza das mesas e cadeiras da \u00e1rea de lazer (pra\u00e7a), retirar os lixos dos setores e \u00e1rea externa, regar e capinar as plantas da \u00e1rea externa, manter a limpeza e higieniza\u00e7\u00e3o da \u00e1rea externa da f\u00e1brica, recolher e organizar os res\u00edduos (papel\u00e3o, pl\u00e1stico), realizando o descarte correto, manter limpa e organizada suas ferramentas de trabalho e cuidar dos bens patrimoniais da empresa sob sua responsabilidade, zelando pela limpeza, manuseio e respectiva guarda, com o objetivo de conserva\u00e7\u00e3o, utiliza\u00e7\u00e3o plena e prolongamento de vida \u00fatil.<\/p>\n\n\n\n<p><strong>Dispon\u00edvel at\u00e9 11\/03\/2026 ou encerramento da vaga.<\/strong><\/p>\n\n\n\n<p><strong>2 vagas \u2013 Atendente de Balc\u00e3o<\/strong><\/p>\n\n\n\n<p><strong>Escolaridade \u2013<\/strong> ensino m\u00e9dio&nbsp; completo;<\/p>\n\n\n\n<p><strong>Experi\u00eancia \u2013&nbsp; <\/strong>registrada na Carteira de Trabalho;<\/p>\n\n\n\n<p><strong>Requisitos Obrigat\u00f3rios <\/strong>\u2013 ter curso de t\u00e9cnicas em vendas e inform\u00e1tica intermedi\u00e1ria ou avan\u00e7ada e ter documenta\u00e7\u00e3o completa;<\/p>\n\n\n\n<p><strong>Atividades \u2013 <\/strong>auxiliar no recebimento dos rel\u00f3gios que ser\u00e3o comercializados na loja, realizar a confer\u00eancia dos rel\u00f3gios que s\u00e3o recebidos na loja, realizar, se necess\u00e1rio, o ajuste das pulseiras dos clientes, organizar os rel\u00f3gios nas prateleiras de forma funcional e atrativa, atender os clientes, apresentando os modelos dispon\u00edveis e informando pre\u00e7os, sugerir modelos de rel\u00f3gios alinhados ao perfil e prefer\u00eancias do cliente, efetuar as vendas, garantindo um atendimento de qualidade e uma boa experi\u00eancia de compra, elaborar, juntamente com o superior imediato, estrat\u00e9gias de vendas e campanhas nas datas comemorativas, manter a loja limpa e organizada a fim de assegurar o aspecto visual da mesma.<\/p>\n\n\n\n<p><strong>Dispon\u00edvel at\u00e9 11\/03\/2026 ou encerramento da vaga.<\/strong><\/p>\n\n\n\n<p><strong>1 vaga \u2013 Engenheiro de Seguran\u00e7a do Trabalho<\/strong><\/p>\n\n\n\n<p><strong>Escolaridade \u2013<\/strong> ensino superior completo em engenharia de seguran\u00e7a do trabalho;<\/p>\n\n\n\n<p><strong>Experi\u00eancia \u2013 <\/strong>registrada na Carteira de Trabalho;<\/p>\n\n\n\n<p><strong>Requisitos Obrigat\u00f3rios <\/strong>\u2013 ter conhecimento s\u00f3lido da legisla\u00e7\u00e3o de SST, normas regulamentadoras (NRs), viv\u00eancia na elabora\u00e7\u00e3o e gest\u00e3o de LTCAT,&nbsp; PPRA\/PGR, em EPI, EPC, sistemas de prote\u00e7\u00e3o contra inc\u00eandio, dom\u00ednio do pacote office; viv\u00eancia no polo industrial de manaus e ter documenta\u00e7\u00e3o completa (com dispensa militar);<\/p>\n\n\n\n<p><strong>Atividades \u2013 <\/strong>atua\u00e7\u00e3o no acompanhamento e implementa\u00e7\u00e3o de planos de a\u00e7\u00e3o em SST, elabora\u00e7\u00e3o de procedimentos t\u00e9cnicos de seguran\u00e7a do trabalho, elabora\u00e7\u00e3o de relat\u00f3rios e controles t\u00e9cnicos, condu\u00e7\u00e3o de reuni\u00f5es e treinamentos, executar levantamento, an\u00e1lise e gest\u00e3o de riscos (f\u00edsicos, qu\u00edmicos, biol\u00f3gicos, ergon\u00f4micos e de acidentes), trabalhar com gest\u00e3o de seguran\u00e7a e sa\u00fade do trabalho: documenta\u00e7\u00e3o e conformidade legal, preven\u00e7\u00e3o de acidentes, doen\u00e7as ocupacionais e cultura de seguran\u00e7a.<\/p>\n\n\n\n<p><strong>Dispon\u00edvel at\u00e9 11\/03\/2026 ou encerramento da vaga.<\/strong><\/p>\n\n\n\n<p><strong>VAGAS EM SERVI\u00c7O \u2013 181<\/strong><\/p>\n\n\n\n<p><strong>25 vagas \u2013 Atendente<\/strong><\/p>\n\n\n\n<p><strong>Escolaridade \u2013 <\/strong>ensino fundamental incompleto;<\/p>\n\n\n\n<p><strong>Experi\u00eancia \u2013<\/strong> n\u00e3o \u00e9 necess\u00e1rio;<\/p>\n\n\n\n<p><strong>Requisitos Obrigat\u00f3rios \u2013 <\/strong>a vaga \u00e9 destinada para candidatos que est\u00e3o em busca de novos desafios; o candidato vai precisar morar em: (MG), (RJ), (ES), (PA) e ter documenta\u00e7\u00e3o completa;<\/p>\n\n\n\n<p><strong>Atividades \u2013 <\/strong>recepcionar os clientes de forma cordial e atenciosa, realizar o atendimento e auxiliar na escolha do card\u00e1pio, registrar os pedidos e encaminh\u00e1\u2013los \u00e0 cozinha, auxiliar na montagem e organiza\u00e7\u00e3o das mesas, realizar a manuten\u00e7\u00e3o, organiza\u00e7\u00e3o e limpeza do ambiente.<\/p>\n\n\n\n<p><strong>Dispon\u00edvel at\u00e9 10\/02\/2026 ou encerramento da vaga<\/strong><\/p>\n\n\n\n<p><strong>25 vagas \u2013 Auxiliar de Cozinha<\/strong><\/p>\n\n\n\n<p><strong>Escolaridade \u2013 <\/strong>ensino fundamental incompleto;<\/p>\n\n\n\n<p><strong>Experi\u00eancia \u2013<\/strong> n\u00e3o \u00e9 necess\u00e1rio;<\/p>\n\n\n\n<p><strong>Requisitos Obrigat\u00f3rios \u2013 <\/strong>a vaga \u00e9 destinada para candidatos que est\u00e3o em busca de novos desafios; o candidato vai precisar morar em: (MG), (RJ), (ES), (PA) e ter documenta\u00e7\u00e3o completa;<\/p>\n\n\n\n<p><strong>Atividades \u2013 <\/strong>prepara\u00e7\u00e3o e organiza\u00e7\u00e3o de alimentos, a higieniza\u00e7\u00e3o do ambiente e dos utens\u00edlios, e o apoio direto aos cozinheiros.<\/p>\n\n\n\n<p><strong>Dispon\u00edvel at\u00e9 10\/02\/2026 ou encerramento da vaga<\/strong><\/p>\n\n\n\n<p><strong>2 vagas \u2013 Auxiliar de Limpeza<\/strong><\/p>\n\n\n\n<p><strong>Escolaridade \u2013<\/strong> ensino m\u00e9dio completo;<\/p>\n\n\n\n<p><strong>Experi\u00eancia \u2013 <\/strong>seis meses na Carteira de Trabalho;<\/p>\n\n\n\n<p><strong>Requisitos Obrigat\u00f3rios <\/strong>\u2013 ter documenta\u00e7\u00e3o completa (com dispensa militar);<\/p>\n\n\n\n<p><strong>Atividades \u2013 <\/strong>realizar limpeza geral, lavar banheiro, manter a copa organizada, lavar lou\u00e7a, servir visitantes, manter os m\u00f3veis e objetos limpos, controlar material de limpeza.<\/p>\n\n\n\n<p><strong>Dispon\u00edvel at\u00e9 11\/03\/2026 ou encerramento da vaga.<\/strong><\/p>\n\n\n\n<p><strong>15 vagas \u2013 Auxiliar de Servi\u00e7os Gerais<\/strong><\/p>\n\n\n\n<p><strong>Escolaridade \u2013<\/strong> ensino fundamental completo;<\/p>\n\n\n\n<p><strong>Experi\u00eancia \u2013 <\/strong>seis meses na Carteira de Trabalho;<\/p>\n\n\n\n<p><strong>Requisitos Obrigat\u00f3rios <\/strong>\u2013 ter documenta\u00e7\u00e3o completa;<\/p>\n\n\n\n<p><strong>Atividades \u2013 <\/strong>realizar limpezas em gerais<\/p>\n\n\n\n<p><strong>Dispon\u00edvel at\u00e9 11\/03\/2026 ou encerramento da vaga.<\/strong><\/p>\n\n\n\n<p><strong>1 vaga \u2013 T\u00e9cnico de Telecomunica\u00e7\u00f5es<\/strong><\/p>\n\n\n\n<p><strong>Escolaridade \u2013<\/strong> ensino m\u00e9dio completo;<\/p>\n\n\n\n<p><strong>Experi\u00eancia \u2013 <\/strong>seis meses na Carteira de Trabalho;<\/p>\n\n\n\n<p><strong>Requisitos Obrigat\u00f3rios <\/strong>\u2013 ter curso de inform\u00e1tica b\u00e1sica, conhecimento em instala\u00e7\u00e3o de redes de fibra \u00f3ptica e ter documenta\u00e7\u00e3o completa (com dispensa militar);<\/p>\n\n\n\n<p><strong>Atividades \u2013 <\/strong>realizar instala\u00e7\u00e3o, manuten\u00e7\u00e3o preventiva e corretiva de redes de fibra \u00f3ptica, incluindo lan\u00e7amento, fus\u00e3o, testes e configura\u00e7\u00e3o, executar ativa\u00e7\u00e3o de clientes (quando necess\u00e1rio), configurando equipamentos e garantindo o correto funcionamento dos servi\u00e7os, efetuar instala\u00e7\u00e3o, alinhamento e configura\u00e7\u00e3o de r\u00e1dios digitais, assegurando a qualidade do sinal e a estabilidade da conex\u00e3o, atuar em trabalhos em altura (torres e postes), realizando instala\u00e7\u00e3o, manuten\u00e7\u00e3o e ajustes de equipamentos, respeitando as normas de seguran\u00e7a, identificar e solucionar falhas, instabilidades e interrup\u00e7\u00f5es de servi\u00e7os, prestando suporte t\u00e9cnico em campo, realizar testes, medi\u00e7\u00f5es e diagn\u00f3sticos em redes de fibra \u00f3ptica e r\u00e1dio, cumprir rigorosamente as normas de seguran\u00e7a do trabalho, incluindo o uso obrigat\u00f3rio de EPIs, preencher relat\u00f3rios t\u00e9cnicos e registrar atendimentos e interven\u00e7\u00f5es realizadas.<\/p>\n\n\n\n<p><strong>Dispon\u00edvel at\u00e9 11\/03\/2026 ou encerramento da vaga.<\/strong><\/p>\n\n\n\n<p><strong>3 vagas \u2013 Encanador \/ Bombeira Hidr\u00e1ulica<\/strong><\/p>\n\n\n\n<p><strong>Escolaridade \u2013<\/strong> ensino m\u00e9dio completo;<\/p>\n\n\n\n<p><strong>Experi\u00eancia \u2013 <\/strong>registrada na Carteira de Trabalho;<\/p>\n\n\n\n<p><strong>Requisitos Obrigat\u00f3rios <\/strong>\u2013 ter documenta\u00e7\u00e3o completa;<\/p>\n\n\n\n<p><strong>Atividades \u2013 <\/strong>instala\u00e7\u00e3o e manuten\u00e7\u00e3o de sistemas hidr\u00e1ulicos, testes de press\u00e3o e estanqueidade, substitui\u00e7\u00e3o de tubula\u00e7\u00f5es e conex\u00f5es, leitura b\u00e1sica de projetos e cumprimento das normas de seguran\u00e7a.<\/p>\n\n\n\n<p><strong>Dispon\u00edvel at\u00e9 11\/03\/2026 ou encerramento da vaga.<\/strong><\/p>\n\n\n\n<p><strong>3 vagas \u2013 Pintor de Obras<\/strong><\/p>\n\n\n\n<p><strong>Escolaridade \u2013<\/strong> ensino m\u00e9dio completo;<\/p>\n\n\n\n<p><strong>Experi\u00eancia \u2013 <\/strong>registrada na Carteira de Trabalho;<\/p>\n\n\n\n<p><strong>Requisitos Obrigat\u00f3rios <\/strong>\u2013 ter documenta\u00e7\u00e3o completa;<\/p>\n\n\n\n<p><strong>Atividades \u2013 <\/strong>prepara\u00e7\u00e3o de superf\u00edcies, aplica\u00e7\u00e3o de tintas e acabamentos, controle de qualidade do servi\u00e7o e organiza\u00e7\u00e3o e seguran\u00e7a do ambiente.<\/p>\n\n\n\n<p><strong>Dispon\u00edvel at\u00e9 11\/03\/2026 ou encerramento da vaga.<\/strong><\/p>\n\n\n\n<p><strong>3 vagas \u2013 Pedreiro<\/strong><\/p>\n\n\n\n<p><strong>Escolaridade \u2013<\/strong> ensino m\u00e9dio completo;<\/p>\n\n\n\n<p><strong>Experi\u00eancia \u2013 <\/strong>registrada na Carteira de Trabalho;<\/p>\n\n\n\n<p><strong>Requisitos Obrigat\u00f3rios <\/strong>\u2013 ter documenta\u00e7\u00e3o completa;<\/p>\n\n\n\n<p><strong>Atividades \u2013 <\/strong>assentamento de blocos e revestimentos; Prepara\u00e7\u00e3o de argamassa e concreto, execu\u00e7\u00e3o de reboco e acabamento e cumprimento das normas de seguran\u00e7a.<\/p>\n\n\n\n<p><strong>Dispon\u00edvel at\u00e9 11\/03\/2026 ou encerramento da vaga.<\/strong><\/p>\n\n\n\n<p><strong>3 vagas \u2013 Marceneiro<\/strong><\/p>\n\n\n\n<p><strong>Escolaridade \u2013<\/strong> ensino m\u00e9dio completo;<\/p>\n\n\n\n<p><strong>Experi\u00eancia \u2013 <\/strong>registrada na Carteira de Trabalho;<\/p>\n\n\n\n<p><strong>Requisitos Obrigat\u00f3rios <\/strong>\u2013 ter documenta\u00e7\u00e3o completa;<\/p>\n\n\n\n<p><strong>Atividades \u2013 <\/strong>corte e montagem de pe\u00e7as em madeira, opera\u00e7\u00e3o de m\u00e1quinas e ferramentas, instala\u00e7\u00e3o e acabamento de mobili\u00e1rio e cumprimento das normas de seguran\u00e7a.<\/p>\n\n\n\n<p><strong>Dispon\u00edvel at\u00e9 11\/03\/2026 ou encerramento da vaga.<\/strong><\/p>\n\n\n\n<p><strong>3 vagas \u2013 Auxiliar de Limpeza<\/strong><\/p>\n\n\n\n<p><strong>Escolaridade \u2013<\/strong> ensino fundamental completo;<\/p>\n\n\n\n<p><strong>Experi\u00eancia \u2013 <\/strong>seis meses na Carteira de Trabalho ou primeiro emprego;<\/p>\n\n\n\n<p><strong>Requisitos Obrigat\u00f3rios <\/strong>\u2013 residir nos bairros: Armando Mendes, Japiim, Petr\u00f3polis, S\u00e3o Jos\u00e9, Cidade Nova, Cidade de Deus, S\u00e3o L\u00e1zaro, Bet\u00e2nia&nbsp; e ter documenta\u00e7\u00e3o completa;<\/p>\n\n\n\n<p><strong>Atividades \u2013 <\/strong>faz a limpeza das depend\u00eancias da empresa, utilizando\u2013se de material (desinfetante, cera, removedores, etc.) e equipamento espec\u00edfico (vassoura, aspirador de p\u00f3, etc.) remove o p\u00f3 dos m\u00f3veis, faz a varredura do piso, aspira detritos, limpa ou lava vidros e janelas, remove o lixo das lixeiras, higienizar os banheiros e rep\u00f5e materiais (sabonete, papel higi\u00eanico, papel toalha, etc.).<\/p>\n\n\n\n<p><strong>Dispon\u00edvel at\u00e9 11\/03\/2026 ou encerramento da vaga.<\/strong><\/p>\n\n\n\n<p><strong>1 vaga \u2013 Analista Comercial<\/strong><\/p>\n\n\n\n<p><strong>Escolaridade \u2013<\/strong> ensino m\u00e9dio completo;<\/p>\n\n\n\n<p><strong>Experi\u00eancia \u2013 <\/strong>seis meses na Carteira de Trabalho;<\/p>\n\n\n\n<p><strong>Requisitos Obrigat\u00f3rios <\/strong>\u2013 ter conhecimento do CRM agendor e ter documenta\u00e7\u00e3o completa;<\/p>\n\n\n\n<p><strong>Atividades \u2013 <\/strong>pesquisar mercado e analisar dados coletados para identificar o potencial de vendas dos produtos e monitorar a performance dos vendedores, al\u00e9m disso, \u00e9 o profissional respons\u00e1vel por monitorar os concorrentes no mercado local<\/p>\n\n\n\n<p><strong>Dispon\u00edvel at\u00e9 11\/03\/2026 ou encerramento da vaga.<\/strong><\/p>\n\n\n\n<p><strong>1 vaga \u2013 Costureira<\/strong><\/p>\n\n\n\n<p><strong>Escolaridade \u2013<\/strong> ensino fundamental completo;<\/p>\n\n\n\n<p><strong>Experi\u00eancia \u2013 <\/strong>seis meses na Carteira de Trabalho;<\/p>\n\n\n\n<p><strong>Requisitos Obrigat\u00f3rios <\/strong>\u2013 ter documenta\u00e7\u00e3o completa;<\/p>\n\n\n\n<p><strong>Atividades \u2013 <\/strong>modelagem, corte e costura, utilizando m\u00e1quinas e t\u00e9cnicas manuais para criar roupas personalizadas ou realizar ajustes em pe\u00e7as prontas.<\/p>\n\n\n\n<p><strong>Dispon\u00edvel at\u00e9 11\/03\/2026 ou encerramento da vaga.<\/strong><\/p>\n\n\n\n<p><strong>2 vagas \u2013 Encarregado de Obras<\/strong><\/p>\n\n\n\n<p><strong>Escolaridade \u2013<\/strong> ensino m\u00e9dio completo;<\/p>\n\n\n\n<p><strong>Experi\u00eancia \u2013 <\/strong>registrada na Carteira de Trabalho;<\/p>\n\n\n\n<p><strong>Requisitos Obrigat\u00f3rios <\/strong>\u2013 ter documenta\u00e7\u00e3o completa (com dispensa militar);<\/p>\n\n\n\n<p><strong>Atividades \u2013 <\/strong>coordenar equipes, interpretar projetos t\u00e9cnicos, gerenciar o uso de materiais e garantir o cumprimento de prazos e normas de seguran\u00e7a (como o uso de EPIs).<\/p>\n\n\n\n<p><strong>Dispon\u00edvel at\u00e9 11\/03\/2026 ou encerramento da vaga.<\/strong><\/p>\n\n\n\n<p><strong>1 vaga \u2013 Bombeiro Hidr\u00e1ulico<\/strong><\/p>\n\n\n\n<p><strong>Escolaridade \u2013<\/strong> ensino m\u00e9dio completo;<\/p>\n\n\n\n<p><strong>Experi\u00eancia \u2013 <\/strong>registrada na Carteira de Trabalho;<\/p>\n\n\n\n<p><strong>Requisitos Obrigat\u00f3rios <\/strong>\u2013 ter curso bombeiro hidr\u00e1ulico, metrologia b\u00e1sica e ter documenta\u00e7\u00e3o completa (com dispensa militar);<\/p>\n\n\n\n<p><strong>Atividades \u2013 <\/strong>realizar an\u00e1lise e reparos na instala\u00e7\u00e3o da rede hidr\u00e1ulica, verificando defeitos em instala\u00e7\u00f5es e substitui\u00e7\u00f5es de pe\u00e7as componentes para evitar vazamentos, acidentes, desperd\u00edcio de pe\u00e7as e de \u00e1gua, manter o sistema hidr\u00e1ulico em perfeito funcionamento, executar, checar e reparar instala\u00e7\u00f5es de equipamentos da rede hidr\u00e1ulica da obra, prevenir danos e vazamentos, sempre atento \u00e0 preven\u00e7\u00e3o de acidentes e doen\u00e7as ocupacionais, analisar desenhos e esquemas hidr\u00e1ulicos para facilitar a an\u00e1lise da rede instalada, testar canaliza\u00e7\u00f5es, utilizando ar comprimido ou \u00e1gua sob press\u00e3o, especificar materiais e equipamentos utilizados e em falta para solicita\u00e7\u00f5es, lavar e fazer tratamento de caixas d&#8217;\u00e1gua e de caixas de gordura, instalar tubos e conex\u00f5es de PVC, FG, FF, a\u00e7o carbono e cobre, executar roscas, colagem, veda\u00e7\u00f5es, chumbagem e soldagem em tubula\u00e7\u00f5es da rede hidr\u00e1ulica, executar a remo\u00e7\u00e3o e instala\u00e7\u00e3o de eletrobombas e fix\u00e1\u2013las.<\/p>\n\n\n\n<p><strong>Dispon\u00edvel at\u00e9 11\/03\/2026 ou encerramento da vaga.<\/strong><\/p>\n\n\n\n<p><strong>1 vaga \u2013 Ajudante de Manuten\u00e7\u00e3o<\/strong><\/p>\n\n\n\n<p><strong>Escolaridade \u2013<\/strong> ensino fundamental completo;<\/p>\n\n\n\n<p><strong>Experi\u00eancia \u2013 <\/strong>registrada na Carteira de Trabalho;<\/p>\n\n\n\n<p><strong>Requisitos Obrigat\u00f3rios <\/strong>\u2013 ter disponibilidade de hor\u00e1rio, disponibilidade para trabalho bra\u00e7al e ter documenta\u00e7\u00e3o completa (com dispensa militar);<\/p>\n\n\n\n<p><strong>Atividades \u2013 <\/strong>auxiliar na instala\u00e7\u00e3o e manuten\u00e7\u00e3o de m\u00e1quinas e equipamentos de refrigera\u00e7\u00e3o e climatiza\u00e7\u00e3o, apoiar na montagem de tubula\u00e7\u00f5es hidr\u00e1ulicas, dutos de ar e suportes; Auxiliar na movimenta\u00e7\u00e3o de materiais e uso de plataformas; Apoiar atividades de montagem industrial, regulagem e nivelamento de tubula\u00e7\u00f5es, manter a organiza\u00e7\u00e3o, limpeza e conserva\u00e7\u00e3o de ferramentas, equipamentos e do local de trabalho.<\/p>\n\n\n\n<p><strong>Dispon\u00edvel at\u00e9 11\/03\/2026 ou encerramento da vaga.<\/strong><\/p>\n\n\n\n<p><strong>1 vaga \u2013 Atendente<\/strong><\/p>\n\n\n\n<p><strong>Escolaridade \u2013<\/strong> ensino m\u00e9dio completo;<\/p>\n\n\n\n<p><strong>Experi\u00eancia \u2013 <\/strong>seis meses na Carteira de Trabalho;<\/p>\n\n\n\n<p><strong>Requisitos Obrigat\u00f3rios <\/strong>\u2013 ter disponibilidade de hor\u00e1rio, experi\u00eancia em cozinha quente, fria, com sobremesas e ter documenta\u00e7\u00e3o completa;<\/p>\n\n\n\n<p><strong>Atividades \u2013 <\/strong>atendimento ao cliente, montar os pratos, fritar salgados, fazer sucos e gomas, servir tacac\u00e1 e manter limpo o local de trabalho.<\/p>\n\n\n\n<p><strong>Dispon\u00edvel at\u00e9 11\/03\/2026 ou encerramento da vaga.<\/strong><\/p>\n\n\n\n<p><strong>1 vaga \u2013 Auxiliar de Cozinha<\/strong><\/p>\n\n\n\n<p><strong>Escolaridade \u2013<\/strong> ensino fundamental completo;<\/p>\n\n\n\n<p><strong>Experi\u00eancia \u2013 <\/strong>seis meses na Carteira de Trabalho;<\/p>\n\n\n\n<p><strong>Requisitos Obrigat\u00f3rios <\/strong>\u2013 ter disponibilidade de hor\u00e1rio e ter documenta\u00e7\u00e3o completa;<\/p>\n\n\n\n<p><strong>Atividades \u2013 <\/strong>auxiliar nos servi\u00e7os de alimenta\u00e7\u00e3o, ajudar outros profissionais da \u00e1rea no pr\u00e9\u2013preparo, preparo e processamento de alimentos, na montagem de pratos, verificar a qualidade dos g\u00eaneros aliment\u00edcios, minimizar os riscos de contamina\u00e7\u00e3o, trabalhar em conformidade a normas e procedimentos t\u00e9cnicos e de qualidade, seguran\u00e7a, higiene e sa\u00fade.<\/p>\n\n\n\n<p><strong>Dispon\u00edvel at\u00e9 11\/03\/2026 ou encerramento da vaga.<\/strong><\/p>\n\n\n\n<p><strong>1 vaga \u2013 Auxiliar de Servi\u00e7os Gerais<\/strong><\/p>\n\n\n\n<p><strong>Escolaridade \u2013<\/strong> ensino m\u00e9dio completo;<\/p>\n\n\n\n<p><strong>Experi\u00eancia \u2013 <\/strong>seis meses na Carteira de Trabalho;<\/p>\n\n\n\n<p><strong>Requisitos Obrigat\u00f3rios <\/strong>\u2013 ter documenta\u00e7\u00e3o completa (com dispensa militar);<\/p>\n\n\n\n<p><strong>Atividades \u2013 <\/strong>limpeza e conserva\u00e7\u00e3o; seguir normas de seguran\u00e7a e higiene do trabalho; comunicar defeitos ou problemas maiores aos respons\u00e1veis.<\/p>\n\n\n\n<p><strong>Dispon\u00edvel at\u00e9 11\/03\/2026 ou encerramento da vaga.<\/strong><\/p>\n\n\n\n<p><strong>1 vaga \u2013 Auxiliar de Manuten\u00e7\u00e3o El\u00e9trica e Hidr\u00e1ulica<\/strong><\/p>\n\n\n\n<p><strong>Escolaridade \u2013<\/strong> ensino m\u00e9dio completo;<\/p>\n\n\n\n<p><strong>Experi\u00eancia \u2013 <\/strong>tres meses na Carteira de Trabalho;<\/p>\n\n\n\n<p><strong>Requisitos Obrigat\u00f3rios <\/strong>\u2013 ter Carteira Nacional de Habilita\u00e7\u00e3o categorias (B), conhecimento em el\u00e9trica e hidr\u00e1ulica e ter documenta\u00e7\u00e3o completa (com dispensa militar);<\/p>\n\n\n\n<p><strong>Atividades \u2013 <\/strong>instala\u00e7\u00e3o e manuten\u00e7\u00e3o de quadros el\u00e9tricos, instala\u00e7\u00e3o de bombas em esta\u00e7\u00e3o de tratamento ETE, instala\u00e7\u00e3o e reparos hidr\u00e1ulicos.<\/p>\n\n\n\n<p><strong>Dispon\u00edvel at\u00e9 11\/03\/2026 ou encerramento da vaga.<\/strong><\/p>\n\n\n\n<p><strong>2 vagas \u2013 Auxiliar de manuten\u00e7\u00e3o predial<\/strong><\/p>\n\n\n\n<p><strong>Escolaridade \u2013<\/strong> ensino m\u00e9dio completo;<\/p>\n\n\n\n<p><strong>Experi\u00eancia \u2013 <\/strong>registrada na Carteira de Trabalho;<\/p>\n\n\n\n<p><strong>Requisitos Obrigat\u00f3rios <\/strong>\u2013 ter Carteira Nacional de Habilita\u00e7\u00e3o categorias (A) ou (B) e ter documenta\u00e7\u00e3o completa (com dispensa militar);<\/p>\n\n\n\n<p><strong>Atividades \u2013 <\/strong>realiza servi\u00e7os de reparo, substitui\u00e7\u00e3o e instala\u00e7\u00e3o el\u00e9trica, hidr\u00e1ulica, mec\u00e2nica, alvenaria e pintura. eles garantem o funcionamento de equipamentos e instala\u00e7\u00f5es, seguindo normas de seguran\u00e7a e qualidade, as atividades incluem desentupimentos, pequenos consertos de marcenaria, limpeza t\u00e9cnica e opera\u00e7\u00e3o de equipamentos de seguran\u00e7a.<\/p>\n\n\n\n<p><strong>Dispon\u00edvel at\u00e9 11\/03\/2026 ou encerramento da vaga.<\/strong><\/p>\n\n\n\n<p><strong>1 vaga \u2013 Mec\u00e2nico de Manuten\u00e7\u00e3o de M\u00e1quinas<\/strong><\/p>\n\n\n\n<p><strong>Escolaridade \u2013<\/strong> ensino m\u00e9dio completo;<\/p>\n\n\n\n<p><strong>Experi\u00eancia \u2013 <\/strong>registrada na Carteira de Trabalho;<\/p>\n\n\n\n<p><strong>Requisitos Obrigat\u00f3rios <\/strong>\u2013 ter Carteira Nacional de Habilita\u00e7\u00e3o categorias (A) ou (B), conhecimento em manuten\u00e7\u00e3o de motores 2 e 4 tempos e ter documenta\u00e7\u00e3o completa (com dispensa militar);<\/p>\n\n\n\n<p><strong>Atividades \u2013 <\/strong>repara e ajusta equipamentos industriais, realizando manuten\u00e7\u00f5es preventivas, corretivas e preditivas, suas atividades incluem diagnosticar falhas mec\u00e2nicas, hidr\u00e1ulicas e pneum\u00e1ticas, substituir pe\u00e7as, lubrificar componentes, alinhar maquin\u00e1rio e elaborar relat\u00f3rios t\u00e9cnicos, garantindo a efici\u00eancia operacional e seguindo normas de seguran\u00e7a.<\/p>\n\n\n\n<p><strong>Dispon\u00edvel at\u00e9 11\/03\/2026 ou encerramento da vaga.<\/strong><\/p>\n\n\n\n<p><strong>1 vaga \u2013 T\u00e9cnico em Mec\u00e2nica<\/strong><\/p>\n\n\n\n<p><strong>Escolaridade \u2013<\/strong> cursando ensino t\u00e9cnico&nbsp; em mec\u00e2nica;<\/p>\n\n\n\n<p><strong>Experi\u00eancia \u2013 <\/strong>registrada na Carteira de Trabalho;<\/p>\n\n\n\n<p><strong>Requisitos Obrigat\u00f3rios <\/strong>\u2013 ter cursos NR 12, NR 33, NR 35, NR 10, soldagem, leitura interpreta\u00e7\u00e3o de desenhos t\u00e9cnicos, pneum\u00e1tica, hidr\u00e1ulica industrial, metrologia industrial, lubrifica\u00e7\u00e3o industrial e ter documenta\u00e7\u00e3o completa (com dispensa militar);<\/p>\n\n\n\n<p><strong>Atividades \u2013 <\/strong>atua no planejamento, opera\u00e7\u00e3o e manuten\u00e7\u00e3o de m\u00e1quinas e equipamentos, realizando montagens, manuten\u00e7\u00e3o preventiva e corretiva, calibra\u00e7\u00e3o de instrumentos, usinagem, soldagem e leitura de desenhos t\u00e9cnicos.<\/p>\n\n\n\n<p><strong>Dispon\u00edvel at\u00e9 11\/03\/2026 ou encerramento da vaga.<\/strong><\/p>\n\n\n\n<p><strong>1 vaga \u2013 Oficial de Manuten\u00e7\u00e3o<\/strong><\/p>\n\n\n\n<p><strong>Escolaridade \u2013<\/strong> ensino m\u00e9dio completo;<\/p>\n\n\n\n<p><strong>Experi\u00eancia \u2013 <\/strong>seis meses na Carteira de Trabalho;<\/p>\n\n\n\n<p><strong>Requisitos Obrigat\u00f3rios <\/strong>\u2013 ter documenta\u00e7\u00e3o completa (com dispensa militar);<\/p>\n\n\n\n<p><strong>Atividades \u2013 <\/strong>realizar manuten\u00e7\u00e3o predial em telhado (instala\u00e7\u00e3o, corre\u00e7\u00e3o), hidr\u00e1ulica (instala\u00e7\u00e3o, manuten\u00e7\u00e3o corretiva), alvenaria, assentamento de cer\u00e2micas, pintura ( lixamento, pintura em geral).<\/p>\n\n\n\n<p><strong>Dispon\u00edvel at\u00e9 11\/03\/2026 ou encerramento da vaga.<\/strong><\/p>\n\n\n\n<p><strong>2 vagas \u2013 Servente de Obras<\/strong><\/p>\n\n\n\n<p><strong>Escolaridade \u2013<\/strong> ensino fundamental incompleto;<\/p>\n\n\n\n<p><strong>Experi\u00eancia \u2013 <\/strong>n\u00e3o \u00e9 necess\u00e1rio;<\/p>\n\n\n\n<p><strong>Requisitos Obrigat\u00f3rios <\/strong>\u2013 ter documenta\u00e7\u00e3o completa;<\/p>\n\n\n\n<p><strong>Atividades \u2013 <\/strong>realizar servi\u00e7os de apoio na constru\u00e7\u00e3o civil, como transporte de materiais, prepara\u00e7\u00e3o de massa, limpeza e organiza\u00e7\u00e3o do canteiro.<\/p>\n\n\n\n<p><strong>Dispon\u00edvel at\u00e9 11\/03\/2026 ou encerramento da vaga.<\/strong><\/p>\n\n\n\n<p><strong>2 vagas \u2013 Encarregado de Obras<\/strong><\/p>\n\n\n\n<p><strong>Escolaridade \u2013<\/strong> ensino m\u00e9dio completo;<\/p>\n\n\n\n<p><strong>Experi\u00eancia \u2013 <\/strong>seis meses na Carteira de Trabalho;<\/p>\n\n\n\n<p><strong>Requisitos Obrigat\u00f3rios <\/strong>\u2013 ter documenta\u00e7\u00e3o completa;<\/p>\n\n\n\n<p><strong>Atividades \u2013 <\/strong>supervisiona equipes de trabalhadores da constru\u00e7\u00e3o civil no canteiro de obras, coordena a execu\u00e7\u00e3o das etapas da obra, controlando cronograma, prazos e etapas de execu\u00e7\u00e3o, controlar recursos produtivos: materiais, equipamentos, insumos, m\u00e3o de obra, verifica padr\u00f5es de qualidade da obra: inspeciona materiais\/servi\u00e7os e assegura conformidade com especifica\u00e7\u00f5es e normas t\u00e9cnicas, garante cumprimento de normas de seguran\u00e7a, sa\u00fade e meio ambiente no canteiro de obras, prepara e acompanha documenta\u00e7\u00e3o t\u00e9cnica e relat\u00f3rios de produ\u00e7\u00e3o ou progresso da obra.<\/p>\n\n\n\n<p><strong>Dispon\u00edvel at\u00e9 11\/03\/2026 ou encerramento da vaga.<\/strong><\/p>\n\n\n\n<p><strong>2 vagas \u2013 Auxiliar Administrativo<\/strong><\/p>\n\n\n\n<p><strong>Escolaridade \u2013<\/strong> ensino m\u00e9dio completo;<\/p>\n\n\n\n<p><strong>Experi\u00eancia \u2013 <\/strong>seis meses na Carteira de Trabalho;<\/p>\n\n\n\n<p><strong>Requisitos Obrigat\u00f3rios <\/strong>\u2013 ter documenta\u00e7\u00e3o completa;<\/p>\n\n\n\n<p><strong>Atividades \u2013 <\/strong>realizar tarefas organizacionais di\u00e1rias para garantir o funcionamento eficiente da empresa, incluindo o controle de documentos, atendimento a clientes\/fornecedores, agendamento de reuni\u00f5es, atualiza\u00e7\u00e3o de planilhas e suporte a departamentos como RH e financeiro. eles tamb\u00e9m emitem notas fiscais e organizam arquivos.<\/p>\n\n\n\n<p><strong>Dispon\u00edvel at\u00e9 11\/03\/2026 ou encerramento da vaga.<\/strong><\/p>\n\n\n\n<p><strong>1 vaga \u2013 Instrutor Celular e Computador<\/strong><\/p>\n\n\n\n<p><strong>Escolaridade \u2013<\/strong> ensino superior completo em ci\u00eancias da computa\u00e7\u00e3o;<\/p>\n\n\n\n<p><strong>Experi\u00eancia \u2013 <\/strong>seis meses na Carteira de Trabalho;<\/p>\n\n\n\n<p><strong>Requisitos Obrigat\u00f3rios <\/strong>\u2013 ter conhecimento em manuten\u00e7\u00e3o de computadores e celulares e ter documenta\u00e7\u00e3o completa;<\/p>\n\n\n\n<p><strong>Atividades \u2013 <\/strong>ministrar aulas voltadas para os alunos do cursos de celulares e computadores.<\/p>\n\n\n\n<p><strong>Dispon\u00edvel at\u00e9 11\/03\/2026 ou encerramento da vaga.<\/strong><\/p>\n\n\n\n<p><strong>1 vaga \u2013 Auxiliar Administrativo \u2013 Recursos Humanos<\/strong><\/p>\n\n\n\n<p><strong>Escolaridade \u2013<\/strong> ensino m\u00e9dio completo;<\/p>\n\n\n\n<p><strong>Experi\u00eancia \u2013 <\/strong>registrada na Carteira de Trabalho;<\/p>\n\n\n\n<p><strong>Requisitos Obrigat\u00f3rios <\/strong>\u2013 ter curso de inform\u00e1tica avan\u00e7ada, disponibilidade de hor\u00e1rio, experi\u00eancia em recursos humanos (RH) e ter documenta\u00e7\u00e3o completa;<\/p>\n\n\n\n<p><strong>Atividades \u2013 <\/strong>executar servi\u00e7os de apoio nas \u00e1reas de recursos humanos, administra\u00e7\u00e3o, finan\u00e7as e log\u00edstica, atender fornecedores e clientes, fornecer e receber informa\u00e7\u00f5es sobre produtos e servi\u00e7os, tratar de documentos variados, cumprir todo o procedimento necess\u00e1rio.<\/p>\n\n\n\n<p><strong>Dispon\u00edvel at\u00e9 11\/03\/2026 ou encerramento da vaga.<\/strong><\/p>\n\n\n\n<p><strong>1 vaga \u2013 Comprador<\/strong><\/p>\n\n\n\n<p><strong>Escolaridade \u2013<\/strong> ensino m\u00e9dio completo;<\/p>\n\n\n\n<p><strong>Experi\u00eancia \u2013 <\/strong>registrada na Carteira de Trabalho;<\/p>\n\n\n\n<p><strong>Requisitos Obrigat\u00f3rios <\/strong>\u2013 disponibilidade de hor\u00e1rio e ter documenta\u00e7\u00e3o completa;<\/p>\n\n\n\n<p><strong>Atividades \u2013 <\/strong>executar servi\u00e7os na execu\u00e7\u00e3o de processos de compra de servi\u00e7os, produtos, mat\u00e9rias\u2013primas e equipamentos, receber requisi\u00e7\u00f5es de compras e executar o processo de cota\u00e7\u00e3o, concretizar a compra de materiais e servi\u00e7os, acompanhar o fluxo de entregas, desenvolver fornecedores de materiais e servi\u00e7os, preparar relat\u00f3rios e atuar como interlocutor entre requisitantes e fornecedores.<\/p>\n\n\n\n<p><strong>Dispon\u00edvel at\u00e9 11\/03\/2026 ou encerramento da vaga.<\/strong><\/p>\n\n\n\n<p><strong>2 vagas \u2013 Auxiliar de Manuten\u00e7\u00e3o Predial<\/strong><\/p>\n\n\n\n<p><strong>Escolaridade \u2013<\/strong> ensino m\u00e9dio completo;<\/p>\n\n\n\n<p><strong>Experi\u00eancia \u2013 <\/strong>seis meses na Carteira de Trabalho;<\/p>\n\n\n\n<p><strong>Requisitos Obrigat\u00f3rios <\/strong>\u2013 ter disponibilidade de hor\u00e1rio e ter documenta\u00e7\u00e3o completa (com dispensa militar);<\/p>\n\n\n\n<p><strong>Atividades \u2013 <\/strong>realizar manuten\u00e7\u00e3o preventiva e corretiva em equipamentos e instala\u00e7\u00f5es prediais, realizar reparos em alvenaria, hidr\u00e1ulica, el\u00e9trica e pintura, realizar limpeza e organiza\u00e7\u00e3o das \u00e1reas de trabalho, auxiliar nas movimenta\u00e7\u00f5es de equipamentos, realizar outras atividades correlatas.<\/p>\n\n\n\n<p><strong>Dispon\u00edvel at\u00e9 11\/03\/2026 ou encerramento da vaga.<\/strong><\/p>\n\n\n\n<p><strong>1 vaga \u2013 Eletricista<\/strong><\/p>\n\n\n\n<p><strong>Escolaridade \u2013<\/strong> ensino m\u00e9dio completo;<\/p>\n\n\n\n<p><strong>Experi\u00eancia \u2013 <\/strong>registrada na Carteira de Trabalho;<\/p>\n\n\n\n<p><strong>Requisitos Obrigat\u00f3rios <\/strong>\u2013 ter curso de NR 10 e ter documenta\u00e7\u00e3o completa (com dispensa militar);<\/p>\n\n\n\n<p><strong>Atividades \u2013 <\/strong>instala, mant\u00e9m e repara sistemas el\u00e9tricos em resid\u00eancias, com\u00e9rcios e ind\u00fastrias, garantindo o funcionamento seguro de fia\u00e7\u00f5es, quadros de for\u00e7a, disjuntores, tomadas e ilumina\u00e7\u00e3o.<\/p>\n\n\n\n<p><strong>Dispon\u00edvel at\u00e9 11\/03\/2026 ou encerramento da vaga.<\/strong><\/p>\n\n\n\n<p><strong>1 vaga \u2013 Comprador<\/strong><\/p>\n\n\n\n<p><strong>Escolaridade \u2013<\/strong> cursando ensino superior em administra\u00e7\u00e3o, contabilidade, log\u00edstica;<\/p>\n\n\n\n<p><strong>Experi\u00eancia \u2013 <\/strong>registrada na Carteira de Trabalho;<\/p>\n\n\n\n<p><strong>Requisitos Obrigat\u00f3rios <\/strong>\u2013 ter conhecimento em pacote Office ou sistemas de gest\u00e3o (ERP) e ter documenta\u00e7\u00e3o completa;<\/p>\n\n\n\n<p><strong>Atividades \u2013 <\/strong>adquirir materiais, insumos, produtos ou servi\u00e7os para uma empresa, buscando o melhor custo\u2013benef\u00edcio, qualidade e prazo.<\/p>\n\n\n\n<p><strong>Dispon\u00edvel at\u00e9 11\/03\/2026 ou encerramento da vaga.<\/strong><\/p>\n\n\n\n<p><strong>3 vagas \u2013 Auxiliar de Servi\u00e7os Gerais<\/strong><\/p>\n\n\n\n<p><strong>Escolaridade \u2013<\/strong> ensino fundamental completo;<\/p>\n\n\n\n<p><strong>Experi\u00eancia \u2013 <\/strong>seis meses na Carteira de Trabalho;<\/p>\n\n\n\n<p><strong>Requisitos Obrigat\u00f3rios <\/strong>\u2013residir na zona oeste e ter documenta\u00e7\u00e3o completa;<\/p>\n\n\n\n<p><strong>Atividades \u2013 <\/strong>executar limpeza e manuten\u00e7\u00e3o de ambientes para garantir que a empresa funcione corretamente, incluindo a limpeza de \u00e1reas comuns, a organiza\u00e7\u00e3o e reposi\u00e7\u00e3o de materiais, e o aux\u00edlio em outras atividades operacionais b\u00e1sicas, como carga e descarga.<\/p>\n\n\n\n<p><strong>Dispon\u00edvel at\u00e9 11\/03\/2026 ou encerramento da vaga.<\/strong><\/p>\n\n\n\n<p><strong>3 vagas \u2013 L\u00edder de Servi\u00e7os Gerais<\/strong><\/p>\n\n\n\n<p><strong>Escolaridade \u2013<\/strong> ensino fundamental completo;<\/p>\n\n\n\n<p><strong>Experi\u00eancia \u2013 <\/strong>registrada na Carteira de Trabalho;<\/p>\n\n\n\n<p><strong>Requisitos Obrigat\u00f3rios <\/strong>\u2013 ter experi\u00eancia em condom\u00ednio, residir na zona oeste e ter documenta\u00e7\u00e3o completa;<\/p>\n\n\n\n<p><strong>Atividades \u2013 <\/strong>coordenar escalas, treinar funcion\u00e1rios, controlar o estoque de materiais, supervisionar a qualidade dos servi\u00e7os e garantir o uso de equipamentos de seguran\u00e7a (EPIs).<\/p>\n\n\n\n<p><strong>Dispon\u00edvel at\u00e9 11\/03\/2026 ou encerramento da vaga.<\/strong><\/p>\n\n\n\n<p><strong>2 vagas \u2013 Servi\u00e7os Gerais<\/strong><\/p>\n\n\n\n<p><strong>Escolaridade \u2013<\/strong> ensino fundamental completo;<\/p>\n\n\n\n<p><strong>Experi\u00eancia \u2013 <\/strong>seis meses na Carteira de Trabalho;<\/p>\n\n\n\n<p><strong>Requisitos Obrigat\u00f3rios <\/strong>\u2013 ter documenta\u00e7\u00e3o completa (com dispensa militar);<\/p>\n\n\n\n<p><strong>Atividades \u2013 <\/strong>lavagem de lou\u00e7as, panelas, utens\u00edlios e equipamentos de cozinha, higieniza\u00e7\u00e3o e organiza\u00e7\u00e3o da \u00e1rea de lavagem, apoio na limpeza e higieniza\u00e7\u00e3o da cozinha, recolhimento e descarte correto de res\u00edduos, conforme normas de higiene e seguran\u00e7a.<\/p>\n\n\n\n<p><strong>Dispon\u00edvel at\u00e9 11\/03\/2026 ou encerramento da vaga.<\/strong><\/p>\n\n\n\n<p><strong>4 vagas \u2013 Mec\u00e2nico Diesel<\/strong><\/p>\n\n\n\n<p><strong>Escolaridade \u2013<\/strong> ensino m\u00e9dio completo;<\/p>\n\n\n\n<p><strong>Experi\u00eancia \u2013 <\/strong>seis meses na Carteira de Trabalho;<\/p>\n\n\n\n<p><strong>Requisitos Obrigat\u00f3rios <\/strong>\u2013 ter viv\u00eancia em manuten\u00e7\u00e3o de motores mitsubishi, cummins, MWM, yanmar, NSB12 e ter documenta\u00e7\u00e3o completa (com dispensa militar);<\/p>\n\n\n\n<p><strong>Atividades \u2013 <\/strong>executar servi\u00e7os de manuten\u00e7\u00e3o corretiva e preventiva dos semirreboques e equipamentos, montagem e desmontagem de ve\u00edculos e conhecimento em sistemas de freios, pneum\u00e1ticos, suspens\u00e3o, sistema de transmiss\u00e3o e motores diesel.<\/p>\n\n\n\n<p><strong>Dispon\u00edvel at\u00e9 11\/03\/2026 ou encerramento da vaga.<\/strong><\/p>\n\n\n\n<p><strong>1 vaga \u2013 Motorista de Caminh\u00e3o Munck<\/strong><\/p>\n\n\n\n<p><strong>Escolaridade \u2013<\/strong> ensino m\u00e9dio completo;<\/p>\n\n\n\n<p><strong>Experi\u00eancia \u2013 <\/strong>seis meses na Carteira de Trabalho;<\/p>\n\n\n\n<p><strong>Requisitos Obrigat\u00f3rios <\/strong>\u2013 ter Carteira Nacional de Habilita\u00e7\u00e3o categorias (D), curso de operador de munck e ter documenta\u00e7\u00e3o completa (com dispensa militar);<\/p>\n\n\n\n<p><strong>Atividades \u2013 <\/strong>transportam, coletam e entregam cargas em geral, movimentam cargas volumosas e pesadas, podem, tamb\u00e9m, operar equipamentos, realizar inspe\u00e7\u00f5es e reparos em ve\u00edculos, vistoriar cargas, al\u00e9m de verificar documenta\u00e7\u00e3o de ve\u00edculos e de cargas, definem rotas e asseguram a regularidade do transporte.<\/p>\n\n\n\n<p><strong>Dispon\u00edvel at\u00e9 11\/03\/2026 ou encerramento da vaga.<\/strong><\/p>\n\n\n\n<p><strong>1 vaga \u2013 Motorista de Ve\u00edculo Leve<\/strong><\/p>\n\n\n\n<p><strong>Escolaridade \u2013<\/strong> ensino m\u00e9dio completo;<\/p>\n\n\n\n<p><strong>Experi\u00eancia \u2013 <\/strong>n\u00e3o \u00e9 necess\u00e1rio;<\/p>\n\n\n\n<p><strong>Requisitos Obrigat\u00f3rios <\/strong>\u2013 ter Carteira Nacional de Habilita\u00e7\u00e3o categorias (D), curso MOPP e ter documenta\u00e7\u00e3o completa (com dispensa militar);<\/p>\n\n\n\n<p><strong>Atividades \u2013 <\/strong>realizar distribui\u00e7\u00e3o r\u00e1pida de encomendas, e\u2013commerce e produtos fracionados, transporte de cargas secas, l\u00edquidos ou materiais que exigem prote\u00e7\u00e3o contra intemp\u00e9ries, entre outras atividades correlatas \u00e0 fun\u00e7\u00e3o.<\/p>\n\n\n\n<p><strong>Dispon\u00edvel at\u00e9 11\/03\/2026 ou encerramento da vaga.<\/strong><\/p>\n\n\n\n<p><strong>1 vaga \u2013 Eletricista Naval<\/strong><\/p>\n\n\n\n<p><strong>Escolaridade \u2013<\/strong> ensino m\u00e9dio completo;<\/p>\n\n\n\n<p><strong>Experi\u00eancia \u2013 <\/strong>seis meses na Carteira de Trabalho;<\/p>\n\n\n\n<p><strong>Requisitos Obrigat\u00f3rios <\/strong>\u2013 ter experi\u00eancia com comandos el\u00e9tricos e CLP (controlador l\u00f3gico program\u00e1vel) e ter documenta\u00e7\u00e3o completa (com dispensa militar);<\/p>\n\n\n\n<p><strong>Atividades \u2013 <\/strong>instalar e reparar circuitos e equipamentos el\u00e9tricos em empreendimentos navais e offshore, conforme planejamento, projetos e documentos t\u00e9cnicos espec\u00edficos, de acordo com as normas t\u00e9cnicas e legisla\u00e7\u00e3o de seguran\u00e7a e ambiental vigentes.<\/p>\n\n\n\n<p><strong>Dispon\u00edvel at\u00e9 11\/03\/2026 ou encerramento da vaga.<\/strong><\/p>\n\n\n\n<p><strong>2 vagas \u2013 Pintor Naval<\/strong><\/p>\n\n\n\n<p><strong>Escolaridade \u2013<\/strong> ensino m\u00e9dio completo;<\/p>\n\n\n\n<p><strong>Experi\u00eancia \u2013 <\/strong>seis meses na Carteira de Trabalho;<\/p>\n\n\n\n<p><strong>Requisitos Obrigat\u00f3rios <\/strong>\u2013 ter experi\u00eancia em jateamento, hidrojateamento e ter documenta\u00e7\u00e3o completa (com dispensa militar);<\/p>\n\n\n\n<p><strong>Atividades \u2013 <\/strong>atua na prepara\u00e7\u00e3o e pintura anticorrosiva de superf\u00edcies met\u00e1licas em navios e estruturas mar\u00edtimas.<\/p>\n\n\n\n<p><strong>Dispon\u00edvel at\u00e9 11\/03\/2026 ou encerramento da vaga.<\/strong><\/p>\n\n\n\n<p><strong>1 vaga \u2013 Auxiliar de Pedreiro<\/strong><\/p>\n\n\n\n<p><strong>Escolaridade \u2013<\/strong> ensino fundamental completo;<\/p>\n\n\n\n<p><strong>Experi\u00eancia \u2013 <\/strong>seis meses na Carteira de Trabalho ou avulsa;<\/p>\n\n\n\n<p><strong>Requisitos Obrigat\u00f3rios <\/strong>\u2013 ter documenta\u00e7\u00e3o completa (com dispensa militar);<\/p>\n\n\n\n<p><strong>Atividades \u2013 <\/strong>carregar e transportar materiais (cimento, tijolos), misturar argamassa e concreto, limpar o canteiro de obras, escavar valas, montar andaimes e organizar ferramentas.<\/p>\n\n\n\n<p><strong>Dispon\u00edvel at\u00e9 11\/03\/2026 ou encerramento da vaga.<\/strong><\/p>\n\n\n\n<p><strong>10 vagas \u2013 Soldador Jr<\/strong><\/p>\n\n\n\n<p><strong>Escolaridade \u2013<\/strong> ensino m\u00e9dio completo;<\/p>\n\n\n\n<p><strong>Experi\u00eancia \u2013 <\/strong>seis meses na Carteira de Trabalho ou avulsa;<\/p>\n\n\n\n<p><strong>Requisitos Obrigat\u00f3rios <\/strong>\u2013 ter curso na \u00e1rea de soldagem e ter documenta\u00e7\u00e3o completa (com dispensa militar);<\/p>\n\n\n\n<p><strong>Atividades \u2013 <\/strong>preparar equipamentos, acess\u00f3rios, consum\u00edveis de soldagem e corte e pe\u00e7as a serem soldadas, aplicar estritas normas de seguran\u00e7a, organiza\u00e7\u00e3o do local de trabalho e meio ambiente, entre outras atividades correlatas \u00e0 fun\u00e7\u00e3o.<\/p>\n\n\n\n<p><strong>Dispon\u00edvel at\u00e9 11\/03\/2026 ou encerramento da vaga.<\/strong><\/p>\n\n\n\n<p><strong>30 vagas \u2013 Auxiliar de Soldador<\/strong><\/p>\n\n\n\n<p><strong>Escolaridade \u2013<\/strong> ensino fundamental completo;<\/p>\n\n\n\n<p><strong>Experi\u00eancia \u2013 <\/strong>seis meses na Carteira de Trabalho ou avulsa;<\/p>\n\n\n\n<p><strong>Requisitos Obrigat\u00f3rios <\/strong>\u2013 ter documenta\u00e7\u00e3o completa (com dispensa militar);<\/p>\n\n\n\n<p><strong>Atividades \u2013 <\/strong>auxiliar no processo de soldagem, instalar e manusear dispositivos para a execu\u00e7\u00e3o de soldagem, manter processo abastecido, entre outras atividades correlatas \u00e0 fun\u00e7\u00e3o.<\/p>\n\n\n\n<p><strong>Dispon\u00edvel at\u00e9 11\/03\/2026 ou encerramento da vaga.<\/strong><\/p>\n\n\n\n<p><strong>5 vagas \u2013 Auxiliar de Soldador \u2013 Jovem Aprendiz<\/strong><\/p>\n\n\n\n<p><strong>&nbsp;Escolaridade \u2013<\/strong> ensino m\u00e9dio completo;<\/p>\n\n\n\n<p><strong>Experi\u00eancia \u2013 <\/strong>n\u00e3o \u00e9 necess\u00e1rio;<\/p>\n\n\n\n<p><strong>Requisitos Obrigat\u00f3rios <\/strong>\u2013 ter documenta\u00e7\u00e3o completa (com dispensa militar);<\/p>\n\n\n\n<p><strong>Atividades \u2013 <\/strong>auxiliar no processo de soldagem instalar e manusear dispositivos para a execu\u00e7\u00e3o de soldagem, manter processo abastecido, entre outras atividades correlatas \u00e0 fun\u00e7\u00e3o.<\/p>\n\n\n\n<p><strong>Dispon\u00edvel at\u00e9 11\/03\/2026 ou encerramento da vaga.<\/strong><\/p>\n\n\n\n<p><strong>2 vagas \u2013 Auxiliar Operacional \u2013 Jovem Aprendiz<\/strong><\/p>\n\n\n\n<p><strong>Escolaridade \u2013<\/strong> ensino m\u00e9dio completo;<\/p>\n\n\n\n<p><strong>Experi\u00eancia \u2013 <\/strong>n\u00e3o \u00e9 necess\u00e1rio;<\/p>\n\n\n\n<p><strong>Requisitos Obrigat\u00f3rios <\/strong>\u2013 ter documenta\u00e7\u00e3o completa (com dispensa militar);<\/p>\n\n\n\n<p><strong>Atividades \u2013 <\/strong>atua no suporte di\u00e1rio de empresas, realizando tarefas de log\u00edstica (recebimento, armazenagem, separa\u00e7\u00e3o de pedidos, expedi\u00e7\u00e3o), organiza\u00e7\u00e3o de materiais, manuten\u00e7\u00e3o b\u00e1sica de ambientes e apoio administrativo (lan\u00e7amento de dados em sistemas, controle de estoque.<\/p>\n\n\n\n<p><strong>Dispon\u00edvel at\u00e9 11\/03\/2026 ou encerramento da vaga.<\/strong><\/p>\n\n\n\n<p><strong>3 vagas \u2013 Motorista de Caminh\u00e3o<\/strong><\/p>\n\n\n\n<p><strong>Escolaridade \u2013<\/strong> ensino fundamental completo;<\/p>\n\n\n\n<p><strong>Experi\u00eancia \u2013 <\/strong>n\u00e3o \u00e9 necess\u00e1rio;<\/p>\n\n\n\n<p><strong>Requisitos Obrigat\u00f3rios <\/strong>\u2013 ter Carteira Nacional de Habilita\u00e7\u00e3o categorias (D), toxicol\u00f3gico, disponibilidade de horario e ter documenta\u00e7\u00e3o completa (com dispensa militar);<\/p>\n\n\n\n<p><strong>Atividades \u2013 <\/strong>conferir cargas, transportar cargas, realizar inspe\u00e7\u00f5es e reparos b\u00e1sicos no ve\u00edculo e comunicar\u2013se em tempo real com os superiores, entre outras atividades correlatas \u00e0 fun\u00e7\u00e3o.<\/p>\n\n\n\n<p><strong>Dispon\u00edvel at\u00e9 11\/03\/2026 ou encerramento da vaga.<\/strong><\/p>\n\n\n\n<p><strong>1 vaga \u2013 Agente de Portaria<\/strong><\/p>\n\n\n\n<p><strong>Escolaridade \u2013<\/strong> ensino m\u00e9dio completo;<\/p>\n\n\n\n<p><strong>Experi\u00eancia \u2013 <\/strong>seis meses na Carteira de Trabalho;<\/p>\n\n\n\n<p><strong>Requisitos Obrigat\u00f3rios <\/strong>\u2013 ter curso de AGP e ter documenta\u00e7\u00e3o completa (com dispensa militar);<\/p>\n\n\n\n<p><strong>Atividades \u2013 <\/strong>monitorar a entrada e sa\u00edda de pessoas, ve\u00edculos e materiais, garantindo que apenas pessoas autorizadas entrem, zelar pela seguran\u00e7a do local, fiscalizando depend\u00eancias, monitorando c\u00e2meras e alarmes, e acionando autoridades em caso de irregularidades.<\/p>\n\n\n\n<p><strong>Dispon\u00edvel at\u00e9 11\/03\/2026 ou encerramento da vaga.<\/strong><\/p>\n\n\n\n<p><strong>VAGAS DESTINADAS \u00c0 PESSOAS COM DEFICI\u00caNCIA (PCD) \u2013 13<\/strong><\/p>\n\n\n\n<p><strong>1 vaga \u2013 Auxiliar de Dep\u00f3sito \u2013 Vagas destinadas para Pessoa com Defici\u00eancia (PCD)<\/strong><\/p>\n\n\n\n<p><strong>Escolaridade \u2013<\/strong> ensino m\u00e9dio completo;<\/p>\n\n\n\n<p><strong>Experi\u00eancia \u2013 <\/strong>tres meses na Carteira de Trabalho ou avulso;<\/p>\n\n\n\n<p><strong>Requisitos Obrigat\u00f3rios <\/strong>\u2013 ter documenta\u00e7\u00e3o completa (com dispensa militar);<\/p>\n\n\n\n<p><strong>Atividades \u2013 <\/strong>embarque e desembarque de mercadorias. Etiquetagem e organiza\u00e7\u00e3o do ambiente de trabalho.<\/p>\n\n\n\n<p><strong>Dispon\u00edvel at\u00e9 11\/03\/2026 ou encerramento da vaga.<\/strong><\/p>\n\n\n\n<p><strong>9 vagas \u2013 Auxiliar de Limpeza \u2013 Vagas destinadas para Pessoa com Defici\u00eancia (PCD)<\/strong><\/p>\n\n\n\n<p><strong>Escolaridade \u2013<\/strong> ensino fundamental completo;<\/p>\n\n\n\n<p><strong>Experi\u00eancia \u2013 <\/strong>registrada na Carteira de Trabalho ou avulso;<\/p>\n\n\n\n<p><strong>Requisitos Obrigat\u00f3rios <\/strong>\u2013 ter documenta\u00e7\u00e3o completa;<\/p>\n\n\n\n<p><strong>Atividades \u2013 <\/strong>manter a higiene, organiza\u00e7\u00e3o e conserva\u00e7\u00e3o de ambientes internos e externos (escrit\u00f3rios, banheiros, \u00e1reas comuns), varrendo, lavando, espanando e higienizando superf\u00edcies. Tamb\u00e9m realiza a coleta de lixo, reposi\u00e7\u00e3o de materiais (papel, sabonete) e utiliza produtos de limpeza com seguran\u00e7a.<\/p>\n\n\n\n<p><strong>Dispon\u00edvel at\u00e9 11\/03\/2026 ou encerramento da vaga.<\/strong><\/p>\n\n\n\n<p><strong>2 vagas \u2013 Auxiliar de Produ\u00e7\u00e3o \u2013 Vagas destinadas para Pessoa com Defici\u00eancia (PCD)<\/strong><\/p>\n\n\n\n<p><strong>Escolaridade \u2013<\/strong> ensino m\u00e9dio completo;<\/p>\n\n\n\n<p><strong>Experi\u00eancia \u2013 <\/strong>n\u00e3o \u00e9 necess\u00e1rio;<\/p>\n\n\n\n<p><strong>Requisitos Obrigat\u00f3rios <\/strong>\u2013 ter documenta\u00e7\u00e3o completa;<\/p>\n\n\n\n<p><strong>Atividades \u2013 <\/strong>realizar as atividades de inspe\u00e7\u00e3o de produtos e\/ou material de acordo com a instru\u00e7\u00e3o de inspe\u00e7\u00e3o, registrar os resultados do processo produtivo: data, horas trabalhadas, horas paradas, quantidade produzida, etc\u201e na Folha de servi\u00e7os.<\/p>\n\n\n\n<p><strong>Dispon\u00edvel at\u00e9 11\/03\/2026 ou encerramento da vaga.<\/strong><\/p>\n\n\n\n<p><strong>1 vaga \u2013 Auxiliar Administrativo&nbsp; \u2013 Vagas destinadas para Pessoa com Defici\u00eancia (PCD)<\/strong><\/p>\n\n\n\n<p><strong>Escolaridade \u2013<\/strong> ensino m\u00e9dio completo;<\/p>\n\n\n\n<p><strong>Experi\u00eancia \u2013 <\/strong>n\u00e3o \u00e9 necess\u00e1rio;<\/p>\n\n\n\n<p><strong>Requisitos Obrigat\u00f3rios <\/strong>\u2013 ter curso inform\u00e1tica avan\u00e7ada e ter documenta\u00e7\u00e3o completa (com dispensa militar);<\/p>\n\n\n\n<p><strong>Atividades \u2013 <\/strong>executar rotinas de escrit\u00f3rio, organizar documentos, arquivos f\u00edsicos\/digitais, atender clientes\/fornecedores e preencher planilhas.<\/p>\n\n\n\n<p><strong>Dispon\u00edvel at\u00e9 11\/03\/2026 ou encerramento da vaga.<\/strong><\/p>\n\n\n\n<p>\u2014 \u2014 \u2014<\/p>\n\n\n\n<p><strong>Texto<\/strong>&nbsp;\u2013&nbsp;Divulga\u00e7\u00e3o\/Semtepi<\/p>\n\n\n\n<p><strong>Fotos<\/strong>&nbsp;\u2013&nbsp;Arquivo\/Semcom<\/p>\n\n\n\n<p><strong>Dispon\u00edveis em<\/strong>&nbsp;\u2013&nbsp;<a href=\"https:\/\/flic.kr\/s\/aHBqjCetWK\">https:\/\/flic.kr\/s\/aHBqjCetWK<\/a><\/p>\n","protected":false},"excerpt":{"rendered":"","protected":false},"author":23,"featured_media":250288,"comment_status":"closed","ping_status":"closed","sticky":false,"template":"","format":"standard","meta":{"footnotes":""},"categories":[44],"tags":[367,2068,77,22,23,126],"acf":[],"yoast_head":"<!-- This site is optimized with the Yoast SEO plugin v23.0 - https:\/\/yoast.com\/wordpress\/plugins\/seo\/ -->\n<title>Sine Manaus oferta 329 vagas de emprego nesta quarta\u2013feira, 11\/3<\/title>\n<meta name=\"description\" content=\"A Prefeitura de Manaus, por meio do Sine Manaus, oferta 329 vagas de emprego em v\u00e1rias \u00e1reas de atua\u00e7\u00e3o, nesta ter\u00e7a\u2013feira, 10\/03.\" \/>\n<meta name=\"robots\" content=\"index, follow, max-snippet:-1, max-image-preview:large, max-video-preview:-1\" \/>\n<link rel=\"canonical\" href=\"https:\/\/www.manaus.am.gov.br\/semcom\/prefeitura-semtepi-sine-manaus-vagas1103-2\/\" \/>\n<meta property=\"og:locale\" content=\"pt_BR\" \/>\n<meta property=\"og:type\" content=\"article\" \/>\n<meta property=\"og:title\" content=\"Sine Manaus oferta 329 vagas de emprego nesta quarta\u2013feira, 11\/3\" \/>\n<meta property=\"og:description\" content=\"A Prefeitura de Manaus, por meio do Sine Manaus, oferta 329 vagas de emprego em v\u00e1rias \u00e1reas de atua\u00e7\u00e3o, nesta ter\u00e7a\u2013feira, 10\/03.\" \/>\n<meta property=\"og:url\" content=\"https:\/\/www.manaus.am.gov.br\/semcom\/prefeitura-semtepi-sine-manaus-vagas1103-2\/\" \/>\n<meta property=\"og:site_name\" content=\"SEMCOM\" \/>\n<meta property=\"article:published_time\" content=\"2026-03-10T17:19:48+00:00\" \/>\n<meta property=\"article:modified_time\" content=\"2026-03-10T17:40:11+00:00\" \/>\n<meta property=\"og:image\" content=\"https:\/\/www.manaus.am.gov.br\/semcom\/wp-content\/uploads\/sites\/5\/2025\/12\/54523927824_f1e50dbf0a_c.jpg\" \/>\n\t<meta property=\"og:image:width\" content=\"799\" \/>\n\t<meta property=\"og:image:height\" content=\"533\" \/>\n\t<meta property=\"og:image:type\" content=\"image\/jpeg\" \/>\n<meta name=\"author\" content=\"Adriana Costa\" \/>\n<meta name=\"twitter:card\" content=\"summary_large_image\" \/>\n<meta name=\"twitter:label1\" content=\"Written by\" \/>\n\t<meta name=\"twitter:data1\" content=\"Adriana Costa\" \/>\n\t<meta name=\"twitter:label2\" content=\"Est. reading time\" \/>\n\t<meta name=\"twitter:data2\" content=\"38 minutos\" \/>\n<script type=\"application\/ld+json\" class=\"yoast-schema-graph\">{\"@context\":\"https:\/\/schema.org\",\"@graph\":[{\"@type\":\"WebPage\",\"@id\":\"https:\/\/www.manaus.am.gov.br\/semcom\/prefeitura-semtepi-sine-manaus-vagas1103-2\/\",\"url\":\"https:\/\/www.manaus.am.gov.br\/semcom\/prefeitura-semtepi-sine-manaus-vagas1103-2\/\",\"name\":\"Sine Manaus oferta 329 vagas de emprego nesta quarta\u2013feira, 11\/3\",\"isPartOf\":{\"@id\":\"https:\/\/www.manaus.am.gov.br\/semcom\/#website\"},\"primaryImageOfPage\":{\"@id\":\"https:\/\/www.manaus.am.gov.br\/semcom\/prefeitura-semtepi-sine-manaus-vagas1103-2\/#primaryimage\"},\"image\":{\"@id\":\"https:\/\/www.manaus.am.gov.br\/semcom\/prefeitura-semtepi-sine-manaus-vagas1103-2\/#primaryimage\"},\"thumbnailUrl\":\"https:\/\/www.manaus.am.gov.br\/semcom\/wp-content\/uploads\/sites\/5\/2025\/12\/54523927824_f1e50dbf0a_c.jpg\",\"datePublished\":\"2026-03-10T17:19:48+00:00\",\"dateModified\":\"2026-03-10T17:40:11+00:00\",\"author\":{\"@id\":\"https:\/\/www.manaus.am.gov.br\/semcom\/#\/schema\/person\/4e49f4e267757a06ca072ec61b2b9968\"},\"description\":\"A Prefeitura de Manaus, por meio do Sine Manaus, oferta 329 vagas de emprego em v\u00e1rias \u00e1reas de atua\u00e7\u00e3o, nesta ter\u00e7a\u2013feira, 10\/03.\",\"inLanguage\":\"pt-BR\",\"potentialAction\":[{\"@type\":\"ReadAction\",\"target\":[\"https:\/\/www.manaus.am.gov.br\/semcom\/prefeitura-semtepi-sine-manaus-vagas1103-2\/\"]}]},{\"@type\":\"ImageObject\",\"inLanguage\":\"pt-BR\",\"@id\":\"https:\/\/www.manaus.am.gov.br\/semcom\/prefeitura-semtepi-sine-manaus-vagas1103-2\/#primaryimage\",\"url\":\"https:\/\/www.manaus.am.gov.br\/semcom\/wp-content\/uploads\/sites\/5\/2025\/12\/54523927824_f1e50dbf0a_c.jpg\",\"contentUrl\":\"https:\/\/www.manaus.am.gov.br\/semcom\/wp-content\/uploads\/sites\/5\/2025\/12\/54523927824_f1e50dbf0a_c.jpg\",\"width\":799,\"height\":533,\"caption\":\"#paratodosverem - Atendimento na entrada de posto do Sine Manaus\"},{\"@type\":\"WebSite\",\"@id\":\"https:\/\/www.manaus.am.gov.br\/semcom\/#website\",\"url\":\"https:\/\/www.manaus.am.gov.br\/semcom\/\",\"name\":\"SEMCOM\",\"description\":\"Secretaria Municipal de Comunica\u00e7\u00e3o\",\"potentialAction\":[{\"@type\":\"SearchAction\",\"target\":{\"@type\":\"EntryPoint\",\"urlTemplate\":\"https:\/\/www.manaus.am.gov.br\/semcom\/?s={search_term_string}\"},\"query-input\":\"required name=search_term_string\"}],\"inLanguage\":\"pt-BR\"},{\"@type\":\"Person\",\"@id\":\"https:\/\/www.manaus.am.gov.br\/semcom\/#\/schema\/person\/4e49f4e267757a06ca072ec61b2b9968\",\"name\":\"Adriana Costa\",\"image\":{\"@type\":\"ImageObject\",\"inLanguage\":\"pt-BR\",\"@id\":\"https:\/\/www.manaus.am.gov.br\/semcom\/#\/schema\/person\/image\/\",\"url\":\"https:\/\/secure.gravatar.com\/avatar\/576258617ef7194f718179e766d57bd4?s=96&d=mm&r=g\",\"contentUrl\":\"https:\/\/secure.gravatar.com\/avatar\/576258617ef7194f718179e766d57bd4?s=96&d=mm&r=g\",\"caption\":\"Adriana Costa\"}}]}<\/script>\n<!-- \/ Yoast SEO plugin. -->","yoast_head_json":{"title":"Sine Manaus oferta 329 vagas de emprego nesta quarta\u2013feira, 11\/3","description":"A Prefeitura de Manaus, por meio do Sine Manaus, oferta 329 vagas de emprego em v\u00e1rias \u00e1reas de atua\u00e7\u00e3o, nesta ter\u00e7a\u2013feira, 10\/03.","robots":{"index":"index","follow":"follow","max-snippet":"max-snippet:-1","max-image-preview":"max-image-preview:large","max-video-preview":"max-video-preview:-1"},"canonical":"https:\/\/www.manaus.am.gov.br\/semcom\/prefeitura-semtepi-sine-manaus-vagas1103-2\/","og_locale":"pt_BR","og_type":"article","og_title":"Sine Manaus oferta 329 vagas de emprego nesta quarta\u2013feira, 11\/3","og_description":"A Prefeitura de Manaus, por meio do Sine Manaus, oferta 329 vagas de emprego em v\u00e1rias \u00e1reas de atua\u00e7\u00e3o, nesta ter\u00e7a\u2013feira, 10\/03.","og_url":"https:\/\/www.manaus.am.gov.br\/semcom\/prefeitura-semtepi-sine-manaus-vagas1103-2\/","og_site_name":"SEMCOM","article_published_time":"2026-03-10T17:19:48+00:00","article_modified_time":"2026-03-10T17:40:11+00:00","og_image":[{"width":799,"height":533,"url":"https:\/\/www.manaus.am.gov.br\/semcom\/wp-content\/uploads\/sites\/5\/2025\/12\/54523927824_f1e50dbf0a_c.jpg","type":"image\/jpeg"}],"author":"Adriana Costa","twitter_card":"summary_large_image","twitter_misc":{"Written by":"Adriana Costa","Est. reading time":"38 minutos"},"schema":{"@context":"https:\/\/schema.org","@graph":[{"@type":"WebPage","@id":"https:\/\/www.manaus.am.gov.br\/semcom\/prefeitura-semtepi-sine-manaus-vagas1103-2\/","url":"https:\/\/www.manaus.am.gov.br\/semcom\/prefeitura-semtepi-sine-manaus-vagas1103-2\/","name":"Sine Manaus oferta 329 vagas de emprego nesta quarta\u2013feira, 11\/3","isPartOf":{"@id":"https:\/\/www.manaus.am.gov.br\/semcom\/#website"},"primaryImageOfPage":{"@id":"https:\/\/www.manaus.am.gov.br\/semcom\/prefeitura-semtepi-sine-manaus-vagas1103-2\/#primaryimage"},"image":{"@id":"https:\/\/www.manaus.am.gov.br\/semcom\/prefeitura-semtepi-sine-manaus-vagas1103-2\/#primaryimage"},"thumbnailUrl":"https:\/\/www.manaus.am.gov.br\/semcom\/wp-content\/uploads\/sites\/5\/2025\/12\/54523927824_f1e50dbf0a_c.jpg","datePublished":"2026-03-10T17:19:48+00:00","dateModified":"2026-03-10T17:40:11+00:00","author":{"@id":"https:\/\/www.manaus.am.gov.br\/semcom\/#\/schema\/person\/4e49f4e267757a06ca072ec61b2b9968"},"description":"A Prefeitura de Manaus, por meio do Sine Manaus, oferta 329 vagas de emprego em v\u00e1rias \u00e1reas de atua\u00e7\u00e3o, nesta ter\u00e7a\u2013feira, 10\/03.","inLanguage":"pt-BR","potentialAction":[{"@type":"ReadAction","target":["https:\/\/www.manaus.am.gov.br\/semcom\/prefeitura-semtepi-sine-manaus-vagas1103-2\/"]}]},{"@type":"ImageObject","inLanguage":"pt-BR","@id":"https:\/\/www.manaus.am.gov.br\/semcom\/prefeitura-semtepi-sine-manaus-vagas1103-2\/#primaryimage","url":"https:\/\/www.manaus.am.gov.br\/semcom\/wp-content\/uploads\/sites\/5\/2025\/12\/54523927824_f1e50dbf0a_c.jpg","contentUrl":"https:\/\/www.manaus.am.gov.br\/semcom\/wp-content\/uploads\/sites\/5\/2025\/12\/54523927824_f1e50dbf0a_c.jpg","width":799,"height":533,"caption":"#paratodosverem - Atendimento na entrada de posto do Sine Manaus"},{"@type":"WebSite","@id":"https:\/\/www.manaus.am.gov.br\/semcom\/#website","url":"https:\/\/www.manaus.am.gov.br\/semcom\/","name":"SEMCOM","description":"Secretaria Municipal de Comunica\u00e7\u00e3o","potentialAction":[{"@type":"SearchAction","target":{"@type":"EntryPoint","urlTemplate":"https:\/\/www.manaus.am.gov.br\/semcom\/?s={search_term_string}"},"query-input":"required name=search_term_string"}],"inLanguage":"pt-BR"},{"@type":"Person","@id":"https:\/\/www.manaus.am.gov.br\/semcom\/#\/schema\/person\/4e49f4e267757a06ca072ec61b2b9968","name":"Adriana Costa","image":{"@type":"ImageObject","inLanguage":"pt-BR","@id":"https:\/\/www.manaus.am.gov.br\/semcom\/#\/schema\/person\/image\/","url":"https:\/\/secure.gravatar.com\/avatar\/576258617ef7194f718179e766d57bd4?s=96&d=mm&r=g","contentUrl":"https:\/\/secure.gravatar.com\/avatar\/576258617ef7194f718179e766d57bd4?s=96&d=mm&r=g","caption":"Adriana Costa"}}]}},"_links":{"self":[{"href":"https:\/\/www.manaus.am.gov.br\/semcom\/wp-json\/wp\/v2\/posts\/254275"}],"collection":[{"href":"https:\/\/www.manaus.am.gov.br\/semcom\/wp-json\/wp\/v2\/posts"}],"about":[{"href":"https:\/\/www.manaus.am.gov.br\/semcom\/wp-json\/wp\/v2\/types\/post"}],"author":[{"embeddable":true,"href":"https:\/\/www.manaus.am.gov.br\/semcom\/wp-json\/wp\/v2\/users\/23"}],"replies":[{"embeddable":true,"href":"https:\/\/www.manaus.am.gov.br\/semcom\/wp-json\/wp\/v2\/comments?post=254275"}],"version-history":[{"count":2,"href":"https:\/\/www.manaus.am.gov.br\/semcom\/wp-json\/wp\/v2\/posts\/254275\/revisions"}],"predecessor-version":[{"id":254283,"href":"https:\/\/www.manaus.am.gov.br\/semcom\/wp-json\/wp\/v2\/posts\/254275\/revisions\/254283"}],"wp:featuredmedia":[{"embeddable":true,"href":"https:\/\/www.manaus.am.gov.br\/semcom\/wp-json\/wp\/v2\/media\/250288"}],"wp:attachment":[{"href":"https:\/\/www.manaus.am.gov.br\/semcom\/wp-json\/wp\/v2\/media?parent=254275"}],"wp:term":[{"taxonomy":"category","embeddable":true,"href":"https:\/\/www.manaus.am.gov.br\/semcom\/wp-json\/wp\/v2\/categories?post=254275"},{"taxonomy":"post_tag","embeddable":true,"href":"https:\/\/www.manaus.am.gov.br\/semcom\/wp-json\/wp\/v2\/tags?post=254275"}],"curies":[{"name":"wp","href":"https:\/\/api.w.org\/{rel}","templated":true}]}}