{"id":254259,"date":"2026-03-10T12:34:47","date_gmt":"2026-03-10T15:34:47","guid":{"rendered":"https:\/\/www.manaus.am.gov.br\/semcom\/prefeitura-implurb-novasede-2\/"},"modified":"2026-03-10T14:07:09","modified_gmt":"2026-03-10T17:07:09","slug":"prefeitura-implurb-nova-sede-2","status":"publish","type":"post","link":"https:\/\/www.manaus.am.gov.br\/semcom\/prefeitura-implurb-nova-sede-2\/","title":{"rendered":"Com nova sede do Implurb, Prefeitura de Manaus amplia capacidade de atendimento e moderniza estrutura de planejamento urbano na capital"},"content":{"rendered":"\n<p>Mais do que um novo endere\u00e7o administrativo, a nova sede do <a href=\"https:\/\/www.instagram.com\/implurb\/\">Instituto Municipal de Planejamento Urbano<\/a> (Implurb) representa um avan\u00e7o estrutural na forma como a <a href=\"https:\/\/www.manaus.am.gov.br\/\">Prefeitura de Manaus<\/a> planeja, desenvolve e acompanha o desenvolvimento urban\u00edstico da capital amazonense. A inaugura\u00e7\u00e3o est\u00e1 prevista para o dia 19 de mar\u00e7o.<\/p>\n\n\n\n<p>Com aproximadamente 3.500 metros quadrados de \u00e1rea constru\u00edda, arquitetura contempor\u00e2nea, acessibilidade plena e infraestrutura tecnol\u00f3gica de alto desempenho, a nova sede, localizada no n\u00famero 750 da alameda Desembargador Jo\u00e3o Machado, no Parque Mosaico, Tarum\u00e3, zona Oeste, foi projetada para oferecer melhores condi\u00e7\u00f5es de trabalho aos servidores e ampliar a qualidade do atendimento \u00e0 popula\u00e7\u00e3o.<\/p>\n\n\n\n<p>A estrutura constru\u00edda incorpora ambientes mais amplos e organizados, com \u00e1reas espec\u00edficas para atendimento ao p\u00fablico, salas adequadas para reuni\u00f5es t\u00e9cnicas e internas, al\u00e9m de espa\u00e7os projetados para garantir maior integra\u00e7\u00e3o entre as equipes t\u00e9cnicas da autarquia e da gest\u00e3o do prefeito David Almeida. A proposta \u00e9 tornar os fluxos de trabalho mais eficientes e proporcionar um ambiente institucional mais moderno e funcional.<\/p>\n\n\n\n<p>Para o diretor-presidente do Implurb, Carlos Valente, a mudan\u00e7a representa um salto importante tanto para os servidores quanto para os usu\u00e1rios dos servi\u00e7os do instituto, dobrando a \u00e1rea de constru\u00e7\u00e3o. No bairro Compensa, o pr\u00e9dio atual tem 1.700 metros quadrados.<\/p>\n\n\n\n<p>Montagem<\/p>\n\n\n\n<p>\u201cEstamos finalizando a montagem da nova sede, com a instala\u00e7\u00e3o de mobili\u00e1rio, computadores e toda a infraestrutura de conectividade. Aqui, por exemplo, teremos instala\u00e7\u00f5es substancialmente melhores para o atendimento \u00e0 popula\u00e7\u00e3o, com balc\u00f5es apropriados e mobili\u00e1rio dur\u00e1vel e funcional, pensado para atender bem por muitos anos. Ao mesmo tempo, estamos estruturando toda a parte de conectividade e comunica\u00e7\u00e3o para garantir fluxos de informa\u00e7\u00e3o mais r\u00e1pidos entre o usu\u00e1rio e o Implurb\u201d, explicou.<\/p>\n\n\n\n<p>Na sede do bairro Compensa, na avenida Brasil, a autarquia e seus mais de 240 colaboradores se dividem entre um pr\u00e9dio que acabou sendo adaptado \u00e0 demanda com o passar das d\u00e9cadas.<\/p>\n\n\n\n<p>Tecnologia<\/p>\n\n\n\n<p>A moderniza\u00e7\u00e3o da estrutura tecnol\u00f3gica tamb\u00e9m \u00e9 um dos pontos centrais do projeto. O edif\u00edcio conta com rede estruturada por pavimento, links dedicados de alta velocidade e sistemas de redund\u00e2ncia de internet, o que garante mais estabilidade e seguran\u00e7a para as atividades de licenciamento, an\u00e1lise de projetos e autoriza\u00e7\u00f5es urban\u00edsticas.<\/p>\n\n\n\n<p>Segundo o diretor de Planejamento do instituto, arquiteto e urbanista Pedro Paulo Cordeiro, a sede foi concebida com uma vis\u00e3o de longo prazo, capaz de acompanhar o crescimento da institui\u00e7\u00e3o e as demandas futuras da cidade.<\/p>\n\n\n\n<p>\u201cA nova sede do Implurb oferece instala\u00e7\u00f5es e espa\u00e7os confort\u00e1veis, projetados inclusive para acomodar um aumento futuro de servidores. O pr\u00e9dio incorpora diversos conceitos, com destaque para o aproveitamento da ilumina\u00e7\u00e3o natural, que permitir\u00e1 economia de energia, especialmente nas \u00e1reas de circula\u00e7\u00e3o. Al\u00e9m disso, toda a infraestrutura foi planejada para garantir funcionamento cont\u00ednuo, com grupo gerador de 500 quilovolt-amp\u00e8res (kVA) e reservat\u00f3rio de \u00e1gua\u201d, destacou.<\/p>\n\n\n\n<p>O projeto ainda incorporou solu\u00e7\u00f5es urban\u00edsticas e ambientais, como o plantio de mais de 260 \u00e1rvores que, ao longo do tempo, v\u00e3o contribuir para o sombreamento e para a valoriza\u00e7\u00e3o paisag\u00edstica do entorno.<\/p>\n\n\n\n<p>Estacionamento<\/p>\n\n\n\n<p>Outro diferencial da nova sede \u00e9 a organiza\u00e7\u00e3o dos acessos e do estacionamento. Foram criadas \u00e1reas distintas para servidores e para usu\u00e1rios dos servi\u00e7os do instituto, facilitando a circula\u00e7\u00e3o e garantindo mais disponibilidade de vagas.<\/p>\n\n\n\n<p>No edif\u00edcio do Parque Mosaico, ser\u00e3o 282 vagas, sendo 204 para servidores e 78 para usu\u00e1rios, incluindo para Pessoas com Defici\u00eancia (PcDs), idosos e motocicletas.<\/p>\n\n\n\n<p>\u201cO estacionamento foi segregado, com uma \u00e1rea frontal destinada aos requerentes e fornecedores e outra, nos fundos do pr\u00e9dio, exclusiva para os funcion\u00e1rios. Essa organiza\u00e7\u00e3o traz mais conforto tanto para quem trabalha no Implurb quanto para quem vem buscar atendimento\u201d, explicou Cordeiro.<\/p>\n\n\n\n<p>A acessibilidade tamb\u00e9m foi um ponto central no desenvolvimento do projeto. O pr\u00e9dio conta com piso t\u00e1til, vagas destinadas a PcDs e idosos, al\u00e9m de elevadores para facilitar a circula\u00e7\u00e3o vertical, atendendo as necessidades de pessoas com defici\u00eancia ou mobilidade reduzida, incluindo obesos, gestantes e pessoas acidentadas.<\/p>\n\n\n\n<p>Para o vice-presidente do instituto, Antonio Peixoto, a nova sede marca uma nova etapa na trajet\u00f3ria do \u00f3rg\u00e3o, que h\u00e1 mais de duas d\u00e9cadas atua diretamente no planejamento urbano da capital.<\/p>\n\n\n\n<p>\u201cO Implurb entra, agora, em um novo momento. O pr\u00e9dio atual j\u00e1 n\u00e3o comportava mais adequadamente o n\u00famero de servidores e as necessidades do trabalho t\u00e9cnico. A nova sede foi projetada pensando n\u00e3o apenas no presente, mas tamb\u00e9m no futuro da institui\u00e7\u00e3o, inclusive considerando a possibilidade de amplia\u00e7\u00e3o do quadro t\u00e9cnico, com um concurso p\u00fablico\u201d, afirmou.<\/p>\n\n\n\n<p>Segundo ele, a mudan\u00e7a tamb\u00e9m trar\u00e1 melhorias diretas para quem procura os servi\u00e7os do instituto. \u201cTeremos um ambiente muito mais adequado para receber os usu\u00e1rios, com \u00e1reas de atendimento organizadas, controle de acesso, tecnologia, acessibilidade e estacionamento. Tudo foi pensado para que o cidad\u00e3o encontre aqui uma estrutura moderna, funcional e preparada para oferecer um servi\u00e7o p\u00fablico de melhor qualidade\u201d, completou.<\/p>\n\n\n\n<p>Al\u00e9m da melhoria interna, a nova sede tamb\u00e9m est\u00e1 inserida em uma \u00e1rea urbanisticamente planejada da cidade, com melhor acesso vi\u00e1rio e maior capacidade de estacionamento.<\/p>\n\n\n\n<p>Com a mudan\u00e7a, o Implurb consolida uma nova fase institucional, combinando tecnologia, planejamento urbano e estrutura adequada para acompanhar o crescimento de Manaus e os desafios de uma cidade em constante transforma\u00e7\u00e3o. \u201cNosso objetivo \u00e9 aprimorar a efici\u00eancia e a inova\u00e7\u00e3o em \u00e1reas como grandes obras, legisla\u00e7\u00e3o e controle urbano, explorando as possibilidades da intelig\u00eancia artificial, tanto no controle quanto no planejamento urbano\u201d, completou Carlos Valente.<\/p>\n\n\n\n<p>&#8212; &#8212; &#8212;<\/p>\n\n\n\n<p><strong>Texto <\/strong>\u2013&nbsp;Claudia do Valle \/ Implurb<\/p>\n\n\n\n<p><strong>Fotos <\/strong>\u2013&nbsp;Cl\u00f3vis Miranda\/ Semcom e Juan Sullivan\/Semcom (drone)<\/p>\n\n\n\n<p><strong>Dispon\u00edveis em <\/strong>&#8211; <a href=\"https:\/\/flic.kr\/s\/aHBqjCMMLp\">https:\/\/flic.kr\/s\/aHBqjCMMLp<\/a><\/p>\n","protected":false},"excerpt":{"rendered":"","protected":false},"author":23,"featured_media":254260,"comment_status":"closed","ping_status":"closed","sticky":false,"template":"","format":"standard","meta":{"footnotes":""},"categories":[94],"tags":[388,19692,65,3494,77,6674],"acf":[],"yoast_head":"<!-- This site is optimized with the Yoast SEO plugin v23.0 - https:\/\/yoast.com\/wordpress\/plugins\/seo\/ -->\n<title>Com nova sede do Implurb, Prefeitura de Manaus amplia capacidade de atendimento e moderniza estrutura de planejamento urbano na capital<\/title>\n<meta name=\"description\" content=\"Mais do que um novo endere\u00e7o administrativo, a nova sede do Instituto Municipal de Planejamento Urbano (Implurb) representa um avan\u00e7o estrutural na forma como a Prefeitura de Manaus planeja, desenvolve e acompanha o desenvolvimento urban\u00edstico da capital amazonense. A inaugura\u00e7\u00e3o est\u00e1 prevista para o dia 19 de mar\u00e7o.\" \/>\n<meta name=\"robots\" content=\"index, follow, max-snippet:-1, max-image-preview:large, max-video-preview:-1\" \/>\n<link rel=\"canonical\" href=\"https:\/\/www.manaus.am.gov.br\/semcom\/prefeitura-implurb-novasede-2\/\" \/>\n<meta property=\"og:locale\" content=\"pt_BR\" \/>\n<meta property=\"og:type\" content=\"article\" \/>\n<meta property=\"og:title\" content=\"Com nova sede do Implurb, Prefeitura de Manaus amplia capacidade de atendimento e moderniza estrutura de planejamento urbano na capital\" \/>\n<meta property=\"og:description\" content=\"Mais do que um novo endere\u00e7o administrativo, a nova sede do Instituto Municipal de Planejamento Urbano (Implurb) representa um avan\u00e7o estrutural na forma como a Prefeitura de Manaus planeja, desenvolve e acompanha o desenvolvimento urban\u00edstico da capital amazonense. A inaugura\u00e7\u00e3o est\u00e1 prevista para o dia 19 de mar\u00e7o.\" \/>\n<meta property=\"og:url\" content=\"https:\/\/www.manaus.am.gov.br\/semcom\/prefeitura-implurb-novasede-2\/\" \/>\n<meta property=\"og:site_name\" content=\"SEMCOM\" \/>\n<meta property=\"article:published_time\" content=\"2026-03-10T15:34:47+00:00\" \/>\n<meta property=\"article:modified_time\" content=\"2026-03-10T17:07:09+00:00\" \/>\n<meta property=\"og:image\" content=\"https:\/\/www.manaus.am.gov.br\/semcom\/wp-content\/uploads\/sites\/5\/2026\/03\/55140357365_971837d352_c.jpg\" \/>\n\t<meta property=\"og:image:width\" content=\"799\" \/>\n\t<meta property=\"og:image:height\" content=\"533\" \/>\n\t<meta property=\"og:image:type\" content=\"image\/jpeg\" \/>\n<meta name=\"author\" content=\"Adriana Costa\" \/>\n<meta name=\"twitter:card\" content=\"summary_large_image\" \/>\n<meta name=\"twitter:label1\" content=\"Written by\" \/>\n\t<meta name=\"twitter:data1\" content=\"Adriana Costa\" \/>\n\t<meta name=\"twitter:label2\" content=\"Est. reading time\" \/>\n\t<meta name=\"twitter:data2\" content=\"6 minutos\" \/>\n<script type=\"application\/ld+json\" class=\"yoast-schema-graph\">{\"@context\":\"https:\/\/schema.org\",\"@graph\":[{\"@type\":\"WebPage\",\"@id\":\"https:\/\/www.manaus.am.gov.br\/semcom\/prefeitura-implurb-novasede-2\/\",\"url\":\"https:\/\/www.manaus.am.gov.br\/semcom\/prefeitura-implurb-novasede-2\/\",\"name\":\"Com nova sede do Implurb, Prefeitura de Manaus amplia capacidade de atendimento e moderniza estrutura de planejamento urbano na capital\",\"isPartOf\":{\"@id\":\"https:\/\/www.manaus.am.gov.br\/semcom\/#website\"},\"primaryImageOfPage\":{\"@id\":\"https:\/\/www.manaus.am.gov.br\/semcom\/prefeitura-implurb-novasede-2\/#primaryimage\"},\"image\":{\"@id\":\"https:\/\/www.manaus.am.gov.br\/semcom\/prefeitura-implurb-novasede-2\/#primaryimage\"},\"thumbnailUrl\":\"https:\/\/www.manaus.am.gov.br\/semcom\/wp-content\/uploads\/sites\/5\/2026\/03\/55140357365_971837d352_c.jpg\",\"datePublished\":\"2026-03-10T15:34:47+00:00\",\"dateModified\":\"2026-03-10T17:07:09+00:00\",\"author\":{\"@id\":\"https:\/\/www.manaus.am.gov.br\/semcom\/#\/schema\/person\/4e49f4e267757a06ca072ec61b2b9968\"},\"description\":\"Mais do que um novo endere\u00e7o administrativo, a nova sede do Instituto Municipal de Planejamento Urbano (Implurb) representa um avan\u00e7o estrutural na forma como a Prefeitura de Manaus planeja, desenvolve e acompanha o desenvolvimento urban\u00edstico da capital amazonense. A inaugura\u00e7\u00e3o est\u00e1 prevista para o dia 19 de mar\u00e7o.\",\"inLanguage\":\"pt-BR\",\"potentialAction\":[{\"@type\":\"ReadAction\",\"target\":[\"https:\/\/www.manaus.am.gov.br\/semcom\/prefeitura-implurb-novasede-2\/\"]}]},{\"@type\":\"ImageObject\",\"inLanguage\":\"pt-BR\",\"@id\":\"https:\/\/www.manaus.am.gov.br\/semcom\/prefeitura-implurb-novasede-2\/#primaryimage\",\"url\":\"https:\/\/www.manaus.am.gov.br\/semcom\/wp-content\/uploads\/sites\/5\/2026\/03\/55140357365_971837d352_c.jpg\",\"contentUrl\":\"https:\/\/www.manaus.am.gov.br\/semcom\/wp-content\/uploads\/sites\/5\/2026\/03\/55140357365_971837d352_c.jpg\",\"width\":799,\"height\":533,\"caption\":\"#paratodosverem - Fachada da nova sede do Implurb, a ser inaugurada em 19 de mar\u00e7o\"},{\"@type\":\"WebSite\",\"@id\":\"https:\/\/www.manaus.am.gov.br\/semcom\/#website\",\"url\":\"https:\/\/www.manaus.am.gov.br\/semcom\/\",\"name\":\"SEMCOM\",\"description\":\"Secretaria Municipal de Comunica\u00e7\u00e3o\",\"potentialAction\":[{\"@type\":\"SearchAction\",\"target\":{\"@type\":\"EntryPoint\",\"urlTemplate\":\"https:\/\/www.manaus.am.gov.br\/semcom\/?s={search_term_string}\"},\"query-input\":\"required name=search_term_string\"}],\"inLanguage\":\"pt-BR\"},{\"@type\":\"Person\",\"@id\":\"https:\/\/www.manaus.am.gov.br\/semcom\/#\/schema\/person\/4e49f4e267757a06ca072ec61b2b9968\",\"name\":\"Adriana Costa\",\"image\":{\"@type\":\"ImageObject\",\"inLanguage\":\"pt-BR\",\"@id\":\"https:\/\/www.manaus.am.gov.br\/semcom\/#\/schema\/person\/image\/\",\"url\":\"https:\/\/secure.gravatar.com\/avatar\/576258617ef7194f718179e766d57bd4?s=96&d=mm&r=g\",\"contentUrl\":\"https:\/\/secure.gravatar.com\/avatar\/576258617ef7194f718179e766d57bd4?s=96&d=mm&r=g\",\"caption\":\"Adriana Costa\"}}]}<\/script>\n<!-- \/ Yoast SEO plugin. -->","yoast_head_json":{"title":"Com nova sede do Implurb, Prefeitura de Manaus amplia capacidade de atendimento e moderniza estrutura de planejamento urbano na capital","description":"Mais do que um novo endere\u00e7o administrativo, a nova sede do Instituto Municipal de Planejamento Urbano (Implurb) representa um avan\u00e7o estrutural na forma como a Prefeitura de Manaus planeja, desenvolve e acompanha o desenvolvimento urban\u00edstico da capital amazonense. A inaugura\u00e7\u00e3o est\u00e1 prevista para o dia 19 de mar\u00e7o.","robots":{"index":"index","follow":"follow","max-snippet":"max-snippet:-1","max-image-preview":"max-image-preview:large","max-video-preview":"max-video-preview:-1"},"canonical":"https:\/\/www.manaus.am.gov.br\/semcom\/prefeitura-implurb-novasede-2\/","og_locale":"pt_BR","og_type":"article","og_title":"Com nova sede do Implurb, Prefeitura de Manaus amplia capacidade de atendimento e moderniza estrutura de planejamento urbano na capital","og_description":"Mais do que um novo endere\u00e7o administrativo, a nova sede do Instituto Municipal de Planejamento Urbano (Implurb) representa um avan\u00e7o estrutural na forma como a Prefeitura de Manaus planeja, desenvolve e acompanha o desenvolvimento urban\u00edstico da capital amazonense. A inaugura\u00e7\u00e3o est\u00e1 prevista para o dia 19 de mar\u00e7o.","og_url":"https:\/\/www.manaus.am.gov.br\/semcom\/prefeitura-implurb-novasede-2\/","og_site_name":"SEMCOM","article_published_time":"2026-03-10T15:34:47+00:00","article_modified_time":"2026-03-10T17:07:09+00:00","og_image":[{"width":799,"height":533,"url":"https:\/\/www.manaus.am.gov.br\/semcom\/wp-content\/uploads\/sites\/5\/2026\/03\/55140357365_971837d352_c.jpg","type":"image\/jpeg"}],"author":"Adriana Costa","twitter_card":"summary_large_image","twitter_misc":{"Written by":"Adriana Costa","Est. reading time":"6 minutos"},"schema":{"@context":"https:\/\/schema.org","@graph":[{"@type":"WebPage","@id":"https:\/\/www.manaus.am.gov.br\/semcom\/prefeitura-implurb-novasede-2\/","url":"https:\/\/www.manaus.am.gov.br\/semcom\/prefeitura-implurb-novasede-2\/","name":"Com nova sede do Implurb, Prefeitura de Manaus amplia capacidade de atendimento e moderniza estrutura de planejamento urbano na capital","isPartOf":{"@id":"https:\/\/www.manaus.am.gov.br\/semcom\/#website"},"primaryImageOfPage":{"@id":"https:\/\/www.manaus.am.gov.br\/semcom\/prefeitura-implurb-novasede-2\/#primaryimage"},"image":{"@id":"https:\/\/www.manaus.am.gov.br\/semcom\/prefeitura-implurb-novasede-2\/#primaryimage"},"thumbnailUrl":"https:\/\/www.manaus.am.gov.br\/semcom\/wp-content\/uploads\/sites\/5\/2026\/03\/55140357365_971837d352_c.jpg","datePublished":"2026-03-10T15:34:47+00:00","dateModified":"2026-03-10T17:07:09+00:00","author":{"@id":"https:\/\/www.manaus.am.gov.br\/semcom\/#\/schema\/person\/4e49f4e267757a06ca072ec61b2b9968"},"description":"Mais do que um novo endere\u00e7o administrativo, a nova sede do Instituto Municipal de Planejamento Urbano (Implurb) representa um avan\u00e7o estrutural na forma como a Prefeitura de Manaus planeja, desenvolve e acompanha o desenvolvimento urban\u00edstico da capital amazonense. A inaugura\u00e7\u00e3o est\u00e1 prevista para o dia 19 de mar\u00e7o.","inLanguage":"pt-BR","potentialAction":[{"@type":"ReadAction","target":["https:\/\/www.manaus.am.gov.br\/semcom\/prefeitura-implurb-novasede-2\/"]}]},{"@type":"ImageObject","inLanguage":"pt-BR","@id":"https:\/\/www.manaus.am.gov.br\/semcom\/prefeitura-implurb-novasede-2\/#primaryimage","url":"https:\/\/www.manaus.am.gov.br\/semcom\/wp-content\/uploads\/sites\/5\/2026\/03\/55140357365_971837d352_c.jpg","contentUrl":"https:\/\/www.manaus.am.gov.br\/semcom\/wp-content\/uploads\/sites\/5\/2026\/03\/55140357365_971837d352_c.jpg","width":799,"height":533,"caption":"#paratodosverem - Fachada da nova sede do Implurb, a ser inaugurada em 19 de mar\u00e7o"},{"@type":"WebSite","@id":"https:\/\/www.manaus.am.gov.br\/semcom\/#website","url":"https:\/\/www.manaus.am.gov.br\/semcom\/","name":"SEMCOM","description":"Secretaria Municipal de Comunica\u00e7\u00e3o","potentialAction":[{"@type":"SearchAction","target":{"@type":"EntryPoint","urlTemplate":"https:\/\/www.manaus.am.gov.br\/semcom\/?s={search_term_string}"},"query-input":"required name=search_term_string"}],"inLanguage":"pt-BR"},{"@type":"Person","@id":"https:\/\/www.manaus.am.gov.br\/semcom\/#\/schema\/person\/4e49f4e267757a06ca072ec61b2b9968","name":"Adriana Costa","image":{"@type":"ImageObject","inLanguage":"pt-BR","@id":"https:\/\/www.manaus.am.gov.br\/semcom\/#\/schema\/person\/image\/","url":"https:\/\/secure.gravatar.com\/avatar\/576258617ef7194f718179e766d57bd4?s=96&d=mm&r=g","contentUrl":"https:\/\/secure.gravatar.com\/avatar\/576258617ef7194f718179e766d57bd4?s=96&d=mm&r=g","caption":"Adriana Costa"}}]}},"_links":{"self":[{"href":"https:\/\/www.manaus.am.gov.br\/semcom\/wp-json\/wp\/v2\/posts\/254259"}],"collection":[{"href":"https:\/\/www.manaus.am.gov.br\/semcom\/wp-json\/wp\/v2\/posts"}],"about":[{"href":"https:\/\/www.manaus.am.gov.br\/semcom\/wp-json\/wp\/v2\/types\/post"}],"author":[{"embeddable":true,"href":"https:\/\/www.manaus.am.gov.br\/semcom\/wp-json\/wp\/v2\/users\/23"}],"replies":[{"embeddable":true,"href":"https:\/\/www.manaus.am.gov.br\/semcom\/wp-json\/wp\/v2\/comments?post=254259"}],"version-history":[{"count":1,"href":"https:\/\/www.manaus.am.gov.br\/semcom\/wp-json\/wp\/v2\/posts\/254259\/revisions"}],"predecessor-version":[{"id":254271,"href":"https:\/\/www.manaus.am.gov.br\/semcom\/wp-json\/wp\/v2\/posts\/254259\/revisions\/254271"}],"wp:featuredmedia":[{"embeddable":true,"href":"https:\/\/www.manaus.am.gov.br\/semcom\/wp-json\/wp\/v2\/media\/254260"}],"wp:attachment":[{"href":"https:\/\/www.manaus.am.gov.br\/semcom\/wp-json\/wp\/v2\/media?parent=254259"}],"wp:term":[{"taxonomy":"category","embeddable":true,"href":"https:\/\/www.manaus.am.gov.br\/semcom\/wp-json\/wp\/v2\/categories?post=254259"},{"taxonomy":"post_tag","embeddable":true,"href":"https:\/\/www.manaus.am.gov.br\/semcom\/wp-json\/wp\/v2\/tags?post=254259"}],"curies":[{"name":"wp","href":"https:\/\/api.w.org\/{rel}","templated":true}]}}