{"id":254231,"date":"2026-03-09T21:16:51","date_gmt":"2026-03-10T01:16:51","guid":{"rendered":"https:\/\/www.manaus.am.gov.br\/semcom\/fiscaliza-obras-estrategicas\/"},"modified":"2026-03-10T10:22:00","modified_gmt":"2026-03-10T13:22:00","slug":"fiscaliza-obras-estrategicas","status":"publish","type":"post","link":"https:\/\/www.manaus.am.gov.br\/semcom\/fiscaliza-obras-estrategicas\/","title":{"rendered":"David Almeida fiscaliza obras estrat\u00e9gicas e acelera transforma\u00e7\u00e3o urbana em Manaus"},"content":{"rendered":"\n<p>O prefeito de<a href=\"https:\/\/www.instagram.com\/prefeiturademanaus\/\"> Manaus,<\/a> David Almeida, iniciou a semana em campo acompanhando o avan\u00e7o de obras estrat\u00e9gicas que impactam diretamente a mobilidade urbana, o planejamento da cidade e a rede municipal de assist\u00eancia social na maior capital da Amaz\u00f4nia e uma das principais capitais do Brasil. A agenda de fiscaliza\u00e7\u00e3o percorreu diferentes zonas da cidade, nesta segunda-feira, 9\/3, e incluiu visitas \u00e0 constru\u00e7\u00e3o da Funda\u00e7\u00e3o Municipal Transtorno do Espectro Autista (FMTEA), \u00e0 nova sede do Instituto Municipal de Planejamento Urbano<a href=\"https:\/\/www.manaus.am.gov.br\/\"> (Implurb),<\/a> \u00e0 nova liga\u00e7\u00e3o vi\u00e1ria entre a avenida Timbiras e a avenida das Torres, \u00e0s obras de conten\u00e7\u00e3o de vo\u00e7oroca no conjunto Canaranas e \u00e0 amplia\u00e7\u00e3o da Funda\u00e7\u00e3o Doutor Thomas.<\/p>\n\n\n\n<p>A sequ\u00eancia de vistorias refor\u00e7a um modelo de gest\u00e3o baseado em presen\u00e7a em campo, acompanhamento direto das obras p\u00fablicas e acelera\u00e7\u00e3o de interven\u00e7\u00f5es estruturantes que reorganizam a infraestrutura urbana da capital amazonense.<\/p>\n\n\n\n<p>\u201cCome\u00e7amos a semana fiscalizando obras importantes da prefeitura. Estamos acompanhando de perto interven\u00e7\u00f5es de infraestrutura, planejamento urbano, a constru\u00e7\u00e3o da Cidade do Autista e a amplia\u00e7\u00e3o da Funda\u00e7\u00e3o Doutor Thomas. A prefeitura trabalha em todas as \u00e1reas para melhorar a qualidade de vida da popula\u00e7\u00e3o de Manaus\u201d, afirmou o prefeito.<\/p>\n\n\n\n<p><strong>Cidade do Autista<\/strong><\/p>\n\n\n<div class=\"wp-block-image\">\n<figure class=\"aligncenter size-large\"><img loading=\"lazy\" decoding=\"async\" width=\"1024\" height=\"683\" src=\"https:\/\/www.manaus.am.gov.br\/semcom\/wp-content\/uploads\/sites\/5\/2026\/03\/Prefeito-Visita-Obras-7-1024x683.jpg\" alt=\"\" class=\"wp-image-254233\" srcset=\"https:\/\/www.manaus.am.gov.br\/semcom\/wp-content\/uploads\/sites\/5\/2026\/03\/Prefeito-Visita-Obras-7-1024x683.jpg 1024w, https:\/\/www.manaus.am.gov.br\/semcom\/wp-content\/uploads\/sites\/5\/2026\/03\/Prefeito-Visita-Obras-7-300x200.jpg 300w, https:\/\/www.manaus.am.gov.br\/semcom\/wp-content\/uploads\/sites\/5\/2026\/03\/Prefeito-Visita-Obras-7-768x512.jpg 768w, https:\/\/www.manaus.am.gov.br\/semcom\/wp-content\/uploads\/sites\/5\/2026\/03\/Prefeito-Visita-Obras-7-1536x1024.jpg 1536w, https:\/\/www.manaus.am.gov.br\/semcom\/wp-content\/uploads\/sites\/5\/2026\/03\/Prefeito-Visita-Obras-7.jpg 2048w\" sizes=\"(max-width: 1024px) 100vw, 1024px\" \/><figcaption class=\"wp-element-caption\">#paratodosverem &#8211; prefeito visitando a obra da Cidade do Autista<\/figcaption><\/figure><\/div>\n\n\n<p>Durante a agenda, David Almeida tamb\u00e9m vistoriou o avan\u00e7o das obras da Funda\u00e7\u00e3o Municipal Transtorno do Espectro Autista (FMTEA), localizada na zona Oeste, estrutura que ser\u00e1 o primeiro equipamento p\u00fablico municipal voltado exclusivamente ao atendimento especializado de pessoas com Transtorno do Espectro Autista (TEA) em Manaus.<\/p>\n\n\n\n<p>A obra est\u00e1 atualmente na fase de funda\u00e7\u00e3o. As equipes executam a coloca\u00e7\u00e3o das estacas e a implanta\u00e7\u00e3o dos blocos estruturais que servir\u00e3o de base para a subida das colunas de sustenta\u00e7\u00e3o da edifica\u00e7\u00e3o.<\/p>\n\n\n\n<p>Quando conclu\u00edda, a estrutura reunir\u00e1 atendimento multiprofissional, acompanhamento terap\u00eautico e suporte \u00e0s fam\u00edlias, fortalecendo a pol\u00edtica municipal de inclus\u00e3o e cuidado \u00e0s pessoas com autismo.<\/p>\n\n\n\n<p><strong>Planejamento urbano<\/strong><\/p>\n\n\n\n<p>Um dos pontos da agenda foi a nova sede do Implurb, equipamento estrat\u00e9gico para o planejamento urbano da capital, tamb\u00e9m na zona Oeste da cidade. A obra j\u00e1 foi conclu\u00edda e entrou na fase final de prepara\u00e7\u00e3o para funcionamento.<\/p>\n\n\n\n<p>\u201cN\u00f3s j\u00e1 conclu\u00edmos a obra da nova sede do Implurb. Agora estamos na fase de limpeza, ajustes finais e organiza\u00e7\u00e3o dos m\u00f3veis. A expectativa \u00e9 que, ainda neste m\u00eas de mar\u00e7o, no dia 19, possamos entregar oficialmente essa nova estrutura para fortalecer o planejamento urbano da cidade\u201d, destacou David Almeida.<\/p>\n\n\n\n<p><strong>Nova liga\u00e7\u00e3o vi\u00e1ria na zona Norte<\/strong><\/p>\n\n\n\n<p>Na zona Norte, o prefeito acompanhou o andamento da nova travessa que interligar\u00e1 a avenida Timbiras, no bairro Cidade Nova, \u00e0 avenida Governador Jos\u00e9 Lindoso, conhecida como avenida das Torres, um dos principais corredores vi\u00e1rios da capital. A nova via ter\u00e1 aproximadamente 240 metros de extens\u00e3o e funcionar\u00e1 como continua\u00e7\u00e3o da rua Coronel Taborda de Miranda, criando uma alternativa direta de acesso entre dois importantes eixos de circula\u00e7\u00e3o urbana da cidade.<\/p>\n\n\n<div class=\"wp-block-image\">\n<figure class=\"aligncenter size-large\"><img loading=\"lazy\" decoding=\"async\" width=\"1024\" height=\"683\" src=\"https:\/\/www.manaus.am.gov.br\/semcom\/wp-content\/uploads\/sites\/5\/2026\/03\/Prefeito-Visita-Obras-1-1-1024x683.jpg\" alt=\"\" class=\"wp-image-254232\" srcset=\"https:\/\/www.manaus.am.gov.br\/semcom\/wp-content\/uploads\/sites\/5\/2026\/03\/Prefeito-Visita-Obras-1-1-1024x683.jpg 1024w, https:\/\/www.manaus.am.gov.br\/semcom\/wp-content\/uploads\/sites\/5\/2026\/03\/Prefeito-Visita-Obras-1-1-300x200.jpg 300w, https:\/\/www.manaus.am.gov.br\/semcom\/wp-content\/uploads\/sites\/5\/2026\/03\/Prefeito-Visita-Obras-1-1-768x512.jpg 768w, https:\/\/www.manaus.am.gov.br\/semcom\/wp-content\/uploads\/sites\/5\/2026\/03\/Prefeito-Visita-Obras-1-1-1536x1025.jpg 1536w, https:\/\/www.manaus.am.gov.br\/semcom\/wp-content\/uploads\/sites\/5\/2026\/03\/Prefeito-Visita-Obras-1-1.jpg 2048w\" sizes=\"(max-width: 1024px) 100vw, 1024px\" \/><figcaption class=\"wp-element-caption\">#paratodosverem &#8211; obras da Prefeitura contemplam interliga\u00e7\u00e3o vi\u00e1ria <\/figcaption><\/figure><\/div>\n\n\n<p>A interven\u00e7\u00e3o foi planejada para melhorar a fluidez do tr\u00e2nsito em uma regi\u00e3o que concentra intenso fluxo de ve\u00edculos. Em hor\u00e1rios de pico, a avenida das Torres registra m\u00e9dia de aproximadamente 1.500 ve\u00edculos por faixa, o que torna a nova conex\u00e3o vi\u00e1ria uma alternativa estrat\u00e9gica para reduzir o tempo de deslocamento na zona Norte.<\/p>\n\n\n\n<p>\u201cN\u00f3s estamos construindo essa travessa que vai interligar a avenida Timbiras, na Cidade Nova, com a avenida das Torres. Essa conex\u00e3o vai diminuir o tempo de deslocamento das pessoas, principalmente de quem depende do transporte coletivo. Quem sai da Cidade Nova vai acessar a avenida das Torres de forma direta, ganhando tempo e melhorando a fluidez do tr\u00e2nsito\u201d, explicou o prefeito.<\/p>\n\n\n\n<p><strong>Conten\u00e7\u00e3o de eros\u00e3o no Canaranas<\/strong><\/p>\n\n\n\n<p>Durante a agenda de fiscaliza\u00e7\u00e3o, David Almeida tamb\u00e9m vistoriou as obras de conten\u00e7\u00e3o de eros\u00e3o no conjunto Canaranas, na zona Norte da cidade. A interven\u00e7\u00e3o \u00e9 executada pela Secretaria Municipal de Infraestrutura (Seminf) na rua Lad\u00e1rio e inclui a implanta\u00e7\u00e3o de um sistema de drenagem profunda para conter o avan\u00e7o do processo erosivo e garantir a estabilidade do terreno.<\/p>\n\n\n\n<figure class=\"wp-block-image aligncenter size-large\"><img loading=\"lazy\" decoding=\"async\" width=\"1024\" height=\"657\" src=\"https:\/\/www.manaus.am.gov.br\/semcom\/wp-content\/uploads\/sites\/5\/2026\/03\/Prefeito-Visita-Obras-3-1024x657.jpg\" alt=\"\" class=\"wp-image-254237\" srcset=\"https:\/\/www.manaus.am.gov.br\/semcom\/wp-content\/uploads\/sites\/5\/2026\/03\/Prefeito-Visita-Obras-3-1024x657.jpg 1024w, https:\/\/www.manaus.am.gov.br\/semcom\/wp-content\/uploads\/sites\/5\/2026\/03\/Prefeito-Visita-Obras-3-300x192.jpg 300w, https:\/\/www.manaus.am.gov.br\/semcom\/wp-content\/uploads\/sites\/5\/2026\/03\/Prefeito-Visita-Obras-3-768x492.jpg 768w, https:\/\/www.manaus.am.gov.br\/semcom\/wp-content\/uploads\/sites\/5\/2026\/03\/Prefeito-Visita-Obras-3-1536x985.jpg 1536w, https:\/\/www.manaus.am.gov.br\/semcom\/wp-content\/uploads\/sites\/5\/2026\/03\/Prefeito-Visita-Obras-3.jpg 2048w\" sizes=\"(max-width: 1024px) 100vw, 1024px\" \/><figcaption class=\"wp-element-caption\">#paratodosverem &#8211; obras de conten\u00e7\u00e3o no conjunto Canaranas\n<\/figcaption><\/figure>\n\n\n\n<p>A obra foi planejada ap\u00f3s estudos t\u00e9cnicos e levantamentos topogr\u00e1ficos que identificaram a necessidade de uma solu\u00e7\u00e3o estrutural para proteger resid\u00eancias da \u00e1rea e evitar o agravamento da eros\u00e3o provocada pelo escoamento irregular das \u00e1guas pluviais.<\/p>\n\n\n\n<p>\u201cEstamos acompanhando de perto essa obra de conten\u00e7\u00e3o para garantir seguran\u00e7a \u00e0s fam\u00edlias que vivem aqui no conjunto Canaranas. \u00c9 uma interven\u00e7\u00e3o importante para proteger as casas, estabilizar o solo e dar tranquilidade para quem mora na \u00e1rea\u201d, afirmou o prefeito.<\/p>\n\n\n\n<p><strong>Amplia\u00e7\u00e3o da Funda\u00e7\u00e3o Doutor Thomas<\/strong><\/p>\n\n\n\n<p>A agenda de fiscaliza\u00e7\u00e3o foi finalizada na Funda\u00e7\u00e3o Doutor Thomas, onde est\u00e1 em andamento a constru\u00e7\u00e3o de uma nova ala destinada ao atendimento de idosos em situa\u00e7\u00e3o de alta depend\u00eancia. A amplia\u00e7\u00e3o permitir\u00e1 abrir mais cinquenta vagas na institui\u00e7\u00e3o at\u00e9 o final do ano, aumentando em aproximadamente 20% a capacidade de acolhimento da unidade.<\/p>\n\n\n<div class=\"wp-block-image\">\n<figure class=\"aligncenter size-large\"><img loading=\"lazy\" decoding=\"async\" width=\"1024\" height=\"683\" src=\"https:\/\/www.manaus.am.gov.br\/semcom\/wp-content\/uploads\/sites\/5\/2026\/03\/Prefeito-Visita-Obras-2-1024x683.jpg\" alt=\"\" class=\"wp-image-254238\" srcset=\"https:\/\/www.manaus.am.gov.br\/semcom\/wp-content\/uploads\/sites\/5\/2026\/03\/Prefeito-Visita-Obras-2-1024x683.jpg 1024w, https:\/\/www.manaus.am.gov.br\/semcom\/wp-content\/uploads\/sites\/5\/2026\/03\/Prefeito-Visita-Obras-2-300x200.jpg 300w, https:\/\/www.manaus.am.gov.br\/semcom\/wp-content\/uploads\/sites\/5\/2026\/03\/Prefeito-Visita-Obras-2-768x512.jpg 768w, https:\/\/www.manaus.am.gov.br\/semcom\/wp-content\/uploads\/sites\/5\/2026\/03\/Prefeito-Visita-Obras-2-1536x1024.jpg 1536w, https:\/\/www.manaus.am.gov.br\/semcom\/wp-content\/uploads\/sites\/5\/2026\/03\/Prefeito-Visita-Obras-2.jpg 2048w\" sizes=\"(max-width: 1024px) 100vw, 1024px\" \/><figcaption class=\"wp-element-caption\">#paratodosverem &#8211; prefeito David Almeida visita as obras de aplia\u00e7\u00e3o da Funda\u00e7\u00e3o Dr. Thomas <\/figcaption><\/figure><\/div>\n\n\n<p>\u201cN\u00f3s estamos aqui na Funda\u00e7\u00e3o Doutor Thomas acompanhando a constru\u00e7\u00e3o de mais uma ala. Com essa amplia\u00e7\u00e3o, vamos abrir espa\u00e7o para mais cinquenta idosos at\u00e9 o final do ano\u201d, afirmou David Almeida.<\/p>\n\n\n\n<p>O prefeito destacou que a expans\u00e3o da estrutura refor\u00e7a o compromisso da gest\u00e3o municipal com o cuidado humanizado \u00e0 popula\u00e7\u00e3o idosa.<\/p>\n\n\n\n<p>\u201cAqui n\u00f3s acolhemos idosos que, muitas vezes, foram esquecidos pela sociedade ou pela pr\u00f3pria fam\u00edlia. A prefeitura abra\u00e7a essas pessoas e oferece o respeito, o cuidado e a dignidade que elas merecem\u201d, concluiu.<\/p>\n\n\n\n<p>&#8212; &#8212; &#8212;<\/p>\n\n\n\n<p><strong>Texto<\/strong> \u2013 Emanuelle Baires \/ Semcom-Prefeito<\/p>\n\n\n\n<p><strong>Fotos<\/strong> \u2013 Dhyeizo Lemos \/ Semcom-Prefeito<\/p>\n\n\n\n<p><strong>Dispon\u00edveis em<\/strong> &#8211; <a href=\"https:\/\/flic.kr\/s\/aHBqjCMzgs\">https:\/\/flic.kr\/s\/aHBqjCMzgs<\/a><\/p>\n","protected":false},"excerpt":{"rendered":"","protected":false},"author":61,"featured_media":254235,"comment_status":"closed","ping_status":"closed","sticky":false,"template":"","format":"standard","meta":{"footnotes":""},"categories":[9619],"tags":[35,741,935,65,19688,76,77],"acf":[],"yoast_head":"<!-- This site is optimized with the Yoast SEO plugin v23.0 - https:\/\/yoast.com\/wordpress\/plugins\/seo\/ -->\n<title>David Almeida fiscaliza obras estrat\u00e9gicas e acelera transforma\u00e7\u00e3o urbana em Manaus<\/title>\n<meta name=\"description\" content=\"O prefeito de Manaus, David Almeida, iniciou a semana em campo acompanhando o avan\u00e7o de obras estrat\u00e9gicas que impactam diretamente a mobilidade urbana, o planejamento da cidade e a rede municipal de assist\u00eancia social na maior capital da Amaz\u00f4nia e uma das principais capitais do Brasil.\" \/>\n<meta name=\"robots\" content=\"index, follow, max-snippet:-1, max-image-preview:large, max-video-preview:-1\" \/>\n<link rel=\"canonical\" href=\"https:\/\/www.manaus.am.gov.br\/semcom\/fiscaliza-obras-estrategicas\/\" \/>\n<meta property=\"og:locale\" content=\"pt_BR\" \/>\n<meta property=\"og:type\" content=\"article\" \/>\n<meta property=\"og:title\" content=\"David Almeida fiscaliza obras estrat\u00e9gicas e acelera transforma\u00e7\u00e3o urbana em Manaus\" \/>\n<meta property=\"og:description\" content=\"O prefeito de Manaus, David Almeida, iniciou a semana em campo acompanhando o avan\u00e7o de obras estrat\u00e9gicas que impactam diretamente a mobilidade urbana, o planejamento da cidade e a rede municipal de assist\u00eancia social na maior capital da Amaz\u00f4nia e uma das principais capitais do Brasil.\" \/>\n<meta property=\"og:url\" content=\"https:\/\/www.manaus.am.gov.br\/semcom\/fiscaliza-obras-estrategicas\/\" \/>\n<meta property=\"og:site_name\" content=\"SEMCOM\" \/>\n<meta property=\"article:published_time\" content=\"2026-03-10T01:16:51+00:00\" \/>\n<meta property=\"article:modified_time\" content=\"2026-03-10T13:22:00+00:00\" \/>\n<meta property=\"og:image\" content=\"https:\/\/www.manaus.am.gov.br\/semcom\/wp-content\/uploads\/sites\/5\/2026\/03\/Prefeito-Visita-Obras-5.jpg\" \/>\n\t<meta property=\"og:image:width\" content=\"2048\" \/>\n\t<meta property=\"og:image:height\" content=\"1365\" \/>\n\t<meta property=\"og:image:type\" content=\"image\/jpeg\" \/>\n<meta name=\"author\" content=\"smonteiro\" \/>\n<meta name=\"twitter:card\" content=\"summary_large_image\" \/>\n<meta name=\"twitter:label1\" content=\"Written by\" \/>\n\t<meta name=\"twitter:data1\" content=\"smonteiro\" \/>\n\t<meta name=\"twitter:label2\" content=\"Est. reading time\" \/>\n\t<meta name=\"twitter:data2\" content=\"7 minutos\" \/>\n<script type=\"application\/ld+json\" class=\"yoast-schema-graph\">{\"@context\":\"https:\/\/schema.org\",\"@graph\":[{\"@type\":\"WebPage\",\"@id\":\"https:\/\/www.manaus.am.gov.br\/semcom\/fiscaliza-obras-estrategicas\/\",\"url\":\"https:\/\/www.manaus.am.gov.br\/semcom\/fiscaliza-obras-estrategicas\/\",\"name\":\"David Almeida fiscaliza obras estrat\u00e9gicas e acelera transforma\u00e7\u00e3o urbana em Manaus\",\"isPartOf\":{\"@id\":\"https:\/\/www.manaus.am.gov.br\/semcom\/#website\"},\"primaryImageOfPage\":{\"@id\":\"https:\/\/www.manaus.am.gov.br\/semcom\/fiscaliza-obras-estrategicas\/#primaryimage\"},\"image\":{\"@id\":\"https:\/\/www.manaus.am.gov.br\/semcom\/fiscaliza-obras-estrategicas\/#primaryimage\"},\"thumbnailUrl\":\"https:\/\/www.manaus.am.gov.br\/semcom\/wp-content\/uploads\/sites\/5\/2026\/03\/Prefeito-Visita-Obras-5.jpg\",\"datePublished\":\"2026-03-10T01:16:51+00:00\",\"dateModified\":\"2026-03-10T13:22:00+00:00\",\"author\":{\"@id\":\"https:\/\/www.manaus.am.gov.br\/semcom\/#\/schema\/person\/ab4dcf766a54dff74e8d267f5c591961\"},\"description\":\"O prefeito de Manaus, David Almeida, iniciou a semana em campo acompanhando o avan\u00e7o de obras estrat\u00e9gicas que impactam diretamente a mobilidade urbana, o planejamento da cidade e a rede municipal de assist\u00eancia social na maior capital da Amaz\u00f4nia e uma das principais capitais do Brasil.\",\"inLanguage\":\"pt-BR\",\"potentialAction\":[{\"@type\":\"ReadAction\",\"target\":[\"https:\/\/www.manaus.am.gov.br\/semcom\/fiscaliza-obras-estrategicas\/\"]}]},{\"@type\":\"ImageObject\",\"inLanguage\":\"pt-BR\",\"@id\":\"https:\/\/www.manaus.am.gov.br\/semcom\/fiscaliza-obras-estrategicas\/#primaryimage\",\"url\":\"https:\/\/www.manaus.am.gov.br\/semcom\/wp-content\/uploads\/sites\/5\/2026\/03\/Prefeito-Visita-Obras-5.jpg\",\"contentUrl\":\"https:\/\/www.manaus.am.gov.br\/semcom\/wp-content\/uploads\/sites\/5\/2026\/03\/Prefeito-Visita-Obras-5.jpg\",\"width\":2048,\"height\":1365,\"caption\":\"#paratodosverem - David Almeida acompanha de perto as obras pela cidade\"},{\"@type\":\"WebSite\",\"@id\":\"https:\/\/www.manaus.am.gov.br\/semcom\/#website\",\"url\":\"https:\/\/www.manaus.am.gov.br\/semcom\/\",\"name\":\"SEMCOM\",\"description\":\"Secretaria Municipal de Comunica\u00e7\u00e3o\",\"potentialAction\":[{\"@type\":\"SearchAction\",\"target\":{\"@type\":\"EntryPoint\",\"urlTemplate\":\"https:\/\/www.manaus.am.gov.br\/semcom\/?s={search_term_string}\"},\"query-input\":\"required name=search_term_string\"}],\"inLanguage\":\"pt-BR\"},{\"@type\":\"Person\",\"@id\":\"https:\/\/www.manaus.am.gov.br\/semcom\/#\/schema\/person\/ab4dcf766a54dff74e8d267f5c591961\",\"name\":\"smonteiro\",\"image\":{\"@type\":\"ImageObject\",\"inLanguage\":\"pt-BR\",\"@id\":\"https:\/\/www.manaus.am.gov.br\/semcom\/#\/schema\/person\/image\/\",\"url\":\"https:\/\/secure.gravatar.com\/avatar\/21c8776ef61d9272c73322052e042d77?s=96&d=mm&r=g\",\"contentUrl\":\"https:\/\/secure.gravatar.com\/avatar\/21c8776ef61d9272c73322052e042d77?s=96&d=mm&r=g\",\"caption\":\"smonteiro\"}}]}<\/script>\n<!-- \/ Yoast SEO plugin. -->","yoast_head_json":{"title":"David Almeida fiscaliza obras estrat\u00e9gicas e acelera transforma\u00e7\u00e3o urbana em Manaus","description":"O prefeito de Manaus, David Almeida, iniciou a semana em campo acompanhando o avan\u00e7o de obras estrat\u00e9gicas que impactam diretamente a mobilidade urbana, o planejamento da cidade e a rede municipal de assist\u00eancia social na maior capital da Amaz\u00f4nia e uma das principais capitais do Brasil.","robots":{"index":"index","follow":"follow","max-snippet":"max-snippet:-1","max-image-preview":"max-image-preview:large","max-video-preview":"max-video-preview:-1"},"canonical":"https:\/\/www.manaus.am.gov.br\/semcom\/fiscaliza-obras-estrategicas\/","og_locale":"pt_BR","og_type":"article","og_title":"David Almeida fiscaliza obras estrat\u00e9gicas e acelera transforma\u00e7\u00e3o urbana em Manaus","og_description":"O prefeito de Manaus, David Almeida, iniciou a semana em campo acompanhando o avan\u00e7o de obras estrat\u00e9gicas que impactam diretamente a mobilidade urbana, o planejamento da cidade e a rede municipal de assist\u00eancia social na maior capital da Amaz\u00f4nia e uma das principais capitais do Brasil.","og_url":"https:\/\/www.manaus.am.gov.br\/semcom\/fiscaliza-obras-estrategicas\/","og_site_name":"SEMCOM","article_published_time":"2026-03-10T01:16:51+00:00","article_modified_time":"2026-03-10T13:22:00+00:00","og_image":[{"width":2048,"height":1365,"url":"https:\/\/www.manaus.am.gov.br\/semcom\/wp-content\/uploads\/sites\/5\/2026\/03\/Prefeito-Visita-Obras-5.jpg","type":"image\/jpeg"}],"author":"smonteiro","twitter_card":"summary_large_image","twitter_misc":{"Written by":"smonteiro","Est. reading time":"7 minutos"},"schema":{"@context":"https:\/\/schema.org","@graph":[{"@type":"WebPage","@id":"https:\/\/www.manaus.am.gov.br\/semcom\/fiscaliza-obras-estrategicas\/","url":"https:\/\/www.manaus.am.gov.br\/semcom\/fiscaliza-obras-estrategicas\/","name":"David Almeida fiscaliza obras estrat\u00e9gicas e acelera transforma\u00e7\u00e3o urbana em Manaus","isPartOf":{"@id":"https:\/\/www.manaus.am.gov.br\/semcom\/#website"},"primaryImageOfPage":{"@id":"https:\/\/www.manaus.am.gov.br\/semcom\/fiscaliza-obras-estrategicas\/#primaryimage"},"image":{"@id":"https:\/\/www.manaus.am.gov.br\/semcom\/fiscaliza-obras-estrategicas\/#primaryimage"},"thumbnailUrl":"https:\/\/www.manaus.am.gov.br\/semcom\/wp-content\/uploads\/sites\/5\/2026\/03\/Prefeito-Visita-Obras-5.jpg","datePublished":"2026-03-10T01:16:51+00:00","dateModified":"2026-03-10T13:22:00+00:00","author":{"@id":"https:\/\/www.manaus.am.gov.br\/semcom\/#\/schema\/person\/ab4dcf766a54dff74e8d267f5c591961"},"description":"O prefeito de Manaus, David Almeida, iniciou a semana em campo acompanhando o avan\u00e7o de obras estrat\u00e9gicas que impactam diretamente a mobilidade urbana, o planejamento da cidade e a rede municipal de assist\u00eancia social na maior capital da Amaz\u00f4nia e uma das principais capitais do Brasil.","inLanguage":"pt-BR","potentialAction":[{"@type":"ReadAction","target":["https:\/\/www.manaus.am.gov.br\/semcom\/fiscaliza-obras-estrategicas\/"]}]},{"@type":"ImageObject","inLanguage":"pt-BR","@id":"https:\/\/www.manaus.am.gov.br\/semcom\/fiscaliza-obras-estrategicas\/#primaryimage","url":"https:\/\/www.manaus.am.gov.br\/semcom\/wp-content\/uploads\/sites\/5\/2026\/03\/Prefeito-Visita-Obras-5.jpg","contentUrl":"https:\/\/www.manaus.am.gov.br\/semcom\/wp-content\/uploads\/sites\/5\/2026\/03\/Prefeito-Visita-Obras-5.jpg","width":2048,"height":1365,"caption":"#paratodosverem - David Almeida acompanha de perto as obras pela cidade"},{"@type":"WebSite","@id":"https:\/\/www.manaus.am.gov.br\/semcom\/#website","url":"https:\/\/www.manaus.am.gov.br\/semcom\/","name":"SEMCOM","description":"Secretaria Municipal de Comunica\u00e7\u00e3o","potentialAction":[{"@type":"SearchAction","target":{"@type":"EntryPoint","urlTemplate":"https:\/\/www.manaus.am.gov.br\/semcom\/?s={search_term_string}"},"query-input":"required name=search_term_string"}],"inLanguage":"pt-BR"},{"@type":"Person","@id":"https:\/\/www.manaus.am.gov.br\/semcom\/#\/schema\/person\/ab4dcf766a54dff74e8d267f5c591961","name":"smonteiro","image":{"@type":"ImageObject","inLanguage":"pt-BR","@id":"https:\/\/www.manaus.am.gov.br\/semcom\/#\/schema\/person\/image\/","url":"https:\/\/secure.gravatar.com\/avatar\/21c8776ef61d9272c73322052e042d77?s=96&d=mm&r=g","contentUrl":"https:\/\/secure.gravatar.com\/avatar\/21c8776ef61d9272c73322052e042d77?s=96&d=mm&r=g","caption":"smonteiro"}}]}},"_links":{"self":[{"href":"https:\/\/www.manaus.am.gov.br\/semcom\/wp-json\/wp\/v2\/posts\/254231"}],"collection":[{"href":"https:\/\/www.manaus.am.gov.br\/semcom\/wp-json\/wp\/v2\/posts"}],"about":[{"href":"https:\/\/www.manaus.am.gov.br\/semcom\/wp-json\/wp\/v2\/types\/post"}],"author":[{"embeddable":true,"href":"https:\/\/www.manaus.am.gov.br\/semcom\/wp-json\/wp\/v2\/users\/61"}],"replies":[{"embeddable":true,"href":"https:\/\/www.manaus.am.gov.br\/semcom\/wp-json\/wp\/v2\/comments?post=254231"}],"version-history":[{"count":5,"href":"https:\/\/www.manaus.am.gov.br\/semcom\/wp-json\/wp\/v2\/posts\/254231\/revisions"}],"predecessor-version":[{"id":254246,"href":"https:\/\/www.manaus.am.gov.br\/semcom\/wp-json\/wp\/v2\/posts\/254231\/revisions\/254246"}],"wp:featuredmedia":[{"embeddable":true,"href":"https:\/\/www.manaus.am.gov.br\/semcom\/wp-json\/wp\/v2\/media\/254235"}],"wp:attachment":[{"href":"https:\/\/www.manaus.am.gov.br\/semcom\/wp-json\/wp\/v2\/media?parent=254231"}],"wp:term":[{"taxonomy":"category","embeddable":true,"href":"https:\/\/www.manaus.am.gov.br\/semcom\/wp-json\/wp\/v2\/categories?post=254231"},{"taxonomy":"post_tag","embeddable":true,"href":"https:\/\/www.manaus.am.gov.br\/semcom\/wp-json\/wp\/v2\/tags?post=254231"}],"curies":[{"name":"wp","href":"https:\/\/api.w.org\/{rel}","templated":true}]}}