{"id":254226,"date":"2026-03-09T17:26:16","date_gmt":"2026-03-09T20:26:16","guid":{"rendered":"https:\/\/www.manaus.am.gov.br\/semcom\/servidores-vivencia-planejamento\/"},"modified":"2026-03-10T11:54:03","modified_gmt":"2026-03-10T14:54:03","slug":"servidores-vivencia-planejamento","status":"publish","type":"post","link":"https:\/\/www.manaus.am.gov.br\/semcom\/servidores-vivencia-planejamento\/","title":{"rendered":"Servidores mais antigos relembram etapas e viv\u00eancias do planejamento urbano da Prefeitura"},"content":{"rendered":"\n<p>Depois de d\u00e9cadas de trabalho dedicadas ao planejamento urbano de Manaus, servidores da<a href=\"https:\/\/www.instagram.com\/prefeiturademanaus\/\"> Prefeitura<\/a> <a href=\"https:\/\/www.instagram.com\/prefeiturademanaus\/\">de Manaus<\/a>, do Instituto Municipal de Planejamento Urbano<a href=\"https:\/\/www.manaus.am.gov.br\/\"> (Implurb<\/a>), se preparam para viver um momento simb\u00f3lico em sua trajet\u00f3ria profissional: a mudan\u00e7a para uma nova sede, localizada no n\u00famero 759, do Parque Mosaico, na alameda Desembargador Jo\u00e3o Machado, zona Oeste, que ser\u00e1 inaugurada em breve.<\/p>\n\n\n\n<p>Para quem acompanhou diferentes fases da estrutura do \u00f3rg\u00e3o e viu a cidade crescer junto com o planejamento urbano municipal, o novo espa\u00e7o representa mais do que uma mudan\u00e7a f\u00edsica \u2014 \u00e9 tamb\u00e9m a renova\u00e7\u00e3o de uma hist\u00f3ria constru\u00edda ao longo de gera\u00e7\u00f5es de t\u00e9cnicos, arquitetos, urbanistas e servidores.<\/p>\n\n\n\n<p>\u201cNa \u00e9poca da antiga Urbam (Empresa Municipal de Urbaniza\u00e7\u00e3o), o planejamento urbano era feito muito olhando a cidade de perto. A gente conhecia cada rua, cada bairro, e isso ajudou a criar uma base s\u00f3lida para o crescimento urbano que Manaus viveria depois\u201d, relembra Edilson Cordovil Vila\u00e7a, da Ger\u00eancia de Patrim\u00f4nio Hist\u00f3rico (GPH), servidor com mais de 30 anos de atua\u00e7\u00e3o no servi\u00e7o p\u00fablico.<\/p>\n\n\n\n<p>Nas d\u00e9cadas de 1970 e 1980, as atividades ligadas ao ordenamento urbano eram conduzidas pela Urbam, extinta em 2003, que funcionava na rua Frei Jos\u00e9 dos Inocentes, no centro hist\u00f3rico. Inserido no n\u00facleo original da cidade, o im\u00f3vel simbolizava um per\u00edodo em que o planejamento era realizado de forma essencialmente manual, com plantas em papel, mapas f\u00edsicos e intenso trabalho de campo. A proximidade com o territ\u00f3rio era uma das marcas da atua\u00e7\u00e3o t\u00e9cnica para uma Manaus de pouco mais de 315 mil habitantes, bem longe dos mais de 2 milh\u00f5es do \u00faltimo Censo, sendo a s\u00e9tima capital mais populosa do Brasil.<\/p>\n\n\n\n<p>Ainda no Centro, a Urbam funcionou no Edif\u00edcio Garagem Jorge Teixeira, conhecido como \u201cGaraj\u00e3o\u201d, na rua Floriano Peixoto. Constru\u00eddo no final da d\u00e9cada de 1980, o pr\u00e9dio tornou-se s\u00edmbolo de uma fase intensa de produ\u00e7\u00e3o t\u00e9cnica, em meio a desafios impostos pelo crescimento populacional, pela expans\u00e3o da malha urbana e pela necessidade de maior controle do uso do solo.<\/p>\n\n\n\n<p>\u201cO Garaj\u00e3o foi uma verdadeira escola. Era um per\u00edodo de muito trabalho, poucos recursos, mas com uma equipe extremamente comprometida. Muitos dos estudos e diretrizes que ainda hoje orientam o planejamento urbano come\u00e7aram ali\u201d, destaca Maria do Carmo, servidora que atuou tanto na Urbam quanto no per\u00edodo do Garaj\u00e3o, somando 40 anos de servi\u00e7os p\u00fablicos.<\/p>\n\n\n\n<p>Somando quatro d\u00e9cadas de dedica\u00e7\u00e3o ao trabalho, Radja Pereira Mar lembra que entrou na Prefeitura ainda como estagi\u00e1ria, em 1986. \u201cComecei na antiga Booth Line, no Centro, em um espa\u00e7o pequeno e com poucos setores. Depois fomos para o Garaj\u00e3o, onde houve uma grande transforma\u00e7\u00e3o, tanto na estrutura quanto na forma de trabalhar. Mais tarde, seguimos para a Compensa, vivendo diferentes gest\u00f5es e muitos desafios. Cada mudan\u00e7a representou aprendizado e crescimento. Sa\u00edmos de condi\u00e7\u00f5es prec\u00e1rias e hoje vivemos um momento de progresso real, com a conquista de uma nova sede, algo in\u00e9dito para n\u00f3s\u201d, relatou.<\/p>\n\n\n\n<p>A servidora Maria das Dores Bezerra de Abreu, conhecida entre os colegas como Dorinha, guarda mem\u00f3rias das antigas sedes e do tamanho da cidade. \u201cCada mudan\u00e7a de sede trazia novos desafios. S\u00e3o 40 anos de servi\u00e7o p\u00fablico e todas as etapas fortalecem a equipe. Aprendemos a fazer muito com pouco e a trabalhar de forma integrada em d\u00e9cadas passadas. E toda a experi\u00eancia acumulada \u00e9 o que levo para vida\u201d, comentou Dorinha.<\/p>\n\n\n\n<p><strong>Instituto<\/strong><\/p>\n\n\n\n<p>A cria\u00e7\u00e3o do Instituto Municipal de Planejamento Urbano (Implurb), em 2022, deu a Manaus uma autarquia com uma estrutura administrativa pr\u00f3pria, corpo t\u00e9cnico especializado e atribui\u00e7\u00f5es claramente definidas, fortalecendo a capacidade do munic\u00edpio de planejar, normatizar e fiscalizar o uso do solo urbano.<\/p>\n\n\n\n<p>Para os servidores que atravessaram diferentes fases e endere\u00e7os, a cria\u00e7\u00e3o do Implurb representou n\u00e3o uma ruptura, mas a continuidade e o amadurecimento de um trabalho iniciado d\u00e9cadas antes. \u201cA gente saiu da Urbam, passou para o Implurb e viu o instituto nascer e se fortalecer. \u00c9 gratificante saber que fizemos parte de toda essa constru\u00e7\u00e3o do planejamento urbano de Manaus\u201d, afirma Luiz Albuquerque, servidor veterano, que acompanhou as transforma\u00e7\u00f5es institucionais ao longo dos anos.<\/p>\n\n\n\n<p>Ao longo de sua hist\u00f3ria, o Implurb ocupou diferentes sedes, cada uma refletindo o momento institucional vivido pelo \u00f3rg\u00e3o e as necessidades urban\u00edsticas da capital amazonense. As mudan\u00e7as acompanharam a amplia\u00e7\u00e3o das atribui\u00e7\u00f5es, o avan\u00e7o tecnol\u00f3gico, a moderniza\u00e7\u00e3o dos processos e a necessidade de oferecer melhores condi\u00e7\u00f5es de trabalho aos servidores e de atendimento \u00e0 popula\u00e7\u00e3o.<\/p>\n\n\n\n<p>Agora, mais um cap\u00edtulo se soma a essa trajet\u00f3ria. Em mar\u00e7o, o Implurb passar\u00e1 a funcionar no Parque Mosaico, marcando uma nova fase na hist\u00f3ria do planejamento urbano municipal. A mudan\u00e7a simboliza n\u00e3o apenas a ocupa\u00e7\u00e3o de um novo espa\u00e7o f\u00edsico, mas o fortalecimento de uma vis\u00e3o integrada, moderna e estrat\u00e9gica do planejamento urbano, alinhada aos desafios contempor\u00e2neos de Manaus.<\/p>\n\n\n\n<p>A transi\u00e7\u00e3o para o Parque Mosaico reafirma que o planejamento urbano \u00e9 um processo cont\u00ednuo, constru\u00eddo ao longo do tempo por diferentes gera\u00e7\u00f5es de servidores, em diferentes \u201ccasas\u201d, mas sempre com o mesmo prop\u00f3sito: garantir o desenvolvimento ordenado da cidade, a melhoria da qualidade de vida da popula\u00e7\u00e3o e o respeito \u00e0 fun\u00e7\u00e3o social do espa\u00e7o urbano, projetando o futuro sem perder de vista o passado.<\/p>\n\n\n\n<p>&#8212; &#8212; &#8212;<\/p>\n\n\n\n<p><strong>Texto&nbsp;<\/strong>\u2013 Divulga\u00e7\u00e3o \/&nbsp;Implurb<\/p>\n\n\n\n<p><strong>Fotos&nbsp;<\/strong>\u2013 Jo\u00e3o Viana \/ Semcom e Maxwell Oliveira \/ Implurb<\/p>\n\n\n\n<p><strong>Dispon\u00edveis em<\/strong> &#8211; <a href=\"https:\/\/www.flickr.com\/photos\/prefeiturademanaus\/albums\/72177720331696005\/\" target=\"_blank\" rel=\"noreferrer noopener\">https:\/\/www.flickr.com\/photos\/prefeiturademanaus\/albums\/72177720331696005\/<\/a><\/p>\n","protected":false},"excerpt":{"rendered":"","protected":false},"author":61,"featured_media":254227,"comment_status":"closed","ping_status":"closed","sticky":false,"template":"","format":"standard","meta":{"footnotes":""},"categories":[578],"tags":[65,580,77,19687],"acf":[],"yoast_head":"<!-- This site is optimized with the Yoast SEO plugin v23.0 - https:\/\/yoast.com\/wordpress\/plugins\/seo\/ -->\n<title>Servidores mais antigos relembram etapas e viv\u00eancias do planejamento urbano da Prefeitura<\/title>\n<meta name=\"description\" content=\"Depois de d\u00e9cadas de trabalho dedicadas ao planejamento urbano de Manaus, servidores da Prefeitura de Manaus, do Instituto Municipal de Planejamento Urbano (Implurb), se preparam para viver um momento simb\u00f3lico.\" \/>\n<meta name=\"robots\" content=\"index, follow, max-snippet:-1, max-image-preview:large, max-video-preview:-1\" \/>\n<link rel=\"canonical\" href=\"https:\/\/www.manaus.am.gov.br\/semcom\/servidores-vivencia-planejamento\/\" \/>\n<meta property=\"og:locale\" content=\"pt_BR\" \/>\n<meta property=\"og:type\" content=\"article\" \/>\n<meta property=\"og:title\" content=\"Servidores mais antigos relembram etapas e viv\u00eancias do planejamento urbano da Prefeitura\" \/>\n<meta property=\"og:description\" content=\"Depois de d\u00e9cadas de trabalho dedicadas ao planejamento urbano de Manaus, servidores da Prefeitura de Manaus, do Instituto Municipal de Planejamento Urbano (Implurb), se preparam para viver um momento simb\u00f3lico.\" \/>\n<meta property=\"og:url\" content=\"https:\/\/www.manaus.am.gov.br\/semcom\/servidores-vivencia-planejamento\/\" \/>\n<meta property=\"og:site_name\" content=\"SEMCOM\" \/>\n<meta property=\"article:published_time\" content=\"2026-03-09T20:26:16+00:00\" \/>\n<meta property=\"article:modified_time\" content=\"2026-03-10T14:54:03+00:00\" \/>\n<meta property=\"og:image\" content=\"https:\/\/www.manaus.am.gov.br\/semcom\/wp-content\/uploads\/sites\/5\/2026\/03\/servidores2.png\" \/>\n\t<meta property=\"og:image:width\" content=\"1280\" \/>\n\t<meta property=\"og:image:height\" content=\"960\" \/>\n\t<meta property=\"og:image:type\" content=\"image\/png\" \/>\n<meta name=\"author\" content=\"smonteiro\" \/>\n<meta name=\"twitter:card\" content=\"summary_large_image\" \/>\n<meta name=\"twitter:label1\" content=\"Written by\" \/>\n\t<meta name=\"twitter:data1\" content=\"smonteiro\" \/>\n\t<meta name=\"twitter:label2\" content=\"Est. reading time\" \/>\n\t<meta name=\"twitter:data2\" content=\"6 minutos\" \/>\n<script type=\"application\/ld+json\" class=\"yoast-schema-graph\">{\"@context\":\"https:\/\/schema.org\",\"@graph\":[{\"@type\":\"WebPage\",\"@id\":\"https:\/\/www.manaus.am.gov.br\/semcom\/servidores-vivencia-planejamento\/\",\"url\":\"https:\/\/www.manaus.am.gov.br\/semcom\/servidores-vivencia-planejamento\/\",\"name\":\"Servidores mais antigos relembram etapas e viv\u00eancias do planejamento urbano da Prefeitura\",\"isPartOf\":{\"@id\":\"https:\/\/www.manaus.am.gov.br\/semcom\/#website\"},\"primaryImageOfPage\":{\"@id\":\"https:\/\/www.manaus.am.gov.br\/semcom\/servidores-vivencia-planejamento\/#primaryimage\"},\"image\":{\"@id\":\"https:\/\/www.manaus.am.gov.br\/semcom\/servidores-vivencia-planejamento\/#primaryimage\"},\"thumbnailUrl\":\"https:\/\/www.manaus.am.gov.br\/semcom\/wp-content\/uploads\/sites\/5\/2026\/03\/servidores2.png\",\"datePublished\":\"2026-03-09T20:26:16+00:00\",\"dateModified\":\"2026-03-10T14:54:03+00:00\",\"author\":{\"@id\":\"https:\/\/www.manaus.am.gov.br\/semcom\/#\/schema\/person\/ab4dcf766a54dff74e8d267f5c591961\"},\"description\":\"Depois de d\u00e9cadas de trabalho dedicadas ao planejamento urbano de Manaus, servidores da Prefeitura de Manaus, do Instituto Municipal de Planejamento Urbano (Implurb), se preparam para viver um momento simb\u00f3lico.\",\"inLanguage\":\"pt-BR\",\"potentialAction\":[{\"@type\":\"ReadAction\",\"target\":[\"https:\/\/www.manaus.am.gov.br\/semcom\/servidores-vivencia-planejamento\/\"]}]},{\"@type\":\"ImageObject\",\"inLanguage\":\"pt-BR\",\"@id\":\"https:\/\/www.manaus.am.gov.br\/semcom\/servidores-vivencia-planejamento\/#primaryimage\",\"url\":\"https:\/\/www.manaus.am.gov.br\/semcom\/wp-content\/uploads\/sites\/5\/2026\/03\/servidores2.png\",\"contentUrl\":\"https:\/\/www.manaus.am.gov.br\/semcom\/wp-content\/uploads\/sites\/5\/2026\/03\/servidores2.png\",\"width\":1280,\"height\":960,\"caption\":\"#paratodosverem - servidor do Implurb relembra das sedes do instituto\"},{\"@type\":\"WebSite\",\"@id\":\"https:\/\/www.manaus.am.gov.br\/semcom\/#website\",\"url\":\"https:\/\/www.manaus.am.gov.br\/semcom\/\",\"name\":\"SEMCOM\",\"description\":\"Secretaria Municipal de Comunica\u00e7\u00e3o\",\"potentialAction\":[{\"@type\":\"SearchAction\",\"target\":{\"@type\":\"EntryPoint\",\"urlTemplate\":\"https:\/\/www.manaus.am.gov.br\/semcom\/?s={search_term_string}\"},\"query-input\":\"required name=search_term_string\"}],\"inLanguage\":\"pt-BR\"},{\"@type\":\"Person\",\"@id\":\"https:\/\/www.manaus.am.gov.br\/semcom\/#\/schema\/person\/ab4dcf766a54dff74e8d267f5c591961\",\"name\":\"smonteiro\",\"image\":{\"@type\":\"ImageObject\",\"inLanguage\":\"pt-BR\",\"@id\":\"https:\/\/www.manaus.am.gov.br\/semcom\/#\/schema\/person\/image\/\",\"url\":\"https:\/\/secure.gravatar.com\/avatar\/21c8776ef61d9272c73322052e042d77?s=96&d=mm&r=g\",\"contentUrl\":\"https:\/\/secure.gravatar.com\/avatar\/21c8776ef61d9272c73322052e042d77?s=96&d=mm&r=g\",\"caption\":\"smonteiro\"}}]}<\/script>\n<!-- \/ Yoast SEO plugin. -->","yoast_head_json":{"title":"Servidores mais antigos relembram etapas e viv\u00eancias do planejamento urbano da Prefeitura","description":"Depois de d\u00e9cadas de trabalho dedicadas ao planejamento urbano de Manaus, servidores da Prefeitura de Manaus, do Instituto Municipal de Planejamento Urbano (Implurb), se preparam para viver um momento simb\u00f3lico.","robots":{"index":"index","follow":"follow","max-snippet":"max-snippet:-1","max-image-preview":"max-image-preview:large","max-video-preview":"max-video-preview:-1"},"canonical":"https:\/\/www.manaus.am.gov.br\/semcom\/servidores-vivencia-planejamento\/","og_locale":"pt_BR","og_type":"article","og_title":"Servidores mais antigos relembram etapas e viv\u00eancias do planejamento urbano da Prefeitura","og_description":"Depois de d\u00e9cadas de trabalho dedicadas ao planejamento urbano de Manaus, servidores da Prefeitura de Manaus, do Instituto Municipal de Planejamento Urbano (Implurb), se preparam para viver um momento simb\u00f3lico.","og_url":"https:\/\/www.manaus.am.gov.br\/semcom\/servidores-vivencia-planejamento\/","og_site_name":"SEMCOM","article_published_time":"2026-03-09T20:26:16+00:00","article_modified_time":"2026-03-10T14:54:03+00:00","og_image":[{"width":1280,"height":960,"url":"https:\/\/www.manaus.am.gov.br\/semcom\/wp-content\/uploads\/sites\/5\/2026\/03\/servidores2.png","type":"image\/png"}],"author":"smonteiro","twitter_card":"summary_large_image","twitter_misc":{"Written by":"smonteiro","Est. reading time":"6 minutos"},"schema":{"@context":"https:\/\/schema.org","@graph":[{"@type":"WebPage","@id":"https:\/\/www.manaus.am.gov.br\/semcom\/servidores-vivencia-planejamento\/","url":"https:\/\/www.manaus.am.gov.br\/semcom\/servidores-vivencia-planejamento\/","name":"Servidores mais antigos relembram etapas e viv\u00eancias do planejamento urbano da Prefeitura","isPartOf":{"@id":"https:\/\/www.manaus.am.gov.br\/semcom\/#website"},"primaryImageOfPage":{"@id":"https:\/\/www.manaus.am.gov.br\/semcom\/servidores-vivencia-planejamento\/#primaryimage"},"image":{"@id":"https:\/\/www.manaus.am.gov.br\/semcom\/servidores-vivencia-planejamento\/#primaryimage"},"thumbnailUrl":"https:\/\/www.manaus.am.gov.br\/semcom\/wp-content\/uploads\/sites\/5\/2026\/03\/servidores2.png","datePublished":"2026-03-09T20:26:16+00:00","dateModified":"2026-03-10T14:54:03+00:00","author":{"@id":"https:\/\/www.manaus.am.gov.br\/semcom\/#\/schema\/person\/ab4dcf766a54dff74e8d267f5c591961"},"description":"Depois de d\u00e9cadas de trabalho dedicadas ao planejamento urbano de Manaus, servidores da Prefeitura de Manaus, do Instituto Municipal de Planejamento Urbano (Implurb), se preparam para viver um momento simb\u00f3lico.","inLanguage":"pt-BR","potentialAction":[{"@type":"ReadAction","target":["https:\/\/www.manaus.am.gov.br\/semcom\/servidores-vivencia-planejamento\/"]}]},{"@type":"ImageObject","inLanguage":"pt-BR","@id":"https:\/\/www.manaus.am.gov.br\/semcom\/servidores-vivencia-planejamento\/#primaryimage","url":"https:\/\/www.manaus.am.gov.br\/semcom\/wp-content\/uploads\/sites\/5\/2026\/03\/servidores2.png","contentUrl":"https:\/\/www.manaus.am.gov.br\/semcom\/wp-content\/uploads\/sites\/5\/2026\/03\/servidores2.png","width":1280,"height":960,"caption":"#paratodosverem - servidor do Implurb relembra das sedes do instituto"},{"@type":"WebSite","@id":"https:\/\/www.manaus.am.gov.br\/semcom\/#website","url":"https:\/\/www.manaus.am.gov.br\/semcom\/","name":"SEMCOM","description":"Secretaria Municipal de Comunica\u00e7\u00e3o","potentialAction":[{"@type":"SearchAction","target":{"@type":"EntryPoint","urlTemplate":"https:\/\/www.manaus.am.gov.br\/semcom\/?s={search_term_string}"},"query-input":"required name=search_term_string"}],"inLanguage":"pt-BR"},{"@type":"Person","@id":"https:\/\/www.manaus.am.gov.br\/semcom\/#\/schema\/person\/ab4dcf766a54dff74e8d267f5c591961","name":"smonteiro","image":{"@type":"ImageObject","inLanguage":"pt-BR","@id":"https:\/\/www.manaus.am.gov.br\/semcom\/#\/schema\/person\/image\/","url":"https:\/\/secure.gravatar.com\/avatar\/21c8776ef61d9272c73322052e042d77?s=96&d=mm&r=g","contentUrl":"https:\/\/secure.gravatar.com\/avatar\/21c8776ef61d9272c73322052e042d77?s=96&d=mm&r=g","caption":"smonteiro"}}]}},"_links":{"self":[{"href":"https:\/\/www.manaus.am.gov.br\/semcom\/wp-json\/wp\/v2\/posts\/254226"}],"collection":[{"href":"https:\/\/www.manaus.am.gov.br\/semcom\/wp-json\/wp\/v2\/posts"}],"about":[{"href":"https:\/\/www.manaus.am.gov.br\/semcom\/wp-json\/wp\/v2\/types\/post"}],"author":[{"embeddable":true,"href":"https:\/\/www.manaus.am.gov.br\/semcom\/wp-json\/wp\/v2\/users\/61"}],"replies":[{"embeddable":true,"href":"https:\/\/www.manaus.am.gov.br\/semcom\/wp-json\/wp\/v2\/comments?post=254226"}],"version-history":[{"count":1,"href":"https:\/\/www.manaus.am.gov.br\/semcom\/wp-json\/wp\/v2\/posts\/254226\/revisions"}],"predecessor-version":[{"id":254253,"href":"https:\/\/www.manaus.am.gov.br\/semcom\/wp-json\/wp\/v2\/posts\/254226\/revisions\/254253"}],"wp:featuredmedia":[{"embeddable":true,"href":"https:\/\/www.manaus.am.gov.br\/semcom\/wp-json\/wp\/v2\/media\/254227"}],"wp:attachment":[{"href":"https:\/\/www.manaus.am.gov.br\/semcom\/wp-json\/wp\/v2\/media?parent=254226"}],"wp:term":[{"taxonomy":"category","embeddable":true,"href":"https:\/\/www.manaus.am.gov.br\/semcom\/wp-json\/wp\/v2\/categories?post=254226"},{"taxonomy":"post_tag","embeddable":true,"href":"https:\/\/www.manaus.am.gov.br\/semcom\/wp-json\/wp\/v2\/tags?post=254226"}],"curies":[{"name":"wp","href":"https:\/\/api.w.org\/{rel}","templated":true}]}}