{"id":254208,"date":"2026-03-09T18:42:36","date_gmt":"2026-03-09T21:42:36","guid":{"rendered":"https:\/\/www.manaus.am.gov.br\/semcom\/recupera-rua-sao-pedro\/"},"modified":"2026-03-10T13:49:44","modified_gmt":"2026-03-10T16:49:44","slug":"recuperacao-asfaltica-rua-sao-pedro","status":"publish","type":"post","link":"https:\/\/www.manaus.am.gov.br\/semcom\/recuperacao-asfaltica-rua-sao-pedro\/","title":{"rendered":"Prefeitura de Manaus recupera rua na comunidade Parque S\u00e3o Pedro e melhora mobilidade no Tarum\u00e3"},"content":{"rendered":"\n<p>A <a href=\"https:\/\/www.manaus.am.gov.br\/\">Prefeitura de Manaus<\/a>, por meio da <a href=\"https:\/\/www.instagram.com\/seminf.manaus\/\">Secretaria Municipal de Infraestrutura<\/a> (Seminf), executa nesta segunda-feira, 9\/2, os servi\u00e7os de recupera\u00e7\u00e3o asf\u00e1ltica na rua Santa Etelvina, localizada na comunidade Parque S\u00e3o Pedro, no bairro Tarum\u00e3, zona Oeste da capital. A a\u00e7\u00e3o tem como objetivo restabelecer as condi\u00e7\u00f5es de trafegabilidade da via, garantindo mais seguran\u00e7a e mobilidade para motoristas e pedestres que utilizam o local diariamente.<\/p>\n\n\n\n<p>O trabalho faz parte da programa\u00e7\u00e3o cont\u00ednua de manuten\u00e7\u00e3o da malha vi\u00e1ria realizada pela prefeitura em diferentes regi\u00f5es da cidade, com frentes de obras que atuam diariamente na recupera\u00e7\u00e3o de vias afetadas pelo desgaste do tempo e pelo fluxo de ve\u00edculos.<\/p>\n\n\n\n<p>O vice-prefeito e secret\u00e1rio de Obras, Renato Junior, destaca que as equipes da Seminf seguem presentes em todas as zonas da capital, levando melhorias para bairros e comunidades.<\/p>\n\n\n\n<p>\u201cTemos equipes atuando em todas as zonas da cidade, levando servi\u00e7os de recupera\u00e7\u00e3o vi\u00e1ria para dentro dos bairros e comunidades. Nosso objetivo \u00e9 melhorar as ruas que fazem parte da rotina das pessoas, garantindo mais mobilidade, seguran\u00e7a e qualidade de vida para quem vive e circula por Manaus\u201d, afirmou Renato Junior.<\/p>\n\n\n\n<p>Na rua Santa Etelvina, os servi\u00e7os incluem a prepara\u00e7\u00e3o da \u00e1rea com limpeza da pista, imprima\u00e7\u00e3o e aplica\u00e7\u00e3o de nova camada asf\u00e1ltica nos trechos mais deteriorados, etapas essenciais para garantir maior durabilidade ao pavimento.<\/p>\n\n\n\n<p>A interven\u00e7\u00e3o integra o planejamento permanente de manuten\u00e7\u00e3o vi\u00e1ria executado pela Prefeitura de Manaus. Por meio dos Distritos de Obras, as equipes realizam diariamente o mapeamento de \u00e1reas que necessitam de melhorias, atendendo \u00e0s demandas apresentadas pela popula\u00e7\u00e3o.<\/p>\n\n\n\n<p>Al\u00e9m da recupera\u00e7\u00e3o e recapeamento asf\u00e1ltico, as equipes tamb\u00e9m executam servi\u00e7os de limpeza e desobstru\u00e7\u00e3o de caixas coletoras, recupera\u00e7\u00e3o e implanta\u00e7\u00e3o de redes de drenagem profunda e obras de conten\u00e7\u00e3o em rip-rap, constru\u00e7\u00e3o de pontes e passarelas, al\u00e9m da conten\u00e7\u00e3o de eros\u00f5es, fortalecendo a infraestrutura urbana e promovendo mais seguran\u00e7a e qualidade de vida para os moradores.<\/p>\n\n\n\n<p>&#8212; &#8212; &#8212;<\/p>\n\n\n\n<p><strong>Texto<\/strong> \u2013 Rayana Coutinho \/ Seminf<\/p>\n\n\n\n<p><strong>Fotos<\/strong> \u2013 Divulga\u00e7\u00e3o \/ Seminf<\/p>\n","protected":false},"excerpt":{"rendered":"","protected":false},"author":61,"featured_media":254209,"comment_status":"closed","ping_status":"closed","sticky":false,"template":"","format":"standard","meta":{"footnotes":""},"categories":[27],"tags":[265,77,19685,33],"acf":[],"yoast_head":"<!-- This site is optimized with the Yoast SEO plugin v23.0 - https:\/\/yoast.com\/wordpress\/plugins\/seo\/ -->\n<title>Prefeitura de Manaus recupera rua na comunidade Parque S\u00e3o Pedro e melhora mobilidade no Tarum\u00e3<\/title>\n<meta name=\"description\" content=\"A Prefeitura de Manaus, por meio da Secretaria Municipal de Infraestrutura (Seminf), executa nesta segunda-feira, 9\/2, os servi\u00e7os de recupera\u00e7\u00e3o asf\u00e1ltica na rua Santa Etelvina.\" \/>\n<meta name=\"robots\" content=\"index, follow, max-snippet:-1, max-image-preview:large, max-video-preview:-1\" \/>\n<link rel=\"canonical\" href=\"https:\/\/www.manaus.am.gov.br\/semcom\/recupera-rua-sao-pedro\/\" \/>\n<meta property=\"og:locale\" content=\"pt_BR\" \/>\n<meta property=\"og:type\" content=\"article\" \/>\n<meta property=\"og:title\" content=\"Prefeitura de Manaus recupera rua na comunidade Parque S\u00e3o Pedro e melhora mobilidade no Tarum\u00e3\" \/>\n<meta property=\"og:description\" content=\"A Prefeitura de Manaus, por meio da Secretaria Municipal de Infraestrutura (Seminf), executa nesta segunda-feira, 9\/2, os servi\u00e7os de recupera\u00e7\u00e3o asf\u00e1ltica na rua Santa Etelvina.\" \/>\n<meta property=\"og:url\" content=\"https:\/\/www.manaus.am.gov.br\/semcom\/recupera-rua-sao-pedro\/\" \/>\n<meta property=\"og:site_name\" content=\"SEMCOM\" \/>\n<meta property=\"article:published_time\" content=\"2026-03-09T21:42:36+00:00\" \/>\n<meta property=\"article:modified_time\" content=\"2026-03-10T16:49:44+00:00\" \/>\n<meta property=\"og:image\" content=\"https:\/\/www.manaus.am.gov.br\/semcom\/wp-content\/uploads\/sites\/5\/2026\/03\/Seminf-Parque-Sao-Pedro-3.jpg\" \/>\n\t<meta property=\"og:image:width\" content=\"1600\" \/>\n\t<meta property=\"og:image:height\" content=\"1200\" \/>\n\t<meta property=\"og:image:type\" content=\"image\/jpeg\" \/>\n<meta name=\"author\" content=\"smonteiro\" \/>\n<meta name=\"twitter:card\" content=\"summary_large_image\" \/>\n<meta name=\"twitter:label1\" content=\"Written by\" \/>\n\t<meta name=\"twitter:data1\" content=\"smonteiro\" \/>\n\t<meta name=\"twitter:label2\" content=\"Est. reading time\" \/>\n\t<meta name=\"twitter:data2\" content=\"2 minutos\" \/>\n<script type=\"application\/ld+json\" class=\"yoast-schema-graph\">{\"@context\":\"https:\/\/schema.org\",\"@graph\":[{\"@type\":\"WebPage\",\"@id\":\"https:\/\/www.manaus.am.gov.br\/semcom\/recupera-rua-sao-pedro\/\",\"url\":\"https:\/\/www.manaus.am.gov.br\/semcom\/recupera-rua-sao-pedro\/\",\"name\":\"Prefeitura de Manaus recupera rua na comunidade Parque S\u00e3o Pedro e melhora mobilidade no Tarum\u00e3\",\"isPartOf\":{\"@id\":\"https:\/\/www.manaus.am.gov.br\/semcom\/#website\"},\"primaryImageOfPage\":{\"@id\":\"https:\/\/www.manaus.am.gov.br\/semcom\/recupera-rua-sao-pedro\/#primaryimage\"},\"image\":{\"@id\":\"https:\/\/www.manaus.am.gov.br\/semcom\/recupera-rua-sao-pedro\/#primaryimage\"},\"thumbnailUrl\":\"https:\/\/www.manaus.am.gov.br\/semcom\/wp-content\/uploads\/sites\/5\/2026\/03\/Seminf-Parque-Sao-Pedro-3.jpg\",\"datePublished\":\"2026-03-09T21:42:36+00:00\",\"dateModified\":\"2026-03-10T16:49:44+00:00\",\"author\":{\"@id\":\"https:\/\/www.manaus.am.gov.br\/semcom\/#\/schema\/person\/ab4dcf766a54dff74e8d267f5c591961\"},\"description\":\"A Prefeitura de Manaus, por meio da Secretaria Municipal de Infraestrutura (Seminf), executa nesta segunda-feira, 9\/2, os servi\u00e7os de recupera\u00e7\u00e3o asf\u00e1ltica na rua Santa Etelvina.\",\"inLanguage\":\"pt-BR\",\"potentialAction\":[{\"@type\":\"ReadAction\",\"target\":[\"https:\/\/www.manaus.am.gov.br\/semcom\/recupera-rua-sao-pedro\/\"]}]},{\"@type\":\"ImageObject\",\"inLanguage\":\"pt-BR\",\"@id\":\"https:\/\/www.manaus.am.gov.br\/semcom\/recupera-rua-sao-pedro\/#primaryimage\",\"url\":\"https:\/\/www.manaus.am.gov.br\/semcom\/wp-content\/uploads\/sites\/5\/2026\/03\/Seminf-Parque-Sao-Pedro-3.jpg\",\"contentUrl\":\"https:\/\/www.manaus.am.gov.br\/semcom\/wp-content\/uploads\/sites\/5\/2026\/03\/Seminf-Parque-Sao-Pedro-3.jpg\",\"width\":1600,\"height\":1200,\"caption\":\"#paratodosverem - aplica\u00e7\u00e3o de massa asf\u00e1ltica na comunidade S\u00e3o Pedro\"},{\"@type\":\"WebSite\",\"@id\":\"https:\/\/www.manaus.am.gov.br\/semcom\/#website\",\"url\":\"https:\/\/www.manaus.am.gov.br\/semcom\/\",\"name\":\"SEMCOM\",\"description\":\"Secretaria Municipal de Comunica\u00e7\u00e3o\",\"potentialAction\":[{\"@type\":\"SearchAction\",\"target\":{\"@type\":\"EntryPoint\",\"urlTemplate\":\"https:\/\/www.manaus.am.gov.br\/semcom\/?s={search_term_string}\"},\"query-input\":\"required name=search_term_string\"}],\"inLanguage\":\"pt-BR\"},{\"@type\":\"Person\",\"@id\":\"https:\/\/www.manaus.am.gov.br\/semcom\/#\/schema\/person\/ab4dcf766a54dff74e8d267f5c591961\",\"name\":\"smonteiro\",\"image\":{\"@type\":\"ImageObject\",\"inLanguage\":\"pt-BR\",\"@id\":\"https:\/\/www.manaus.am.gov.br\/semcom\/#\/schema\/person\/image\/\",\"url\":\"https:\/\/secure.gravatar.com\/avatar\/21c8776ef61d9272c73322052e042d77?s=96&d=mm&r=g\",\"contentUrl\":\"https:\/\/secure.gravatar.com\/avatar\/21c8776ef61d9272c73322052e042d77?s=96&d=mm&r=g\",\"caption\":\"smonteiro\"}}]}<\/script>\n<!-- \/ Yoast SEO plugin. -->","yoast_head_json":{"title":"Prefeitura de Manaus recupera rua na comunidade Parque S\u00e3o Pedro e melhora mobilidade no Tarum\u00e3","description":"A Prefeitura de Manaus, por meio da Secretaria Municipal de Infraestrutura (Seminf), executa nesta segunda-feira, 9\/2, os servi\u00e7os de recupera\u00e7\u00e3o asf\u00e1ltica na rua Santa Etelvina.","robots":{"index":"index","follow":"follow","max-snippet":"max-snippet:-1","max-image-preview":"max-image-preview:large","max-video-preview":"max-video-preview:-1"},"canonical":"https:\/\/www.manaus.am.gov.br\/semcom\/recupera-rua-sao-pedro\/","og_locale":"pt_BR","og_type":"article","og_title":"Prefeitura de Manaus recupera rua na comunidade Parque S\u00e3o Pedro e melhora mobilidade no Tarum\u00e3","og_description":"A Prefeitura de Manaus, por meio da Secretaria Municipal de Infraestrutura (Seminf), executa nesta segunda-feira, 9\/2, os servi\u00e7os de recupera\u00e7\u00e3o asf\u00e1ltica na rua Santa Etelvina.","og_url":"https:\/\/www.manaus.am.gov.br\/semcom\/recupera-rua-sao-pedro\/","og_site_name":"SEMCOM","article_published_time":"2026-03-09T21:42:36+00:00","article_modified_time":"2026-03-10T16:49:44+00:00","og_image":[{"width":1600,"height":1200,"url":"https:\/\/www.manaus.am.gov.br\/semcom\/wp-content\/uploads\/sites\/5\/2026\/03\/Seminf-Parque-Sao-Pedro-3.jpg","type":"image\/jpeg"}],"author":"smonteiro","twitter_card":"summary_large_image","twitter_misc":{"Written by":"smonteiro","Est. reading time":"2 minutos"},"schema":{"@context":"https:\/\/schema.org","@graph":[{"@type":"WebPage","@id":"https:\/\/www.manaus.am.gov.br\/semcom\/recupera-rua-sao-pedro\/","url":"https:\/\/www.manaus.am.gov.br\/semcom\/recupera-rua-sao-pedro\/","name":"Prefeitura de Manaus recupera rua na comunidade Parque S\u00e3o Pedro e melhora mobilidade no Tarum\u00e3","isPartOf":{"@id":"https:\/\/www.manaus.am.gov.br\/semcom\/#website"},"primaryImageOfPage":{"@id":"https:\/\/www.manaus.am.gov.br\/semcom\/recupera-rua-sao-pedro\/#primaryimage"},"image":{"@id":"https:\/\/www.manaus.am.gov.br\/semcom\/recupera-rua-sao-pedro\/#primaryimage"},"thumbnailUrl":"https:\/\/www.manaus.am.gov.br\/semcom\/wp-content\/uploads\/sites\/5\/2026\/03\/Seminf-Parque-Sao-Pedro-3.jpg","datePublished":"2026-03-09T21:42:36+00:00","dateModified":"2026-03-10T16:49:44+00:00","author":{"@id":"https:\/\/www.manaus.am.gov.br\/semcom\/#\/schema\/person\/ab4dcf766a54dff74e8d267f5c591961"},"description":"A Prefeitura de Manaus, por meio da Secretaria Municipal de Infraestrutura (Seminf), executa nesta segunda-feira, 9\/2, os servi\u00e7os de recupera\u00e7\u00e3o asf\u00e1ltica na rua Santa Etelvina.","inLanguage":"pt-BR","potentialAction":[{"@type":"ReadAction","target":["https:\/\/www.manaus.am.gov.br\/semcom\/recupera-rua-sao-pedro\/"]}]},{"@type":"ImageObject","inLanguage":"pt-BR","@id":"https:\/\/www.manaus.am.gov.br\/semcom\/recupera-rua-sao-pedro\/#primaryimage","url":"https:\/\/www.manaus.am.gov.br\/semcom\/wp-content\/uploads\/sites\/5\/2026\/03\/Seminf-Parque-Sao-Pedro-3.jpg","contentUrl":"https:\/\/www.manaus.am.gov.br\/semcom\/wp-content\/uploads\/sites\/5\/2026\/03\/Seminf-Parque-Sao-Pedro-3.jpg","width":1600,"height":1200,"caption":"#paratodosverem - aplica\u00e7\u00e3o de massa asf\u00e1ltica na comunidade S\u00e3o Pedro"},{"@type":"WebSite","@id":"https:\/\/www.manaus.am.gov.br\/semcom\/#website","url":"https:\/\/www.manaus.am.gov.br\/semcom\/","name":"SEMCOM","description":"Secretaria Municipal de Comunica\u00e7\u00e3o","potentialAction":[{"@type":"SearchAction","target":{"@type":"EntryPoint","urlTemplate":"https:\/\/www.manaus.am.gov.br\/semcom\/?s={search_term_string}"},"query-input":"required name=search_term_string"}],"inLanguage":"pt-BR"},{"@type":"Person","@id":"https:\/\/www.manaus.am.gov.br\/semcom\/#\/schema\/person\/ab4dcf766a54dff74e8d267f5c591961","name":"smonteiro","image":{"@type":"ImageObject","inLanguage":"pt-BR","@id":"https:\/\/www.manaus.am.gov.br\/semcom\/#\/schema\/person\/image\/","url":"https:\/\/secure.gravatar.com\/avatar\/21c8776ef61d9272c73322052e042d77?s=96&d=mm&r=g","contentUrl":"https:\/\/secure.gravatar.com\/avatar\/21c8776ef61d9272c73322052e042d77?s=96&d=mm&r=g","caption":"smonteiro"}}]}},"_links":{"self":[{"href":"https:\/\/www.manaus.am.gov.br\/semcom\/wp-json\/wp\/v2\/posts\/254208"}],"collection":[{"href":"https:\/\/www.manaus.am.gov.br\/semcom\/wp-json\/wp\/v2\/posts"}],"about":[{"href":"https:\/\/www.manaus.am.gov.br\/semcom\/wp-json\/wp\/v2\/types\/post"}],"author":[{"embeddable":true,"href":"https:\/\/www.manaus.am.gov.br\/semcom\/wp-json\/wp\/v2\/users\/61"}],"replies":[{"embeddable":true,"href":"https:\/\/www.manaus.am.gov.br\/semcom\/wp-json\/wp\/v2\/comments?post=254208"}],"version-history":[{"count":1,"href":"https:\/\/www.manaus.am.gov.br\/semcom\/wp-json\/wp\/v2\/posts\/254208\/revisions"}],"predecessor-version":[{"id":254267,"href":"https:\/\/www.manaus.am.gov.br\/semcom\/wp-json\/wp\/v2\/posts\/254208\/revisions\/254267"}],"wp:featuredmedia":[{"embeddable":true,"href":"https:\/\/www.manaus.am.gov.br\/semcom\/wp-json\/wp\/v2\/media\/254209"}],"wp:attachment":[{"href":"https:\/\/www.manaus.am.gov.br\/semcom\/wp-json\/wp\/v2\/media?parent=254208"}],"wp:term":[{"taxonomy":"category","embeddable":true,"href":"https:\/\/www.manaus.am.gov.br\/semcom\/wp-json\/wp\/v2\/categories?post=254208"},{"taxonomy":"post_tag","embeddable":true,"href":"https:\/\/www.manaus.am.gov.br\/semcom\/wp-json\/wp\/v2\/tags?post=254208"}],"curies":[{"name":"wp","href":"https:\/\/api.w.org\/{rel}","templated":true}]}}