{"id":254194,"date":"2026-03-09T16:41:32","date_gmt":"2026-03-09T20:41:32","guid":{"rendered":"https:\/\/www.manaus.am.gov.br\/semcom\/capcaitacao-cuidadores-idosos\/"},"modified":"2026-03-10T13:41:25","modified_gmt":"2026-03-10T16:41:25","slug":"capcaitacao-cuidadores-idosos","status":"publish","type":"post","link":"https:\/\/www.manaus.am.gov.br\/semcom\/capcaitacao-cuidadores-idosos\/","title":{"rendered":"Prefeitura de Manaus leva capacita\u00e7\u00e3o para cuidadores de idosos ao bairro Bet\u00e2nia"},"content":{"rendered":"\n<p>A <a href=\"https:\/\/www.manaus.am.gov.br\/\">Prefeitura de Manaus<\/a>, por meio da <a href=\"https:\/\/www.instagram.com\/fundacaodrthomas\/\">Funda\u00e7\u00e3o de Apoio ao Idoso Dr. Thomas<\/a> (FDT) e da Escola de Servi\u00e7o P\u00fablico Municipal e Inclus\u00e3o Socioeducacional (Espi), \u00f3rg\u00e3o vinculado \u00e0 <a href=\"https:\/\/www.instagram.com\/semadmanaus\/\">Secretaria Municipal de Administra\u00e7\u00e3o e Gest\u00e3o<\/a> (Semad), iniciou nesta segunda-feira, 9\/3, o curso de Cuidador Comunit\u00e1rio no bairro Bet\u00e2nia, na zona Sul da capital, voltado \u00e0 capacita\u00e7\u00e3o para o cuidado com a pessoa idosa. A abertura contou com a presen\u00e7a do diretor-presidente da Espi-Semad, Aurilex Moreira, e da vice-presidente da Funda\u00e7\u00e3o Dr. Thomas, Larissa Meireles.<\/p>\n\n\n\n<p>Com carga hor\u00e1ria de 30 horas, a forma\u00e7\u00e3o re\u00fane moradores da comunidade interessados em ampliar seus conhecimentos sobre o cuidado e a aten\u00e7\u00e3o \u00e0 popula\u00e7\u00e3o idosa. O objetivo \u00e9 preparar os participantes para oferecer um atendimento mais qualificado, humanizado e respons\u00e1vel \u00e0s pessoas idosas, al\u00e9m de fortalecer a rede comunit\u00e1ria de apoio e incentivar a conviv\u00eancia intergeracional nos bairros de Manaus.<\/p>\n\n\n<div class=\"wp-block-image\">\n<figure class=\"aligncenter size-large\"><img loading=\"lazy\" decoding=\"async\" width=\"768\" height=\"1024\" src=\"https:\/\/www.manaus.am.gov.br\/semcom\/wp-content\/uploads\/sites\/5\/2026\/03\/FDT-Espi-Cuidador-de-Idosos-4-768x1024.jpeg\" alt=\"\" class=\"wp-image-254196\" srcset=\"https:\/\/www.manaus.am.gov.br\/semcom\/wp-content\/uploads\/sites\/5\/2026\/03\/FDT-Espi-Cuidador-de-Idosos-4-768x1024.jpeg 768w, https:\/\/www.manaus.am.gov.br\/semcom\/wp-content\/uploads\/sites\/5\/2026\/03\/FDT-Espi-Cuidador-de-Idosos-4-225x300.jpeg 225w, https:\/\/www.manaus.am.gov.br\/semcom\/wp-content\/uploads\/sites\/5\/2026\/03\/FDT-Espi-Cuidador-de-Idosos-4.jpeg 960w\" sizes=\"(max-width: 768px) 100vw, 768px\" \/><figcaption class=\"wp-element-caption\">##paratodosverem &#8211; aluna mostra o material do curso de cuidador informal de idosos<\/figcaption><\/figure><\/div>\n\n\n<p>Durante a cerim\u00f4nia, a vice-presidente da Funda\u00e7\u00e3o Dr. Thomas, Larissa Meireles, destacou a import\u00e2ncia da capacita\u00e7\u00e3o diante do crescimento da popula\u00e7\u00e3o idosa na capital.<\/p>\n\n\n\n<p>\u201cEm Manaus, s\u00e3o mais de 200 mil idosos, representando quase 10% da popula\u00e7\u00e3o. A expectativa de vida est\u00e1 aumentando, e a Organiza\u00e7\u00e3o das Na\u00e7\u00f5es Unidas (ONU) prev\u00ea que, at\u00e9 2050, cerca de 33% da popula\u00e7\u00e3o brasileira ser\u00e1 idosa. Esse cen\u00e1rio amplia a necessidade de cuidadores capacitados. O curso de cuidador comunit\u00e1rio vem justamente para ajudar a atender essa demanda\u201d, ressaltou a vice-presidente.<\/p>\n\n\n\n<p>O diretor-presidente da Espi-Semad, Aurilex Moreira, tamb\u00e9m destacou a import\u00e2ncia da qualifica\u00e7\u00e3o para fortalecer o cuidado com a popula\u00e7\u00e3o idosa.<\/p>\n\n\n\n<p>\u201cEstamos iniciando hoje mais um curso de Cuidados B\u00e1sicos ao Idoso, aqui no Cras da Bet\u00e2nia. Disponibilizamos mais de 40 vagas, em parceria com a Funda\u00e7\u00e3o Dr. Thomas, para oferecer a forma\u00e7\u00e3o necess\u00e1ria a quem deseja cuidar dos nossos idosos, que j\u00e1 cuidaram de n\u00f3s\u201d, afirmou o diretor.<\/p>\n\n\n\n<p>A iniciativa integra o cronograma de capacita\u00e7\u00f5es promovidas pela Prefeitura de Manaus voltadas ao fortalecimento das pol\u00edticas p\u00fablicas de aten\u00e7\u00e3o \u00e0 pessoa idosa, reafirmando o compromisso da gest\u00e3o municipal com o cuidado, o respeito e a valoriza\u00e7\u00e3o desse p\u00fablico em toda a cidade.<\/p>\n","protected":false},"excerpt":{"rendered":"","protected":false},"author":61,"featured_media":254197,"comment_status":"closed","ping_status":"closed","sticky":false,"template":"","format":"standard","meta":{"footnotes":""},"categories":[40],"tags":[19604,935,77,838,11058],"acf":[],"yoast_head":"<!-- This site is optimized with the Yoast SEO plugin v23.0 - https:\/\/yoast.com\/wordpress\/plugins\/seo\/ -->\n<title>Prefeitura de Manaus leva capacita\u00e7\u00e3o para cuidadores de idosos ao bairro Bet\u00e2nia<\/title>\n<meta name=\"description\" content=\"A Prefeitura de Manaus, por meio da Funda\u00e7\u00e3o de Apoio ao Idoso Dr. Thomas (FDT) e da Escola de Servi\u00e7o P\u00fablico Municipal e Inclus\u00e3o Socioeducacional (Espi), \u00f3rg\u00e3o vinculado \u00e0 Secretaria Municipal de Administra\u00e7\u00e3o e Gest\u00e3o (Semad), iniciou nesta segunda-feira, 9\/3, o curso de Cuidador Comunit\u00e1rio no bairro Bet\u00e2nia.\" \/>\n<meta name=\"robots\" content=\"index, follow, max-snippet:-1, max-image-preview:large, max-video-preview:-1\" \/>\n<link rel=\"canonical\" href=\"https:\/\/www.manaus.am.gov.br\/semcom\/capcaitacao-cuidadores-idosos\/\" \/>\n<meta property=\"og:locale\" content=\"pt_BR\" \/>\n<meta property=\"og:type\" content=\"article\" \/>\n<meta property=\"og:title\" content=\"Prefeitura de Manaus leva capacita\u00e7\u00e3o para cuidadores de idosos ao bairro Bet\u00e2nia\" \/>\n<meta property=\"og:description\" content=\"A Prefeitura de Manaus, por meio da Funda\u00e7\u00e3o de Apoio ao Idoso Dr. Thomas (FDT) e da Escola de Servi\u00e7o P\u00fablico Municipal e Inclus\u00e3o Socioeducacional (Espi), \u00f3rg\u00e3o vinculado \u00e0 Secretaria Municipal de Administra\u00e7\u00e3o e Gest\u00e3o (Semad), iniciou nesta segunda-feira, 9\/3, o curso de Cuidador Comunit\u00e1rio no bairro Bet\u00e2nia.\" \/>\n<meta property=\"og:url\" content=\"https:\/\/www.manaus.am.gov.br\/semcom\/capcaitacao-cuidadores-idosos\/\" \/>\n<meta property=\"og:site_name\" content=\"SEMCOM\" \/>\n<meta property=\"article:published_time\" content=\"2026-03-09T20:41:32+00:00\" \/>\n<meta property=\"article:modified_time\" content=\"2026-03-10T16:41:25+00:00\" \/>\n<meta property=\"og:image\" content=\"https:\/\/www.manaus.am.gov.br\/semcom\/wp-content\/uploads\/sites\/5\/2026\/03\/FDT-Espi-Cuidador-de-Idosos-3.jpeg\" \/>\n\t<meta property=\"og:image:width\" content=\"1280\" \/>\n\t<meta property=\"og:image:height\" content=\"960\" \/>\n\t<meta property=\"og:image:type\" content=\"image\/jpeg\" \/>\n<meta name=\"author\" content=\"smonteiro\" \/>\n<meta name=\"twitter:card\" content=\"summary_large_image\" \/>\n<meta name=\"twitter:label1\" content=\"Written by\" \/>\n\t<meta name=\"twitter:data1\" content=\"smonteiro\" \/>\n\t<meta name=\"twitter:label2\" content=\"Est. reading time\" \/>\n\t<meta name=\"twitter:data2\" content=\"3 minutos\" \/>\n<script type=\"application\/ld+json\" class=\"yoast-schema-graph\">{\"@context\":\"https:\/\/schema.org\",\"@graph\":[{\"@type\":\"WebPage\",\"@id\":\"https:\/\/www.manaus.am.gov.br\/semcom\/capcaitacao-cuidadores-idosos\/\",\"url\":\"https:\/\/www.manaus.am.gov.br\/semcom\/capcaitacao-cuidadores-idosos\/\",\"name\":\"Prefeitura de Manaus leva capacita\u00e7\u00e3o para cuidadores de idosos ao bairro Bet\u00e2nia\",\"isPartOf\":{\"@id\":\"https:\/\/www.manaus.am.gov.br\/semcom\/#website\"},\"primaryImageOfPage\":{\"@id\":\"https:\/\/www.manaus.am.gov.br\/semcom\/capcaitacao-cuidadores-idosos\/#primaryimage\"},\"image\":{\"@id\":\"https:\/\/www.manaus.am.gov.br\/semcom\/capcaitacao-cuidadores-idosos\/#primaryimage\"},\"thumbnailUrl\":\"https:\/\/www.manaus.am.gov.br\/semcom\/wp-content\/uploads\/sites\/5\/2026\/03\/FDT-Espi-Cuidador-de-Idosos-3.jpeg\",\"datePublished\":\"2026-03-09T20:41:32+00:00\",\"dateModified\":\"2026-03-10T16:41:25+00:00\",\"author\":{\"@id\":\"https:\/\/www.manaus.am.gov.br\/semcom\/#\/schema\/person\/ab4dcf766a54dff74e8d267f5c591961\"},\"description\":\"A Prefeitura de Manaus, por meio da Funda\u00e7\u00e3o de Apoio ao Idoso Dr. Thomas (FDT) e da Escola de Servi\u00e7o P\u00fablico Municipal e Inclus\u00e3o Socioeducacional (Espi), \u00f3rg\u00e3o vinculado \u00e0 Secretaria Municipal de Administra\u00e7\u00e3o e Gest\u00e3o (Semad), iniciou nesta segunda-feira, 9\/3, o curso de Cuidador Comunit\u00e1rio no bairro Bet\u00e2nia.\",\"inLanguage\":\"pt-BR\",\"potentialAction\":[{\"@type\":\"ReadAction\",\"target\":[\"https:\/\/www.manaus.am.gov.br\/semcom\/capcaitacao-cuidadores-idosos\/\"]}]},{\"@type\":\"ImageObject\",\"inLanguage\":\"pt-BR\",\"@id\":\"https:\/\/www.manaus.am.gov.br\/semcom\/capcaitacao-cuidadores-idosos\/#primaryimage\",\"url\":\"https:\/\/www.manaus.am.gov.br\/semcom\/wp-content\/uploads\/sites\/5\/2026\/03\/FDT-Espi-Cuidador-de-Idosos-3.jpeg\",\"contentUrl\":\"https:\/\/www.manaus.am.gov.br\/semcom\/wp-content\/uploads\/sites\/5\/2026\/03\/FDT-Espi-Cuidador-de-Idosos-3.jpeg\",\"width\":1280,\"height\":960,\"caption\":\"#paratodosverem - a Prefeitura de Manaus iniciou mais um curso gratuito de forma\u00e7\u00e3o de cuiddores informais de idosos\"},{\"@type\":\"WebSite\",\"@id\":\"https:\/\/www.manaus.am.gov.br\/semcom\/#website\",\"url\":\"https:\/\/www.manaus.am.gov.br\/semcom\/\",\"name\":\"SEMCOM\",\"description\":\"Secretaria Municipal de Comunica\u00e7\u00e3o\",\"potentialAction\":[{\"@type\":\"SearchAction\",\"target\":{\"@type\":\"EntryPoint\",\"urlTemplate\":\"https:\/\/www.manaus.am.gov.br\/semcom\/?s={search_term_string}\"},\"query-input\":\"required name=search_term_string\"}],\"inLanguage\":\"pt-BR\"},{\"@type\":\"Person\",\"@id\":\"https:\/\/www.manaus.am.gov.br\/semcom\/#\/schema\/person\/ab4dcf766a54dff74e8d267f5c591961\",\"name\":\"smonteiro\",\"image\":{\"@type\":\"ImageObject\",\"inLanguage\":\"pt-BR\",\"@id\":\"https:\/\/www.manaus.am.gov.br\/semcom\/#\/schema\/person\/image\/\",\"url\":\"https:\/\/secure.gravatar.com\/avatar\/21c8776ef61d9272c73322052e042d77?s=96&d=mm&r=g\",\"contentUrl\":\"https:\/\/secure.gravatar.com\/avatar\/21c8776ef61d9272c73322052e042d77?s=96&d=mm&r=g\",\"caption\":\"smonteiro\"}}]}<\/script>\n<!-- \/ Yoast SEO plugin. -->","yoast_head_json":{"title":"Prefeitura de Manaus leva capacita\u00e7\u00e3o para cuidadores de idosos ao bairro Bet\u00e2nia","description":"A Prefeitura de Manaus, por meio da Funda\u00e7\u00e3o de Apoio ao Idoso Dr. Thomas (FDT) e da Escola de Servi\u00e7o P\u00fablico Municipal e Inclus\u00e3o Socioeducacional (Espi), \u00f3rg\u00e3o vinculado \u00e0 Secretaria Municipal de Administra\u00e7\u00e3o e Gest\u00e3o (Semad), iniciou nesta segunda-feira, 9\/3, o curso de Cuidador Comunit\u00e1rio no bairro Bet\u00e2nia.","robots":{"index":"index","follow":"follow","max-snippet":"max-snippet:-1","max-image-preview":"max-image-preview:large","max-video-preview":"max-video-preview:-1"},"canonical":"https:\/\/www.manaus.am.gov.br\/semcom\/capcaitacao-cuidadores-idosos\/","og_locale":"pt_BR","og_type":"article","og_title":"Prefeitura de Manaus leva capacita\u00e7\u00e3o para cuidadores de idosos ao bairro Bet\u00e2nia","og_description":"A Prefeitura de Manaus, por meio da Funda\u00e7\u00e3o de Apoio ao Idoso Dr. Thomas (FDT) e da Escola de Servi\u00e7o P\u00fablico Municipal e Inclus\u00e3o Socioeducacional (Espi), \u00f3rg\u00e3o vinculado \u00e0 Secretaria Municipal de Administra\u00e7\u00e3o e Gest\u00e3o (Semad), iniciou nesta segunda-feira, 9\/3, o curso de Cuidador Comunit\u00e1rio no bairro Bet\u00e2nia.","og_url":"https:\/\/www.manaus.am.gov.br\/semcom\/capcaitacao-cuidadores-idosos\/","og_site_name":"SEMCOM","article_published_time":"2026-03-09T20:41:32+00:00","article_modified_time":"2026-03-10T16:41:25+00:00","og_image":[{"width":1280,"height":960,"url":"https:\/\/www.manaus.am.gov.br\/semcom\/wp-content\/uploads\/sites\/5\/2026\/03\/FDT-Espi-Cuidador-de-Idosos-3.jpeg","type":"image\/jpeg"}],"author":"smonteiro","twitter_card":"summary_large_image","twitter_misc":{"Written by":"smonteiro","Est. reading time":"3 minutos"},"schema":{"@context":"https:\/\/schema.org","@graph":[{"@type":"WebPage","@id":"https:\/\/www.manaus.am.gov.br\/semcom\/capcaitacao-cuidadores-idosos\/","url":"https:\/\/www.manaus.am.gov.br\/semcom\/capcaitacao-cuidadores-idosos\/","name":"Prefeitura de Manaus leva capacita\u00e7\u00e3o para cuidadores de idosos ao bairro Bet\u00e2nia","isPartOf":{"@id":"https:\/\/www.manaus.am.gov.br\/semcom\/#website"},"primaryImageOfPage":{"@id":"https:\/\/www.manaus.am.gov.br\/semcom\/capcaitacao-cuidadores-idosos\/#primaryimage"},"image":{"@id":"https:\/\/www.manaus.am.gov.br\/semcom\/capcaitacao-cuidadores-idosos\/#primaryimage"},"thumbnailUrl":"https:\/\/www.manaus.am.gov.br\/semcom\/wp-content\/uploads\/sites\/5\/2026\/03\/FDT-Espi-Cuidador-de-Idosos-3.jpeg","datePublished":"2026-03-09T20:41:32+00:00","dateModified":"2026-03-10T16:41:25+00:00","author":{"@id":"https:\/\/www.manaus.am.gov.br\/semcom\/#\/schema\/person\/ab4dcf766a54dff74e8d267f5c591961"},"description":"A Prefeitura de Manaus, por meio da Funda\u00e7\u00e3o de Apoio ao Idoso Dr. Thomas (FDT) e da Escola de Servi\u00e7o P\u00fablico Municipal e Inclus\u00e3o Socioeducacional (Espi), \u00f3rg\u00e3o vinculado \u00e0 Secretaria Municipal de Administra\u00e7\u00e3o e Gest\u00e3o (Semad), iniciou nesta segunda-feira, 9\/3, o curso de Cuidador Comunit\u00e1rio no bairro Bet\u00e2nia.","inLanguage":"pt-BR","potentialAction":[{"@type":"ReadAction","target":["https:\/\/www.manaus.am.gov.br\/semcom\/capcaitacao-cuidadores-idosos\/"]}]},{"@type":"ImageObject","inLanguage":"pt-BR","@id":"https:\/\/www.manaus.am.gov.br\/semcom\/capcaitacao-cuidadores-idosos\/#primaryimage","url":"https:\/\/www.manaus.am.gov.br\/semcom\/wp-content\/uploads\/sites\/5\/2026\/03\/FDT-Espi-Cuidador-de-Idosos-3.jpeg","contentUrl":"https:\/\/www.manaus.am.gov.br\/semcom\/wp-content\/uploads\/sites\/5\/2026\/03\/FDT-Espi-Cuidador-de-Idosos-3.jpeg","width":1280,"height":960,"caption":"#paratodosverem - a Prefeitura de Manaus iniciou mais um curso gratuito de forma\u00e7\u00e3o de cuiddores informais de idosos"},{"@type":"WebSite","@id":"https:\/\/www.manaus.am.gov.br\/semcom\/#website","url":"https:\/\/www.manaus.am.gov.br\/semcom\/","name":"SEMCOM","description":"Secretaria Municipal de Comunica\u00e7\u00e3o","potentialAction":[{"@type":"SearchAction","target":{"@type":"EntryPoint","urlTemplate":"https:\/\/www.manaus.am.gov.br\/semcom\/?s={search_term_string}"},"query-input":"required name=search_term_string"}],"inLanguage":"pt-BR"},{"@type":"Person","@id":"https:\/\/www.manaus.am.gov.br\/semcom\/#\/schema\/person\/ab4dcf766a54dff74e8d267f5c591961","name":"smonteiro","image":{"@type":"ImageObject","inLanguage":"pt-BR","@id":"https:\/\/www.manaus.am.gov.br\/semcom\/#\/schema\/person\/image\/","url":"https:\/\/secure.gravatar.com\/avatar\/21c8776ef61d9272c73322052e042d77?s=96&d=mm&r=g","contentUrl":"https:\/\/secure.gravatar.com\/avatar\/21c8776ef61d9272c73322052e042d77?s=96&d=mm&r=g","caption":"smonteiro"}}]}},"_links":{"self":[{"href":"https:\/\/www.manaus.am.gov.br\/semcom\/wp-json\/wp\/v2\/posts\/254194"}],"collection":[{"href":"https:\/\/www.manaus.am.gov.br\/semcom\/wp-json\/wp\/v2\/posts"}],"about":[{"href":"https:\/\/www.manaus.am.gov.br\/semcom\/wp-json\/wp\/v2\/types\/post"}],"author":[{"embeddable":true,"href":"https:\/\/www.manaus.am.gov.br\/semcom\/wp-json\/wp\/v2\/users\/61"}],"replies":[{"embeddable":true,"href":"https:\/\/www.manaus.am.gov.br\/semcom\/wp-json\/wp\/v2\/comments?post=254194"}],"version-history":[{"count":3,"href":"https:\/\/www.manaus.am.gov.br\/semcom\/wp-json\/wp\/v2\/posts\/254194\/revisions"}],"predecessor-version":[{"id":254264,"href":"https:\/\/www.manaus.am.gov.br\/semcom\/wp-json\/wp\/v2\/posts\/254194\/revisions\/254264"}],"wp:featuredmedia":[{"embeddable":true,"href":"https:\/\/www.manaus.am.gov.br\/semcom\/wp-json\/wp\/v2\/media\/254197"}],"wp:attachment":[{"href":"https:\/\/www.manaus.am.gov.br\/semcom\/wp-json\/wp\/v2\/media?parent=254194"}],"wp:term":[{"taxonomy":"category","embeddable":true,"href":"https:\/\/www.manaus.am.gov.br\/semcom\/wp-json\/wp\/v2\/categories?post=254194"},{"taxonomy":"post_tag","embeddable":true,"href":"https:\/\/www.manaus.am.gov.br\/semcom\/wp-json\/wp\/v2\/tags?post=254194"}],"curies":[{"name":"wp","href":"https:\/\/api.w.org\/{rel}","templated":true}]}}