{"id":254186,"date":"2026-03-09T16:38:51","date_gmt":"2026-03-09T20:38:51","guid":{"rendered":"https:\/\/www.manaus.am.gov.br\/semcom\/prefeito-david-almeida-reabre-inscricoes-para-moradia-em-manaus-e-amplia-acesso-ao-minha-casa-minha-vida\/"},"modified":"2026-03-10T11:56:01","modified_gmt":"2026-03-10T14:56:01","slug":"reabertura-inscricoes-moradia-minha-casa-minha-vida","status":"publish","type":"post","link":"https:\/\/www.manaus.am.gov.br\/semcom\/reabertura-inscricoes-moradia-minha-casa-minha-vida\/","title":{"rendered":"Prefeito David Almeida reabre inscri\u00e7\u00f5es para moradia em Manaus e amplia acesso ao \u2018Minha Casa, Minha Vida\u2019"},"content":{"rendered":"\n<p>O prefeito de <a href=\"https:\/\/www.manaus.am.gov.br\/\">Manaus<\/a>, David Almeida, anunciou, na manh\u00e3 desta segunda-feira, 9\/3, a reabertura das inscri\u00e7\u00f5es no Sistema Municipal de Habita\u00e7\u00e3o (Simhab), permitindo que novas fam\u00edlias se cadastrem para participar do programa \u201cMinha Casa, Minha Vida\u201d na capital amazonense. O an\u00fancio foi feito na sede da Secretaria Municipal de Habita\u00e7\u00e3o e Assuntos Fundi\u00e1rios (Semhaf).<\/p>\n\n\n\n<p>Com a medida, a <a href=\"https:\/\/www.instagram.com\/prefeiturademanaus\/\">Prefeitura de Manaus<\/a> abre uma nova etapa de cadastro para ampliar o acesso da popula\u00e7\u00e3o \u00e0s pol\u00edticas habitacionais do munic\u00edpio, integradas ao programa federal executado em parceria com a Caixa Econ\u00f4mica Federal.<\/p>\n\n\n\n<p>As inscri\u00e7\u00f5es estar\u00e3o dispon\u00edveis entre os dias 11 de mar\u00e7o e 29 de maio, per\u00edodo em que fam\u00edlias que ainda n\u00e3o conseguiram se cadastrar poder\u00e3o entrar no banco de dados habitacional da prefeitura e concorrer \u00e0s pr\u00f3ximas unidades que ser\u00e3o destinadas ao munic\u00edpio. Os interessados podem se cadastrar atrav\u00e9s do site do Simhab, no endere\u00e7o <a href=\"https:\/\/simhab.manaus.am.gov.br\/\">https:\/\/simhab.manaus.am.gov.br\/<\/a>, acessando a aba \u201cMinha Casa, Minha Vida\u201d; ou presencial, na sede da Semhaf, localizada na travessa Arthur Bernardes, n\u00ba 228, bairro S\u00e3o Geraldo, zona Centro-Sul da cidade.<\/p>\n\n\n\n<p>Segundo o prefeito David Almeida, a reabertura do sistema atende a uma demanda apresentada por moradores que procuraram a prefeitura relatando dificuldades para realizar o cadastro nas etapas anteriores.<\/p>\n\n\n\n<p>\u201cA partir de quarta-feira, dia 11 de mar\u00e7o, o nosso sistema vai abrir para novas inscri\u00e7\u00f5es. Quem ainda n\u00e3o conseguiu se inscrever no programa \u2018Minha Casa, Minha Vida\u2019, em parceria da prefeitura com o governo federal, ter\u00e1 uma nova oportunidade. O sistema ficar\u00e1 aberto at\u00e9 o dia 29 de maio. Basta fazer seu cadastro no Sistema Municipal de Habita\u00e7\u00e3o e concorrer a uma moradia digna\u201d, afirmou o prefeito.<\/p>\n\n\n\n<p>As fam\u00edlias que j\u00e1 est\u00e3o cadastradas no sistema municipal passam atualmente pelo processo de sele\u00e7\u00e3o e an\u00e1lise documental para envio \u00e0 Caixa Econ\u00f4mica Federal. A primeira etapa de entregas est\u00e1 prevista para 24 de mar\u00e7o, com 576 moradias distribu\u00eddas em tr\u00eas empreendimentos habitacionais. J\u00e1 as fam\u00edlias que realizarem inscri\u00e7\u00e3o nesta nova fase passar\u00e3o a concorrer \u00e0s unidades previstas no cronograma da prefeitura a partir do m\u00eas de maio.<\/p>\n\n\n\n<p>O secret\u00e1rio municipal de Habita\u00e7\u00e3o e Assuntos Fundi\u00e1rios, Jesus Alves, explicou que a sele\u00e7\u00e3o das fam\u00edlias seguir\u00e1 crit\u00e9rios estabelecidos por regulamenta\u00e7\u00f5es federais e municipais, garantindo prioridade para quem vive em situa\u00e7\u00e3o de maior vulnerabilidade social.<\/p>\n\n\n\n<p>De acordo com o secret\u00e1rio, as regras est\u00e3o previstas em duas normativas que orientam o processo de sele\u00e7\u00e3o: a Portaria n\u00ba 738, do governo federal; e a regulamenta\u00e7\u00e3o pr\u00f3pria da Secretaria Municipal de Habita\u00e7\u00e3o.<\/p>\n\n\n\n<p>Entre os crit\u00e9rios est\u00e3o renda familiar de at\u00e9 R$ 2.850, aus\u00eancia de pend\u00eancias no Cadastro Informativo de Cr\u00e9ditos n\u00e3o Quitados do Setor P\u00fablico Federal (Cadin) e prioridade para fam\u00edlias que vivem em \u00e1reas de risco, m\u00e3es solo, fam\u00edlias que tenham pessoas com defici\u00eancia ou idosos na composi\u00e7\u00e3o familiar, al\u00e9m de pessoas atingidas por situa\u00e7\u00f5es de calamidade.<\/p>\n\n\n\n<p>\u201cEsses crit\u00e9rios j\u00e1 est\u00e3o definidos e ser\u00e3o apresentados de forma transparente para garantir que as unidades habitacionais sejam destinadas a quem realmente mais precisa\u201d, explicou Jesus Alves.<\/p>\n\n\n\n<p>A pol\u00edtica habitacional conduzida pela Prefeitura de Manaus inclui a articula\u00e7\u00e3o com o programa \u201cMinha Casa, Minha Vida\u201d, aquisi\u00e7\u00e3o de \u00e1reas para novos empreendimentos e a\u00e7\u00f5es de regulariza\u00e7\u00e3o fundi\u00e1ria. A estrat\u00e9gia busca ampliar o acesso \u00e0 moradia digna e reduzir o d\u00e9ficit habitacional hist\u00f3rico da capital amazonense.<\/p>\n\n\n\n<figure class=\"wp-block-image size-large\"><img loading=\"lazy\" decoding=\"async\" width=\"1024\" height=\"768\" src=\"https:\/\/www.manaus.am.gov.br\/semcom\/wp-content\/uploads\/sites\/5\/2026\/03\/55114587370_147b16467c_k-1024x768.jpg\" alt=\"\" class=\"wp-image-254188\" srcset=\"https:\/\/www.manaus.am.gov.br\/semcom\/wp-content\/uploads\/sites\/5\/2026\/03\/55114587370_147b16467c_k-1024x768.jpg 1024w, https:\/\/www.manaus.am.gov.br\/semcom\/wp-content\/uploads\/sites\/5\/2026\/03\/55114587370_147b16467c_k-300x225.jpg 300w, https:\/\/www.manaus.am.gov.br\/semcom\/wp-content\/uploads\/sites\/5\/2026\/03\/55114587370_147b16467c_k-768x576.jpg 768w, https:\/\/www.manaus.am.gov.br\/semcom\/wp-content\/uploads\/sites\/5\/2026\/03\/55114587370_147b16467c_k-1536x1152.jpg 1536w, https:\/\/www.manaus.am.gov.br\/semcom\/wp-content\/uploads\/sites\/5\/2026\/03\/55114587370_147b16467c_k.jpg 2048w\" sizes=\"(max-width: 1024px) 100vw, 1024px\" \/><figcaption class=\"wp-element-caption\">#paratodosverem &#8211; Habitacional<\/figcaption><\/figure>\n\n\n\n<p>&#8212; &#8212; &#8212;<\/p>\n\n\n\n<p><strong>Texto&nbsp;<\/strong>&#8211; Emanuelle Baires\/Semcom-Prefeito<\/p>\n\n\n\n<p><strong>Fotos &#8211;<\/strong>&nbsp;Dhyeizo Lemos\/Semcom-Prefeito<\/p>\n\n\n\n<p><strong>Dispon\u00edveis em &#8211; <\/strong><a href=\"https:\/\/flic.kr\/s\/aHBqjCMxix\">https:\/\/flic.kr\/s\/aHBqjCMxix<\/a><\/p>\n","protected":false},"excerpt":{"rendered":"","protected":false},"author":39,"featured_media":254187,"comment_status":"closed","ping_status":"closed","sticky":false,"template":"","format":"standard","meta":{"footnotes":""},"categories":[400],"tags":[35,19682,2128,77,5352],"acf":[],"yoast_head":"<!-- This site is optimized with the Yoast SEO plugin v23.0 - https:\/\/yoast.com\/wordpress\/plugins\/seo\/ -->\n<title>Prefeito David Almeida reabre inscri\u00e7\u00f5es para moradia em Manaus<\/title>\n<meta name=\"description\" content=\"Prefeito David Almeida reabre inscri\u00e7\u00f5es para moradia em Manaus e amplia acesso ao \u2018Minha Casa, Minha Vida\u2019.\" \/>\n<meta name=\"robots\" content=\"index, follow, max-snippet:-1, max-image-preview:large, max-video-preview:-1\" \/>\n<link rel=\"canonical\" href=\"https:\/\/www.manaus.am.gov.br\/semcom\/reabertura-inscricoes-moradia-minha-casa-minha-vida\/\" \/>\n<meta property=\"og:locale\" content=\"pt_BR\" \/>\n<meta property=\"og:type\" content=\"article\" \/>\n<meta property=\"og:title\" content=\"Prefeito David Almeida reabre inscri\u00e7\u00f5es para moradia em Manaus\" \/>\n<meta property=\"og:description\" content=\"Prefeito David Almeida reabre inscri\u00e7\u00f5es para moradia em Manaus e amplia acesso ao \u2018Minha Casa, Minha Vida\u2019.\" \/>\n<meta property=\"og:url\" content=\"https:\/\/www.manaus.am.gov.br\/semcom\/reabertura-inscricoes-moradia-minha-casa-minha-vida\/\" \/>\n<meta property=\"og:site_name\" content=\"SEMCOM\" \/>\n<meta property=\"article:published_time\" content=\"2026-03-09T20:38:51+00:00\" \/>\n<meta property=\"article:modified_time\" content=\"2026-03-10T14:56:01+00:00\" \/>\n<meta property=\"og:image\" content=\"https:\/\/www.manaus.am.gov.br\/semcom\/wp-content\/uploads\/sites\/5\/2026\/03\/WhatsApp-Image-2026-03-09-at-14.26.31.jpeg\" \/>\n\t<meta property=\"og:image:width\" content=\"4160\" \/>\n\t<meta property=\"og:image:height\" content=\"2773\" \/>\n\t<meta property=\"og:image:type\" content=\"image\/jpeg\" \/>\n<meta name=\"author\" content=\"Bruna Greco\" \/>\n<meta name=\"twitter:card\" content=\"summary_large_image\" \/>\n<meta name=\"twitter:label1\" content=\"Written by\" \/>\n\t<meta name=\"twitter:data1\" content=\"Bruna Greco\" \/>\n\t<meta name=\"twitter:label2\" content=\"Est. reading time\" \/>\n\t<meta name=\"twitter:data2\" content=\"4 minutos\" \/>\n<script type=\"application\/ld+json\" class=\"yoast-schema-graph\">{\"@context\":\"https:\/\/schema.org\",\"@graph\":[{\"@type\":\"WebPage\",\"@id\":\"https:\/\/www.manaus.am.gov.br\/semcom\/reabertura-inscricoes-moradia-minha-casa-minha-vida\/\",\"url\":\"https:\/\/www.manaus.am.gov.br\/semcom\/reabertura-inscricoes-moradia-minha-casa-minha-vida\/\",\"name\":\"Prefeito David Almeida reabre inscri\u00e7\u00f5es para moradia em Manaus\",\"isPartOf\":{\"@id\":\"https:\/\/www.manaus.am.gov.br\/semcom\/#website\"},\"primaryImageOfPage\":{\"@id\":\"https:\/\/www.manaus.am.gov.br\/semcom\/reabertura-inscricoes-moradia-minha-casa-minha-vida\/#primaryimage\"},\"image\":{\"@id\":\"https:\/\/www.manaus.am.gov.br\/semcom\/reabertura-inscricoes-moradia-minha-casa-minha-vida\/#primaryimage\"},\"thumbnailUrl\":\"https:\/\/www.manaus.am.gov.br\/semcom\/wp-content\/uploads\/sites\/5\/2026\/03\/WhatsApp-Image-2026-03-09-at-14.26.31.jpeg\",\"datePublished\":\"2026-03-09T20:38:51+00:00\",\"dateModified\":\"2026-03-10T14:56:01+00:00\",\"author\":{\"@id\":\"https:\/\/www.manaus.am.gov.br\/semcom\/#\/schema\/person\/05d223aea2bf115f9883a6ff3683d81b\"},\"description\":\"Prefeito David Almeida reabre inscri\u00e7\u00f5es para moradia em Manaus e amplia acesso ao \u2018Minha Casa, Minha Vida\u2019.\",\"inLanguage\":\"pt-BR\",\"potentialAction\":[{\"@type\":\"ReadAction\",\"target\":[\"https:\/\/www.manaus.am.gov.br\/semcom\/reabertura-inscricoes-moradia-minha-casa-minha-vida\/\"]}]},{\"@type\":\"ImageObject\",\"inLanguage\":\"pt-BR\",\"@id\":\"https:\/\/www.manaus.am.gov.br\/semcom\/reabertura-inscricoes-moradia-minha-casa-minha-vida\/#primaryimage\",\"url\":\"https:\/\/www.manaus.am.gov.br\/semcom\/wp-content\/uploads\/sites\/5\/2026\/03\/WhatsApp-Image-2026-03-09-at-14.26.31.jpeg\",\"contentUrl\":\"https:\/\/www.manaus.am.gov.br\/semcom\/wp-content\/uploads\/sites\/5\/2026\/03\/WhatsApp-Image-2026-03-09-at-14.26.31.jpeg\",\"width\":4160,\"height\":2773,\"caption\":\"#paratodosverem - Prefeito de Manaus, David Almeida, e o titular da Semhaf, Jesus Alves, durante reuni\u00e3o para a reabertura das inscri\u00e7\u00f5es no Simhab, para participar do programa \u201cMinha Casa, Minha Vida\u201d\"},{\"@type\":\"WebSite\",\"@id\":\"https:\/\/www.manaus.am.gov.br\/semcom\/#website\",\"url\":\"https:\/\/www.manaus.am.gov.br\/semcom\/\",\"name\":\"SEMCOM\",\"description\":\"Secretaria Municipal de Comunica\u00e7\u00e3o\",\"potentialAction\":[{\"@type\":\"SearchAction\",\"target\":{\"@type\":\"EntryPoint\",\"urlTemplate\":\"https:\/\/www.manaus.am.gov.br\/semcom\/?s={search_term_string}\"},\"query-input\":\"required name=search_term_string\"}],\"inLanguage\":\"pt-BR\"},{\"@type\":\"Person\",\"@id\":\"https:\/\/www.manaus.am.gov.br\/semcom\/#\/schema\/person\/05d223aea2bf115f9883a6ff3683d81b\",\"name\":\"Bruna Greco\",\"image\":{\"@type\":\"ImageObject\",\"inLanguage\":\"pt-BR\",\"@id\":\"https:\/\/www.manaus.am.gov.br\/semcom\/#\/schema\/person\/image\/\",\"url\":\"https:\/\/secure.gravatar.com\/avatar\/9c877d1a6adc2a055330e5c09a8653ce?s=96&d=mm&r=g\",\"contentUrl\":\"https:\/\/secure.gravatar.com\/avatar\/9c877d1a6adc2a055330e5c09a8653ce?s=96&d=mm&r=g\",\"caption\":\"Bruna Greco\"}}]}<\/script>\n<!-- \/ Yoast SEO plugin. -->","yoast_head_json":{"title":"Prefeito David Almeida reabre inscri\u00e7\u00f5es para moradia em Manaus","description":"Prefeito David Almeida reabre inscri\u00e7\u00f5es para moradia em Manaus e amplia acesso ao \u2018Minha Casa, Minha Vida\u2019.","robots":{"index":"index","follow":"follow","max-snippet":"max-snippet:-1","max-image-preview":"max-image-preview:large","max-video-preview":"max-video-preview:-1"},"canonical":"https:\/\/www.manaus.am.gov.br\/semcom\/reabertura-inscricoes-moradia-minha-casa-minha-vida\/","og_locale":"pt_BR","og_type":"article","og_title":"Prefeito David Almeida reabre inscri\u00e7\u00f5es para moradia em Manaus","og_description":"Prefeito David Almeida reabre inscri\u00e7\u00f5es para moradia em Manaus e amplia acesso ao \u2018Minha Casa, Minha Vida\u2019.","og_url":"https:\/\/www.manaus.am.gov.br\/semcom\/reabertura-inscricoes-moradia-minha-casa-minha-vida\/","og_site_name":"SEMCOM","article_published_time":"2026-03-09T20:38:51+00:00","article_modified_time":"2026-03-10T14:56:01+00:00","og_image":[{"width":4160,"height":2773,"url":"https:\/\/www.manaus.am.gov.br\/semcom\/wp-content\/uploads\/sites\/5\/2026\/03\/WhatsApp-Image-2026-03-09-at-14.26.31.jpeg","type":"image\/jpeg"}],"author":"Bruna Greco","twitter_card":"summary_large_image","twitter_misc":{"Written by":"Bruna Greco","Est. reading time":"4 minutos"},"schema":{"@context":"https:\/\/schema.org","@graph":[{"@type":"WebPage","@id":"https:\/\/www.manaus.am.gov.br\/semcom\/reabertura-inscricoes-moradia-minha-casa-minha-vida\/","url":"https:\/\/www.manaus.am.gov.br\/semcom\/reabertura-inscricoes-moradia-minha-casa-minha-vida\/","name":"Prefeito David Almeida reabre inscri\u00e7\u00f5es para moradia em Manaus","isPartOf":{"@id":"https:\/\/www.manaus.am.gov.br\/semcom\/#website"},"primaryImageOfPage":{"@id":"https:\/\/www.manaus.am.gov.br\/semcom\/reabertura-inscricoes-moradia-minha-casa-minha-vida\/#primaryimage"},"image":{"@id":"https:\/\/www.manaus.am.gov.br\/semcom\/reabertura-inscricoes-moradia-minha-casa-minha-vida\/#primaryimage"},"thumbnailUrl":"https:\/\/www.manaus.am.gov.br\/semcom\/wp-content\/uploads\/sites\/5\/2026\/03\/WhatsApp-Image-2026-03-09-at-14.26.31.jpeg","datePublished":"2026-03-09T20:38:51+00:00","dateModified":"2026-03-10T14:56:01+00:00","author":{"@id":"https:\/\/www.manaus.am.gov.br\/semcom\/#\/schema\/person\/05d223aea2bf115f9883a6ff3683d81b"},"description":"Prefeito David Almeida reabre inscri\u00e7\u00f5es para moradia em Manaus e amplia acesso ao \u2018Minha Casa, Minha Vida\u2019.","inLanguage":"pt-BR","potentialAction":[{"@type":"ReadAction","target":["https:\/\/www.manaus.am.gov.br\/semcom\/reabertura-inscricoes-moradia-minha-casa-minha-vida\/"]}]},{"@type":"ImageObject","inLanguage":"pt-BR","@id":"https:\/\/www.manaus.am.gov.br\/semcom\/reabertura-inscricoes-moradia-minha-casa-minha-vida\/#primaryimage","url":"https:\/\/www.manaus.am.gov.br\/semcom\/wp-content\/uploads\/sites\/5\/2026\/03\/WhatsApp-Image-2026-03-09-at-14.26.31.jpeg","contentUrl":"https:\/\/www.manaus.am.gov.br\/semcom\/wp-content\/uploads\/sites\/5\/2026\/03\/WhatsApp-Image-2026-03-09-at-14.26.31.jpeg","width":4160,"height":2773,"caption":"#paratodosverem - Prefeito de Manaus, David Almeida, e o titular da Semhaf, Jesus Alves, durante reuni\u00e3o para a reabertura das inscri\u00e7\u00f5es no Simhab, para participar do programa \u201cMinha Casa, Minha Vida\u201d"},{"@type":"WebSite","@id":"https:\/\/www.manaus.am.gov.br\/semcom\/#website","url":"https:\/\/www.manaus.am.gov.br\/semcom\/","name":"SEMCOM","description":"Secretaria Municipal de Comunica\u00e7\u00e3o","potentialAction":[{"@type":"SearchAction","target":{"@type":"EntryPoint","urlTemplate":"https:\/\/www.manaus.am.gov.br\/semcom\/?s={search_term_string}"},"query-input":"required name=search_term_string"}],"inLanguage":"pt-BR"},{"@type":"Person","@id":"https:\/\/www.manaus.am.gov.br\/semcom\/#\/schema\/person\/05d223aea2bf115f9883a6ff3683d81b","name":"Bruna Greco","image":{"@type":"ImageObject","inLanguage":"pt-BR","@id":"https:\/\/www.manaus.am.gov.br\/semcom\/#\/schema\/person\/image\/","url":"https:\/\/secure.gravatar.com\/avatar\/9c877d1a6adc2a055330e5c09a8653ce?s=96&d=mm&r=g","contentUrl":"https:\/\/secure.gravatar.com\/avatar\/9c877d1a6adc2a055330e5c09a8653ce?s=96&d=mm&r=g","caption":"Bruna Greco"}}]}},"_links":{"self":[{"href":"https:\/\/www.manaus.am.gov.br\/semcom\/wp-json\/wp\/v2\/posts\/254186"}],"collection":[{"href":"https:\/\/www.manaus.am.gov.br\/semcom\/wp-json\/wp\/v2\/posts"}],"about":[{"href":"https:\/\/www.manaus.am.gov.br\/semcom\/wp-json\/wp\/v2\/types\/post"}],"author":[{"embeddable":true,"href":"https:\/\/www.manaus.am.gov.br\/semcom\/wp-json\/wp\/v2\/users\/39"}],"replies":[{"embeddable":true,"href":"https:\/\/www.manaus.am.gov.br\/semcom\/wp-json\/wp\/v2\/comments?post=254186"}],"version-history":[{"count":7,"href":"https:\/\/www.manaus.am.gov.br\/semcom\/wp-json\/wp\/v2\/posts\/254186\/revisions"}],"predecessor-version":[{"id":254257,"href":"https:\/\/www.manaus.am.gov.br\/semcom\/wp-json\/wp\/v2\/posts\/254186\/revisions\/254257"}],"wp:featuredmedia":[{"embeddable":true,"href":"https:\/\/www.manaus.am.gov.br\/semcom\/wp-json\/wp\/v2\/media\/254187"}],"wp:attachment":[{"href":"https:\/\/www.manaus.am.gov.br\/semcom\/wp-json\/wp\/v2\/media?parent=254186"}],"wp:term":[{"taxonomy":"category","embeddable":true,"href":"https:\/\/www.manaus.am.gov.br\/semcom\/wp-json\/wp\/v2\/categories?post=254186"},{"taxonomy":"post_tag","embeddable":true,"href":"https:\/\/www.manaus.am.gov.br\/semcom\/wp-json\/wp\/v2\/tags?post=254186"}],"curies":[{"name":"wp","href":"https:\/\/api.w.org\/{rel}","templated":true}]}}