{"id":254172,"date":"2026-03-09T15:38:04","date_gmt":"2026-03-09T19:38:04","guid":{"rendered":"https:\/\/www.manaus.am.gov.br\/semcom\/acoes-seguranca-viaria-noel-nutels\/"},"modified":"2026-03-09T16:46:34","modified_gmt":"2026-03-09T19:46:34","slug":"acoes-seguranca-viaria-noel-nutels","status":"publish","type":"post","link":"https:\/\/www.manaus.am.gov.br\/semcom\/acoes-seguranca-viaria-noel-nutels\/","title":{"rendered":"Prefeitura de Manaus intensifica a\u00e7\u00f5es de seguran\u00e7a vi\u00e1ria em ponto cr\u00edtico da avenida Noel Nutels"},"content":{"rendered":"\n<p>A <a href=\"https:\/\/www.manaus.am.gov.br\/\">Prefeitura de Manaus<\/a>, por meio do <a href=\"https:\/\/www.instagram.com\/immu_manaus\/\">Instituto Municipal de Mobilidade Urbana<\/a> (IMMU), tem intensificado as iniciativas destinadas a melhorar a seguran\u00e7a vi\u00e1ria, visando diminuir os\u00a0sinistros\u00a0de tr\u00e2nsito. Nesse cen\u00e1rio, uma s\u00e9rie de interven\u00e7\u00f5es foram realizadas em um trecho da avenida Noel Nutels, sentido norte, lado oposto ao Instituto M\u00e9dico Legal (IML), no bairro Cidade Nova, zona norte da capital. Devido ao alto volume de ve\u00edculos e ao declive acentuado na regi\u00e3o, a \u00e1rea \u00e9 considerada sens\u00edvel, o que exige a implementa\u00e7\u00e3o de medidas espec\u00edficas para aumentar a seguran\u00e7a de motoristas e pedestres.<\/p>\n\n\n\n<p>Nesta fase da interven\u00e7\u00e3o, est\u00e3o sendo implementados v\u00e1rios dispositivos de seguran\u00e7a vi\u00e1ria com o objetivo de diminuir os riscos de sinistros. Uma das a\u00e7\u00f5es \u00e9 a instala\u00e7\u00e3o de placas indicativas de fiscaliza\u00e7\u00e3o eletr\u00f4nica e sinaliza\u00e7\u00e3o de limite de velocidade, que refor\u00e7am a futura implementa\u00e7\u00e3o do sistema de controle eletr\u00f4nico de velocidade na via. A a\u00e7\u00e3o visa instruir os motoristas e adequar a via para a opera\u00e7\u00e3o do equipamento, ajudando a diminuir a velocidade excessiva no local.<\/p>\n\n\n\n<p>A interven\u00e7\u00e3o tamb\u00e9m inclui a instala\u00e7\u00e3o de defensas met\u00e1licas ao longo da&nbsp;via, um dispositivo usado para proteger motoristas e prevenir sa\u00eddas de pista em regi\u00f5es de maior perigo. Novas sinaliza\u00e7\u00f5es horizontais tamb\u00e9m est\u00e3o sendo instaladas, com pintura no pavimento para direcionar o tr\u00e1fego e definir faixas de circula\u00e7\u00e3o.<\/p>\n\n\n\n<p>Outra s\u00e9rie de medidas abrange a implementa\u00e7\u00e3o de dispositivos delimitadores, que auxiliam na organiza\u00e7\u00e3o do tr\u00e1fego de ve\u00edculos e fortalecem a percep\u00e7\u00e3o visual da pista. Al\u00e9m disso, a \u00e1rea foi equipada com sinaliza\u00e7\u00f5es de alerta, advert\u00eancia e regulamenta\u00e7\u00e3o, incluindo placas que indicam o limite de velocidade permitido para a via.<\/p>\n\n\n\n<p>De acordo com o diretor de engenharia do IMMU, Uaroldi Guedes, tamb\u00e9m foi instalada uma sinaliza\u00e7\u00e3o espec\u00edfica para alertar os motoristas sobre o declive acentuado presente no local. \u201cO objetivo \u00e9 assegurar que os motoristas diminuam a velocidade e aumentem a aten\u00e7\u00e3o ao descer a ladeira\u201d, refor\u00e7ou.<\/p>\n\n\n\n<p>A a\u00e7\u00e3o visa aumentar a seguran\u00e7a do trecho, evitando sinistros de tr\u00e2nsito e melhorando as condi\u00e7\u00f5es de tr\u00e1fego na svenida Noel Nutels, uma das principais vias de liga\u00e7\u00e3o da zona Norte da cidade.<\/p>\n\n\n\n<figure class=\"wp-block-image size-large\"><img loading=\"lazy\" decoding=\"async\" width=\"1024\" height=\"768\" src=\"https:\/\/www.manaus.am.gov.br\/semcom\/wp-content\/uploads\/sites\/5\/2026\/03\/WhatsApp-Image-2026-03-09-at-13.30.42-1024x768.jpeg\" alt=\"\" class=\"wp-image-254174\" srcset=\"https:\/\/www.manaus.am.gov.br\/semcom\/wp-content\/uploads\/sites\/5\/2026\/03\/WhatsApp-Image-2026-03-09-at-13.30.42-1024x768.jpeg 1024w, https:\/\/www.manaus.am.gov.br\/semcom\/wp-content\/uploads\/sites\/5\/2026\/03\/WhatsApp-Image-2026-03-09-at-13.30.42-300x225.jpeg 300w, https:\/\/www.manaus.am.gov.br\/semcom\/wp-content\/uploads\/sites\/5\/2026\/03\/WhatsApp-Image-2026-03-09-at-13.30.42-768x576.jpeg 768w, https:\/\/www.manaus.am.gov.br\/semcom\/wp-content\/uploads\/sites\/5\/2026\/03\/WhatsApp-Image-2026-03-09-at-13.30.42.jpeg 1280w\" sizes=\"(max-width: 1024px) 100vw, 1024px\" \/><figcaption class=\"wp-element-caption\">#paratodosverem &#8211; Defensas met\u00e1licas<\/figcaption><\/figure>\n\n\n\n<p>&#8212; &#8212; &#8212;<\/p>\n\n\n\n<p><strong>Texto \u2013&nbsp;<\/strong>Naira Nascimento\/IMMU<\/p>\n\n\n\n<p><strong>Fotos \u2013 <\/strong>Karol Silva\/IMMU&nbsp;<\/p>\n","protected":false},"excerpt":{"rendered":"","protected":false},"author":39,"featured_media":254173,"comment_status":"closed","ping_status":"closed","sticky":false,"template":"","format":"standard","meta":{"footnotes":""},"categories":[2858],"tags":[19680,1448,12,19681,77],"acf":[],"yoast_head":"<!-- This site is optimized with the Yoast SEO plugin v23.0 - https:\/\/yoast.com\/wordpress\/plugins\/seo\/ -->\n<title>A\u00e7\u00f5es de seguran\u00e7a vi\u00e1ria em ponto cr\u00edtico da avenida Noel Nutels<\/title>\n<meta name=\"description\" content=\"Prefeitura de Manaus, por meio do IMMU, intensifica a\u00e7\u00f5es de seguran\u00e7a vi\u00e1ria em ponto cr\u00edtico da avenida Noel Nutels.\" \/>\n<meta name=\"robots\" content=\"index, follow, max-snippet:-1, max-image-preview:large, max-video-preview:-1\" \/>\n<link rel=\"canonical\" href=\"https:\/\/www.manaus.am.gov.br\/semcom\/acoes-seguranca-viaria-noel-nutels\/\" \/>\n<meta property=\"og:locale\" content=\"pt_BR\" \/>\n<meta property=\"og:type\" content=\"article\" \/>\n<meta property=\"og:title\" content=\"A\u00e7\u00f5es de seguran\u00e7a vi\u00e1ria em ponto cr\u00edtico da avenida Noel Nutels\" \/>\n<meta property=\"og:description\" content=\"Prefeitura de Manaus, por meio do IMMU, intensifica a\u00e7\u00f5es de seguran\u00e7a vi\u00e1ria em ponto cr\u00edtico da avenida Noel Nutels.\" \/>\n<meta property=\"og:url\" content=\"https:\/\/www.manaus.am.gov.br\/semcom\/acoes-seguranca-viaria-noel-nutels\/\" \/>\n<meta property=\"og:site_name\" content=\"SEMCOM\" \/>\n<meta property=\"article:published_time\" content=\"2026-03-09T19:38:04+00:00\" \/>\n<meta property=\"article:modified_time\" content=\"2026-03-09T19:46:34+00:00\" \/>\n<meta property=\"og:image\" content=\"https:\/\/www.manaus.am.gov.br\/semcom\/wp-content\/uploads\/sites\/5\/2026\/03\/WhatsApp-Image-2026-03-09-at-13.30.46.jpeg\" \/>\n\t<meta property=\"og:image:width\" content=\"1280\" \/>\n\t<meta property=\"og:image:height\" content=\"960\" \/>\n\t<meta property=\"og:image:type\" content=\"image\/jpeg\" \/>\n<meta name=\"author\" content=\"Bruna Greco\" \/>\n<meta name=\"twitter:card\" content=\"summary_large_image\" \/>\n<meta name=\"twitter:label1\" content=\"Written by\" \/>\n\t<meta name=\"twitter:data1\" content=\"Bruna Greco\" \/>\n\t<meta name=\"twitter:label2\" content=\"Est. reading time\" \/>\n\t<meta name=\"twitter:data2\" content=\"3 minutos\" \/>\n<script type=\"application\/ld+json\" class=\"yoast-schema-graph\">{\"@context\":\"https:\/\/schema.org\",\"@graph\":[{\"@type\":\"WebPage\",\"@id\":\"https:\/\/www.manaus.am.gov.br\/semcom\/acoes-seguranca-viaria-noel-nutels\/\",\"url\":\"https:\/\/www.manaus.am.gov.br\/semcom\/acoes-seguranca-viaria-noel-nutels\/\",\"name\":\"A\u00e7\u00f5es de seguran\u00e7a vi\u00e1ria em ponto cr\u00edtico da avenida Noel Nutels\",\"isPartOf\":{\"@id\":\"https:\/\/www.manaus.am.gov.br\/semcom\/#website\"},\"primaryImageOfPage\":{\"@id\":\"https:\/\/www.manaus.am.gov.br\/semcom\/acoes-seguranca-viaria-noel-nutels\/#primaryimage\"},\"image\":{\"@id\":\"https:\/\/www.manaus.am.gov.br\/semcom\/acoes-seguranca-viaria-noel-nutels\/#primaryimage\"},\"thumbnailUrl\":\"https:\/\/www.manaus.am.gov.br\/semcom\/wp-content\/uploads\/sites\/5\/2026\/03\/WhatsApp-Image-2026-03-09-at-13.30.46.jpeg\",\"datePublished\":\"2026-03-09T19:38:04+00:00\",\"dateModified\":\"2026-03-09T19:46:34+00:00\",\"author\":{\"@id\":\"https:\/\/www.manaus.am.gov.br\/semcom\/#\/schema\/person\/05d223aea2bf115f9883a6ff3683d81b\"},\"description\":\"Prefeitura de Manaus, por meio do IMMU, intensifica a\u00e7\u00f5es de seguran\u00e7a vi\u00e1ria em ponto cr\u00edtico da avenida Noel Nutels.\",\"inLanguage\":\"pt-BR\",\"potentialAction\":[{\"@type\":\"ReadAction\",\"target\":[\"https:\/\/www.manaus.am.gov.br\/semcom\/acoes-seguranca-viaria-noel-nutels\/\"]}]},{\"@type\":\"ImageObject\",\"inLanguage\":\"pt-BR\",\"@id\":\"https:\/\/www.manaus.am.gov.br\/semcom\/acoes-seguranca-viaria-noel-nutels\/#primaryimage\",\"url\":\"https:\/\/www.manaus.am.gov.br\/semcom\/wp-content\/uploads\/sites\/5\/2026\/03\/WhatsApp-Image-2026-03-09-at-13.30.46.jpeg\",\"contentUrl\":\"https:\/\/www.manaus.am.gov.br\/semcom\/wp-content\/uploads\/sites\/5\/2026\/03\/WhatsApp-Image-2026-03-09-at-13.30.46.jpeg\",\"width\":1280,\"height\":960,\"caption\":\"#paratodosverem - Placa e sinaliza\u00e7\u00e3o instalada em trecho da avenida Noel Nutels\"},{\"@type\":\"WebSite\",\"@id\":\"https:\/\/www.manaus.am.gov.br\/semcom\/#website\",\"url\":\"https:\/\/www.manaus.am.gov.br\/semcom\/\",\"name\":\"SEMCOM\",\"description\":\"Secretaria Municipal de Comunica\u00e7\u00e3o\",\"potentialAction\":[{\"@type\":\"SearchAction\",\"target\":{\"@type\":\"EntryPoint\",\"urlTemplate\":\"https:\/\/www.manaus.am.gov.br\/semcom\/?s={search_term_string}\"},\"query-input\":\"required name=search_term_string\"}],\"inLanguage\":\"pt-BR\"},{\"@type\":\"Person\",\"@id\":\"https:\/\/www.manaus.am.gov.br\/semcom\/#\/schema\/person\/05d223aea2bf115f9883a6ff3683d81b\",\"name\":\"Bruna Greco\",\"image\":{\"@type\":\"ImageObject\",\"inLanguage\":\"pt-BR\",\"@id\":\"https:\/\/www.manaus.am.gov.br\/semcom\/#\/schema\/person\/image\/\",\"url\":\"https:\/\/secure.gravatar.com\/avatar\/9c877d1a6adc2a055330e5c09a8653ce?s=96&d=mm&r=g\",\"contentUrl\":\"https:\/\/secure.gravatar.com\/avatar\/9c877d1a6adc2a055330e5c09a8653ce?s=96&d=mm&r=g\",\"caption\":\"Bruna Greco\"}}]}<\/script>\n<!-- \/ Yoast SEO plugin. -->","yoast_head_json":{"title":"A\u00e7\u00f5es de seguran\u00e7a vi\u00e1ria em ponto cr\u00edtico da avenida Noel Nutels","description":"Prefeitura de Manaus, por meio do IMMU, intensifica a\u00e7\u00f5es de seguran\u00e7a vi\u00e1ria em ponto cr\u00edtico da avenida Noel Nutels.","robots":{"index":"index","follow":"follow","max-snippet":"max-snippet:-1","max-image-preview":"max-image-preview:large","max-video-preview":"max-video-preview:-1"},"canonical":"https:\/\/www.manaus.am.gov.br\/semcom\/acoes-seguranca-viaria-noel-nutels\/","og_locale":"pt_BR","og_type":"article","og_title":"A\u00e7\u00f5es de seguran\u00e7a vi\u00e1ria em ponto cr\u00edtico da avenida Noel Nutels","og_description":"Prefeitura de Manaus, por meio do IMMU, intensifica a\u00e7\u00f5es de seguran\u00e7a vi\u00e1ria em ponto cr\u00edtico da avenida Noel Nutels.","og_url":"https:\/\/www.manaus.am.gov.br\/semcom\/acoes-seguranca-viaria-noel-nutels\/","og_site_name":"SEMCOM","article_published_time":"2026-03-09T19:38:04+00:00","article_modified_time":"2026-03-09T19:46:34+00:00","og_image":[{"width":1280,"height":960,"url":"https:\/\/www.manaus.am.gov.br\/semcom\/wp-content\/uploads\/sites\/5\/2026\/03\/WhatsApp-Image-2026-03-09-at-13.30.46.jpeg","type":"image\/jpeg"}],"author":"Bruna Greco","twitter_card":"summary_large_image","twitter_misc":{"Written by":"Bruna Greco","Est. reading time":"3 minutos"},"schema":{"@context":"https:\/\/schema.org","@graph":[{"@type":"WebPage","@id":"https:\/\/www.manaus.am.gov.br\/semcom\/acoes-seguranca-viaria-noel-nutels\/","url":"https:\/\/www.manaus.am.gov.br\/semcom\/acoes-seguranca-viaria-noel-nutels\/","name":"A\u00e7\u00f5es de seguran\u00e7a vi\u00e1ria em ponto cr\u00edtico da avenida Noel Nutels","isPartOf":{"@id":"https:\/\/www.manaus.am.gov.br\/semcom\/#website"},"primaryImageOfPage":{"@id":"https:\/\/www.manaus.am.gov.br\/semcom\/acoes-seguranca-viaria-noel-nutels\/#primaryimage"},"image":{"@id":"https:\/\/www.manaus.am.gov.br\/semcom\/acoes-seguranca-viaria-noel-nutels\/#primaryimage"},"thumbnailUrl":"https:\/\/www.manaus.am.gov.br\/semcom\/wp-content\/uploads\/sites\/5\/2026\/03\/WhatsApp-Image-2026-03-09-at-13.30.46.jpeg","datePublished":"2026-03-09T19:38:04+00:00","dateModified":"2026-03-09T19:46:34+00:00","author":{"@id":"https:\/\/www.manaus.am.gov.br\/semcom\/#\/schema\/person\/05d223aea2bf115f9883a6ff3683d81b"},"description":"Prefeitura de Manaus, por meio do IMMU, intensifica a\u00e7\u00f5es de seguran\u00e7a vi\u00e1ria em ponto cr\u00edtico da avenida Noel Nutels.","inLanguage":"pt-BR","potentialAction":[{"@type":"ReadAction","target":["https:\/\/www.manaus.am.gov.br\/semcom\/acoes-seguranca-viaria-noel-nutels\/"]}]},{"@type":"ImageObject","inLanguage":"pt-BR","@id":"https:\/\/www.manaus.am.gov.br\/semcom\/acoes-seguranca-viaria-noel-nutels\/#primaryimage","url":"https:\/\/www.manaus.am.gov.br\/semcom\/wp-content\/uploads\/sites\/5\/2026\/03\/WhatsApp-Image-2026-03-09-at-13.30.46.jpeg","contentUrl":"https:\/\/www.manaus.am.gov.br\/semcom\/wp-content\/uploads\/sites\/5\/2026\/03\/WhatsApp-Image-2026-03-09-at-13.30.46.jpeg","width":1280,"height":960,"caption":"#paratodosverem - Placa e sinaliza\u00e7\u00e3o instalada em trecho da avenida Noel Nutels"},{"@type":"WebSite","@id":"https:\/\/www.manaus.am.gov.br\/semcom\/#website","url":"https:\/\/www.manaus.am.gov.br\/semcom\/","name":"SEMCOM","description":"Secretaria Municipal de Comunica\u00e7\u00e3o","potentialAction":[{"@type":"SearchAction","target":{"@type":"EntryPoint","urlTemplate":"https:\/\/www.manaus.am.gov.br\/semcom\/?s={search_term_string}"},"query-input":"required name=search_term_string"}],"inLanguage":"pt-BR"},{"@type":"Person","@id":"https:\/\/www.manaus.am.gov.br\/semcom\/#\/schema\/person\/05d223aea2bf115f9883a6ff3683d81b","name":"Bruna Greco","image":{"@type":"ImageObject","inLanguage":"pt-BR","@id":"https:\/\/www.manaus.am.gov.br\/semcom\/#\/schema\/person\/image\/","url":"https:\/\/secure.gravatar.com\/avatar\/9c877d1a6adc2a055330e5c09a8653ce?s=96&d=mm&r=g","contentUrl":"https:\/\/secure.gravatar.com\/avatar\/9c877d1a6adc2a055330e5c09a8653ce?s=96&d=mm&r=g","caption":"Bruna Greco"}}]}},"_links":{"self":[{"href":"https:\/\/www.manaus.am.gov.br\/semcom\/wp-json\/wp\/v2\/posts\/254172"}],"collection":[{"href":"https:\/\/www.manaus.am.gov.br\/semcom\/wp-json\/wp\/v2\/posts"}],"about":[{"href":"https:\/\/www.manaus.am.gov.br\/semcom\/wp-json\/wp\/v2\/types\/post"}],"author":[{"embeddable":true,"href":"https:\/\/www.manaus.am.gov.br\/semcom\/wp-json\/wp\/v2\/users\/39"}],"replies":[{"embeddable":true,"href":"https:\/\/www.manaus.am.gov.br\/semcom\/wp-json\/wp\/v2\/comments?post=254172"}],"version-history":[{"count":3,"href":"https:\/\/www.manaus.am.gov.br\/semcom\/wp-json\/wp\/v2\/posts\/254172\/revisions"}],"predecessor-version":[{"id":254178,"href":"https:\/\/www.manaus.am.gov.br\/semcom\/wp-json\/wp\/v2\/posts\/254172\/revisions\/254178"}],"wp:featuredmedia":[{"embeddable":true,"href":"https:\/\/www.manaus.am.gov.br\/semcom\/wp-json\/wp\/v2\/media\/254173"}],"wp:attachment":[{"href":"https:\/\/www.manaus.am.gov.br\/semcom\/wp-json\/wp\/v2\/media?parent=254172"}],"wp:term":[{"taxonomy":"category","embeddable":true,"href":"https:\/\/www.manaus.am.gov.br\/semcom\/wp-json\/wp\/v2\/categories?post=254172"},{"taxonomy":"post_tag","embeddable":true,"href":"https:\/\/www.manaus.am.gov.br\/semcom\/wp-json\/wp\/v2\/tags?post=254172"}],"curies":[{"name":"wp","href":"https:\/\/api.w.org\/{rel}","templated":true}]}}