{"id":254158,"date":"2026-03-09T15:38:34","date_gmt":"2026-03-09T18:38:34","guid":{"rendered":"https:\/\/www.manaus.am.gov.br\/semcom\/prefeitura-ageman-multa-aguasdemanaus\/"},"modified":"2026-03-09T15:43:14","modified_gmt":"2026-03-09T18:43:14","slug":"prefeitura-ageman-multa-aguasdemanaus","status":"publish","type":"post","link":"https:\/\/www.manaus.am.gov.br\/semcom\/prefeitura-ageman-multa-aguasdemanaus\/","title":{"rendered":"Ageman multa \u00c1guas de Manaus em R$ 500,9 mil por falhas na recomposi\u00e7\u00e3o asf\u00e1ltica no bairro Parque 10"},"content":{"rendered":"\n<p>A <a href=\"https:\/\/www.instagram.com\/ageman_manaus\/\">Ag\u00eancia Reguladora dos Servi\u00e7os P\u00fablicos Delegados do Munic\u00edpio de Manaus<\/a> (Ageman) aplicou duas multas \u00e0 concession\u00e1ria \u00c1guas de Manaus, ap\u00f3s constatar falhas na recomposi\u00e7\u00e3o asf\u00e1ltica em vias p\u00fablicas onde foram realizados servi\u00e7os de manuten\u00e7\u00e3o na rede de abastecimento de \u00e1gua. As duas penalidades somam R$ 500,9 mil.<\/p>\n\n\n\n<p>Um dos autos de infra\u00e7\u00e3o refere-se \u00e0 avenida Eldorado, no bairro Parque 10 de Novembro, onde a concession\u00e1ria executou reparo na rede, mas deixou a via sem a devida recomposi\u00e7\u00e3o do pavimento asf\u00e1ltico, permanecendo apenas com recomposi\u00e7\u00e3o provis\u00f3ria, em desacordo com as normas t\u00e9cnicas e com as obriga\u00e7\u00f5es contratuais da concession\u00e1ria. A irregularidade foi confirmada durante fiscaliza\u00e7\u00e3o realizada no dia 3 de mar\u00e7o de 2026.<\/p>\n\n\n\n<p>Pela infra\u00e7\u00e3o, a Ageman aplicou multa no valor de R$ 255.567,41, conforme previsto nas normas regulat\u00f3rias que disciplinam a presta\u00e7\u00e3o dos servi\u00e7os de abastecimento de \u00e1gua e esgotamento sanit\u00e1rio no munic\u00edpio.<\/p>\n\n\n\n<p>Outro auto de infra\u00e7\u00e3o foi aplicado ap\u00f3s fiscaliza\u00e7\u00e3o na rua Ivanete Machado, tamb\u00e9m no Parque 10, onde foi identificado vazamento de \u00e1gua e a posterior execu\u00e7\u00e3o do reparo pela concession\u00e1ria, sem que fosse realizada a recomposi\u00e7\u00e3o definitiva do pavimento da via, mesmo ap\u00f3s mais de 25 dias da interven\u00e7\u00e3o.<\/p>\n\n\n\n<p>Neste caso, a penalidade aplicada foi de R$ 245.344,71, em raz\u00e3o do descumprimento contratual e da aus\u00eancia de recomposi\u00e7\u00e3o adequada do pavimento.<\/p>\n\n\n\n<p>Segundo a Ageman, a recomposi\u00e7\u00e3o asf\u00e1ltica deve ser realizada de forma integral e dentro de prazo razo\u00e1vel, restabelecendo as condi\u00e7\u00f5es originais da via e garantindo a seguran\u00e7a de motoristas, pedestres e demais usu\u00e1rios do espa\u00e7o urbano.<\/p>\n\n\n\n<p>Al\u00e9m da aplica\u00e7\u00e3o das multas, a concession\u00e1ria foi notificada para realizar as corre\u00e7\u00f5es necess\u00e1rias nos trechos afetados em at\u00e9 cinco dias e comprovar \u00e0 ag\u00eancia reguladora a execu\u00e7\u00e3o adequada dos servi\u00e7os.<\/p>\n\n\n\n<p>O diretor-presidente da Ageman, Elson Andrade, destacou que a fiscaliza\u00e7\u00e3o do cumprimento das obriga\u00e7\u00f5es contratuais \u00e9 permanente.<\/p>\n\n\n\n<p>\u201cA recomposi\u00e7\u00e3o adequada do pavimento ap\u00f3s interven\u00e7\u00f5es na rede \u00e9 uma obriga\u00e7\u00e3o da concession\u00e1ria. Quando isso n\u00e3o ocorre, al\u00e9m de causar transtornos \u00e0 popula\u00e7\u00e3o, configura descumprimento contratual e sujeita a empresa \u00e0s penalidades previstas na regula\u00e7\u00e3o\u201d, afirmou.<\/p>\n\n\n\n<p>A Ageman refor\u00e7a que segue intensificando as a\u00e7\u00f5es de fiscaliza\u00e7\u00e3o nas obras e interven\u00e7\u00f5es realizadas pela concession\u00e1ria nas vias da cidade, com o objetivo de assegurar a qualidade dos servi\u00e7os prestados \u00e0 popula\u00e7\u00e3o.<\/p>\n\n\n\n<p>A ag\u00eancia destaca ainda que a Ouvidoria do \u00f3rg\u00e3o tamb\u00e9m recebe e acompanha demandas relacionadas \u00e0 m\u00e1 execu\u00e7\u00e3o dos servi\u00e7os de recomposi\u00e7\u00e3o asf\u00e1ltica realizados pela \u00c1guas de Manaus ap\u00f3s interven\u00e7\u00f5es de saneamento b\u00e1sico.<\/p>\n\n\n\n<p>Os usu\u00e1rios que identificarem esse tipo de problema podem registrar suas manifesta\u00e7\u00f5es pelos canais de atendimento da Ouvidoria da Ageman, por meio dos n\u00fameros (92) 98842-2919 e (92) 98410-3247, al\u00e9m do site&nbsp;<a href=\"http:\/\/www.ageman.manaus.am.gov.br\/ouvidoria\" target=\"_blank\" rel=\"noreferrer noopener\">www.ageman.manaus.am.gov.br\/ouvidoria<\/a>&nbsp;e tamb\u00e9m por meio das redes sociais da ag\u00eancia.<\/p>\n\n\n\n<p>&#8212; &#8212; &#8212;<\/p>\n\n\n\n<p><strong>Texto <\/strong>&#8211; Tereza Te\u00f3filo\/Ageman<\/p>\n\n\n\n<p><strong>Fotos<\/strong> \u2013 Divulga\u00e7\u00e3o\/Ageman<\/p>\n","protected":false},"excerpt":{"rendered":"","protected":false},"author":23,"featured_media":254159,"comment_status":"closed","ping_status":"closed","sticky":false,"template":"","format":"standard","meta":{"footnotes":""},"categories":[2807],"tags":[215,2372,19677,10477,3957,77],"acf":[],"yoast_head":"<!-- This site is optimized with the Yoast SEO plugin v23.0 - https:\/\/yoast.com\/wordpress\/plugins\/seo\/ -->\n<title>Ageman multa \u00c1guas de Manaus em R$ 500,9<\/title>\n<meta name=\"description\" content=\"A Ag\u00eancia Reguladora dos Servi\u00e7os P\u00fablicos Delegados do Munic\u00edpio de Manaus (Ageman) aplicou duas multas \u00e0 concession\u00e1ria \u00c1guas de Manaus, ap\u00f3s constatar falhas na recomposi\u00e7\u00e3o asf\u00e1ltica em vias p\u00fablicas onde foram realizados servi\u00e7os de manuten\u00e7\u00e3o na rede de abastecimento de \u00e1gua. As duas penalidades somam R$ 500,9 mil.\" \/>\n<meta name=\"robots\" content=\"index, follow, max-snippet:-1, max-image-preview:large, max-video-preview:-1\" \/>\n<link rel=\"canonical\" href=\"https:\/\/www.manaus.am.gov.br\/semcom\/prefeitura-ageman-multa-aguasdemanaus\/\" \/>\n<meta property=\"og:locale\" content=\"pt_BR\" \/>\n<meta property=\"og:type\" content=\"article\" \/>\n<meta property=\"og:title\" content=\"Ageman multa \u00c1guas de Manaus em R$ 500,9\" \/>\n<meta property=\"og:description\" content=\"A Ag\u00eancia Reguladora dos Servi\u00e7os P\u00fablicos Delegados do Munic\u00edpio de Manaus (Ageman) aplicou duas multas \u00e0 concession\u00e1ria \u00c1guas de Manaus, ap\u00f3s constatar falhas na recomposi\u00e7\u00e3o asf\u00e1ltica em vias p\u00fablicas onde foram realizados servi\u00e7os de manuten\u00e7\u00e3o na rede de abastecimento de \u00e1gua. As duas penalidades somam R$ 500,9 mil.\" \/>\n<meta property=\"og:url\" content=\"https:\/\/www.manaus.am.gov.br\/semcom\/prefeitura-ageman-multa-aguasdemanaus\/\" \/>\n<meta property=\"og:site_name\" content=\"SEMCOM\" \/>\n<meta property=\"article:published_time\" content=\"2026-03-09T18:38:34+00:00\" \/>\n<meta property=\"article:modified_time\" content=\"2026-03-09T18:43:14+00:00\" \/>\n<meta property=\"og:image\" content=\"https:\/\/www.manaus.am.gov.br\/semcom\/wp-content\/uploads\/sites\/5\/2026\/03\/WhatsApp-Image-2026-03-09-at-14.32.32.jpeg\" \/>\n\t<meta property=\"og:image:width\" content=\"2560\" \/>\n\t<meta property=\"og:image:height\" content=\"1706\" \/>\n\t<meta property=\"og:image:type\" content=\"image\/jpeg\" \/>\n<meta name=\"author\" content=\"Adriana Costa\" \/>\n<meta name=\"twitter:card\" content=\"summary_large_image\" \/>\n<meta name=\"twitter:label1\" content=\"Written by\" \/>\n\t<meta name=\"twitter:data1\" content=\"Adriana Costa\" \/>\n\t<meta name=\"twitter:label2\" content=\"Est. reading time\" \/>\n\t<meta name=\"twitter:data2\" content=\"3 minutos\" \/>\n<script type=\"application\/ld+json\" class=\"yoast-schema-graph\">{\"@context\":\"https:\/\/schema.org\",\"@graph\":[{\"@type\":\"WebPage\",\"@id\":\"https:\/\/www.manaus.am.gov.br\/semcom\/prefeitura-ageman-multa-aguasdemanaus\/\",\"url\":\"https:\/\/www.manaus.am.gov.br\/semcom\/prefeitura-ageman-multa-aguasdemanaus\/\",\"name\":\"Ageman multa \u00c1guas de Manaus em R$ 500,9\",\"isPartOf\":{\"@id\":\"https:\/\/www.manaus.am.gov.br\/semcom\/#website\"},\"primaryImageOfPage\":{\"@id\":\"https:\/\/www.manaus.am.gov.br\/semcom\/prefeitura-ageman-multa-aguasdemanaus\/#primaryimage\"},\"image\":{\"@id\":\"https:\/\/www.manaus.am.gov.br\/semcom\/prefeitura-ageman-multa-aguasdemanaus\/#primaryimage\"},\"thumbnailUrl\":\"https:\/\/www.manaus.am.gov.br\/semcom\/wp-content\/uploads\/sites\/5\/2026\/03\/WhatsApp-Image-2026-03-09-at-14.32.32.jpeg\",\"datePublished\":\"2026-03-09T18:38:34+00:00\",\"dateModified\":\"2026-03-09T18:43:14+00:00\",\"author\":{\"@id\":\"https:\/\/www.manaus.am.gov.br\/semcom\/#\/schema\/person\/4e49f4e267757a06ca072ec61b2b9968\"},\"description\":\"A Ag\u00eancia Reguladora dos Servi\u00e7os P\u00fablicos Delegados do Munic\u00edpio de Manaus (Ageman) aplicou duas multas \u00e0 concession\u00e1ria \u00c1guas de Manaus, ap\u00f3s constatar falhas na recomposi\u00e7\u00e3o asf\u00e1ltica em vias p\u00fablicas onde foram realizados servi\u00e7os de manuten\u00e7\u00e3o na rede de abastecimento de \u00e1gua. As duas penalidades somam R$ 500,9 mil.\",\"inLanguage\":\"pt-BR\",\"potentialAction\":[{\"@type\":\"ReadAction\",\"target\":[\"https:\/\/www.manaus.am.gov.br\/semcom\/prefeitura-ageman-multa-aguasdemanaus\/\"]}]},{\"@type\":\"ImageObject\",\"inLanguage\":\"pt-BR\",\"@id\":\"https:\/\/www.manaus.am.gov.br\/semcom\/prefeitura-ageman-multa-aguasdemanaus\/#primaryimage\",\"url\":\"https:\/\/www.manaus.am.gov.br\/semcom\/wp-content\/uploads\/sites\/5\/2026\/03\/WhatsApp-Image-2026-03-09-at-14.32.32.jpeg\",\"contentUrl\":\"https:\/\/www.manaus.am.gov.br\/semcom\/wp-content\/uploads\/sites\/5\/2026\/03\/WhatsApp-Image-2026-03-09-at-14.32.32.jpeg\",\"width\":2560,\"height\":1706,\"caption\":\"#paratodosverem - Imagem de via do Parque 10 com falha no asfalto decorrente de servi\u00e7o da concession\u00e1ria de \u00e1gua\"},{\"@type\":\"WebSite\",\"@id\":\"https:\/\/www.manaus.am.gov.br\/semcom\/#website\",\"url\":\"https:\/\/www.manaus.am.gov.br\/semcom\/\",\"name\":\"SEMCOM\",\"description\":\"Secretaria Municipal de Comunica\u00e7\u00e3o\",\"potentialAction\":[{\"@type\":\"SearchAction\",\"target\":{\"@type\":\"EntryPoint\",\"urlTemplate\":\"https:\/\/www.manaus.am.gov.br\/semcom\/?s={search_term_string}\"},\"query-input\":\"required name=search_term_string\"}],\"inLanguage\":\"pt-BR\"},{\"@type\":\"Person\",\"@id\":\"https:\/\/www.manaus.am.gov.br\/semcom\/#\/schema\/person\/4e49f4e267757a06ca072ec61b2b9968\",\"name\":\"Adriana Costa\",\"image\":{\"@type\":\"ImageObject\",\"inLanguage\":\"pt-BR\",\"@id\":\"https:\/\/www.manaus.am.gov.br\/semcom\/#\/schema\/person\/image\/\",\"url\":\"https:\/\/secure.gravatar.com\/avatar\/576258617ef7194f718179e766d57bd4?s=96&d=mm&r=g\",\"contentUrl\":\"https:\/\/secure.gravatar.com\/avatar\/576258617ef7194f718179e766d57bd4?s=96&d=mm&r=g\",\"caption\":\"Adriana Costa\"}}]}<\/script>\n<!-- \/ Yoast SEO plugin. -->","yoast_head_json":{"title":"Ageman multa \u00c1guas de Manaus em R$ 500,9","description":"A Ag\u00eancia Reguladora dos Servi\u00e7os P\u00fablicos Delegados do Munic\u00edpio de Manaus (Ageman) aplicou duas multas \u00e0 concession\u00e1ria \u00c1guas de Manaus, ap\u00f3s constatar falhas na recomposi\u00e7\u00e3o asf\u00e1ltica em vias p\u00fablicas onde foram realizados servi\u00e7os de manuten\u00e7\u00e3o na rede de abastecimento de \u00e1gua. As duas penalidades somam R$ 500,9 mil.","robots":{"index":"index","follow":"follow","max-snippet":"max-snippet:-1","max-image-preview":"max-image-preview:large","max-video-preview":"max-video-preview:-1"},"canonical":"https:\/\/www.manaus.am.gov.br\/semcom\/prefeitura-ageman-multa-aguasdemanaus\/","og_locale":"pt_BR","og_type":"article","og_title":"Ageman multa \u00c1guas de Manaus em R$ 500,9","og_description":"A Ag\u00eancia Reguladora dos Servi\u00e7os P\u00fablicos Delegados do Munic\u00edpio de Manaus (Ageman) aplicou duas multas \u00e0 concession\u00e1ria \u00c1guas de Manaus, ap\u00f3s constatar falhas na recomposi\u00e7\u00e3o asf\u00e1ltica em vias p\u00fablicas onde foram realizados servi\u00e7os de manuten\u00e7\u00e3o na rede de abastecimento de \u00e1gua. As duas penalidades somam R$ 500,9 mil.","og_url":"https:\/\/www.manaus.am.gov.br\/semcom\/prefeitura-ageman-multa-aguasdemanaus\/","og_site_name":"SEMCOM","article_published_time":"2026-03-09T18:38:34+00:00","article_modified_time":"2026-03-09T18:43:14+00:00","og_image":[{"width":2560,"height":1706,"url":"https:\/\/www.manaus.am.gov.br\/semcom\/wp-content\/uploads\/sites\/5\/2026\/03\/WhatsApp-Image-2026-03-09-at-14.32.32.jpeg","type":"image\/jpeg"}],"author":"Adriana Costa","twitter_card":"summary_large_image","twitter_misc":{"Written by":"Adriana Costa","Est. reading time":"3 minutos"},"schema":{"@context":"https:\/\/schema.org","@graph":[{"@type":"WebPage","@id":"https:\/\/www.manaus.am.gov.br\/semcom\/prefeitura-ageman-multa-aguasdemanaus\/","url":"https:\/\/www.manaus.am.gov.br\/semcom\/prefeitura-ageman-multa-aguasdemanaus\/","name":"Ageman multa \u00c1guas de Manaus em R$ 500,9","isPartOf":{"@id":"https:\/\/www.manaus.am.gov.br\/semcom\/#website"},"primaryImageOfPage":{"@id":"https:\/\/www.manaus.am.gov.br\/semcom\/prefeitura-ageman-multa-aguasdemanaus\/#primaryimage"},"image":{"@id":"https:\/\/www.manaus.am.gov.br\/semcom\/prefeitura-ageman-multa-aguasdemanaus\/#primaryimage"},"thumbnailUrl":"https:\/\/www.manaus.am.gov.br\/semcom\/wp-content\/uploads\/sites\/5\/2026\/03\/WhatsApp-Image-2026-03-09-at-14.32.32.jpeg","datePublished":"2026-03-09T18:38:34+00:00","dateModified":"2026-03-09T18:43:14+00:00","author":{"@id":"https:\/\/www.manaus.am.gov.br\/semcom\/#\/schema\/person\/4e49f4e267757a06ca072ec61b2b9968"},"description":"A Ag\u00eancia Reguladora dos Servi\u00e7os P\u00fablicos Delegados do Munic\u00edpio de Manaus (Ageman) aplicou duas multas \u00e0 concession\u00e1ria \u00c1guas de Manaus, ap\u00f3s constatar falhas na recomposi\u00e7\u00e3o asf\u00e1ltica em vias p\u00fablicas onde foram realizados servi\u00e7os de manuten\u00e7\u00e3o na rede de abastecimento de \u00e1gua. As duas penalidades somam R$ 500,9 mil.","inLanguage":"pt-BR","potentialAction":[{"@type":"ReadAction","target":["https:\/\/www.manaus.am.gov.br\/semcom\/prefeitura-ageman-multa-aguasdemanaus\/"]}]},{"@type":"ImageObject","inLanguage":"pt-BR","@id":"https:\/\/www.manaus.am.gov.br\/semcom\/prefeitura-ageman-multa-aguasdemanaus\/#primaryimage","url":"https:\/\/www.manaus.am.gov.br\/semcom\/wp-content\/uploads\/sites\/5\/2026\/03\/WhatsApp-Image-2026-03-09-at-14.32.32.jpeg","contentUrl":"https:\/\/www.manaus.am.gov.br\/semcom\/wp-content\/uploads\/sites\/5\/2026\/03\/WhatsApp-Image-2026-03-09-at-14.32.32.jpeg","width":2560,"height":1706,"caption":"#paratodosverem - Imagem de via do Parque 10 com falha no asfalto decorrente de servi\u00e7o da concession\u00e1ria de \u00e1gua"},{"@type":"WebSite","@id":"https:\/\/www.manaus.am.gov.br\/semcom\/#website","url":"https:\/\/www.manaus.am.gov.br\/semcom\/","name":"SEMCOM","description":"Secretaria Municipal de Comunica\u00e7\u00e3o","potentialAction":[{"@type":"SearchAction","target":{"@type":"EntryPoint","urlTemplate":"https:\/\/www.manaus.am.gov.br\/semcom\/?s={search_term_string}"},"query-input":"required name=search_term_string"}],"inLanguage":"pt-BR"},{"@type":"Person","@id":"https:\/\/www.manaus.am.gov.br\/semcom\/#\/schema\/person\/4e49f4e267757a06ca072ec61b2b9968","name":"Adriana Costa","image":{"@type":"ImageObject","inLanguage":"pt-BR","@id":"https:\/\/www.manaus.am.gov.br\/semcom\/#\/schema\/person\/image\/","url":"https:\/\/secure.gravatar.com\/avatar\/576258617ef7194f718179e766d57bd4?s=96&d=mm&r=g","contentUrl":"https:\/\/secure.gravatar.com\/avatar\/576258617ef7194f718179e766d57bd4?s=96&d=mm&r=g","caption":"Adriana Costa"}}]}},"_links":{"self":[{"href":"https:\/\/www.manaus.am.gov.br\/semcom\/wp-json\/wp\/v2\/posts\/254158"}],"collection":[{"href":"https:\/\/www.manaus.am.gov.br\/semcom\/wp-json\/wp\/v2\/posts"}],"about":[{"href":"https:\/\/www.manaus.am.gov.br\/semcom\/wp-json\/wp\/v2\/types\/post"}],"author":[{"embeddable":true,"href":"https:\/\/www.manaus.am.gov.br\/semcom\/wp-json\/wp\/v2\/users\/23"}],"replies":[{"embeddable":true,"href":"https:\/\/www.manaus.am.gov.br\/semcom\/wp-json\/wp\/v2\/comments?post=254158"}],"version-history":[{"count":1,"href":"https:\/\/www.manaus.am.gov.br\/semcom\/wp-json\/wp\/v2\/posts\/254158\/revisions"}],"predecessor-version":[{"id":254161,"href":"https:\/\/www.manaus.am.gov.br\/semcom\/wp-json\/wp\/v2\/posts\/254158\/revisions\/254161"}],"wp:featuredmedia":[{"embeddable":true,"href":"https:\/\/www.manaus.am.gov.br\/semcom\/wp-json\/wp\/v2\/media\/254159"}],"wp:attachment":[{"href":"https:\/\/www.manaus.am.gov.br\/semcom\/wp-json\/wp\/v2\/media?parent=254158"}],"wp:term":[{"taxonomy":"category","embeddable":true,"href":"https:\/\/www.manaus.am.gov.br\/semcom\/wp-json\/wp\/v2\/categories?post=254158"},{"taxonomy":"post_tag","embeddable":true,"href":"https:\/\/www.manaus.am.gov.br\/semcom\/wp-json\/wp\/v2\/tags?post=254158"}],"curies":[{"name":"wp","href":"https:\/\/api.w.org\/{rel}","templated":true}]}}