{"id":254155,"date":"2026-03-09T15:10:41","date_gmt":"2026-03-09T18:10:41","guid":{"rendered":"https:\/\/www.manaus.am.gov.br\/semcom\/autuacao-uso-irregular-vagas-especiais-shoppings\/"},"modified":"2026-03-09T15:15:26","modified_gmt":"2026-03-09T18:15:26","slug":"autuacao-uso-irregular-vagas-especiais-shoppings","status":"publish","type":"post","link":"https:\/\/www.manaus.am.gov.br\/semcom\/autuacao-uso-irregular-vagas-especiais-shoppings\/","title":{"rendered":"Prefeitura autua 23 motoristas por uso irregular de vagas especiais em shoppings da zona Centro-Sul de Manaus"},"content":{"rendered":"\n<p>A <a href=\"https:\/\/www.manaus.am.gov.br\/\">Prefeitura de Manaus<\/a>, por meio do <a href=\"https:\/\/www.instagram.com\/immu_manaus\/\">Instituto Municipal de Mobilidade Urbana<\/a> (IMMU), realizou, neste domingo, 8\/3, uma opera\u00e7\u00e3o de fiscaliza\u00e7\u00e3o em dois shopping centers da zona Centro-Sul da capital, ap\u00f3s den\u00fancias de motoristas sobre a ocupa\u00e7\u00e3o irregular de vagas destinadas a Pessoas com Defici\u00eancia (PcDs) e mobilidade reduzida.<\/p>\n\n\n\n<p>Durante a a\u00e7\u00e3o, os agentes de tr\u00e2nsito identificaram ve\u00edculos estacionados nas vagas especiais sem a apresenta\u00e7\u00e3o da credencial obrigat\u00f3ria de estacionamento. Ao todo, foram registradas 23 autua\u00e7\u00f5es por uso indevido dessas vagas, que s\u00e3o reservadas por lei para garantir acessibilidade e mobilidade \u00e0s pessoas que realmente necessitam.<\/p>\n\n\n\n<p>Al\u00e9m da fiscaliza\u00e7\u00e3o, os agentes tamb\u00e9m realizaram orienta\u00e7\u00f5es educativas aos motoristas, refor\u00e7ando a import\u00e2ncia de respeitar a sinaliza\u00e7\u00e3o e a obrigatoriedade da credencial para utiliza\u00e7\u00e3o dessas vagas. A iniciativa faz parte das a\u00e7\u00f5es permanentes da Prefeitura de Manaus voltadas \u00e0 promo\u00e7\u00e3o da inclus\u00e3o, acessibilidade e respeito \u00e0s normas de tr\u00e2nsito.<\/p>\n\n\n\n<p>O diretor de Opera\u00e7\u00f5es de Tr\u00e2nsito do IMMU, Stanley Ventilari, destacou que o objetivo da opera\u00e7\u00e3o \u00e9 garantir que os direitos das pessoas com defici\u00eancia e mobilidade reduzida sejam respeitados.<\/p>\n\n\n\n<p>\u201cEssa a\u00e7\u00e3o tem como objetivo garantir o respeito \u00e0s vagas destinadas \u00e0s pessoas com defici\u00eancia e mobilidade reduzida. Infelizmente, ainda encontramos motoristas utilizando esses espa\u00e7os de forma irregular, sem portar a credencial obrigat\u00f3ria. Orientamos os condutores a respeitarem a sinaliza\u00e7\u00e3o e utilizarem essas vagas somente quando estiverem devidamente autorizados\u201d, afirmou Ventilari.<\/p>\n\n\n\n<p>O IMMU refor\u00e7a que novas a\u00e7\u00f5es de fiscaliza\u00e7\u00e3o continuar\u00e3o sendo realizadas em diferentes pontos da cidade para coibir irregularidades e assegurar que os espa\u00e7os reservados sejam utilizados por quem realmente precisa.<\/p>\n\n\n\n<p>&#8212; &#8212; &#8212;<\/p>\n\n\n\n<p><strong>Texto&nbsp;<\/strong>\u2013 Marcelo Lima\/IMMU<\/p>\n\n\n\n<p><strong>Fotos<\/strong> \u2013 Divulga\u00e7\u00e3o\/IMMU<\/p>\n","protected":false},"excerpt":{"rendered":"","protected":false},"author":39,"featured_media":254156,"comment_status":"closed","ping_status":"closed","sticky":false,"template":"","format":"standard","meta":{"footnotes":""},"categories":[56],"tags":[19675,12,77,19676,15147],"acf":[],"yoast_head":"<!-- This site is optimized with the Yoast SEO plugin v23.0 - https:\/\/yoast.com\/wordpress\/plugins\/seo\/ -->\n<title>Uso irregular de vagas especiais em shoppings da zona Centro-Sul<\/title>\n<meta name=\"description\" content=\"Prefeitura autua 23 motoristas por uso irregular de vagas especiais em shoppings da zona Centro-Sul de Manaus.\" \/>\n<meta name=\"robots\" content=\"index, follow, max-snippet:-1, max-image-preview:large, max-video-preview:-1\" \/>\n<link rel=\"canonical\" href=\"https:\/\/www.manaus.am.gov.br\/semcom\/autuacao-uso-irregular-vagas-especiais-shoppings\/\" \/>\n<meta property=\"og:locale\" content=\"pt_BR\" \/>\n<meta property=\"og:type\" content=\"article\" \/>\n<meta property=\"og:title\" content=\"Uso irregular de vagas especiais em shoppings da zona Centro-Sul\" \/>\n<meta property=\"og:description\" content=\"Prefeitura autua 23 motoristas por uso irregular de vagas especiais em shoppings da zona Centro-Sul de Manaus.\" \/>\n<meta property=\"og:url\" content=\"https:\/\/www.manaus.am.gov.br\/semcom\/autuacao-uso-irregular-vagas-especiais-shoppings\/\" \/>\n<meta property=\"og:site_name\" content=\"SEMCOM\" \/>\n<meta property=\"article:published_time\" content=\"2026-03-09T18:10:41+00:00\" \/>\n<meta property=\"article:modified_time\" content=\"2026-03-09T18:15:26+00:00\" \/>\n<meta property=\"og:image\" content=\"https:\/\/www.manaus.am.gov.br\/semcom\/wp-content\/uploads\/sites\/5\/2026\/03\/ChatGPT-Image-9-de-mar.-de-2026-13_59_57.png\" \/>\n\t<meta property=\"og:image:width\" content=\"1536\" \/>\n\t<meta property=\"og:image:height\" content=\"1024\" \/>\n\t<meta property=\"og:image:type\" content=\"image\/png\" \/>\n<meta name=\"author\" content=\"Bruna Greco\" \/>\n<meta name=\"twitter:card\" content=\"summary_large_image\" \/>\n<meta name=\"twitter:label1\" content=\"Written by\" \/>\n\t<meta name=\"twitter:data1\" content=\"Bruna Greco\" \/>\n\t<meta name=\"twitter:label2\" content=\"Est. reading time\" \/>\n\t<meta name=\"twitter:data2\" content=\"2 minutos\" \/>\n<script type=\"application\/ld+json\" class=\"yoast-schema-graph\">{\"@context\":\"https:\/\/schema.org\",\"@graph\":[{\"@type\":\"WebPage\",\"@id\":\"https:\/\/www.manaus.am.gov.br\/semcom\/autuacao-uso-irregular-vagas-especiais-shoppings\/\",\"url\":\"https:\/\/www.manaus.am.gov.br\/semcom\/autuacao-uso-irregular-vagas-especiais-shoppings\/\",\"name\":\"Uso irregular de vagas especiais em shoppings da zona Centro-Sul\",\"isPartOf\":{\"@id\":\"https:\/\/www.manaus.am.gov.br\/semcom\/#website\"},\"primaryImageOfPage\":{\"@id\":\"https:\/\/www.manaus.am.gov.br\/semcom\/autuacao-uso-irregular-vagas-especiais-shoppings\/#primaryimage\"},\"image\":{\"@id\":\"https:\/\/www.manaus.am.gov.br\/semcom\/autuacao-uso-irregular-vagas-especiais-shoppings\/#primaryimage\"},\"thumbnailUrl\":\"https:\/\/www.manaus.am.gov.br\/semcom\/wp-content\/uploads\/sites\/5\/2026\/03\/ChatGPT-Image-9-de-mar.-de-2026-13_59_57.png\",\"datePublished\":\"2026-03-09T18:10:41+00:00\",\"dateModified\":\"2026-03-09T18:15:26+00:00\",\"author\":{\"@id\":\"https:\/\/www.manaus.am.gov.br\/semcom\/#\/schema\/person\/05d223aea2bf115f9883a6ff3683d81b\"},\"description\":\"Prefeitura autua 23 motoristas por uso irregular de vagas especiais em shoppings da zona Centro-Sul de Manaus.\",\"inLanguage\":\"pt-BR\",\"potentialAction\":[{\"@type\":\"ReadAction\",\"target\":[\"https:\/\/www.manaus.am.gov.br\/semcom\/autuacao-uso-irregular-vagas-especiais-shoppings\/\"]}]},{\"@type\":\"ImageObject\",\"inLanguage\":\"pt-BR\",\"@id\":\"https:\/\/www.manaus.am.gov.br\/semcom\/autuacao-uso-irregular-vagas-especiais-shoppings\/#primaryimage\",\"url\":\"https:\/\/www.manaus.am.gov.br\/semcom\/wp-content\/uploads\/sites\/5\/2026\/03\/ChatGPT-Image-9-de-mar.-de-2026-13_59_57.png\",\"contentUrl\":\"https:\/\/www.manaus.am.gov.br\/semcom\/wp-content\/uploads\/sites\/5\/2026\/03\/ChatGPT-Image-9-de-mar.-de-2026-13_59_57.png\",\"width\":1536,\"height\":1024,\"caption\":\"#paratodosverem - Agente de tr\u00e2nsito do IMMU fiscalizando vagas especiais em estacionamento de shopping\"},{\"@type\":\"WebSite\",\"@id\":\"https:\/\/www.manaus.am.gov.br\/semcom\/#website\",\"url\":\"https:\/\/www.manaus.am.gov.br\/semcom\/\",\"name\":\"SEMCOM\",\"description\":\"Secretaria Municipal de Comunica\u00e7\u00e3o\",\"potentialAction\":[{\"@type\":\"SearchAction\",\"target\":{\"@type\":\"EntryPoint\",\"urlTemplate\":\"https:\/\/www.manaus.am.gov.br\/semcom\/?s={search_term_string}\"},\"query-input\":\"required name=search_term_string\"}],\"inLanguage\":\"pt-BR\"},{\"@type\":\"Person\",\"@id\":\"https:\/\/www.manaus.am.gov.br\/semcom\/#\/schema\/person\/05d223aea2bf115f9883a6ff3683d81b\",\"name\":\"Bruna Greco\",\"image\":{\"@type\":\"ImageObject\",\"inLanguage\":\"pt-BR\",\"@id\":\"https:\/\/www.manaus.am.gov.br\/semcom\/#\/schema\/person\/image\/\",\"url\":\"https:\/\/secure.gravatar.com\/avatar\/9c877d1a6adc2a055330e5c09a8653ce?s=96&d=mm&r=g\",\"contentUrl\":\"https:\/\/secure.gravatar.com\/avatar\/9c877d1a6adc2a055330e5c09a8653ce?s=96&d=mm&r=g\",\"caption\":\"Bruna Greco\"}}]}<\/script>\n<!-- \/ Yoast SEO plugin. -->","yoast_head_json":{"title":"Uso irregular de vagas especiais em shoppings da zona Centro-Sul","description":"Prefeitura autua 23 motoristas por uso irregular de vagas especiais em shoppings da zona Centro-Sul de Manaus.","robots":{"index":"index","follow":"follow","max-snippet":"max-snippet:-1","max-image-preview":"max-image-preview:large","max-video-preview":"max-video-preview:-1"},"canonical":"https:\/\/www.manaus.am.gov.br\/semcom\/autuacao-uso-irregular-vagas-especiais-shoppings\/","og_locale":"pt_BR","og_type":"article","og_title":"Uso irregular de vagas especiais em shoppings da zona Centro-Sul","og_description":"Prefeitura autua 23 motoristas por uso irregular de vagas especiais em shoppings da zona Centro-Sul de Manaus.","og_url":"https:\/\/www.manaus.am.gov.br\/semcom\/autuacao-uso-irregular-vagas-especiais-shoppings\/","og_site_name":"SEMCOM","article_published_time":"2026-03-09T18:10:41+00:00","article_modified_time":"2026-03-09T18:15:26+00:00","og_image":[{"width":1536,"height":1024,"url":"https:\/\/www.manaus.am.gov.br\/semcom\/wp-content\/uploads\/sites\/5\/2026\/03\/ChatGPT-Image-9-de-mar.-de-2026-13_59_57.png","type":"image\/png"}],"author":"Bruna Greco","twitter_card":"summary_large_image","twitter_misc":{"Written by":"Bruna Greco","Est. reading time":"2 minutos"},"schema":{"@context":"https:\/\/schema.org","@graph":[{"@type":"WebPage","@id":"https:\/\/www.manaus.am.gov.br\/semcom\/autuacao-uso-irregular-vagas-especiais-shoppings\/","url":"https:\/\/www.manaus.am.gov.br\/semcom\/autuacao-uso-irregular-vagas-especiais-shoppings\/","name":"Uso irregular de vagas especiais em shoppings da zona Centro-Sul","isPartOf":{"@id":"https:\/\/www.manaus.am.gov.br\/semcom\/#website"},"primaryImageOfPage":{"@id":"https:\/\/www.manaus.am.gov.br\/semcom\/autuacao-uso-irregular-vagas-especiais-shoppings\/#primaryimage"},"image":{"@id":"https:\/\/www.manaus.am.gov.br\/semcom\/autuacao-uso-irregular-vagas-especiais-shoppings\/#primaryimage"},"thumbnailUrl":"https:\/\/www.manaus.am.gov.br\/semcom\/wp-content\/uploads\/sites\/5\/2026\/03\/ChatGPT-Image-9-de-mar.-de-2026-13_59_57.png","datePublished":"2026-03-09T18:10:41+00:00","dateModified":"2026-03-09T18:15:26+00:00","author":{"@id":"https:\/\/www.manaus.am.gov.br\/semcom\/#\/schema\/person\/05d223aea2bf115f9883a6ff3683d81b"},"description":"Prefeitura autua 23 motoristas por uso irregular de vagas especiais em shoppings da zona Centro-Sul de Manaus.","inLanguage":"pt-BR","potentialAction":[{"@type":"ReadAction","target":["https:\/\/www.manaus.am.gov.br\/semcom\/autuacao-uso-irregular-vagas-especiais-shoppings\/"]}]},{"@type":"ImageObject","inLanguage":"pt-BR","@id":"https:\/\/www.manaus.am.gov.br\/semcom\/autuacao-uso-irregular-vagas-especiais-shoppings\/#primaryimage","url":"https:\/\/www.manaus.am.gov.br\/semcom\/wp-content\/uploads\/sites\/5\/2026\/03\/ChatGPT-Image-9-de-mar.-de-2026-13_59_57.png","contentUrl":"https:\/\/www.manaus.am.gov.br\/semcom\/wp-content\/uploads\/sites\/5\/2026\/03\/ChatGPT-Image-9-de-mar.-de-2026-13_59_57.png","width":1536,"height":1024,"caption":"#paratodosverem - Agente de tr\u00e2nsito do IMMU fiscalizando vagas especiais em estacionamento de shopping"},{"@type":"WebSite","@id":"https:\/\/www.manaus.am.gov.br\/semcom\/#website","url":"https:\/\/www.manaus.am.gov.br\/semcom\/","name":"SEMCOM","description":"Secretaria Municipal de Comunica\u00e7\u00e3o","potentialAction":[{"@type":"SearchAction","target":{"@type":"EntryPoint","urlTemplate":"https:\/\/www.manaus.am.gov.br\/semcom\/?s={search_term_string}"},"query-input":"required name=search_term_string"}],"inLanguage":"pt-BR"},{"@type":"Person","@id":"https:\/\/www.manaus.am.gov.br\/semcom\/#\/schema\/person\/05d223aea2bf115f9883a6ff3683d81b","name":"Bruna Greco","image":{"@type":"ImageObject","inLanguage":"pt-BR","@id":"https:\/\/www.manaus.am.gov.br\/semcom\/#\/schema\/person\/image\/","url":"https:\/\/secure.gravatar.com\/avatar\/9c877d1a6adc2a055330e5c09a8653ce?s=96&d=mm&r=g","contentUrl":"https:\/\/secure.gravatar.com\/avatar\/9c877d1a6adc2a055330e5c09a8653ce?s=96&d=mm&r=g","caption":"Bruna Greco"}}]}},"_links":{"self":[{"href":"https:\/\/www.manaus.am.gov.br\/semcom\/wp-json\/wp\/v2\/posts\/254155"}],"collection":[{"href":"https:\/\/www.manaus.am.gov.br\/semcom\/wp-json\/wp\/v2\/posts"}],"about":[{"href":"https:\/\/www.manaus.am.gov.br\/semcom\/wp-json\/wp\/v2\/types\/post"}],"author":[{"embeddable":true,"href":"https:\/\/www.manaus.am.gov.br\/semcom\/wp-json\/wp\/v2\/users\/39"}],"replies":[{"embeddable":true,"href":"https:\/\/www.manaus.am.gov.br\/semcom\/wp-json\/wp\/v2\/comments?post=254155"}],"version-history":[{"count":1,"href":"https:\/\/www.manaus.am.gov.br\/semcom\/wp-json\/wp\/v2\/posts\/254155\/revisions"}],"predecessor-version":[{"id":254157,"href":"https:\/\/www.manaus.am.gov.br\/semcom\/wp-json\/wp\/v2\/posts\/254155\/revisions\/254157"}],"wp:featuredmedia":[{"embeddable":true,"href":"https:\/\/www.manaus.am.gov.br\/semcom\/wp-json\/wp\/v2\/media\/254156"}],"wp:attachment":[{"href":"https:\/\/www.manaus.am.gov.br\/semcom\/wp-json\/wp\/v2\/media?parent=254155"}],"wp:term":[{"taxonomy":"category","embeddable":true,"href":"https:\/\/www.manaus.am.gov.br\/semcom\/wp-json\/wp\/v2\/categories?post=254155"},{"taxonomy":"post_tag","embeddable":true,"href":"https:\/\/www.manaus.am.gov.br\/semcom\/wp-json\/wp\/v2\/tags?post=254155"}],"curies":[{"name":"wp","href":"https:\/\/api.w.org\/{rel}","templated":true}]}}