{"id":254147,"date":"2026-03-09T13:55:59","date_gmt":"2026-03-09T16:55:59","guid":{"rendered":"https:\/\/www.manaus.am.gov.br\/semcom\/prefeitura-romu-prisaoforagido\/"},"modified":"2026-03-09T14:12:20","modified_gmt":"2026-03-09T17:12:20","slug":"prefeitura-romu-prisaoforagido","status":"publish","type":"post","link":"https:\/\/www.manaus.am.gov.br\/semcom\/prefeitura-romu-prisaoforagido\/","title":{"rendered":"Romu recupera celular furtado e prende foragido da Justi\u00e7a na zona Centro-Sul"},"content":{"rendered":"\n<p>A <a href=\"https:\/\/www.manaus.am.gov.br\/\">Prefeitura de Manaus<\/a>, por meio da <a href=\"https:\/\/www.instagram.com\/semsegmanaus\/\">Secretaria Municipal de Seguran\u00e7a P\u00fablica e Defesa Social<\/a> (Semseg), informa que os agentes da <a href=\"https:\/\/www.instagram.com\/romu_manausam\/\">Ronda Ostensiva Municipal<\/a> (Romu), da <a href=\"https:\/\/www.instagram.com\/gmm_manaus\/\">Guarda Municipal de Manaus<\/a> (GMM), recuperaram um aparelho celular furtado e prenderam um indiv\u00edduo com mandado de pris\u00e3o em aberto, na manh\u00e3 desta segunda-feira (9\/3), em uma plataforma de \u00f4nibus nas proximidades da Arena da Amaz\u00f4nia, na zona Centro-Sul da capital.<\/p>\n\n\n\n<p>Durante patrulhamento ostensivo na \u00e1rea, a equipe da Romu recebeu den\u00fancia, por meio da Central 153, de que dois indiv\u00edduos estariam supostamente furtando aparelhos celulares e coagindo pessoas no local. Diante da informa\u00e7\u00e3o, os agentes se deslocaram imediatamente at\u00e9 a esta\u00e7\u00e3o para averiguar a ocorr\u00eancia.<\/p>\n\n\n\n<p>No momento da abordagem, os suspeitos apresentaram resist\u00eancia, sendo necess\u00e1rio o uso proporcional da for\u00e7a para cont\u00ea-los. Durante a a\u00e7\u00e3o, um dos indiv\u00edduos chegou a arremessar um celular furtado para fora de um \u00f4nibus, por\u00e9m o aparelho foi rapidamente recuperado pela equipe.<\/p>\n\n\n\n<p>Ap\u00f3s consulta nos sistemas de seguran\u00e7a, foi constatado que um dos abordados possu\u00eda mandado de pris\u00e3o em aberto pelo crime previsto no artigo 33, da Lei n\u00ba 11.343\/2006 (Lei de Drogas), relacionado ao tr\u00e1fico de entorpecentes.<\/p>\n\n\n\n<p>Diante dos fatos, os dois indiv\u00edduos foram conduzidos ao N\u00facleo de Investiga\u00e7\u00e3o e Recupera\u00e7\u00e3o de Celulares (Nirc), onde foram apresentados para os procedimentos cab\u00edveis.<\/p>\n\n\n\n<p>A Guarda Municipal de Manaus refor\u00e7a que segue atuando de forma integrada com os demais \u00f3rg\u00e3os de seguran\u00e7a p\u00fablica, contribuindo para a prote\u00e7\u00e3o da popula\u00e7\u00e3o e o fortalecimento das a\u00e7\u00f5es de seguran\u00e7a no munic\u00edpio.<\/p>\n\n\n\n<p>&#8212; &#8212; &#8212;<\/p>\n\n\n\n<p><strong>Texto <\/strong>&#8211; La\u00eds Fernandes\/Semseg<\/p>\n","protected":false},"excerpt":{"rendered":"","protected":false},"author":23,"featured_media":235277,"comment_status":"closed","ping_status":"closed","sticky":false,"template":"","format":"standard","meta":{"footnotes":""},"categories":[59],"tags":[19673,18078,77,7652,472,11183,349,2629],"acf":[],"yoast_head":"<!-- This site is optimized with the Yoast SEO plugin v23.0 - https:\/\/yoast.com\/wordpress\/plugins\/seo\/ -->\n<title>Romu recupera celular furtado na zona Centro-Sul<\/title>\n<meta name=\"description\" content=\"A Prefeitura de Manaus, por meio da Secretaria Municipal de Seguran\u00e7a P\u00fablica e Defesa Social (Semseg), informa que os agentes da Ronda Ostensiva Municipal (Romu), da Guarda Municipal de Manaus (GMM), recuperaram um aparelho celular furtado e prenderam um indiv\u00edduo com mandado de pris\u00e3o em aberto, na manh\u00e3 desta segunda-feira (9\/3), em uma plataforma de \u00f4nibus nas proximidades da Arena da Amaz\u00f4nia,\" \/>\n<meta name=\"robots\" content=\"index, follow, max-snippet:-1, max-image-preview:large, max-video-preview:-1\" \/>\n<link rel=\"canonical\" href=\"https:\/\/www.manaus.am.gov.br\/semcom\/prefeitura-romu-prisaoforagido\/\" \/>\n<meta property=\"og:locale\" content=\"pt_BR\" \/>\n<meta property=\"og:type\" content=\"article\" \/>\n<meta property=\"og:title\" content=\"Romu recupera celular furtado na zona Centro-Sul\" \/>\n<meta property=\"og:description\" content=\"A Prefeitura de Manaus, por meio da Secretaria Municipal de Seguran\u00e7a P\u00fablica e Defesa Social (Semseg), informa que os agentes da Ronda Ostensiva Municipal (Romu), da Guarda Municipal de Manaus (GMM), recuperaram um aparelho celular furtado e prenderam um indiv\u00edduo com mandado de pris\u00e3o em aberto, na manh\u00e3 desta segunda-feira (9\/3), em uma plataforma de \u00f4nibus nas proximidades da Arena da Amaz\u00f4nia,\" \/>\n<meta property=\"og:url\" content=\"https:\/\/www.manaus.am.gov.br\/semcom\/prefeitura-romu-prisaoforagido\/\" \/>\n<meta property=\"og:site_name\" content=\"SEMCOM\" \/>\n<meta property=\"article:published_time\" content=\"2026-03-09T16:55:59+00:00\" \/>\n<meta property=\"article:modified_time\" content=\"2026-03-09T17:12:20+00:00\" \/>\n<meta property=\"og:image\" content=\"https:\/\/www.manaus.am.gov.br\/semcom\/wp-content\/uploads\/sites\/5\/2025\/02\/BANNER-NOTA-4.png\" \/>\n\t<meta property=\"og:image:width\" content=\"900\" \/>\n\t<meta property=\"og:image:height\" content=\"509\" \/>\n\t<meta property=\"og:image:type\" content=\"image\/png\" \/>\n<meta name=\"author\" content=\"Adriana Costa\" \/>\n<meta name=\"twitter:card\" content=\"summary_large_image\" \/>\n<meta name=\"twitter:label1\" content=\"Written by\" \/>\n\t<meta name=\"twitter:data1\" content=\"Adriana Costa\" \/>\n\t<meta name=\"twitter:label2\" content=\"Est. reading time\" \/>\n\t<meta name=\"twitter:data2\" content=\"2 minutos\" \/>\n<script type=\"application\/ld+json\" class=\"yoast-schema-graph\">{\"@context\":\"https:\/\/schema.org\",\"@graph\":[{\"@type\":\"WebPage\",\"@id\":\"https:\/\/www.manaus.am.gov.br\/semcom\/prefeitura-romu-prisaoforagido\/\",\"url\":\"https:\/\/www.manaus.am.gov.br\/semcom\/prefeitura-romu-prisaoforagido\/\",\"name\":\"Romu recupera celular furtado na zona Centro-Sul\",\"isPartOf\":{\"@id\":\"https:\/\/www.manaus.am.gov.br\/semcom\/#website\"},\"primaryImageOfPage\":{\"@id\":\"https:\/\/www.manaus.am.gov.br\/semcom\/prefeitura-romu-prisaoforagido\/#primaryimage\"},\"image\":{\"@id\":\"https:\/\/www.manaus.am.gov.br\/semcom\/prefeitura-romu-prisaoforagido\/#primaryimage\"},\"thumbnailUrl\":\"https:\/\/www.manaus.am.gov.br\/semcom\/wp-content\/uploads\/sites\/5\/2025\/02\/BANNER-NOTA-4.png\",\"datePublished\":\"2026-03-09T16:55:59+00:00\",\"dateModified\":\"2026-03-09T17:12:20+00:00\",\"author\":{\"@id\":\"https:\/\/www.manaus.am.gov.br\/semcom\/#\/schema\/person\/4e49f4e267757a06ca072ec61b2b9968\"},\"description\":\"A Prefeitura de Manaus, por meio da Secretaria Municipal de Seguran\u00e7a P\u00fablica e Defesa Social (Semseg), informa que os agentes da Ronda Ostensiva Municipal (Romu), da Guarda Municipal de Manaus (GMM), recuperaram um aparelho celular furtado e prenderam um indiv\u00edduo com mandado de pris\u00e3o em aberto, na manh\u00e3 desta segunda-feira (9\/3), em uma plataforma de \u00f4nibus nas proximidades da Arena da Amaz\u00f4nia,\",\"inLanguage\":\"pt-BR\",\"potentialAction\":[{\"@type\":\"ReadAction\",\"target\":[\"https:\/\/www.manaus.am.gov.br\/semcom\/prefeitura-romu-prisaoforagido\/\"]}]},{\"@type\":\"ImageObject\",\"inLanguage\":\"pt-BR\",\"@id\":\"https:\/\/www.manaus.am.gov.br\/semcom\/prefeitura-romu-prisaoforagido\/#primaryimage\",\"url\":\"https:\/\/www.manaus.am.gov.br\/semcom\/wp-content\/uploads\/sites\/5\/2025\/02\/BANNER-NOTA-4.png\",\"contentUrl\":\"https:\/\/www.manaus.am.gov.br\/semcom\/wp-content\/uploads\/sites\/5\/2025\/02\/BANNER-NOTA-4.png\",\"width\":900,\"height\":509,\"caption\":\"opera\u00e7\u00e3o \u201cSem Sabor\u201d\"},{\"@type\":\"WebSite\",\"@id\":\"https:\/\/www.manaus.am.gov.br\/semcom\/#website\",\"url\":\"https:\/\/www.manaus.am.gov.br\/semcom\/\",\"name\":\"SEMCOM\",\"description\":\"Secretaria Municipal de Comunica\u00e7\u00e3o\",\"potentialAction\":[{\"@type\":\"SearchAction\",\"target\":{\"@type\":\"EntryPoint\",\"urlTemplate\":\"https:\/\/www.manaus.am.gov.br\/semcom\/?s={search_term_string}\"},\"query-input\":\"required name=search_term_string\"}],\"inLanguage\":\"pt-BR\"},{\"@type\":\"Person\",\"@id\":\"https:\/\/www.manaus.am.gov.br\/semcom\/#\/schema\/person\/4e49f4e267757a06ca072ec61b2b9968\",\"name\":\"Adriana Costa\",\"image\":{\"@type\":\"ImageObject\",\"inLanguage\":\"pt-BR\",\"@id\":\"https:\/\/www.manaus.am.gov.br\/semcom\/#\/schema\/person\/image\/\",\"url\":\"https:\/\/secure.gravatar.com\/avatar\/576258617ef7194f718179e766d57bd4?s=96&d=mm&r=g\",\"contentUrl\":\"https:\/\/secure.gravatar.com\/avatar\/576258617ef7194f718179e766d57bd4?s=96&d=mm&r=g\",\"caption\":\"Adriana Costa\"}}]}<\/script>\n<!-- \/ Yoast SEO plugin. -->","yoast_head_json":{"title":"Romu recupera celular furtado na zona Centro-Sul","description":"A Prefeitura de Manaus, por meio da Secretaria Municipal de Seguran\u00e7a P\u00fablica e Defesa Social (Semseg), informa que os agentes da Ronda Ostensiva Municipal (Romu), da Guarda Municipal de Manaus (GMM), recuperaram um aparelho celular furtado e prenderam um indiv\u00edduo com mandado de pris\u00e3o em aberto, na manh\u00e3 desta segunda-feira (9\/3), em uma plataforma de \u00f4nibus nas proximidades da Arena da Amaz\u00f4nia,","robots":{"index":"index","follow":"follow","max-snippet":"max-snippet:-1","max-image-preview":"max-image-preview:large","max-video-preview":"max-video-preview:-1"},"canonical":"https:\/\/www.manaus.am.gov.br\/semcom\/prefeitura-romu-prisaoforagido\/","og_locale":"pt_BR","og_type":"article","og_title":"Romu recupera celular furtado na zona Centro-Sul","og_description":"A Prefeitura de Manaus, por meio da Secretaria Municipal de Seguran\u00e7a P\u00fablica e Defesa Social (Semseg), informa que os agentes da Ronda Ostensiva Municipal (Romu), da Guarda Municipal de Manaus (GMM), recuperaram um aparelho celular furtado e prenderam um indiv\u00edduo com mandado de pris\u00e3o em aberto, na manh\u00e3 desta segunda-feira (9\/3), em uma plataforma de \u00f4nibus nas proximidades da Arena da Amaz\u00f4nia,","og_url":"https:\/\/www.manaus.am.gov.br\/semcom\/prefeitura-romu-prisaoforagido\/","og_site_name":"SEMCOM","article_published_time":"2026-03-09T16:55:59+00:00","article_modified_time":"2026-03-09T17:12:20+00:00","og_image":[{"width":900,"height":509,"url":"https:\/\/www.manaus.am.gov.br\/semcom\/wp-content\/uploads\/sites\/5\/2025\/02\/BANNER-NOTA-4.png","type":"image\/png"}],"author":"Adriana Costa","twitter_card":"summary_large_image","twitter_misc":{"Written by":"Adriana Costa","Est. reading time":"2 minutos"},"schema":{"@context":"https:\/\/schema.org","@graph":[{"@type":"WebPage","@id":"https:\/\/www.manaus.am.gov.br\/semcom\/prefeitura-romu-prisaoforagido\/","url":"https:\/\/www.manaus.am.gov.br\/semcom\/prefeitura-romu-prisaoforagido\/","name":"Romu recupera celular furtado na zona Centro-Sul","isPartOf":{"@id":"https:\/\/www.manaus.am.gov.br\/semcom\/#website"},"primaryImageOfPage":{"@id":"https:\/\/www.manaus.am.gov.br\/semcom\/prefeitura-romu-prisaoforagido\/#primaryimage"},"image":{"@id":"https:\/\/www.manaus.am.gov.br\/semcom\/prefeitura-romu-prisaoforagido\/#primaryimage"},"thumbnailUrl":"https:\/\/www.manaus.am.gov.br\/semcom\/wp-content\/uploads\/sites\/5\/2025\/02\/BANNER-NOTA-4.png","datePublished":"2026-03-09T16:55:59+00:00","dateModified":"2026-03-09T17:12:20+00:00","author":{"@id":"https:\/\/www.manaus.am.gov.br\/semcom\/#\/schema\/person\/4e49f4e267757a06ca072ec61b2b9968"},"description":"A Prefeitura de Manaus, por meio da Secretaria Municipal de Seguran\u00e7a P\u00fablica e Defesa Social (Semseg), informa que os agentes da Ronda Ostensiva Municipal (Romu), da Guarda Municipal de Manaus (GMM), recuperaram um aparelho celular furtado e prenderam um indiv\u00edduo com mandado de pris\u00e3o em aberto, na manh\u00e3 desta segunda-feira (9\/3), em uma plataforma de \u00f4nibus nas proximidades da Arena da Amaz\u00f4nia,","inLanguage":"pt-BR","potentialAction":[{"@type":"ReadAction","target":["https:\/\/www.manaus.am.gov.br\/semcom\/prefeitura-romu-prisaoforagido\/"]}]},{"@type":"ImageObject","inLanguage":"pt-BR","@id":"https:\/\/www.manaus.am.gov.br\/semcom\/prefeitura-romu-prisaoforagido\/#primaryimage","url":"https:\/\/www.manaus.am.gov.br\/semcom\/wp-content\/uploads\/sites\/5\/2025\/02\/BANNER-NOTA-4.png","contentUrl":"https:\/\/www.manaus.am.gov.br\/semcom\/wp-content\/uploads\/sites\/5\/2025\/02\/BANNER-NOTA-4.png","width":900,"height":509,"caption":"opera\u00e7\u00e3o \u201cSem Sabor\u201d"},{"@type":"WebSite","@id":"https:\/\/www.manaus.am.gov.br\/semcom\/#website","url":"https:\/\/www.manaus.am.gov.br\/semcom\/","name":"SEMCOM","description":"Secretaria Municipal de Comunica\u00e7\u00e3o","potentialAction":[{"@type":"SearchAction","target":{"@type":"EntryPoint","urlTemplate":"https:\/\/www.manaus.am.gov.br\/semcom\/?s={search_term_string}"},"query-input":"required name=search_term_string"}],"inLanguage":"pt-BR"},{"@type":"Person","@id":"https:\/\/www.manaus.am.gov.br\/semcom\/#\/schema\/person\/4e49f4e267757a06ca072ec61b2b9968","name":"Adriana Costa","image":{"@type":"ImageObject","inLanguage":"pt-BR","@id":"https:\/\/www.manaus.am.gov.br\/semcom\/#\/schema\/person\/image\/","url":"https:\/\/secure.gravatar.com\/avatar\/576258617ef7194f718179e766d57bd4?s=96&d=mm&r=g","contentUrl":"https:\/\/secure.gravatar.com\/avatar\/576258617ef7194f718179e766d57bd4?s=96&d=mm&r=g","caption":"Adriana Costa"}}]}},"_links":{"self":[{"href":"https:\/\/www.manaus.am.gov.br\/semcom\/wp-json\/wp\/v2\/posts\/254147"}],"collection":[{"href":"https:\/\/www.manaus.am.gov.br\/semcom\/wp-json\/wp\/v2\/posts"}],"about":[{"href":"https:\/\/www.manaus.am.gov.br\/semcom\/wp-json\/wp\/v2\/types\/post"}],"author":[{"embeddable":true,"href":"https:\/\/www.manaus.am.gov.br\/semcom\/wp-json\/wp\/v2\/users\/23"}],"replies":[{"embeddable":true,"href":"https:\/\/www.manaus.am.gov.br\/semcom\/wp-json\/wp\/v2\/comments?post=254147"}],"version-history":[{"count":1,"href":"https:\/\/www.manaus.am.gov.br\/semcom\/wp-json\/wp\/v2\/posts\/254147\/revisions"}],"predecessor-version":[{"id":254150,"href":"https:\/\/www.manaus.am.gov.br\/semcom\/wp-json\/wp\/v2\/posts\/254147\/revisions\/254150"}],"wp:featuredmedia":[{"embeddable":true,"href":"https:\/\/www.manaus.am.gov.br\/semcom\/wp-json\/wp\/v2\/media\/235277"}],"wp:attachment":[{"href":"https:\/\/www.manaus.am.gov.br\/semcom\/wp-json\/wp\/v2\/media?parent=254147"}],"wp:term":[{"taxonomy":"category","embeddable":true,"href":"https:\/\/www.manaus.am.gov.br\/semcom\/wp-json\/wp\/v2\/categories?post=254147"},{"taxonomy":"post_tag","embeddable":true,"href":"https:\/\/www.manaus.am.gov.br\/semcom\/wp-json\/wp\/v2\/tags?post=254147"}],"curies":[{"name":"wp","href":"https:\/\/api.w.org\/{rel}","templated":true}]}}