{"id":254134,"date":"2026-03-09T12:37:02","date_gmt":"2026-03-09T15:37:02","guid":{"rendered":"https:\/\/www.manaus.am.gov.br\/semcom\/prefeitura-semacc-revitalizacao-feira40\/"},"modified":"2026-03-09T13:59:29","modified_gmt":"2026-03-09T16:59:29","slug":"prefeitura-semacc-revitalizacao-feira-municipal-do-40","status":"publish","type":"post","link":"https:\/\/www.manaus.am.gov.br\/semcom\/prefeitura-semacc-revitalizacao-feira-municipal-do-40\/","title":{"rendered":"Prefeitura de Manaus intensifica obras de revitaliza\u00e7\u00e3o na feira municipal do 40"},"content":{"rendered":"\n<p>A <a href=\"https:\/\/www.manaus.am.gov.br\/\">Prefeitura de Manaus<\/a>, por meio da <a href=\"https:\/\/www.instagram.com\/semaccmanaus\/\">Secretaria Municipal de Agricultura, Abastecimento, Centro e Com\u00e9rcio Informal<\/a> (Semacc), intensifica, nesta segunda-feira, 9\/3, os trabalhos de revitaliza\u00e7\u00e3o dos boxes que ir\u00e3o compor a reforma da tradicional feira municipal do 40, localizada no bairro Raiz, zona Sul da capital.<\/p>\n\n\n\n<p>O projeto prev\u00ea a revitaliza\u00e7\u00e3o de 24 boxes para garantir melhores condi\u00e7\u00f5es de trabalho aos permission\u00e1rios e mais conforto aos frequentadores. A obra inclui a reestrutura\u00e7\u00e3o completa do espa\u00e7o, com a substitui\u00e7\u00e3o total da cobertura, proporcionando mais seguran\u00e7a e prote\u00e7\u00e3o a comerciantes e clientes.<\/p>\n\n\n\n<p>Nesta primeira etapa da reforma, todos os boxes passam por melhorias estruturais, como a troca de revestimento, nova pintura e adequa\u00e7\u00f5es que garantem estruturas padronizadas, al\u00e9m de um ambiente mais organizado e funcional.<\/p>\n\n\n\n<p>A feira tamb\u00e9m contar\u00e1 com novo sistema el\u00e9trico e hidr\u00e1ulico, garantindo mais efici\u00eancia e seguran\u00e7a para o funcionamento das atividades comerciais.<\/p>\n\n\n\n<p>Outro destaque da obra \u00e9 a revitaliza\u00e7\u00e3o completa da cal\u00e7ada no entorno da feira, que ser\u00e1 totalmente refeita, melhorando a acessibilidade e a circula\u00e7\u00e3o de pedestres.<\/p>\n\n\n\n<p>De acordo com o secret\u00e1rio da Semacc, Wanderson Costa, a nova feira ser\u00e1 um espa\u00e7o moderno, funcional e acolhedor para comerciantes e consumidores.<\/p>\n\n\n\n<p>\u201cA feira \u00e9 um espa\u00e7o importante de gera\u00e7\u00e3o de renda para muitas fam\u00edlias. Com essa revitaliza\u00e7\u00e3o, estamos garantindo uma estrutura mais moderna, segura e adequada para que os permission\u00e1rios possam trabalhar com mais dignidade e atender melhor a popula\u00e7\u00e3o\u201d, afirmou o secret\u00e1rio da Semacc, Wanderson Costa.<\/p>\n\n\n\n<p>Quem tamb\u00e9m comemora a reforma \u00e9 a dona de casa Maria Ant\u00f4nia Ferreira da Costa, frequentadora da feira h\u00e1 muitos anos. Segundo ela, a revitaliza\u00e7\u00e3o do espa\u00e7o era um desejo antigo da comunidade.<\/p>\n\n\n\n<p>\u201cEu frequento a feira do 40 h\u00e1 muitos anos, e essa reforma \u00e9 um sonho antigo de quem compra aqui. A gente fica muito feliz em ver que o espa\u00e7o vai ficar mais organizado, seguro e bonito para todos\u201d, disse.<\/p>\n\n\n\n<p>Com a iniciativa, a Semacc refor\u00e7a o compromisso da gest\u00e3o municipal com a valoriza\u00e7\u00e3o do com\u00e9rcio popular, promovendo mais dignidade aos trabalhadores e mais qualidade, seguran\u00e7a e conforto para a popula\u00e7\u00e3o que frequenta as feiras da capital.<\/p>\n\n\n\n<p>&#8212; &#8212; &#8212;<\/p>\n\n\n\n<p><strong>Texto <\/strong>&#8211; Mirella Colares\/Semacc<\/p>\n\n\n\n<p><strong>Fotos<\/strong> &#8211; Gildo Smith\/Semacc<\/p>\n","protected":false},"excerpt":{"rendered":"","protected":false},"author":23,"featured_media":254135,"comment_status":"closed","ping_status":"closed","sticky":false,"template":"","format":"standard","meta":{"footnotes":""},"categories":[772],"tags":[355,19672,77,450,55],"acf":[],"yoast_head":"<!-- This site is optimized with the Yoast SEO plugin v23.0 - https:\/\/yoast.com\/wordpress\/plugins\/seo\/ -->\n<title>Feira municipal do 40: obras de revitaliza\u00e7\u00e3o<\/title>\n<meta name=\"description\" content=\"A Prefeitura de Manaus, por meio da (Semacc), intensifica, nesta segunda-feira, 9\/3, os trabalhos de revitaliza\u00e7\u00e3o da feira municipal do 40.\" \/>\n<meta name=\"robots\" content=\"index, follow, max-snippet:-1, max-image-preview:large, max-video-preview:-1\" \/>\n<link rel=\"canonical\" href=\"https:\/\/www.manaus.am.gov.br\/semcom\/prefeitura-semacc-revitalizacao-feira-municipal-do-40\/\" \/>\n<meta property=\"og:locale\" content=\"pt_BR\" \/>\n<meta property=\"og:type\" content=\"article\" \/>\n<meta property=\"og:title\" content=\"Feira municipal do 40: obras de revitaliza\u00e7\u00e3o\" \/>\n<meta property=\"og:description\" content=\"A Prefeitura de Manaus, por meio da (Semacc), intensifica, nesta segunda-feira, 9\/3, os trabalhos de revitaliza\u00e7\u00e3o da feira municipal do 40.\" \/>\n<meta property=\"og:url\" content=\"https:\/\/www.manaus.am.gov.br\/semcom\/prefeitura-semacc-revitalizacao-feira-municipal-do-40\/\" \/>\n<meta property=\"og:site_name\" content=\"SEMCOM\" \/>\n<meta property=\"article:published_time\" content=\"2026-03-09T15:37:02+00:00\" \/>\n<meta property=\"article:modified_time\" content=\"2026-03-09T16:59:29+00:00\" \/>\n<meta property=\"og:image\" content=\"https:\/\/www.manaus.am.gov.br\/semcom\/wp-content\/uploads\/sites\/5\/2026\/03\/feira-do-40.jpg\" \/>\n\t<meta property=\"og:image:width\" content=\"1000\" \/>\n\t<meta property=\"og:image:height\" content=\"750\" \/>\n\t<meta property=\"og:image:type\" content=\"image\/jpeg\" \/>\n<meta name=\"author\" content=\"Adriana Costa\" \/>\n<meta name=\"twitter:card\" content=\"summary_large_image\" \/>\n<meta name=\"twitter:label1\" content=\"Written by\" \/>\n\t<meta name=\"twitter:data1\" content=\"Adriana Costa\" \/>\n\t<meta name=\"twitter:label2\" content=\"Est. reading time\" \/>\n\t<meta name=\"twitter:data2\" content=\"3 minutos\" \/>\n<script type=\"application\/ld+json\" class=\"yoast-schema-graph\">{\"@context\":\"https:\/\/schema.org\",\"@graph\":[{\"@type\":\"WebPage\",\"@id\":\"https:\/\/www.manaus.am.gov.br\/semcom\/prefeitura-semacc-revitalizacao-feira-municipal-do-40\/\",\"url\":\"https:\/\/www.manaus.am.gov.br\/semcom\/prefeitura-semacc-revitalizacao-feira-municipal-do-40\/\",\"name\":\"Feira municipal do 40: obras de revitaliza\u00e7\u00e3o\",\"isPartOf\":{\"@id\":\"https:\/\/www.manaus.am.gov.br\/semcom\/#website\"},\"primaryImageOfPage\":{\"@id\":\"https:\/\/www.manaus.am.gov.br\/semcom\/prefeitura-semacc-revitalizacao-feira-municipal-do-40\/#primaryimage\"},\"image\":{\"@id\":\"https:\/\/www.manaus.am.gov.br\/semcom\/prefeitura-semacc-revitalizacao-feira-municipal-do-40\/#primaryimage\"},\"thumbnailUrl\":\"https:\/\/www.manaus.am.gov.br\/semcom\/wp-content\/uploads\/sites\/5\/2026\/03\/feira-do-40.jpg\",\"datePublished\":\"2026-03-09T15:37:02+00:00\",\"dateModified\":\"2026-03-09T16:59:29+00:00\",\"author\":{\"@id\":\"https:\/\/www.manaus.am.gov.br\/semcom\/#\/schema\/person\/4e49f4e267757a06ca072ec61b2b9968\"},\"description\":\"A Prefeitura de Manaus, por meio da (Semacc), intensifica, nesta segunda-feira, 9\/3, os trabalhos de revitaliza\u00e7\u00e3o da feira municipal do 40.\",\"inLanguage\":\"pt-BR\",\"potentialAction\":[{\"@type\":\"ReadAction\",\"target\":[\"https:\/\/www.manaus.am.gov.br\/semcom\/prefeitura-semacc-revitalizacao-feira-municipal-do-40\/\"]}]},{\"@type\":\"ImageObject\",\"inLanguage\":\"pt-BR\",\"@id\":\"https:\/\/www.manaus.am.gov.br\/semcom\/prefeitura-semacc-revitalizacao-feira-municipal-do-40\/#primaryimage\",\"url\":\"https:\/\/www.manaus.am.gov.br\/semcom\/wp-content\/uploads\/sites\/5\/2026\/03\/feira-do-40.jpg\",\"contentUrl\":\"https:\/\/www.manaus.am.gov.br\/semcom\/wp-content\/uploads\/sites\/5\/2026\/03\/feira-do-40.jpg\",\"width\":1000,\"height\":750,\"caption\":\"#paratodosverem - Vista a\u00e9rea da feira municipal do 40\"},{\"@type\":\"WebSite\",\"@id\":\"https:\/\/www.manaus.am.gov.br\/semcom\/#website\",\"url\":\"https:\/\/www.manaus.am.gov.br\/semcom\/\",\"name\":\"SEMCOM\",\"description\":\"Secretaria Municipal de Comunica\u00e7\u00e3o\",\"potentialAction\":[{\"@type\":\"SearchAction\",\"target\":{\"@type\":\"EntryPoint\",\"urlTemplate\":\"https:\/\/www.manaus.am.gov.br\/semcom\/?s={search_term_string}\"},\"query-input\":\"required name=search_term_string\"}],\"inLanguage\":\"pt-BR\"},{\"@type\":\"Person\",\"@id\":\"https:\/\/www.manaus.am.gov.br\/semcom\/#\/schema\/person\/4e49f4e267757a06ca072ec61b2b9968\",\"name\":\"Adriana Costa\",\"image\":{\"@type\":\"ImageObject\",\"inLanguage\":\"pt-BR\",\"@id\":\"https:\/\/www.manaus.am.gov.br\/semcom\/#\/schema\/person\/image\/\",\"url\":\"https:\/\/secure.gravatar.com\/avatar\/576258617ef7194f718179e766d57bd4?s=96&d=mm&r=g\",\"contentUrl\":\"https:\/\/secure.gravatar.com\/avatar\/576258617ef7194f718179e766d57bd4?s=96&d=mm&r=g\",\"caption\":\"Adriana Costa\"}}]}<\/script>\n<!-- \/ Yoast SEO plugin. -->","yoast_head_json":{"title":"Feira municipal do 40: obras de revitaliza\u00e7\u00e3o","description":"A Prefeitura de Manaus, por meio da (Semacc), intensifica, nesta segunda-feira, 9\/3, os trabalhos de revitaliza\u00e7\u00e3o da feira municipal do 40.","robots":{"index":"index","follow":"follow","max-snippet":"max-snippet:-1","max-image-preview":"max-image-preview:large","max-video-preview":"max-video-preview:-1"},"canonical":"https:\/\/www.manaus.am.gov.br\/semcom\/prefeitura-semacc-revitalizacao-feira-municipal-do-40\/","og_locale":"pt_BR","og_type":"article","og_title":"Feira municipal do 40: obras de revitaliza\u00e7\u00e3o","og_description":"A Prefeitura de Manaus, por meio da (Semacc), intensifica, nesta segunda-feira, 9\/3, os trabalhos de revitaliza\u00e7\u00e3o da feira municipal do 40.","og_url":"https:\/\/www.manaus.am.gov.br\/semcom\/prefeitura-semacc-revitalizacao-feira-municipal-do-40\/","og_site_name":"SEMCOM","article_published_time":"2026-03-09T15:37:02+00:00","article_modified_time":"2026-03-09T16:59:29+00:00","og_image":[{"width":1000,"height":750,"url":"https:\/\/www.manaus.am.gov.br\/semcom\/wp-content\/uploads\/sites\/5\/2026\/03\/feira-do-40.jpg","type":"image\/jpeg"}],"author":"Adriana Costa","twitter_card":"summary_large_image","twitter_misc":{"Written by":"Adriana Costa","Est. reading time":"3 minutos"},"schema":{"@context":"https:\/\/schema.org","@graph":[{"@type":"WebPage","@id":"https:\/\/www.manaus.am.gov.br\/semcom\/prefeitura-semacc-revitalizacao-feira-municipal-do-40\/","url":"https:\/\/www.manaus.am.gov.br\/semcom\/prefeitura-semacc-revitalizacao-feira-municipal-do-40\/","name":"Feira municipal do 40: obras de revitaliza\u00e7\u00e3o","isPartOf":{"@id":"https:\/\/www.manaus.am.gov.br\/semcom\/#website"},"primaryImageOfPage":{"@id":"https:\/\/www.manaus.am.gov.br\/semcom\/prefeitura-semacc-revitalizacao-feira-municipal-do-40\/#primaryimage"},"image":{"@id":"https:\/\/www.manaus.am.gov.br\/semcom\/prefeitura-semacc-revitalizacao-feira-municipal-do-40\/#primaryimage"},"thumbnailUrl":"https:\/\/www.manaus.am.gov.br\/semcom\/wp-content\/uploads\/sites\/5\/2026\/03\/feira-do-40.jpg","datePublished":"2026-03-09T15:37:02+00:00","dateModified":"2026-03-09T16:59:29+00:00","author":{"@id":"https:\/\/www.manaus.am.gov.br\/semcom\/#\/schema\/person\/4e49f4e267757a06ca072ec61b2b9968"},"description":"A Prefeitura de Manaus, por meio da (Semacc), intensifica, nesta segunda-feira, 9\/3, os trabalhos de revitaliza\u00e7\u00e3o da feira municipal do 40.","inLanguage":"pt-BR","potentialAction":[{"@type":"ReadAction","target":["https:\/\/www.manaus.am.gov.br\/semcom\/prefeitura-semacc-revitalizacao-feira-municipal-do-40\/"]}]},{"@type":"ImageObject","inLanguage":"pt-BR","@id":"https:\/\/www.manaus.am.gov.br\/semcom\/prefeitura-semacc-revitalizacao-feira-municipal-do-40\/#primaryimage","url":"https:\/\/www.manaus.am.gov.br\/semcom\/wp-content\/uploads\/sites\/5\/2026\/03\/feira-do-40.jpg","contentUrl":"https:\/\/www.manaus.am.gov.br\/semcom\/wp-content\/uploads\/sites\/5\/2026\/03\/feira-do-40.jpg","width":1000,"height":750,"caption":"#paratodosverem - Vista a\u00e9rea da feira municipal do 40"},{"@type":"WebSite","@id":"https:\/\/www.manaus.am.gov.br\/semcom\/#website","url":"https:\/\/www.manaus.am.gov.br\/semcom\/","name":"SEMCOM","description":"Secretaria Municipal de Comunica\u00e7\u00e3o","potentialAction":[{"@type":"SearchAction","target":{"@type":"EntryPoint","urlTemplate":"https:\/\/www.manaus.am.gov.br\/semcom\/?s={search_term_string}"},"query-input":"required name=search_term_string"}],"inLanguage":"pt-BR"},{"@type":"Person","@id":"https:\/\/www.manaus.am.gov.br\/semcom\/#\/schema\/person\/4e49f4e267757a06ca072ec61b2b9968","name":"Adriana Costa","image":{"@type":"ImageObject","inLanguage":"pt-BR","@id":"https:\/\/www.manaus.am.gov.br\/semcom\/#\/schema\/person\/image\/","url":"https:\/\/secure.gravatar.com\/avatar\/576258617ef7194f718179e766d57bd4?s=96&d=mm&r=g","contentUrl":"https:\/\/secure.gravatar.com\/avatar\/576258617ef7194f718179e766d57bd4?s=96&d=mm&r=g","caption":"Adriana Costa"}}]}},"_links":{"self":[{"href":"https:\/\/www.manaus.am.gov.br\/semcom\/wp-json\/wp\/v2\/posts\/254134"}],"collection":[{"href":"https:\/\/www.manaus.am.gov.br\/semcom\/wp-json\/wp\/v2\/posts"}],"about":[{"href":"https:\/\/www.manaus.am.gov.br\/semcom\/wp-json\/wp\/v2\/types\/post"}],"author":[{"embeddable":true,"href":"https:\/\/www.manaus.am.gov.br\/semcom\/wp-json\/wp\/v2\/users\/23"}],"replies":[{"embeddable":true,"href":"https:\/\/www.manaus.am.gov.br\/semcom\/wp-json\/wp\/v2\/comments?post=254134"}],"version-history":[{"count":1,"href":"https:\/\/www.manaus.am.gov.br\/semcom\/wp-json\/wp\/v2\/posts\/254134\/revisions"}],"predecessor-version":[{"id":254148,"href":"https:\/\/www.manaus.am.gov.br\/semcom\/wp-json\/wp\/v2\/posts\/254134\/revisions\/254148"}],"wp:featuredmedia":[{"embeddable":true,"href":"https:\/\/www.manaus.am.gov.br\/semcom\/wp-json\/wp\/v2\/media\/254135"}],"wp:attachment":[{"href":"https:\/\/www.manaus.am.gov.br\/semcom\/wp-json\/wp\/v2\/media?parent=254134"}],"wp:term":[{"taxonomy":"category","embeddable":true,"href":"https:\/\/www.manaus.am.gov.br\/semcom\/wp-json\/wp\/v2\/categories?post=254134"},{"taxonomy":"post_tag","embeddable":true,"href":"https:\/\/www.manaus.am.gov.br\/semcom\/wp-json\/wp\/v2\/tags?post=254134"}],"curies":[{"name":"wp","href":"https:\/\/api.w.org\/{rel}","templated":true}]}}