{"id":254120,"date":"2026-03-08T18:05:42","date_gmt":"2026-03-08T21:05:42","guid":{"rendered":"https:\/\/www.manaus.am.gov.br\/semcom\/davidalmeida-anuncio-edital-guarda\/"},"modified":"2026-03-09T13:51:00","modified_gmt":"2026-03-09T16:51:00","slug":"davidalmeida-anuncio-edital-guarda","status":"publish","type":"post","link":"https:\/\/www.manaus.am.gov.br\/semcom\/davidalmeida-anuncio-edital-guarda\/","title":{"rendered":"David Almeida anuncia data de lan\u00e7amento do edital de concurso com 590 vagas para a Guarda Municipal e refor\u00e7a expans\u00e3o da seguran\u00e7a urbana em Manaus"},"content":{"rendered":"\n<p>O prefeito de Manaus, David Almeida, anunciou, neste domingo, 8\/3, que o edital do novo concurso p\u00fablico da Guarda Municipal de Manaus (GMM) ser\u00e1 lan\u00e7ado no dia 23 de mar\u00e7o. O certame prev\u00ea 590 vagas para refor\u00e7ar o efetivo da corpora\u00e7\u00e3o e ampliar a presen\u00e7a da seguran\u00e7a municipal nos espa\u00e7os p\u00fablicos da capital amazonense.<\/p>\n\n\n\n<p>O an\u00fancio foi feito durante um aul\u00e3o voltado a concurseiros realizado na cidade. A sele\u00e7\u00e3o integra o processo de fortalecimento institucional da Guarda Municipal conduzido pela atual gest\u00e3o, que vem ampliando o efetivo, modernizando equipamentos e estruturando novas bases operacionais em diferentes zonas da cidade.<\/p>\n\n\n\n<p>\u201cFico muito feliz de ver tantos jovens e profissionais se preparando para, quem sabe, integrar os quadros da Guarda Municipal de Manaus. A nossa gest\u00e3o tem valorizado o servi\u00e7o p\u00fablico por meio de concursos. J\u00e1 realizamos sele\u00e7\u00f5es importantes na prefeitura e, agora, no dia 23, vamos lan\u00e7ar o edital do novo concurso da Guarda Municipal\u201d, afirmou o prefeito David Almeida.<\/p>\n\n\n\n<p>Das 590 vagas previstas, os 150 primeiros colocados ser\u00e3o convocados inicialmente, enquanto os demais aprovados ser\u00e3o chamados de forma gradual ao longo do ano, conforme o cronograma que ser\u00e1 estabelecido no edital.<\/p>\n\n\n\n<p>De acordo com o secret\u00e1rio municipal de Seguran\u00e7a P\u00fablica e Defesa Social, Alberto Siqueira, o edital trar\u00e1 todas as etapas do certame e o planejamento de convoca\u00e7\u00e3o dos aprovados.<\/p>\n\n\n\n<p>\u201cO prefeito David Almeida ir\u00e1 anunciar o edital do concurso da Guarda Municipal durante coletiva marcada para o dia 23. A expectativa \u00e9 grande, porque a Guarda Municipal de Manaus \u00e9, hoje, uma das corpora\u00e7\u00f5es que mais crescem no pa\u00eds. O edital j\u00e1 trar\u00e1 todo o cronograma do concurso e o chamamento dos aprovados ser\u00e1 feito de forma intercalada nos pr\u00f3ximos anos. A forma\u00e7\u00e3o ser\u00e1 realizada pela Academia da Guarda Municipal, que tamb\u00e9m ser\u00e1 inaugurada pelo prefeito\u201d, destacou o secret\u00e1rio.<\/p>\n\n\n\n<p>Segundo ele, a prefeitura j\u00e1 estruturou a log\u00edstica necess\u00e1ria para a chegada dos novos agentes, incluindo equipamentos, armamentos e o planejamento do curso de forma\u00e7\u00e3o.<\/p>\n\n\n\n<p><strong>Reestrutura\u00e7\u00e3o hist\u00f3rica<\/strong><\/p>\n\n\n\n<p>Com 77 anos de hist\u00f3ria, a Guarda Municipal de Manaus passou por um processo de reestrutura\u00e7\u00e3o nos \u00faltimos anos.<\/p>\n\n\n\n<p>Ao assumir a Prefeitura de Manaus em 2021, o prefeito David Almeida encontrou uma corpora\u00e7\u00e3o com pouco mais de 500 guardas municipais, muitos deles vinculados ao Regime de Direito Administrativo (RDA), al\u00e9m de apenas duas viaturas operacionais, ambas com mais de uma d\u00e9cada de uso.<\/p>\n\n\n\n<p>Um epis\u00f3dio ocorrido naquele mesmo ano marcou a mudan\u00e7a de estrat\u00e9gia da gest\u00e3o municipal. Durante ataques criminosos contra \u00f4nibus e pr\u00e9dios p\u00fablicos na capital, guardas municipais presenciaram a\u00e7\u00f5es de criminosos armados sem condi\u00e7\u00f5es de rea\u00e7\u00e3o, situa\u00e7\u00e3o que levou a prefeitura a acelerar o processo de fortalecimento da corpora\u00e7\u00e3o.<\/p>\n\n\n\n<p>A partir de ent\u00e3o, a gest\u00e3o municipal iniciou um conjunto de medidas para modernizar a institui\u00e7\u00e3o, com investimentos em armamento institucional, treinamento operacional, aquisi\u00e7\u00e3o de equipamentos e amplia\u00e7\u00e3o da estrutura de atua\u00e7\u00e3o da Guarda Municipal.<\/p>\n\n\n\n<p>Hoje, a corpora\u00e7\u00e3o conta com quase 500 agentes armados, mais de 80 viaturas operacionais, incluindo ve\u00edculos blindados, al\u00e9m da implanta\u00e7\u00e3o de n\u00facleos operacionais em diferentes zonas da cidade.<\/p>\n\n\n\n<p>Na zona Leste, por exemplo, foi implantado um n\u00facleo mais estruturado da Guarda Municipal, com base operacional ampliada e canil especializado, refor\u00e7ando o patrulhamento preventivo na regi\u00e3o mais populosa da capital.<\/p>\n\n\n\n<p><strong>Academia de Forma\u00e7\u00e3o<\/strong><\/p>\n\n\n\n<p>Outro avan\u00e7o anunciado pela gest\u00e3o municipal \u00e9 a cria\u00e7\u00e3o da Academia de Forma\u00e7\u00e3o da Guarda Municipal da Amaz\u00f4nia, que ser\u00e1 respons\u00e1vel pela capacita\u00e7\u00e3o e treinamento dos novos agentes.<\/p>\n\n\n\n<p>A estrutura permitir\u00e1 forma\u00e7\u00e3o permanente, treinamento t\u00e9cnico e qualifica\u00e7\u00e3o profissional dos guardas municipais, consolidando Manaus como refer\u00eancia regional na forma\u00e7\u00e3o de for\u00e7as de seguran\u00e7a municipais.<\/p>\n\n\n\n<p>Com o novo concurso p\u00fablico e a amplia\u00e7\u00e3o da estrutura operacional da corpora\u00e7\u00e3o, a Prefeitura de Manaus busca fortalecer a presen\u00e7a da Guarda Municipal nas ruas e ampliar a contribui\u00e7\u00e3o do munic\u00edpio para a seguran\u00e7a p\u00fablica da capital amazonense.<\/p>\n\n\n\n<p>&#8212; &#8212; &#8212;<\/p>\n\n\n\n<p><strong>Texto <\/strong>&#8211; Emanuelle Baires \/ Semcom-Prefeito<\/p>\n\n\n\n<p><strong>Fotos <\/strong>&#8211; Dhyeizo Lemos \/ Semcom-Prefeito<\/p>\n","protected":false},"excerpt":{"rendered":"","protected":false},"author":23,"featured_media":254121,"comment_status":"closed","ping_status":"closed","sticky":false,"template":"","format":"standard","meta":{"footnotes":""},"categories":[1628],"tags":[282,945,484,101],"acf":[],"yoast_head":"<!-- This site is optimized with the Yoast SEO plugin v23.0 - https:\/\/yoast.com\/wordpress\/plugins\/seo\/ -->\n<title>David Almeida anuncia data de lan\u00e7amento do edital de concurso com 590 vagas para a Guarda Municipal e refor\u00e7a expans\u00e3o da seguran\u00e7a urbana em Manaus<\/title>\n<meta name=\"description\" content=\"O prefeito de Manaus, David Almeida, anunciou, neste domingo, 8\/3, que o edital do novo concurso p\u00fablico da Guarda Municipal de Manaus (GMM) ser\u00e1 lan\u00e7ado no dia 23 de mar\u00e7o.\" \/>\n<meta name=\"robots\" content=\"index, follow, max-snippet:-1, max-image-preview:large, max-video-preview:-1\" \/>\n<link rel=\"canonical\" href=\"https:\/\/www.manaus.am.gov.br\/semcom\/davidalmeida-anuncio-edital-guarda\/\" \/>\n<meta property=\"og:locale\" content=\"pt_BR\" \/>\n<meta property=\"og:type\" content=\"article\" \/>\n<meta property=\"og:title\" content=\"David Almeida anuncia data de lan\u00e7amento do edital de concurso com 590 vagas para a Guarda Municipal e refor\u00e7a expans\u00e3o da seguran\u00e7a urbana em Manaus\" \/>\n<meta property=\"og:description\" content=\"O prefeito de Manaus, David Almeida, anunciou, neste domingo, 8\/3, que o edital do novo concurso p\u00fablico da Guarda Municipal de Manaus (GMM) ser\u00e1 lan\u00e7ado no dia 23 de mar\u00e7o.\" \/>\n<meta property=\"og:url\" content=\"https:\/\/www.manaus.am.gov.br\/semcom\/davidalmeida-anuncio-edital-guarda\/\" \/>\n<meta property=\"og:site_name\" content=\"SEMCOM\" \/>\n<meta property=\"article:published_time\" content=\"2026-03-08T21:05:42+00:00\" \/>\n<meta property=\"article:modified_time\" content=\"2026-03-09T16:51:00+00:00\" \/>\n<meta property=\"og:image\" content=\"https:\/\/www.manaus.am.gov.br\/semcom\/wp-content\/uploads\/sites\/5\/2026\/03\/WhatsApp-Image-2026-03-08-at-14.52.59.jpeg\" \/>\n\t<meta property=\"og:image:width\" content=\"4160\" \/>\n\t<meta property=\"og:image:height\" content=\"2773\" \/>\n\t<meta property=\"og:image:type\" content=\"image\/jpeg\" \/>\n<meta name=\"author\" content=\"Adriana Costa\" \/>\n<meta name=\"twitter:card\" content=\"summary_large_image\" \/>\n<meta name=\"twitter:label1\" content=\"Written by\" \/>\n\t<meta name=\"twitter:data1\" content=\"Adriana Costa\" \/>\n\t<meta name=\"twitter:label2\" content=\"Est. reading time\" \/>\n\t<meta name=\"twitter:data2\" content=\"4 minutos\" \/>\n<script type=\"application\/ld+json\" class=\"yoast-schema-graph\">{\"@context\":\"https:\/\/schema.org\",\"@graph\":[{\"@type\":\"WebPage\",\"@id\":\"https:\/\/www.manaus.am.gov.br\/semcom\/davidalmeida-anuncio-edital-guarda\/\",\"url\":\"https:\/\/www.manaus.am.gov.br\/semcom\/davidalmeida-anuncio-edital-guarda\/\",\"name\":\"David Almeida anuncia data de lan\u00e7amento do edital de concurso com 590 vagas para a Guarda Municipal e refor\u00e7a expans\u00e3o da seguran\u00e7a urbana em Manaus\",\"isPartOf\":{\"@id\":\"https:\/\/www.manaus.am.gov.br\/semcom\/#website\"},\"primaryImageOfPage\":{\"@id\":\"https:\/\/www.manaus.am.gov.br\/semcom\/davidalmeida-anuncio-edital-guarda\/#primaryimage\"},\"image\":{\"@id\":\"https:\/\/www.manaus.am.gov.br\/semcom\/davidalmeida-anuncio-edital-guarda\/#primaryimage\"},\"thumbnailUrl\":\"https:\/\/www.manaus.am.gov.br\/semcom\/wp-content\/uploads\/sites\/5\/2026\/03\/WhatsApp-Image-2026-03-08-at-14.52.59.jpeg\",\"datePublished\":\"2026-03-08T21:05:42+00:00\",\"dateModified\":\"2026-03-09T16:51:00+00:00\",\"author\":{\"@id\":\"https:\/\/www.manaus.am.gov.br\/semcom\/#\/schema\/person\/4e49f4e267757a06ca072ec61b2b9968\"},\"description\":\"O prefeito de Manaus, David Almeida, anunciou, neste domingo, 8\/3, que o edital do novo concurso p\u00fablico da Guarda Municipal de Manaus (GMM) ser\u00e1 lan\u00e7ado no dia 23 de mar\u00e7o.\",\"inLanguage\":\"pt-BR\",\"potentialAction\":[{\"@type\":\"ReadAction\",\"target\":[\"https:\/\/www.manaus.am.gov.br\/semcom\/davidalmeida-anuncio-edital-guarda\/\"]}]},{\"@type\":\"ImageObject\",\"inLanguage\":\"pt-BR\",\"@id\":\"https:\/\/www.manaus.am.gov.br\/semcom\/davidalmeida-anuncio-edital-guarda\/#primaryimage\",\"url\":\"https:\/\/www.manaus.am.gov.br\/semcom\/wp-content\/uploads\/sites\/5\/2026\/03\/WhatsApp-Image-2026-03-08-at-14.52.59.jpeg\",\"contentUrl\":\"https:\/\/www.manaus.am.gov.br\/semcom\/wp-content\/uploads\/sites\/5\/2026\/03\/WhatsApp-Image-2026-03-08-at-14.52.59.jpeg\",\"width\":4160,\"height\":2773,\"caption\":\"#paratodosverem - David Almeida, secret\u00e1rio Alberto Siqueira e concurseiros de Manaus\"},{\"@type\":\"WebSite\",\"@id\":\"https:\/\/www.manaus.am.gov.br\/semcom\/#website\",\"url\":\"https:\/\/www.manaus.am.gov.br\/semcom\/\",\"name\":\"SEMCOM\",\"description\":\"Secretaria Municipal de Comunica\u00e7\u00e3o\",\"potentialAction\":[{\"@type\":\"SearchAction\",\"target\":{\"@type\":\"EntryPoint\",\"urlTemplate\":\"https:\/\/www.manaus.am.gov.br\/semcom\/?s={search_term_string}\"},\"query-input\":\"required name=search_term_string\"}],\"inLanguage\":\"pt-BR\"},{\"@type\":\"Person\",\"@id\":\"https:\/\/www.manaus.am.gov.br\/semcom\/#\/schema\/person\/4e49f4e267757a06ca072ec61b2b9968\",\"name\":\"Adriana Costa\",\"image\":{\"@type\":\"ImageObject\",\"inLanguage\":\"pt-BR\",\"@id\":\"https:\/\/www.manaus.am.gov.br\/semcom\/#\/schema\/person\/image\/\",\"url\":\"https:\/\/secure.gravatar.com\/avatar\/576258617ef7194f718179e766d57bd4?s=96&d=mm&r=g\",\"contentUrl\":\"https:\/\/secure.gravatar.com\/avatar\/576258617ef7194f718179e766d57bd4?s=96&d=mm&r=g\",\"caption\":\"Adriana Costa\"}}]}<\/script>\n<!-- \/ Yoast SEO plugin. -->","yoast_head_json":{"title":"David Almeida anuncia data de lan\u00e7amento do edital de concurso com 590 vagas para a Guarda Municipal e refor\u00e7a expans\u00e3o da seguran\u00e7a urbana em Manaus","description":"O prefeito de Manaus, David Almeida, anunciou, neste domingo, 8\/3, que o edital do novo concurso p\u00fablico da Guarda Municipal de Manaus (GMM) ser\u00e1 lan\u00e7ado no dia 23 de mar\u00e7o.","robots":{"index":"index","follow":"follow","max-snippet":"max-snippet:-1","max-image-preview":"max-image-preview:large","max-video-preview":"max-video-preview:-1"},"canonical":"https:\/\/www.manaus.am.gov.br\/semcom\/davidalmeida-anuncio-edital-guarda\/","og_locale":"pt_BR","og_type":"article","og_title":"David Almeida anuncia data de lan\u00e7amento do edital de concurso com 590 vagas para a Guarda Municipal e refor\u00e7a expans\u00e3o da seguran\u00e7a urbana em Manaus","og_description":"O prefeito de Manaus, David Almeida, anunciou, neste domingo, 8\/3, que o edital do novo concurso p\u00fablico da Guarda Municipal de Manaus (GMM) ser\u00e1 lan\u00e7ado no dia 23 de mar\u00e7o.","og_url":"https:\/\/www.manaus.am.gov.br\/semcom\/davidalmeida-anuncio-edital-guarda\/","og_site_name":"SEMCOM","article_published_time":"2026-03-08T21:05:42+00:00","article_modified_time":"2026-03-09T16:51:00+00:00","og_image":[{"width":4160,"height":2773,"url":"https:\/\/www.manaus.am.gov.br\/semcom\/wp-content\/uploads\/sites\/5\/2026\/03\/WhatsApp-Image-2026-03-08-at-14.52.59.jpeg","type":"image\/jpeg"}],"author":"Adriana Costa","twitter_card":"summary_large_image","twitter_misc":{"Written by":"Adriana Costa","Est. reading time":"4 minutos"},"schema":{"@context":"https:\/\/schema.org","@graph":[{"@type":"WebPage","@id":"https:\/\/www.manaus.am.gov.br\/semcom\/davidalmeida-anuncio-edital-guarda\/","url":"https:\/\/www.manaus.am.gov.br\/semcom\/davidalmeida-anuncio-edital-guarda\/","name":"David Almeida anuncia data de lan\u00e7amento do edital de concurso com 590 vagas para a Guarda Municipal e refor\u00e7a expans\u00e3o da seguran\u00e7a urbana em Manaus","isPartOf":{"@id":"https:\/\/www.manaus.am.gov.br\/semcom\/#website"},"primaryImageOfPage":{"@id":"https:\/\/www.manaus.am.gov.br\/semcom\/davidalmeida-anuncio-edital-guarda\/#primaryimage"},"image":{"@id":"https:\/\/www.manaus.am.gov.br\/semcom\/davidalmeida-anuncio-edital-guarda\/#primaryimage"},"thumbnailUrl":"https:\/\/www.manaus.am.gov.br\/semcom\/wp-content\/uploads\/sites\/5\/2026\/03\/WhatsApp-Image-2026-03-08-at-14.52.59.jpeg","datePublished":"2026-03-08T21:05:42+00:00","dateModified":"2026-03-09T16:51:00+00:00","author":{"@id":"https:\/\/www.manaus.am.gov.br\/semcom\/#\/schema\/person\/4e49f4e267757a06ca072ec61b2b9968"},"description":"O prefeito de Manaus, David Almeida, anunciou, neste domingo, 8\/3, que o edital do novo concurso p\u00fablico da Guarda Municipal de Manaus (GMM) ser\u00e1 lan\u00e7ado no dia 23 de mar\u00e7o.","inLanguage":"pt-BR","potentialAction":[{"@type":"ReadAction","target":["https:\/\/www.manaus.am.gov.br\/semcom\/davidalmeida-anuncio-edital-guarda\/"]}]},{"@type":"ImageObject","inLanguage":"pt-BR","@id":"https:\/\/www.manaus.am.gov.br\/semcom\/davidalmeida-anuncio-edital-guarda\/#primaryimage","url":"https:\/\/www.manaus.am.gov.br\/semcom\/wp-content\/uploads\/sites\/5\/2026\/03\/WhatsApp-Image-2026-03-08-at-14.52.59.jpeg","contentUrl":"https:\/\/www.manaus.am.gov.br\/semcom\/wp-content\/uploads\/sites\/5\/2026\/03\/WhatsApp-Image-2026-03-08-at-14.52.59.jpeg","width":4160,"height":2773,"caption":"#paratodosverem - David Almeida, secret\u00e1rio Alberto Siqueira e concurseiros de Manaus"},{"@type":"WebSite","@id":"https:\/\/www.manaus.am.gov.br\/semcom\/#website","url":"https:\/\/www.manaus.am.gov.br\/semcom\/","name":"SEMCOM","description":"Secretaria Municipal de Comunica\u00e7\u00e3o","potentialAction":[{"@type":"SearchAction","target":{"@type":"EntryPoint","urlTemplate":"https:\/\/www.manaus.am.gov.br\/semcom\/?s={search_term_string}"},"query-input":"required name=search_term_string"}],"inLanguage":"pt-BR"},{"@type":"Person","@id":"https:\/\/www.manaus.am.gov.br\/semcom\/#\/schema\/person\/4e49f4e267757a06ca072ec61b2b9968","name":"Adriana Costa","image":{"@type":"ImageObject","inLanguage":"pt-BR","@id":"https:\/\/www.manaus.am.gov.br\/semcom\/#\/schema\/person\/image\/","url":"https:\/\/secure.gravatar.com\/avatar\/576258617ef7194f718179e766d57bd4?s=96&d=mm&r=g","contentUrl":"https:\/\/secure.gravatar.com\/avatar\/576258617ef7194f718179e766d57bd4?s=96&d=mm&r=g","caption":"Adriana Costa"}}]}},"_links":{"self":[{"href":"https:\/\/www.manaus.am.gov.br\/semcom\/wp-json\/wp\/v2\/posts\/254120"}],"collection":[{"href":"https:\/\/www.manaus.am.gov.br\/semcom\/wp-json\/wp\/v2\/posts"}],"about":[{"href":"https:\/\/www.manaus.am.gov.br\/semcom\/wp-json\/wp\/v2\/types\/post"}],"author":[{"embeddable":true,"href":"https:\/\/www.manaus.am.gov.br\/semcom\/wp-json\/wp\/v2\/users\/23"}],"replies":[{"embeddable":true,"href":"https:\/\/www.manaus.am.gov.br\/semcom\/wp-json\/wp\/v2\/comments?post=254120"}],"version-history":[{"count":1,"href":"https:\/\/www.manaus.am.gov.br\/semcom\/wp-json\/wp\/v2\/posts\/254120\/revisions"}],"predecessor-version":[{"id":254144,"href":"https:\/\/www.manaus.am.gov.br\/semcom\/wp-json\/wp\/v2\/posts\/254120\/revisions\/254144"}],"wp:featuredmedia":[{"embeddable":true,"href":"https:\/\/www.manaus.am.gov.br\/semcom\/wp-json\/wp\/v2\/media\/254121"}],"wp:attachment":[{"href":"https:\/\/www.manaus.am.gov.br\/semcom\/wp-json\/wp\/v2\/media?parent=254120"}],"wp:term":[{"taxonomy":"category","embeddable":true,"href":"https:\/\/www.manaus.am.gov.br\/semcom\/wp-json\/wp\/v2\/categories?post=254120"},{"taxonomy":"post_tag","embeddable":true,"href":"https:\/\/www.manaus.am.gov.br\/semcom\/wp-json\/wp\/v2\/tags?post=254120"}],"curies":[{"name":"wp","href":"https:\/\/api.w.org\/{rel}","templated":true}]}}