{"id":254117,"date":"2026-03-08T15:05:32","date_gmt":"2026-03-08T18:05:32","guid":{"rendered":"https:\/\/www.manaus.am.gov.br\/semcom\/manaus-celebra-a-forca-da-cultura-amazonense-em-noite-de-homenagens-no-teatro-amazonas\/"},"modified":"2026-03-09T13:50:29","modified_gmt":"2026-03-09T16:50:29","slug":"prefeitura-concultura-manaus-das-artes","status":"publish","type":"post","link":"https:\/\/www.manaus.am.gov.br\/semcom\/prefeitura-concultura-manaus-das-artes\/","title":{"rendered":"Manaus celebra a for\u00e7a da cultura amazonense em noite de homenagens no Teatro Amazonas"},"content":{"rendered":"\n<p>Em uma noite marcada por emo\u00e7\u00e3o, reconhecimento e celebra\u00e7\u00e3o da identidade cultural do povo amazonense, a <a href=\"https:\/\/www.manaus.am.gov.br\/\">Prefeitura de Manaus<\/a>, por meio do <a href=\"https:\/\/www.instagram.com\/conculturamao\/\">Conselho Municipal de Cultura<\/a> (Concultura), realizou, na noite de sexta-feira, 6\/3, no Teatro Amazonas, mais uma edi\u00e7\u00e3o do \u201cManaus das Artes\u201d, uma honraria dedicada aos artistas que fazem da produ\u00e7\u00e3o cultural local um s\u00edmbolo de for\u00e7a, resist\u00eancia e orgulho das nossas ra\u00edzes.<\/p>\n\n\n\n<p><br>O evento reafirmou o compromisso do munic\u00edpio com a valoriza\u00e7\u00e3o da classe art\u00edstica, reunindo representantes de 15 segmentos culturais: literatura, m\u00fasica, cultura popular, dan\u00e7a, teatro, audiovisual, cultura \u00e9tnica, artes visuais, artes pl\u00e1sticas, dramaturgia, hip-hop, grafite, circo, samba e folclore. Ao todo, 49 artistas receberam placas de honra ao m\u00e9rito, reconhecendo suas trajet\u00f3rias e contribui\u00e7\u00f5es para o fortalecimento da cultura amazonense.<\/p>\n\n\n\n<p><br>Para o presidente do Conselho Municipal de Cultura, Tony Medeiros, o \u201cManaus das Artes\u201d significa mais do que uma homenagem. \u201cA a\u00e7\u00e3o do Concultura \u00e9 um reconhecimento a todos os segmentos e artistas que ajudam a construir a cultura da nossa cidade, fortalecendo a nossa identidade. Nessa noite, onde tivemos a presen\u00e7a de todos esses segmentos, reafirmamos o compromisso da Prefeitura de Manaus com as pol\u00edticas p\u00fablicas culturais do munic\u00edpio\u201d, disse.<\/p>\n\n\n\n<p><br>Uma celebra\u00e7\u00e3o da arte em todas as suas formas<br>A programa\u00e7\u00e3o art\u00edstica da noite refor\u00e7ou a diversidade que caracteriza a produ\u00e7\u00e3o cultural de Manaus. Subiram ao palco a Orquestra de C\u00e2mara de Manaus, trazendo a eleg\u00e2ncia da m\u00fasica erudita; o Corpo de Dan\u00e7a de Manaus, com performances que exaltam a expressividade corporal; a rapper Lua Negra, representando a pot\u00eancia da cena urbana; o cantor Leonardo Castelo; Jo\u00e3o Paulo, amo do boi Garantido, levando a energia do boi-bumb\u00e1; a batucada e o pr\u00f3prio boi Garantido, encerrando a noite com a for\u00e7a do folclore amaz\u00f4nico.<\/p>\n\n\n\n<p><br>Cada apresenta\u00e7\u00e3o refor\u00e7ou o papel da arte como elemento de identidade e uni\u00e3o, conectando passado, presente e futuro da cultura local.<\/p>\n\n\n\n<p><br>A atriz Rosa Malagueta foi uma das homenageadas da noite no segmento de audiovisual. Ela falou sobre a import\u00e2ncia de receber esse tipo de homenagem como reconhecimento do talento que os artistas manauaras possuem.<\/p>\n\n\n\n<p><br>Para a fazedora de cultura, Mestra Mainha, esse tipo de homenagem refor\u00e7a o ideal de arte e cidadania que os artistas precisam, valorizando o fazer art\u00edstico em todos os \u00e2mbitos da cultura.<br><br><br>Reconhecimento que fortalece a classe art\u00edstica,<br>o \u201cManaus das Artes\u201d se consolida como uma das mais importantes iniciativas de valoriza\u00e7\u00e3o cultural da capital amazonense. Ao reconhecer artistas de diferentes gera\u00e7\u00f5es e linguagens, o evento reafirma a import\u00e2ncia de pol\u00edticas p\u00fablicas que estimulem a produ\u00e7\u00e3o, preservem tradi\u00e7\u00f5es e impulsionem novos talentos.<\/p>\n\n\n\n<p><br>Para a classe art\u00edstica, a\u00e7\u00f5es como essa representam mais do que homenagens: s\u00e3o instrumentos de visibilidade, incentivo e respeito. Em um cen\u00e1rio onde a arte frequentemente enfrenta desafios estruturais, o reconhecimento institucional se torna fundamental para fortalecer trajet\u00f3rias e inspirar novas cria\u00e7\u00f5es.<\/p>\n\n\n\n<p><br>Dentre os artistas e institui\u00e7\u00f5es que receberam a honraria est\u00e3o: Didi Redman, mestre Varela, Otoni Mesquita, Ana Mendes, grupo Gandhicats, Cida Arip\u00f3ria, Jarbas Lob\u00e3o, os bois de Manaus, Nunes Filho, Celestina da Silva, o projeto Art com Toque, J\u00fanior Rodrigues, cacique Domingos da aldeia Cipi\u00e1,&nbsp;Turenko Bessa, Barravento, S\u00e9rgio Andrade, Nonato Tavares, entre outros.<\/p>\n\n\n\n<p><br>Patrim\u00f4nio vivo<br>Ao celebrar 49 artistas e 15 segmentos culturais, o \u201cManaus das Artes\u201d refor\u00e7a que a cultura amazonense \u00e9 plural, vibrante e profundamente enraizada no cotidiano da popula\u00e7\u00e3o. Cada homenageado carrega consigo hist\u00f3rias, saberes e express\u00f5es que ajudam a construir a identidade de Manaus como uma cidade criativa, diversa e culturalmente pulsante.<\/p>\n\n\n\n<p><br>A Prefeitura de Manaus, por meio do Concultura, reafirma, com o evento, o compromisso de seguir promovendo a\u00e7\u00f5es que valorizem quem dedica a vida \u00e0 arte, aqueles que transformam sentimentos em obras, movimentos em mem\u00f3ria e tradi\u00e7\u00e3o no futuro.<\/p>\n\n\n\n<p>&#8212; &#8212; &#8212;<br><br><strong>Texto <\/strong>&#8211; Saleyna Borges\/Concultura<br><strong>Fotos <\/strong>\u2013 Cl\u00f3vis Miranda\/Semcom e Caio Vin\u00edcius\/Concultura<\/p>\n\n\n\n<p><strong>Dispon\u00edveis em <\/strong>&#8211; <a href=\"https:\/\/flic.kr\/s\/aHBqjCMiHS\">https:\/\/flic.kr\/s\/aHBqjCMiHS<\/a><\/p>\n","protected":false},"excerpt":{"rendered":"","protected":false},"author":23,"featured_media":254118,"comment_status":"closed","ping_status":"closed","sticky":false,"template":"","format":"standard","meta":{"footnotes":""},"categories":[647],"tags":[695,1737,19669,77,10827],"acf":[],"yoast_head":"<!-- This site is optimized with the Yoast SEO plugin v23.0 - https:\/\/yoast.com\/wordpress\/plugins\/seo\/ -->\n<title>prefeitura-concultura-manauspelasartes<\/title>\n<meta name=\"robots\" content=\"index, follow, max-snippet:-1, max-image-preview:large, max-video-preview:-1\" \/>\n<link rel=\"canonical\" href=\"https:\/\/www.manaus.am.gov.br\/semcom\/manaus-celebra-a-forca-da-cultura-amazonense-em-noite-de-homenagens-no-teatro-amazonas\/\" \/>\n<meta property=\"og:locale\" content=\"pt_BR\" \/>\n<meta property=\"og:type\" content=\"article\" \/>\n<meta property=\"og:title\" content=\"prefeitura-concultura-manauspelasartes\" \/>\n<meta property=\"og:url\" content=\"https:\/\/www.manaus.am.gov.br\/semcom\/manaus-celebra-a-forca-da-cultura-amazonense-em-noite-de-homenagens-no-teatro-amazonas\/\" \/>\n<meta property=\"og:site_name\" content=\"SEMCOM\" \/>\n<meta property=\"article:published_time\" content=\"2026-03-08T18:05:32+00:00\" \/>\n<meta property=\"article:modified_time\" content=\"2026-03-09T16:50:29+00:00\" \/>\n<meta property=\"og:image\" content=\"https:\/\/www.manaus.am.gov.br\/semcom\/wp-content\/uploads\/sites\/5\/2026\/03\/55133268708_e8ccf4c99d_c.jpg\" \/>\n\t<meta property=\"og:image:width\" content=\"799\" \/>\n\t<meta property=\"og:image:height\" content=\"533\" \/>\n\t<meta property=\"og:image:type\" content=\"image\/jpeg\" \/>\n<meta name=\"author\" content=\"Adriana Costa\" \/>\n<meta name=\"twitter:card\" content=\"summary_large_image\" \/>\n<meta name=\"twitter:label1\" content=\"Written by\" \/>\n\t<meta name=\"twitter:data1\" content=\"Adriana Costa\" \/>\n\t<meta name=\"twitter:label2\" content=\"Est. reading time\" \/>\n\t<meta name=\"twitter:data2\" content=\"4 minutos\" \/>\n<script type=\"application\/ld+json\" class=\"yoast-schema-graph\">{\"@context\":\"https:\/\/schema.org\",\"@graph\":[{\"@type\":\"WebPage\",\"@id\":\"https:\/\/www.manaus.am.gov.br\/semcom\/manaus-celebra-a-forca-da-cultura-amazonense-em-noite-de-homenagens-no-teatro-amazonas\/\",\"url\":\"https:\/\/www.manaus.am.gov.br\/semcom\/manaus-celebra-a-forca-da-cultura-amazonense-em-noite-de-homenagens-no-teatro-amazonas\/\",\"name\":\"prefeitura-concultura-manauspelasartes\",\"isPartOf\":{\"@id\":\"https:\/\/www.manaus.am.gov.br\/semcom\/#website\"},\"primaryImageOfPage\":{\"@id\":\"https:\/\/www.manaus.am.gov.br\/semcom\/manaus-celebra-a-forca-da-cultura-amazonense-em-noite-de-homenagens-no-teatro-amazonas\/#primaryimage\"},\"image\":{\"@id\":\"https:\/\/www.manaus.am.gov.br\/semcom\/manaus-celebra-a-forca-da-cultura-amazonense-em-noite-de-homenagens-no-teatro-amazonas\/#primaryimage\"},\"thumbnailUrl\":\"https:\/\/www.manaus.am.gov.br\/semcom\/wp-content\/uploads\/sites\/5\/2026\/03\/55133268708_e8ccf4c99d_c.jpg\",\"datePublished\":\"2026-03-08T18:05:32+00:00\",\"dateModified\":\"2026-03-09T16:50:29+00:00\",\"author\":{\"@id\":\"https:\/\/www.manaus.am.gov.br\/semcom\/#\/schema\/person\/4e49f4e267757a06ca072ec61b2b9968\"},\"inLanguage\":\"pt-BR\",\"potentialAction\":[{\"@type\":\"ReadAction\",\"target\":[\"https:\/\/www.manaus.am.gov.br\/semcom\/manaus-celebra-a-forca-da-cultura-amazonense-em-noite-de-homenagens-no-teatro-amazonas\/\"]}]},{\"@type\":\"ImageObject\",\"inLanguage\":\"pt-BR\",\"@id\":\"https:\/\/www.manaus.am.gov.br\/semcom\/manaus-celebra-a-forca-da-cultura-amazonense-em-noite-de-homenagens-no-teatro-amazonas\/#primaryimage\",\"url\":\"https:\/\/www.manaus.am.gov.br\/semcom\/wp-content\/uploads\/sites\/5\/2026\/03\/55133268708_e8ccf4c99d_c.jpg\",\"contentUrl\":\"https:\/\/www.manaus.am.gov.br\/semcom\/wp-content\/uploads\/sites\/5\/2026\/03\/55133268708_e8ccf4c99d_c.jpg\",\"width\":799,\"height\":533,\"caption\":\"#paratodosverem - Palco do Teatro Amazonas com presidente do Concultura, Tony Medeiros, e homenageados do \\\"Manaus pelas Artes\\\"\"},{\"@type\":\"WebSite\",\"@id\":\"https:\/\/www.manaus.am.gov.br\/semcom\/#website\",\"url\":\"https:\/\/www.manaus.am.gov.br\/semcom\/\",\"name\":\"SEMCOM\",\"description\":\"Secretaria Municipal de Comunica\u00e7\u00e3o\",\"potentialAction\":[{\"@type\":\"SearchAction\",\"target\":{\"@type\":\"EntryPoint\",\"urlTemplate\":\"https:\/\/www.manaus.am.gov.br\/semcom\/?s={search_term_string}\"},\"query-input\":\"required name=search_term_string\"}],\"inLanguage\":\"pt-BR\"},{\"@type\":\"Person\",\"@id\":\"https:\/\/www.manaus.am.gov.br\/semcom\/#\/schema\/person\/4e49f4e267757a06ca072ec61b2b9968\",\"name\":\"Adriana Costa\",\"image\":{\"@type\":\"ImageObject\",\"inLanguage\":\"pt-BR\",\"@id\":\"https:\/\/www.manaus.am.gov.br\/semcom\/#\/schema\/person\/image\/\",\"url\":\"https:\/\/secure.gravatar.com\/avatar\/576258617ef7194f718179e766d57bd4?s=96&d=mm&r=g\",\"contentUrl\":\"https:\/\/secure.gravatar.com\/avatar\/576258617ef7194f718179e766d57bd4?s=96&d=mm&r=g\",\"caption\":\"Adriana Costa\"}}]}<\/script>\n<!-- \/ Yoast SEO plugin. -->","yoast_head_json":{"title":"prefeitura-concultura-manauspelasartes","robots":{"index":"index","follow":"follow","max-snippet":"max-snippet:-1","max-image-preview":"max-image-preview:large","max-video-preview":"max-video-preview:-1"},"canonical":"https:\/\/www.manaus.am.gov.br\/semcom\/manaus-celebra-a-forca-da-cultura-amazonense-em-noite-de-homenagens-no-teatro-amazonas\/","og_locale":"pt_BR","og_type":"article","og_title":"prefeitura-concultura-manauspelasartes","og_url":"https:\/\/www.manaus.am.gov.br\/semcom\/manaus-celebra-a-forca-da-cultura-amazonense-em-noite-de-homenagens-no-teatro-amazonas\/","og_site_name":"SEMCOM","article_published_time":"2026-03-08T18:05:32+00:00","article_modified_time":"2026-03-09T16:50:29+00:00","og_image":[{"width":799,"height":533,"url":"https:\/\/www.manaus.am.gov.br\/semcom\/wp-content\/uploads\/sites\/5\/2026\/03\/55133268708_e8ccf4c99d_c.jpg","type":"image\/jpeg"}],"author":"Adriana Costa","twitter_card":"summary_large_image","twitter_misc":{"Written by":"Adriana Costa","Est. reading time":"4 minutos"},"schema":{"@context":"https:\/\/schema.org","@graph":[{"@type":"WebPage","@id":"https:\/\/www.manaus.am.gov.br\/semcom\/manaus-celebra-a-forca-da-cultura-amazonense-em-noite-de-homenagens-no-teatro-amazonas\/","url":"https:\/\/www.manaus.am.gov.br\/semcom\/manaus-celebra-a-forca-da-cultura-amazonense-em-noite-de-homenagens-no-teatro-amazonas\/","name":"prefeitura-concultura-manauspelasartes","isPartOf":{"@id":"https:\/\/www.manaus.am.gov.br\/semcom\/#website"},"primaryImageOfPage":{"@id":"https:\/\/www.manaus.am.gov.br\/semcom\/manaus-celebra-a-forca-da-cultura-amazonense-em-noite-de-homenagens-no-teatro-amazonas\/#primaryimage"},"image":{"@id":"https:\/\/www.manaus.am.gov.br\/semcom\/manaus-celebra-a-forca-da-cultura-amazonense-em-noite-de-homenagens-no-teatro-amazonas\/#primaryimage"},"thumbnailUrl":"https:\/\/www.manaus.am.gov.br\/semcom\/wp-content\/uploads\/sites\/5\/2026\/03\/55133268708_e8ccf4c99d_c.jpg","datePublished":"2026-03-08T18:05:32+00:00","dateModified":"2026-03-09T16:50:29+00:00","author":{"@id":"https:\/\/www.manaus.am.gov.br\/semcom\/#\/schema\/person\/4e49f4e267757a06ca072ec61b2b9968"},"inLanguage":"pt-BR","potentialAction":[{"@type":"ReadAction","target":["https:\/\/www.manaus.am.gov.br\/semcom\/manaus-celebra-a-forca-da-cultura-amazonense-em-noite-de-homenagens-no-teatro-amazonas\/"]}]},{"@type":"ImageObject","inLanguage":"pt-BR","@id":"https:\/\/www.manaus.am.gov.br\/semcom\/manaus-celebra-a-forca-da-cultura-amazonense-em-noite-de-homenagens-no-teatro-amazonas\/#primaryimage","url":"https:\/\/www.manaus.am.gov.br\/semcom\/wp-content\/uploads\/sites\/5\/2026\/03\/55133268708_e8ccf4c99d_c.jpg","contentUrl":"https:\/\/www.manaus.am.gov.br\/semcom\/wp-content\/uploads\/sites\/5\/2026\/03\/55133268708_e8ccf4c99d_c.jpg","width":799,"height":533,"caption":"#paratodosverem - Palco do Teatro Amazonas com presidente do Concultura, Tony Medeiros, e homenageados do \"Manaus pelas Artes\""},{"@type":"WebSite","@id":"https:\/\/www.manaus.am.gov.br\/semcom\/#website","url":"https:\/\/www.manaus.am.gov.br\/semcom\/","name":"SEMCOM","description":"Secretaria Municipal de Comunica\u00e7\u00e3o","potentialAction":[{"@type":"SearchAction","target":{"@type":"EntryPoint","urlTemplate":"https:\/\/www.manaus.am.gov.br\/semcom\/?s={search_term_string}"},"query-input":"required name=search_term_string"}],"inLanguage":"pt-BR"},{"@type":"Person","@id":"https:\/\/www.manaus.am.gov.br\/semcom\/#\/schema\/person\/4e49f4e267757a06ca072ec61b2b9968","name":"Adriana Costa","image":{"@type":"ImageObject","inLanguage":"pt-BR","@id":"https:\/\/www.manaus.am.gov.br\/semcom\/#\/schema\/person\/image\/","url":"https:\/\/secure.gravatar.com\/avatar\/576258617ef7194f718179e766d57bd4?s=96&d=mm&r=g","contentUrl":"https:\/\/secure.gravatar.com\/avatar\/576258617ef7194f718179e766d57bd4?s=96&d=mm&r=g","caption":"Adriana Costa"}}]}},"_links":{"self":[{"href":"https:\/\/www.manaus.am.gov.br\/semcom\/wp-json\/wp\/v2\/posts\/254117"}],"collection":[{"href":"https:\/\/www.manaus.am.gov.br\/semcom\/wp-json\/wp\/v2\/posts"}],"about":[{"href":"https:\/\/www.manaus.am.gov.br\/semcom\/wp-json\/wp\/v2\/types\/post"}],"author":[{"embeddable":true,"href":"https:\/\/www.manaus.am.gov.br\/semcom\/wp-json\/wp\/v2\/users\/23"}],"replies":[{"embeddable":true,"href":"https:\/\/www.manaus.am.gov.br\/semcom\/wp-json\/wp\/v2\/comments?post=254117"}],"version-history":[{"count":2,"href":"https:\/\/www.manaus.am.gov.br\/semcom\/wp-json\/wp\/v2\/posts\/254117\/revisions"}],"predecessor-version":[{"id":254143,"href":"https:\/\/www.manaus.am.gov.br\/semcom\/wp-json\/wp\/v2\/posts\/254117\/revisions\/254143"}],"wp:featuredmedia":[{"embeddable":true,"href":"https:\/\/www.manaus.am.gov.br\/semcom\/wp-json\/wp\/v2\/media\/254118"}],"wp:attachment":[{"href":"https:\/\/www.manaus.am.gov.br\/semcom\/wp-json\/wp\/v2\/media?parent=254117"}],"wp:term":[{"taxonomy":"category","embeddable":true,"href":"https:\/\/www.manaus.am.gov.br\/semcom\/wp-json\/wp\/v2\/categories?post=254117"},{"taxonomy":"post_tag","embeddable":true,"href":"https:\/\/www.manaus.am.gov.br\/semcom\/wp-json\/wp\/v2\/tags?post=254117"}],"curies":[{"name":"wp","href":"https:\/\/api.w.org\/{rel}","templated":true}]}}