{"id":254114,"date":"2026-03-08T11:17:16","date_gmt":"2026-03-08T14:17:16","guid":{"rendered":"https:\/\/www.manaus.am.gov.br\/semcom\/prefeitura-semsa-unidadesmoveisdamulher\/"},"modified":"2026-03-09T13:43:32","modified_gmt":"2026-03-09T16:43:32","slug":"prefeitura-semsa-unidades-moveis-de-saude-da-mulher-3","status":"publish","type":"post","link":"https:\/\/www.manaus.am.gov.br\/semcom\/prefeitura-semsa-unidades-moveis-de-saude-da-mulher-3\/","title":{"rendered":"Unidades M\u00f3veis de Sa\u00fade da Mulher da prefeitura atendem em novas bases"},"content":{"rendered":"\n<p>A <a href=\"https:\/\/www.manaus.am.gov.br\/\">Prefeitura de Manaus<\/a> informa que as Unidades M\u00f3veis de Sa\u00fade da Mulher v\u00e3o atender as usu\u00e1rias em novos locais nas zonas distritais de sa\u00fade Norte, Leste e Sul, a partir desta segunda-feira, 9\/3. O servi\u00e7o m\u00f3vel, gerenciado pela <a href=\"https:\/\/www.instagram.com\/semsamanaus\/\">Secretaria Municipal de Sa\u00fade<\/a> (Semsa), segue com atendimento nas mesmas bases atuais, nas zonas Oeste e rural.<\/p>\n\n\n\n<p>As moradoras da zona Norte poder\u00e3o buscar atendimento do servi\u00e7o itinerante da Semsa na rua Nossa Senhora de Aparecida, 887, pr\u00f3ximo \u00e0 escola municipal S\u00e3o Benedito, bairro Cidade de Deus.<\/p>\n\n\n\n<p>Na zona Sul, os atendimentos ser\u00e3o ofertados no Studio 5 Shopping e Conven\u00e7\u00f5es, situado na avenida General Rodrigo Ot\u00e1vio Jord\u00e3o Ramos, n\u00ba 3.555, bairro Distrito Industrial.<\/p>\n\n\n\n<p>A estrutura m\u00f3vel que atende a zona Leste vai atender as usu\u00e1rias da comunidade Nova Vit\u00f3ria, bairro Gilberto Mestrinho, e entorno, situada na rua Canad\u00e1, 276.<\/p>\n\n\n\n<p>O atendimento \u00e0s usu\u00e1rias da zona Oeste permanece na estrutura localizada na rua das Cacimbas, s\/n\u00ba, bairro S\u00e3o Raimundo.<\/p>\n\n\n\n<p>Na zona rural, o servi\u00e7o m\u00f3vel segue no ramal do Le\u00e3o, na rodovia Deputado Vital de Mendon\u00e7a (AM-010, Manaus-Itacoatiara), quil\u00f4metro 37.<\/p>\n\n\n\n<p>As Unidades M\u00f3veis de Sa\u00fade da Mulher da Semsa ofertam servi\u00e7os e procedimentos da Aten\u00e7\u00e3o Prim\u00e1ria, com \u00eanfase na preven\u00e7\u00e3o e rastreio do c\u00e2ncer de mama e do colo do \u00fatero, exclusivamente para as mulheres. Os cinco equipamentos do servi\u00e7o atendem prioritariamente regi\u00f5es de vulnerabilidade social e vazios assistenciais, nos cinco Distritos de Sa\u00fade (Disas), ficando em torno de 15 dias em cada local.<\/p>\n\n\n\n<p>Para atendimento nas unidades m\u00f3veis, as usu\u00e1rias devem apresentar o documento oficial de identidade e o cart\u00e3o do Sistema \u00danico de Sa\u00fade (SUS). As estruturas funcionam das 7h \u00e0s 17h, de segunda a sexta-feira, em dias \u00fateis, inclusive nos pontos facultativos da administra\u00e7\u00e3o municipal.<\/p>\n\n\n\n<p>Fazem parte do cat\u00e1logo de servi\u00e7os das unidades consultas m\u00e9dicas e de enfermagem, mamografia, ultrassonografia, consulta inicial do pr\u00e9-natal, coleta e exame preventivo, testes r\u00e1pidos para detec\u00e7\u00e3o de gravidez e infec\u00e7\u00f5es sexualmente transmiss\u00edveis (ISTs),&nbsp;vacina\u00e7\u00e3o, planejamento familiar e dispensa\u00e7\u00e3o de medicamentos.<\/p>\n\n\n\n<p>Confira locais e datas de atendimento das Unidades M\u00f3veis de Sa\u00fade da Mulher da Semsa Manaus<\/p>\n\n\n\n<p>Zona Norte<\/p>\n\n\n\n<p>Rua Nossa Senhora de Aparecida, 887, pr\u00f3ximo \u00e0 escola municipal S\u00e3o Benedito \u2013 Cidade de Deus<\/p>\n\n\n\n<p>De 9 a 20\/3<\/p>\n\n\n\n<p>Zona Oeste<\/p>\n\n\n\n<p>Rua das Cacimbas, s\/n\u00ba \u2013 S\u00e3o Raimundo<\/p>\n\n\n\n<p>De 2 a 13\/3<\/p>\n\n\n\n<p>Zona Leste<\/p>\n\n\n\n<p>Rua Canad\u00e1, 276, comunidade Nova Vit\u00f3ria \u2013 Gilberto Mestrinho<\/p>\n\n\n\n<p>De 9 a 20\/3<\/p>\n\n\n\n<p>Zona Sul<\/p>\n\n\n\n<p>Studio 5 Shopping e Conven\u00e7\u00f5es, avenida General Rodrigo Ot\u00e1vio Jord\u00e3o Ramos, n\u00ba 3.555 \u2013 Distrito Industrial<\/p>\n\n\n\n<p>De 9 a 27\/3<\/p>\n\n\n\n<p>Zona rural<\/p>\n\n\n\n<p>Rodovia AM-010 (Manaus-Itacoatiara), quil\u00f4metro 37, ramal do Le\u00e3o<\/p>\n\n\n\n<p>De 2 a 13\/3<\/p>\n\n\n\n<p>&#8212; &#8212; &#8212;<\/p>\n\n\n\n<p><strong>Texto <\/strong>&#8211;&nbsp;Divulga\u00e7\u00e3o \/ Semsa<\/p>\n","protected":false},"excerpt":{"rendered":"","protected":false},"author":23,"featured_media":238167,"comment_status":"closed","ping_status":"closed","sticky":false,"template":"","format":"standard","meta":{"footnotes":""},"categories":[44],"tags":[77,162,6650],"acf":[],"yoast_head":"<!-- This site is optimized with the Yoast SEO plugin v23.0 - https:\/\/yoast.com\/wordpress\/plugins\/seo\/ -->\n<title>Unidades M\u00f3veis de Sa\u00fade da Mulher da prefeitura atendem em novas bases<\/title>\n<meta name=\"description\" content=\"A Prefeitura de Manaus informa que as Unidades M\u00f3veis de Sa\u00fade da Mulher v\u00e3o atender as usu\u00e1rias em novos locais nas zonas distritais de sa\u00fade Norte, Leste e Sul, a partir desta segunda-feira, 9\/3. O servi\u00e7o m\u00f3vel, gerenciado pela Secretaria Municipal de Sa\u00fade (Semsa), segue com atendimento nas mesmas bases atuais, nas zonas Oeste e rural.\" \/>\n<meta name=\"robots\" content=\"index, follow, max-snippet:-1, max-image-preview:large, max-video-preview:-1\" \/>\n<link rel=\"canonical\" href=\"https:\/\/www.manaus.am.gov.br\/semcom\/prefeitura-semsa-unidadesmoveisdamulher\/\" \/>\n<meta property=\"og:locale\" content=\"pt_BR\" \/>\n<meta property=\"og:type\" content=\"article\" \/>\n<meta property=\"og:title\" content=\"Unidades M\u00f3veis de Sa\u00fade da Mulher da prefeitura atendem em novas bases\" \/>\n<meta property=\"og:description\" content=\"A Prefeitura de Manaus informa que as Unidades M\u00f3veis de Sa\u00fade da Mulher v\u00e3o atender as usu\u00e1rias em novos locais nas zonas distritais de sa\u00fade Norte, Leste e Sul, a partir desta segunda-feira, 9\/3. O servi\u00e7o m\u00f3vel, gerenciado pela Secretaria Municipal de Sa\u00fade (Semsa), segue com atendimento nas mesmas bases atuais, nas zonas Oeste e rural.\" \/>\n<meta property=\"og:url\" content=\"https:\/\/www.manaus.am.gov.br\/semcom\/prefeitura-semsa-unidadesmoveisdamulher\/\" \/>\n<meta property=\"og:site_name\" content=\"SEMCOM\" \/>\n<meta property=\"article:published_time\" content=\"2026-03-08T14:17:16+00:00\" \/>\n<meta property=\"article:modified_time\" content=\"2026-03-09T16:43:32+00:00\" \/>\n<meta property=\"og:image\" content=\"https:\/\/www.manaus.am.gov.br\/semcom\/wp-content\/uploads\/sites\/5\/2025\/04\/BANNER-NOTA.png\" \/>\n\t<meta property=\"og:image:width\" content=\"900\" \/>\n\t<meta property=\"og:image:height\" content=\"509\" \/>\n\t<meta property=\"og:image:type\" content=\"image\/png\" \/>\n<meta name=\"author\" content=\"Adriana Costa\" \/>\n<meta name=\"twitter:card\" content=\"summary_large_image\" \/>\n<meta name=\"twitter:label1\" content=\"Written by\" \/>\n\t<meta name=\"twitter:data1\" content=\"Adriana Costa\" \/>\n\t<meta name=\"twitter:label2\" content=\"Est. reading time\" \/>\n\t<meta name=\"twitter:data2\" content=\"3 minutos\" \/>\n<script type=\"application\/ld+json\" class=\"yoast-schema-graph\">{\"@context\":\"https:\/\/schema.org\",\"@graph\":[{\"@type\":\"WebPage\",\"@id\":\"https:\/\/www.manaus.am.gov.br\/semcom\/prefeitura-semsa-unidadesmoveisdamulher\/\",\"url\":\"https:\/\/www.manaus.am.gov.br\/semcom\/prefeitura-semsa-unidadesmoveisdamulher\/\",\"name\":\"Unidades M\u00f3veis de Sa\u00fade da Mulher da prefeitura atendem em novas bases\",\"isPartOf\":{\"@id\":\"https:\/\/www.manaus.am.gov.br\/semcom\/#website\"},\"primaryImageOfPage\":{\"@id\":\"https:\/\/www.manaus.am.gov.br\/semcom\/prefeitura-semsa-unidadesmoveisdamulher\/#primaryimage\"},\"image\":{\"@id\":\"https:\/\/www.manaus.am.gov.br\/semcom\/prefeitura-semsa-unidadesmoveisdamulher\/#primaryimage\"},\"thumbnailUrl\":\"https:\/\/www.manaus.am.gov.br\/semcom\/wp-content\/uploads\/sites\/5\/2025\/04\/BANNER-NOTA.png\",\"datePublished\":\"2026-03-08T14:17:16+00:00\",\"dateModified\":\"2026-03-09T16:43:32+00:00\",\"author\":{\"@id\":\"https:\/\/www.manaus.am.gov.br\/semcom\/#\/schema\/person\/4e49f4e267757a06ca072ec61b2b9968\"},\"description\":\"A Prefeitura de Manaus informa que as Unidades M\u00f3veis de Sa\u00fade da Mulher v\u00e3o atender as usu\u00e1rias em novos locais nas zonas distritais de sa\u00fade Norte, Leste e Sul, a partir desta segunda-feira, 9\/3. O servi\u00e7o m\u00f3vel, gerenciado pela Secretaria Municipal de Sa\u00fade (Semsa), segue com atendimento nas mesmas bases atuais, nas zonas Oeste e rural.\",\"inLanguage\":\"pt-BR\",\"potentialAction\":[{\"@type\":\"ReadAction\",\"target\":[\"https:\/\/www.manaus.am.gov.br\/semcom\/prefeitura-semsa-unidadesmoveisdamulher\/\"]}]},{\"@type\":\"ImageObject\",\"inLanguage\":\"pt-BR\",\"@id\":\"https:\/\/www.manaus.am.gov.br\/semcom\/prefeitura-semsa-unidadesmoveisdamulher\/#primaryimage\",\"url\":\"https:\/\/www.manaus.am.gov.br\/semcom\/wp-content\/uploads\/sites\/5\/2025\/04\/BANNER-NOTA.png\",\"contentUrl\":\"https:\/\/www.manaus.am.gov.br\/semcom\/wp-content\/uploads\/sites\/5\/2025\/04\/BANNER-NOTA.png\",\"width\":900,\"height\":509,\"caption\":\"37 ocorr\u00eancias ap\u00f3s fortes chuvas\"},{\"@type\":\"WebSite\",\"@id\":\"https:\/\/www.manaus.am.gov.br\/semcom\/#website\",\"url\":\"https:\/\/www.manaus.am.gov.br\/semcom\/\",\"name\":\"SEMCOM\",\"description\":\"Secretaria Municipal de Comunica\u00e7\u00e3o\",\"potentialAction\":[{\"@type\":\"SearchAction\",\"target\":{\"@type\":\"EntryPoint\",\"urlTemplate\":\"https:\/\/www.manaus.am.gov.br\/semcom\/?s={search_term_string}\"},\"query-input\":\"required name=search_term_string\"}],\"inLanguage\":\"pt-BR\"},{\"@type\":\"Person\",\"@id\":\"https:\/\/www.manaus.am.gov.br\/semcom\/#\/schema\/person\/4e49f4e267757a06ca072ec61b2b9968\",\"name\":\"Adriana Costa\",\"image\":{\"@type\":\"ImageObject\",\"inLanguage\":\"pt-BR\",\"@id\":\"https:\/\/www.manaus.am.gov.br\/semcom\/#\/schema\/person\/image\/\",\"url\":\"https:\/\/secure.gravatar.com\/avatar\/576258617ef7194f718179e766d57bd4?s=96&d=mm&r=g\",\"contentUrl\":\"https:\/\/secure.gravatar.com\/avatar\/576258617ef7194f718179e766d57bd4?s=96&d=mm&r=g\",\"caption\":\"Adriana Costa\"}}]}<\/script>\n<!-- \/ Yoast SEO plugin. -->","yoast_head_json":{"title":"Unidades M\u00f3veis de Sa\u00fade da Mulher da prefeitura atendem em novas bases","description":"A Prefeitura de Manaus informa que as Unidades M\u00f3veis de Sa\u00fade da Mulher v\u00e3o atender as usu\u00e1rias em novos locais nas zonas distritais de sa\u00fade Norte, Leste e Sul, a partir desta segunda-feira, 9\/3. O servi\u00e7o m\u00f3vel, gerenciado pela Secretaria Municipal de Sa\u00fade (Semsa), segue com atendimento nas mesmas bases atuais, nas zonas Oeste e rural.","robots":{"index":"index","follow":"follow","max-snippet":"max-snippet:-1","max-image-preview":"max-image-preview:large","max-video-preview":"max-video-preview:-1"},"canonical":"https:\/\/www.manaus.am.gov.br\/semcom\/prefeitura-semsa-unidadesmoveisdamulher\/","og_locale":"pt_BR","og_type":"article","og_title":"Unidades M\u00f3veis de Sa\u00fade da Mulher da prefeitura atendem em novas bases","og_description":"A Prefeitura de Manaus informa que as Unidades M\u00f3veis de Sa\u00fade da Mulher v\u00e3o atender as usu\u00e1rias em novos locais nas zonas distritais de sa\u00fade Norte, Leste e Sul, a partir desta segunda-feira, 9\/3. O servi\u00e7o m\u00f3vel, gerenciado pela Secretaria Municipal de Sa\u00fade (Semsa), segue com atendimento nas mesmas bases atuais, nas zonas Oeste e rural.","og_url":"https:\/\/www.manaus.am.gov.br\/semcom\/prefeitura-semsa-unidadesmoveisdamulher\/","og_site_name":"SEMCOM","article_published_time":"2026-03-08T14:17:16+00:00","article_modified_time":"2026-03-09T16:43:32+00:00","og_image":[{"width":900,"height":509,"url":"https:\/\/www.manaus.am.gov.br\/semcom\/wp-content\/uploads\/sites\/5\/2025\/04\/BANNER-NOTA.png","type":"image\/png"}],"author":"Adriana Costa","twitter_card":"summary_large_image","twitter_misc":{"Written by":"Adriana Costa","Est. reading time":"3 minutos"},"schema":{"@context":"https:\/\/schema.org","@graph":[{"@type":"WebPage","@id":"https:\/\/www.manaus.am.gov.br\/semcom\/prefeitura-semsa-unidadesmoveisdamulher\/","url":"https:\/\/www.manaus.am.gov.br\/semcom\/prefeitura-semsa-unidadesmoveisdamulher\/","name":"Unidades M\u00f3veis de Sa\u00fade da Mulher da prefeitura atendem em novas bases","isPartOf":{"@id":"https:\/\/www.manaus.am.gov.br\/semcom\/#website"},"primaryImageOfPage":{"@id":"https:\/\/www.manaus.am.gov.br\/semcom\/prefeitura-semsa-unidadesmoveisdamulher\/#primaryimage"},"image":{"@id":"https:\/\/www.manaus.am.gov.br\/semcom\/prefeitura-semsa-unidadesmoveisdamulher\/#primaryimage"},"thumbnailUrl":"https:\/\/www.manaus.am.gov.br\/semcom\/wp-content\/uploads\/sites\/5\/2025\/04\/BANNER-NOTA.png","datePublished":"2026-03-08T14:17:16+00:00","dateModified":"2026-03-09T16:43:32+00:00","author":{"@id":"https:\/\/www.manaus.am.gov.br\/semcom\/#\/schema\/person\/4e49f4e267757a06ca072ec61b2b9968"},"description":"A Prefeitura de Manaus informa que as Unidades M\u00f3veis de Sa\u00fade da Mulher v\u00e3o atender as usu\u00e1rias em novos locais nas zonas distritais de sa\u00fade Norte, Leste e Sul, a partir desta segunda-feira, 9\/3. O servi\u00e7o m\u00f3vel, gerenciado pela Secretaria Municipal de Sa\u00fade (Semsa), segue com atendimento nas mesmas bases atuais, nas zonas Oeste e rural.","inLanguage":"pt-BR","potentialAction":[{"@type":"ReadAction","target":["https:\/\/www.manaus.am.gov.br\/semcom\/prefeitura-semsa-unidadesmoveisdamulher\/"]}]},{"@type":"ImageObject","inLanguage":"pt-BR","@id":"https:\/\/www.manaus.am.gov.br\/semcom\/prefeitura-semsa-unidadesmoveisdamulher\/#primaryimage","url":"https:\/\/www.manaus.am.gov.br\/semcom\/wp-content\/uploads\/sites\/5\/2025\/04\/BANNER-NOTA.png","contentUrl":"https:\/\/www.manaus.am.gov.br\/semcom\/wp-content\/uploads\/sites\/5\/2025\/04\/BANNER-NOTA.png","width":900,"height":509,"caption":"37 ocorr\u00eancias ap\u00f3s fortes chuvas"},{"@type":"WebSite","@id":"https:\/\/www.manaus.am.gov.br\/semcom\/#website","url":"https:\/\/www.manaus.am.gov.br\/semcom\/","name":"SEMCOM","description":"Secretaria Municipal de Comunica\u00e7\u00e3o","potentialAction":[{"@type":"SearchAction","target":{"@type":"EntryPoint","urlTemplate":"https:\/\/www.manaus.am.gov.br\/semcom\/?s={search_term_string}"},"query-input":"required name=search_term_string"}],"inLanguage":"pt-BR"},{"@type":"Person","@id":"https:\/\/www.manaus.am.gov.br\/semcom\/#\/schema\/person\/4e49f4e267757a06ca072ec61b2b9968","name":"Adriana Costa","image":{"@type":"ImageObject","inLanguage":"pt-BR","@id":"https:\/\/www.manaus.am.gov.br\/semcom\/#\/schema\/person\/image\/","url":"https:\/\/secure.gravatar.com\/avatar\/576258617ef7194f718179e766d57bd4?s=96&d=mm&r=g","contentUrl":"https:\/\/secure.gravatar.com\/avatar\/576258617ef7194f718179e766d57bd4?s=96&d=mm&r=g","caption":"Adriana Costa"}}]}},"_links":{"self":[{"href":"https:\/\/www.manaus.am.gov.br\/semcom\/wp-json\/wp\/v2\/posts\/254114"}],"collection":[{"href":"https:\/\/www.manaus.am.gov.br\/semcom\/wp-json\/wp\/v2\/posts"}],"about":[{"href":"https:\/\/www.manaus.am.gov.br\/semcom\/wp-json\/wp\/v2\/types\/post"}],"author":[{"embeddable":true,"href":"https:\/\/www.manaus.am.gov.br\/semcom\/wp-json\/wp\/v2\/users\/23"}],"replies":[{"embeddable":true,"href":"https:\/\/www.manaus.am.gov.br\/semcom\/wp-json\/wp\/v2\/comments?post=254114"}],"version-history":[{"count":1,"href":"https:\/\/www.manaus.am.gov.br\/semcom\/wp-json\/wp\/v2\/posts\/254114\/revisions"}],"predecessor-version":[{"id":254140,"href":"https:\/\/www.manaus.am.gov.br\/semcom\/wp-json\/wp\/v2\/posts\/254114\/revisions\/254140"}],"wp:featuredmedia":[{"embeddable":true,"href":"https:\/\/www.manaus.am.gov.br\/semcom\/wp-json\/wp\/v2\/media\/238167"}],"wp:attachment":[{"href":"https:\/\/www.manaus.am.gov.br\/semcom\/wp-json\/wp\/v2\/media?parent=254114"}],"wp:term":[{"taxonomy":"category","embeddable":true,"href":"https:\/\/www.manaus.am.gov.br\/semcom\/wp-json\/wp\/v2\/categories?post=254114"},{"taxonomy":"post_tag","embeddable":true,"href":"https:\/\/www.manaus.am.gov.br\/semcom\/wp-json\/wp\/v2\/tags?post=254114"}],"curies":[{"name":"wp","href":"https:\/\/api.w.org\/{rel}","templated":true}]}}