{"id":254105,"date":"2026-03-06T16:28:39","date_gmt":"2026-03-06T20:28:39","guid":{"rendered":"https:\/\/www.manaus.am.gov.br\/semcom\/primeira-turma-residencia-multiprofissional\/"},"modified":"2026-03-09T11:53:33","modified_gmt":"2026-03-09T14:53:33","slug":"primeira-turma-residencia-multiprofissional","status":"publish","type":"post","link":"https:\/\/www.manaus.am.gov.br\/semcom\/primeira-turma-residencia-multiprofissional\/","title":{"rendered":"Prefeitura de Manaus inicia primeira turma de resid\u00eancia multiprofissional na rede municipal de sa\u00fade"},"content":{"rendered":"\n<p>A <a href=\"https:\/\/www.instagram.com\/prefeiturademanaus\/\">Prefeitura de Manaus,<\/a> por meio da <a href=\"https:\/\/www.manaus.am.gov.br\/\">Secretaria Municipal de Sa\u00fad<\/a>e (Semsa), promoveu, na sexta-feira, 6\/3, a cerim\u00f4nia de abertura da primeira turma do Programa de Resid\u00eancia Multiprofissional em Sa\u00fade da Fam\u00edlia e Comunidade (Remulti). A cerim\u00f4nia foi realizada no audit\u00f3rio Professora V\u00e2nia Pimentel, na Universidade Nilton Lins, bairro Flores, zona Sul, integrando a Semana de Acolhimento 2026, do Programa de Resid\u00eancias da Escola de Sa\u00fade P\u00fablica (Esap\/Semsa), que teve in\u00edcio na segunda-feira, 2\/3, e ser\u00e1 encerrada no dia 10\/3.<\/p>\n\n\n\n<p>A coordenadora do Programa de Resid\u00eancia Multiprofissional em Sa\u00fade da Fam\u00edlia da Esap, Thalita Guedes, explicou que a nova modalidade de resid\u00eancia segue no padr\u00e3o de p\u00f3s-gradua\u00e7\u00e3o lato sensu, baseada na educa\u00e7\u00e3o em servi\u00e7o, com dura\u00e7\u00e3o de dois anos e dedica\u00e7\u00e3o exclusiva dos residentes.<\/p>\n\n\n\n<p>\u201cO objetivo \u00e9 formar profissionais com perfil cr\u00edtico-reflexivo e compet\u00eancias para atuar na aten\u00e7\u00e3o, vigil\u00e2ncia e gest\u00e3o em sa\u00fade, por meio da educa\u00e7\u00e3o interprofissional em servi\u00e7o, em conson\u00e2ncia com os princ\u00edpios e diretrizes do Sistema \u00danico de Sa\u00fade (SUS)\u201d, destacou Thalita Guedes.<\/p>\n\n\n\n<p>A primeira turma de Resid\u00eancia Multiprofissional foi iniciada com nove residentes e as vagas foram preenchidas por profissionais nas \u00e1reas de Educa\u00e7\u00e3o F\u00edsica, Farm\u00e1cia, Fisioterapia, Nutri\u00e7\u00e3o, Odontologia, Psicologia e Servi\u00e7o Social, que ser\u00e3o inseridos diretamente nos servi\u00e7os da rede municipal de sa\u00fade.<\/p>\n\n\n\n<p>Durante o programa, o grupo de residentes vai desenvolver atividades te\u00f3ricas e pr\u00e1ticas em diferentes cen\u00e1rios da rede de aten\u00e7\u00e3o \u00e0 sa\u00fade, em Unidades B\u00e1sicas de Sa\u00fade (UBSs) e em outros pontos de atendimento na rede municipal.<\/p>\n\n\n\n<p>\u201cNo programa de resid\u00eancia, a proposta pedag\u00f3gica est\u00e1 fundamentada em metodologias ativas de ensino-aprendizagem, como situa\u00e7\u00f5es-problema, estudos de caso, oficinas, narrativas de pr\u00e1tica e discuss\u00f5es em pequenos grupos, articulando teoria e pr\u00e1tica e promovendo a reflex\u00e3o cr\u00edtica sobre os desafios reais do trabalho em sa\u00fade\u201d, informou a coordenadora.<\/p>\n\n\n\n<p>A forma\u00e7\u00e3o durante o per\u00edodo de dois anos foi organizada a partir de quatro eixos estruturantes de compet\u00eancias, que v\u00e3o orientar o desenvolvimento profissional dos residentes: Gest\u00e3o em Sa\u00fade, Vigil\u00e2ncia em Sa\u00fade, Educa\u00e7\u00e3o e Promo\u00e7\u00e3o da Sa\u00fade, e Aten\u00e7\u00e3o \u00e0 Sa\u00fade.<\/p>\n\n\n\n<p>De acordo com Thalita Guedes, a implanta\u00e7\u00e3o do Remulti representa mais um passo na estrat\u00e9gia da Semsa de consolidar a integra\u00e7\u00e3o entre ensino, servi\u00e7o, comunidade e gest\u00e3o, ampliando a capacidade formativa da rede municipal de sa\u00fade e contribuindo para a qualifica\u00e7\u00e3o das pr\u00e1ticas de cuidado na Aten\u00e7\u00e3o Prim\u00e1ria.<\/p>\n\n\n\n<p>\u201cAo articular diferentes profiss\u00f5es da sa\u00fade em processos formativos colaborativos, o programa busca fortalecer o trabalho em equipe, ampliar a resolutividade da aten\u00e7\u00e3o \u00e0 sa\u00fade e formar profissionais comprometidos com a integralidade do cuidado e com as necessidades da popula\u00e7\u00e3o manauara\u201d, afirmou Thalita.<\/p>\n\n\n\n<p>Para a cirurgi\u00e3-dentista Alana Cristina Caldeira Corr\u00eaa, que vai participar da primeira turma, a resid\u00eancia multiprofissional \u00e9 a oportunidade de concretizar o projeto definido ainda durante o per\u00edodo de gradua\u00e7\u00e3o.<\/p>\n\n\n\n<p>\u201cSempre tive afinidade com a sa\u00fade coletiva, desde a faculdade, e decidi fazer a prova para tentar uma vaga na resid\u00eancia. A expectativa \u00e9 poder trazer mudan\u00e7as para o territ\u00f3rio onde vamos atuar. Como somos a primeira turma, esperamos poder ter um grande impacto e que as pr\u00f3ximas turmas consigam replicar as mudan\u00e7as positivas que vamos implementar\u201d, ressaltou Alana Corr\u00eaa.<\/p>\n\n\n\n<p><strong>Acolhimento<\/strong><\/p>\n\n\n\n<p>Al\u00e9m da primeira turma de resid\u00eancia multiprofissional, a Semsa j\u00e1 conta com a resid\u00eancia em Medicina de Fam\u00edlia e Comunidade e em Enfermagem de Fam\u00edlia e Comunidade. Em 2026, o programa de resid\u00eancias receber\u00e1 30 profissionais m\u00e9dicos e 8 profissionais de enfermagem.<\/p>\n\n\n\n<p>Inserido na programa\u00e7\u00e3o anual da Esap, a Semana de Acolhimento do Programa de Resid\u00eancias tem a participa\u00e7\u00e3o de residentes de primeiro e segundo ano, quando \u00e9 realizada a apresenta\u00e7\u00e3o da estrutura organizacional da Semsa, dos preceptores que v\u00e3o acompanhar os residentes e os profissionais que s\u00e3o refer\u00eancia nos servi\u00e7os<\/p>\n\n\n\n<p>Conforme explicou a diretora da Esap\/Semsa, Karina Cerquinho, a Semana de Acolhimento \u00e9 importante tamb\u00e9m para a integra\u00e7\u00e3o entre profissionais m\u00e9dicos, enfermeiros e das \u00e1reas de educa\u00e7\u00e3o f\u00edsica, farm\u00e1cia, fisioterapia, nutri\u00e7\u00e3o, odontologia, psicologia e servi\u00e7o social, que atuam ou v\u00e3o atuar como residentes.<\/p>\n\n\n\n<p>\u201cEsse \u00e9 um momento em que a Semsa acolhe os alunos que est\u00e3o ingressando nos programas de resid\u00eancia, para que se sintam pertencentes ao espa\u00e7o que v\u00e3o ocupar nesse per\u00edodo. Tamb\u00e9m \u00e9 uma estrat\u00e9gia para que os residentes possam trocar experi\u00eancia, conhecendo o servi\u00e7o, em atividades din\u00e2micas e interativas\u201d, afirmou a diretora.<\/p>\n\n\n\n<p><strong>Formatura<\/strong><\/p>\n\n\n\n<p>Na programa\u00e7\u00e3o da tarde de sexta-feira, 6\/3, na Universidade Nilton Lins, bairro Flores (zona Sul), a Esap\/Semsa tamb\u00e9m realizou a cerim\u00f4nia de formatura de 25 profissionais m\u00e9dicos da 13\u00aa Turma do Programa de Resid\u00eancia M\u00e9dica de Medicina de Fam\u00edlia e Comunidade (PRMMFC).<\/p>\n\n\n\n<p>O supervisor do Programa de Resid\u00eancia M\u00e9dica, Frederico Lopes Cavalcante, informou que o grupo de formandos participou da resid\u00eancia por dois anos e atuou em 17 Unidades B\u00e1sicas de Sa\u00fade (UBSs).<\/p>\n\n\n\n<p>Com a conclus\u00e3o da nova turma, Frederico Cavalcante destaca que os residentes passam a ter a forma\u00e7\u00e3o como especialistas, aptos para atua\u00e7\u00e3o na Aten\u00e7\u00e3o Prim\u00e1ria no SUS, na preven\u00e7\u00e3o de doen\u00e7as, promo\u00e7\u00e3o da sa\u00fade, recupera\u00e7\u00e3o e tratamento de condi\u00e7\u00f5es cr\u00f4nicas.<\/p>\n\n\n\n<p>\u201cComo a Semsa \u00e9 gerente da Aten\u00e7\u00e3o Prim\u00e1ria, a rede municipal atua para uma forma\u00e7\u00e3o de profissionais com foco e prepara\u00e7\u00e3o para trabalhar nesse espa\u00e7o\u201d, refor\u00e7ou o supervisor.<\/p>\n\n\n\n<p>Frederico Cavalcante ainda destacou que em se tratando de Medicina de Fam\u00edlia e Comunidade, a principal diferen\u00e7a \u00e9 o foco n\u00e3o somente no indiv\u00edduo, mas tamb\u00e9m para uma aten\u00e7\u00e3o que considera o contexto biopsicossocial e espiritual.<\/p>\n\n\n\n<p>\u201cO entendimento \u00e9 que as pessoas est\u00e3o inseridas em um contexto familiar, social e de territ\u00f3rio, que formam comunidades que s\u00e3o bem diferentes em cada bairro da nossa cidade\u201d, explicou Frederico.<\/p>\n\n\n\n<p>Ele citou como exemplo a Unidade B\u00e1sica de Sa\u00fade da Fam\u00edlia (UBSF) Parque das Tribos, no bairro Tarum\u00e3, zona Oeste, que atende uma grande popula\u00e7\u00e3o ind\u00edgena n\u00e3o aldeada.<\/p>\n\n\n\n<p>\u201cQuem trabalha nessa UBSF precisa desenvolver habilidades t\u00e9cnicas e cl\u00ednicas, e uma abordagem culturalmente competente para lidar com a popula\u00e7\u00e3o de povos origin\u00e1rios daquela comunidade. S\u00e3o necess\u00e1rias habilidades espec\u00edficas, j\u00e1 que n\u00e3o adianta comparar quem mora nos bairros Tarum\u00e3 e Jorge Teixeira, que s\u00e3o territ\u00f3rios com caracter\u00edsticas e demandas diferentes em sa\u00fade\u201d, concluiu Frederico Cavalcante.<\/p>\n\n\n\n<figure class=\"wp-block-image size-large\"><img loading=\"lazy\" decoding=\"async\" width=\"1024\" height=\"614\" src=\"https:\/\/www.manaus.am.gov.br\/semcom\/wp-content\/uploads\/sites\/5\/2026\/03\/Programa-3-1024x614.jpeg\" alt=\"\" class=\"wp-image-254107\" srcset=\"https:\/\/www.manaus.am.gov.br\/semcom\/wp-content\/uploads\/sites\/5\/2026\/03\/Programa-3-1024x614.jpeg 1024w, https:\/\/www.manaus.am.gov.br\/semcom\/wp-content\/uploads\/sites\/5\/2026\/03\/Programa-3-300x180.jpeg 300w, https:\/\/www.manaus.am.gov.br\/semcom\/wp-content\/uploads\/sites\/5\/2026\/03\/Programa-3-768x460.jpeg 768w, https:\/\/www.manaus.am.gov.br\/semcom\/wp-content\/uploads\/sites\/5\/2026\/03\/Programa-3-1536x921.jpeg 1536w, https:\/\/www.manaus.am.gov.br\/semcom\/wp-content\/uploads\/sites\/5\/2026\/03\/Programa-3.jpeg 1600w\" sizes=\"(max-width: 1024px) 100vw, 1024px\" \/><figcaption class=\"wp-element-caption\">#paratodosverem &#8211; Profissionais<\/figcaption><\/figure>\n\n\n\n<p>&#8212; &#8212; &#8212;<\/p>\n\n\n\n<p><strong>Texto &#8211;<\/strong>&nbsp;Euriv\u00e2nia Gal\u00facio\/Semsa<\/p>\n\n\n\n<p><strong>Fotos &#8211;<\/strong>&nbsp;Divulga\u00e7\u00e3o\/Semsa<\/p>\n","protected":false},"excerpt":{"rendered":"","protected":false},"author":39,"featured_media":254106,"comment_status":"closed","ping_status":"closed","sticky":false,"template":"","format":"standard","meta":{"footnotes":""},"categories":[530],"tags":[2749,77,19665,19666,162],"acf":[],"yoast_head":"<!-- This site is optimized with the Yoast SEO plugin v23.0 - https:\/\/yoast.com\/wordpress\/plugins\/seo\/ -->\n<title>Primeira turma de resid\u00eancia multiprofissional na rede municipal de sa\u00fade<\/title>\n<meta name=\"description\" content=\"Prefeitura de Manaus, por meio da Semsa, inicia primeira turma de resid\u00eancia multiprofissional na rede municipal de sa\u00fade.\" \/>\n<meta name=\"robots\" content=\"index, follow, max-snippet:-1, max-image-preview:large, max-video-preview:-1\" \/>\n<link rel=\"canonical\" href=\"https:\/\/www.manaus.am.gov.br\/semcom\/primeira-turma-residencia-multiprofissional\/\" \/>\n<meta property=\"og:locale\" content=\"pt_BR\" \/>\n<meta property=\"og:type\" content=\"article\" \/>\n<meta property=\"og:title\" content=\"Primeira turma de resid\u00eancia multiprofissional na rede municipal de sa\u00fade\" \/>\n<meta property=\"og:description\" content=\"Prefeitura de Manaus, por meio da Semsa, inicia primeira turma de resid\u00eancia multiprofissional na rede municipal de sa\u00fade.\" \/>\n<meta property=\"og:url\" content=\"https:\/\/www.manaus.am.gov.br\/semcom\/primeira-turma-residencia-multiprofissional\/\" \/>\n<meta property=\"og:site_name\" content=\"SEMCOM\" \/>\n<meta property=\"article:published_time\" content=\"2026-03-06T20:28:39+00:00\" \/>\n<meta property=\"article:modified_time\" content=\"2026-03-09T14:53:33+00:00\" \/>\n<meta property=\"og:image\" content=\"https:\/\/www.manaus.am.gov.br\/semcom\/wp-content\/uploads\/sites\/5\/2026\/03\/Programa-1.jpeg\" \/>\n\t<meta property=\"og:image:width\" content=\"1600\" \/>\n\t<meta property=\"og:image:height\" content=\"779\" \/>\n\t<meta property=\"og:image:type\" content=\"image\/jpeg\" \/>\n<meta name=\"author\" content=\"Bruna Greco\" \/>\n<meta name=\"twitter:card\" content=\"summary_large_image\" \/>\n<meta name=\"twitter:label1\" content=\"Written by\" \/>\n\t<meta name=\"twitter:data1\" content=\"Bruna Greco\" \/>\n\t<meta name=\"twitter:label2\" content=\"Est. reading time\" \/>\n\t<meta name=\"twitter:data2\" content=\"6 minutos\" \/>\n<script type=\"application\/ld+json\" class=\"yoast-schema-graph\">{\"@context\":\"https:\/\/schema.org\",\"@graph\":[{\"@type\":\"WebPage\",\"@id\":\"https:\/\/www.manaus.am.gov.br\/semcom\/primeira-turma-residencia-multiprofissional\/\",\"url\":\"https:\/\/www.manaus.am.gov.br\/semcom\/primeira-turma-residencia-multiprofissional\/\",\"name\":\"Primeira turma de resid\u00eancia multiprofissional na rede municipal de sa\u00fade\",\"isPartOf\":{\"@id\":\"https:\/\/www.manaus.am.gov.br\/semcom\/#website\"},\"primaryImageOfPage\":{\"@id\":\"https:\/\/www.manaus.am.gov.br\/semcom\/primeira-turma-residencia-multiprofissional\/#primaryimage\"},\"image\":{\"@id\":\"https:\/\/www.manaus.am.gov.br\/semcom\/primeira-turma-residencia-multiprofissional\/#primaryimage\"},\"thumbnailUrl\":\"https:\/\/www.manaus.am.gov.br\/semcom\/wp-content\/uploads\/sites\/5\/2026\/03\/Programa-1.jpeg\",\"datePublished\":\"2026-03-06T20:28:39+00:00\",\"dateModified\":\"2026-03-09T14:53:33+00:00\",\"author\":{\"@id\":\"https:\/\/www.manaus.am.gov.br\/semcom\/#\/schema\/person\/05d223aea2bf115f9883a6ff3683d81b\"},\"description\":\"Prefeitura de Manaus, por meio da Semsa, inicia primeira turma de resid\u00eancia multiprofissional na rede municipal de sa\u00fade.\",\"inLanguage\":\"pt-BR\",\"potentialAction\":[{\"@type\":\"ReadAction\",\"target\":[\"https:\/\/www.manaus.am.gov.br\/semcom\/primeira-turma-residencia-multiprofissional\/\"]}]},{\"@type\":\"ImageObject\",\"inLanguage\":\"pt-BR\",\"@id\":\"https:\/\/www.manaus.am.gov.br\/semcom\/primeira-turma-residencia-multiprofissional\/#primaryimage\",\"url\":\"https:\/\/www.manaus.am.gov.br\/semcom\/wp-content\/uploads\/sites\/5\/2026\/03\/Programa-1.jpeg\",\"contentUrl\":\"https:\/\/www.manaus.am.gov.br\/semcom\/wp-content\/uploads\/sites\/5\/2026\/03\/Programa-1.jpeg\",\"width\":1600,\"height\":779,\"caption\":\"#paratodosverem - Profissionais da Semsa conduzindo cerim\u00f4nia de abertura da primeira turma do Programa de Resid\u00eancia Multiprofissional em Sa\u00fade da Fam\u00edlia e Comunidade (Remulti)\"},{\"@type\":\"WebSite\",\"@id\":\"https:\/\/www.manaus.am.gov.br\/semcom\/#website\",\"url\":\"https:\/\/www.manaus.am.gov.br\/semcom\/\",\"name\":\"SEMCOM\",\"description\":\"Secretaria Municipal de Comunica\u00e7\u00e3o\",\"potentialAction\":[{\"@type\":\"SearchAction\",\"target\":{\"@type\":\"EntryPoint\",\"urlTemplate\":\"https:\/\/www.manaus.am.gov.br\/semcom\/?s={search_term_string}\"},\"query-input\":\"required name=search_term_string\"}],\"inLanguage\":\"pt-BR\"},{\"@type\":\"Person\",\"@id\":\"https:\/\/www.manaus.am.gov.br\/semcom\/#\/schema\/person\/05d223aea2bf115f9883a6ff3683d81b\",\"name\":\"Bruna Greco\",\"image\":{\"@type\":\"ImageObject\",\"inLanguage\":\"pt-BR\",\"@id\":\"https:\/\/www.manaus.am.gov.br\/semcom\/#\/schema\/person\/image\/\",\"url\":\"https:\/\/secure.gravatar.com\/avatar\/9c877d1a6adc2a055330e5c09a8653ce?s=96&d=mm&r=g\",\"contentUrl\":\"https:\/\/secure.gravatar.com\/avatar\/9c877d1a6adc2a055330e5c09a8653ce?s=96&d=mm&r=g\",\"caption\":\"Bruna Greco\"}}]}<\/script>\n<!-- \/ Yoast SEO plugin. -->","yoast_head_json":{"title":"Primeira turma de resid\u00eancia multiprofissional na rede municipal de sa\u00fade","description":"Prefeitura de Manaus, por meio da Semsa, inicia primeira turma de resid\u00eancia multiprofissional na rede municipal de sa\u00fade.","robots":{"index":"index","follow":"follow","max-snippet":"max-snippet:-1","max-image-preview":"max-image-preview:large","max-video-preview":"max-video-preview:-1"},"canonical":"https:\/\/www.manaus.am.gov.br\/semcom\/primeira-turma-residencia-multiprofissional\/","og_locale":"pt_BR","og_type":"article","og_title":"Primeira turma de resid\u00eancia multiprofissional na rede municipal de sa\u00fade","og_description":"Prefeitura de Manaus, por meio da Semsa, inicia primeira turma de resid\u00eancia multiprofissional na rede municipal de sa\u00fade.","og_url":"https:\/\/www.manaus.am.gov.br\/semcom\/primeira-turma-residencia-multiprofissional\/","og_site_name":"SEMCOM","article_published_time":"2026-03-06T20:28:39+00:00","article_modified_time":"2026-03-09T14:53:33+00:00","og_image":[{"width":1600,"height":779,"url":"https:\/\/www.manaus.am.gov.br\/semcom\/wp-content\/uploads\/sites\/5\/2026\/03\/Programa-1.jpeg","type":"image\/jpeg"}],"author":"Bruna Greco","twitter_card":"summary_large_image","twitter_misc":{"Written by":"Bruna Greco","Est. reading time":"6 minutos"},"schema":{"@context":"https:\/\/schema.org","@graph":[{"@type":"WebPage","@id":"https:\/\/www.manaus.am.gov.br\/semcom\/primeira-turma-residencia-multiprofissional\/","url":"https:\/\/www.manaus.am.gov.br\/semcom\/primeira-turma-residencia-multiprofissional\/","name":"Primeira turma de resid\u00eancia multiprofissional na rede municipal de sa\u00fade","isPartOf":{"@id":"https:\/\/www.manaus.am.gov.br\/semcom\/#website"},"primaryImageOfPage":{"@id":"https:\/\/www.manaus.am.gov.br\/semcom\/primeira-turma-residencia-multiprofissional\/#primaryimage"},"image":{"@id":"https:\/\/www.manaus.am.gov.br\/semcom\/primeira-turma-residencia-multiprofissional\/#primaryimage"},"thumbnailUrl":"https:\/\/www.manaus.am.gov.br\/semcom\/wp-content\/uploads\/sites\/5\/2026\/03\/Programa-1.jpeg","datePublished":"2026-03-06T20:28:39+00:00","dateModified":"2026-03-09T14:53:33+00:00","author":{"@id":"https:\/\/www.manaus.am.gov.br\/semcom\/#\/schema\/person\/05d223aea2bf115f9883a6ff3683d81b"},"description":"Prefeitura de Manaus, por meio da Semsa, inicia primeira turma de resid\u00eancia multiprofissional na rede municipal de sa\u00fade.","inLanguage":"pt-BR","potentialAction":[{"@type":"ReadAction","target":["https:\/\/www.manaus.am.gov.br\/semcom\/primeira-turma-residencia-multiprofissional\/"]}]},{"@type":"ImageObject","inLanguage":"pt-BR","@id":"https:\/\/www.manaus.am.gov.br\/semcom\/primeira-turma-residencia-multiprofissional\/#primaryimage","url":"https:\/\/www.manaus.am.gov.br\/semcom\/wp-content\/uploads\/sites\/5\/2026\/03\/Programa-1.jpeg","contentUrl":"https:\/\/www.manaus.am.gov.br\/semcom\/wp-content\/uploads\/sites\/5\/2026\/03\/Programa-1.jpeg","width":1600,"height":779,"caption":"#paratodosverem - Profissionais da Semsa conduzindo cerim\u00f4nia de abertura da primeira turma do Programa de Resid\u00eancia Multiprofissional em Sa\u00fade da Fam\u00edlia e Comunidade (Remulti)"},{"@type":"WebSite","@id":"https:\/\/www.manaus.am.gov.br\/semcom\/#website","url":"https:\/\/www.manaus.am.gov.br\/semcom\/","name":"SEMCOM","description":"Secretaria Municipal de Comunica\u00e7\u00e3o","potentialAction":[{"@type":"SearchAction","target":{"@type":"EntryPoint","urlTemplate":"https:\/\/www.manaus.am.gov.br\/semcom\/?s={search_term_string}"},"query-input":"required name=search_term_string"}],"inLanguage":"pt-BR"},{"@type":"Person","@id":"https:\/\/www.manaus.am.gov.br\/semcom\/#\/schema\/person\/05d223aea2bf115f9883a6ff3683d81b","name":"Bruna Greco","image":{"@type":"ImageObject","inLanguage":"pt-BR","@id":"https:\/\/www.manaus.am.gov.br\/semcom\/#\/schema\/person\/image\/","url":"https:\/\/secure.gravatar.com\/avatar\/9c877d1a6adc2a055330e5c09a8653ce?s=96&d=mm&r=g","contentUrl":"https:\/\/secure.gravatar.com\/avatar\/9c877d1a6adc2a055330e5c09a8653ce?s=96&d=mm&r=g","caption":"Bruna Greco"}}]}},"_links":{"self":[{"href":"https:\/\/www.manaus.am.gov.br\/semcom\/wp-json\/wp\/v2\/posts\/254105"}],"collection":[{"href":"https:\/\/www.manaus.am.gov.br\/semcom\/wp-json\/wp\/v2\/posts"}],"about":[{"href":"https:\/\/www.manaus.am.gov.br\/semcom\/wp-json\/wp\/v2\/types\/post"}],"author":[{"embeddable":true,"href":"https:\/\/www.manaus.am.gov.br\/semcom\/wp-json\/wp\/v2\/users\/39"}],"replies":[{"embeddable":true,"href":"https:\/\/www.manaus.am.gov.br\/semcom\/wp-json\/wp\/v2\/comments?post=254105"}],"version-history":[{"count":3,"href":"https:\/\/www.manaus.am.gov.br\/semcom\/wp-json\/wp\/v2\/posts\/254105\/revisions"}],"predecessor-version":[{"id":254128,"href":"https:\/\/www.manaus.am.gov.br\/semcom\/wp-json\/wp\/v2\/posts\/254105\/revisions\/254128"}],"wp:featuredmedia":[{"embeddable":true,"href":"https:\/\/www.manaus.am.gov.br\/semcom\/wp-json\/wp\/v2\/media\/254106"}],"wp:attachment":[{"href":"https:\/\/www.manaus.am.gov.br\/semcom\/wp-json\/wp\/v2\/media?parent=254105"}],"wp:term":[{"taxonomy":"category","embeddable":true,"href":"https:\/\/www.manaus.am.gov.br\/semcom\/wp-json\/wp\/v2\/categories?post=254105"},{"taxonomy":"post_tag","embeddable":true,"href":"https:\/\/www.manaus.am.gov.br\/semcom\/wp-json\/wp\/v2\/tags?post=254105"}],"curies":[{"name":"wp","href":"https:\/\/api.w.org\/{rel}","templated":true}]}}