{"id":254098,"date":"2026-03-06T16:10:20","date_gmt":"2026-03-06T20:10:20","guid":{"rendered":"https:\/\/www.manaus.am.gov.br\/semcom\/negocia-manaus-dividas\/"},"modified":"2026-03-09T11:52:41","modified_gmt":"2026-03-09T14:52:41","slug":"negocia-manaus-dividas","status":"publish","type":"post","link":"https:\/\/www.manaus.am.gov.br\/semcom\/negocia-manaus-dividas\/","title":{"rendered":"Prefeitura encerra 3\u00aa edi\u00e7\u00e3o do feir\u00e3o \u201cNegocia Manaus\u201d com oportunidade de regulariza\u00e7\u00e3o de d\u00edvidas"},"content":{"rendered":"\n<p>A<a href=\"https:\/\/www.instagram.com\/prefeiturademanaus\/\"> Prefeitura de Manaus,<\/a> por meio do <a href=\"https:\/\/www.manaus.am.gov.br\/\">Servi\u00e7o de Atendimento e Prote\u00e7\u00e3o ao Consumido<\/a>r (Procon Manaus), encerrou, nesta sexta-feira, 6\/3, a terceira edi\u00e7\u00e3o do feir\u00e3o \u201cNegocia Manaus\u201d, realizado na sala de eventos da Secretaria Municipal do Trabalho, Empreendedorismo e Inova\u00e7\u00e3o (Semtepi), no shopping Phelippe Daou, zona Norte da capital. Durante os quatro dias de a\u00e7\u00e3o, consumidores tiveram a oportunidade de negociar d\u00e9bitos diretamente com empresas participantes, com acesso a condi\u00e7\u00f5es especiais de pagamento.<\/p>\n\n\n\n<p>A presidente do Procon Manaus, Onilda Abreu, explicou que a iniciativa foi pensada para facilitar a negocia\u00e7\u00e3o entre consumidores e empresas, criando um espa\u00e7o de di\u00e1logo que permita a regulariza\u00e7\u00e3o de d\u00e9bitos e a retomada do equil\u00edbrio financeiro. \u201cA a\u00e7\u00e3o que visa principalmente fazer com que o consumidor saia da inadimpl\u00eancia, ent\u00e3o s\u00e3o oferecidos aqui v\u00e1rios descontos, encargos que acabam caindo, e a\u00ed o objetivo maior \u00e9 esse: fazer com que o consumidor volte para o mercado de consumo de uma forma tranquila, sem aquelas d\u00edvidas acumuladas\u201d.<\/p>\n\n\n\n<p>Nesta edi\u00e7\u00e3o, o feir\u00e3o contou com a participa\u00e7\u00e3o das empresas \u00c1guas de Manaus, Claro, DB Supermercados, APA M\u00f3veis e do Instituto de Estudos de Protesto de T\u00edtulos do Brasil \u2013 Se\u00e7\u00e3o Amazonas (IEPTB-AM), ampliando as possibilidades de negocia\u00e7\u00e3o para os consumidores da capital.<\/p>\n\n\n\n<figure class=\"wp-block-image size-large\"><img loading=\"lazy\" decoding=\"async\" width=\"1024\" height=\"682\" src=\"https:\/\/www.manaus.am.gov.br\/semcom\/wp-content\/uploads\/sites\/5\/2026\/03\/Procon-Manaus-1-1024x682.jpg\" alt=\"\" class=\"wp-image-254099\" srcset=\"https:\/\/www.manaus.am.gov.br\/semcom\/wp-content\/uploads\/sites\/5\/2026\/03\/Procon-Manaus-1-1024x682.jpg 1024w, https:\/\/www.manaus.am.gov.br\/semcom\/wp-content\/uploads\/sites\/5\/2026\/03\/Procon-Manaus-1-300x200.jpg 300w, https:\/\/www.manaus.am.gov.br\/semcom\/wp-content\/uploads\/sites\/5\/2026\/03\/Procon-Manaus-1-768x512.jpg 768w, https:\/\/www.manaus.am.gov.br\/semcom\/wp-content\/uploads\/sites\/5\/2026\/03\/Procon-Manaus-1.jpg 1472w\" sizes=\"(max-width: 1024px) 100vw, 1024px\" \/><figcaption class=\"wp-element-caption\">#paratodosverem &#8211; no Feiro, os consumidores receberam todas as informa\u00e7\u00f5es sobre as negocia\u00e7\u00f5es<\/figcaption><\/figure>\n\n\n\n<p>Uma das consumidoras que buscou atendimento durante a a\u00e7\u00e3o foi a dona de casa Roselane Campos Mendes, que aproveitou a oportunidade para iniciar a negocia\u00e7\u00e3o de uma d\u00edvida antiga e dar um novo passo na organiza\u00e7\u00e3o das finan\u00e7as da fam\u00edlia.<\/p>\n\n\n\n<p>\u201cRealmente \u00e9 verdade. Eu consegui ver na TV a negocia\u00e7\u00e3o e me interessei, porque j\u00e1 faz bastante tempo que o meu esposo est\u00e1 com essa d\u00edvida. Apareceu essa oportunidade, ent\u00e3o eu vim e negociei, gra\u00e7as a Deus. J\u00e1 vou pagar a entrada, isso j\u00e1 \u00e9 uma prioridade. O atendimento aqui foi excelente. Gostei muito, ela me explicou direitinho. Tive no\u00e7\u00e3o de que realmente aqui voc\u00ea pode negociar e pode vir, porque todo mundo no atendimento \u00e9 excelente\u201d, disse a dona de casa.<\/p>\n\n\n\n<p>O t\u00e9cnico em inform\u00e1tica Raimundo Gomes tamb\u00e9m aproveitou a a\u00e7\u00e3o para resolver mais de uma pend\u00eancia financeira em um \u00fanico local, negociando diretamente com as empresas participantes e regularizando a situa\u00e7\u00e3o junto ao cart\u00f3rio. \u201cMeu nome estava em protesto, vim aqui e negociei com o DB tamb\u00e9m, que est\u00e1 atuando aqui na a\u00e7\u00e3o, e resolvi tanto com o DB quanto com o cart\u00f3rio. Est\u00e1 tudo ok. A a\u00e7\u00e3o \u00e9 muito importante para o pessoal daqui de Manaus, do Amazonas, para a nossa cidade, porque \u00e9 uma forma de voc\u00ea limpar o seu nome. Voc\u00ea que est\u00e1 com o nome sujo pode aproveitar essa oportunidade. \u00c9 muito importante essa a\u00e7\u00e3o aqui para a nossa cidade\u201d.<\/p>\n\n\n\n<p>Com o encerramento da a\u00e7\u00e3o, os atendimentos do Procon Manaus retornam ao funcionamento normal, de segunda a sexta-feira, das 8h \u00e0s 14h, na sede do \u00f3rg\u00e3o, localizada no Shopping Phelippe Daou, na avenida Camapu\u00e3, n\u00ba 2.939, bairro Cidade de Deus, e tamb\u00e9m no ponto de atendimento da Galeria Esp\u00edrito Santo, situado na rua 24 de Maio, n\u00ba 119, bairro Centro.<\/p>\n\n\n\n<p>&#8212; &#8212; &#8212;<\/p>\n\n\n\n<p><strong>Texto<\/strong> \u2013&nbsp; Lara Bernardes \/ Procon Manaus<\/p>\n\n\n\n<p><strong>Fotos<\/strong> \u2013 Valdo Le\u00e3o \/ Semcom<\/p>\n","protected":false},"excerpt":{"rendered":"","protected":false},"author":61,"featured_media":254100,"comment_status":"closed","ping_status":"closed","sticky":false,"template":"","format":"standard","meta":{"footnotes":""},"categories":[9823],"tags":[19662,77,5594],"acf":[],"yoast_head":"<!-- This site is optimized with the Yoast SEO plugin v23.0 - https:\/\/yoast.com\/wordpress\/plugins\/seo\/ -->\n<title>Prefeitura encerra 3\u00aa edi\u00e7\u00e3o do feir\u00e3o \u201cNegocia Manaus\u201d com oportunidade de regulariza\u00e7\u00e3o de d\u00edvidas<\/title>\n<meta name=\"description\" content=\"A Prefeitura de Manaus, por meio do Servi\u00e7o de Atendimento e Prote\u00e7\u00e3o ao Consumidor (Procon Manaus), encerrou, nesta sexta-feira, 6\/3, a terceira edi\u00e7\u00e3o do feir\u00e3o \u201cNegocia Manaus\u201d, realizado na sala de eventos da Secretaria Municipal do Trabalho, Empreendedorismo e Inova\u00e7\u00e3o.\" \/>\n<meta name=\"robots\" content=\"index, follow, max-snippet:-1, max-image-preview:large, max-video-preview:-1\" \/>\n<link rel=\"canonical\" href=\"https:\/\/www.manaus.am.gov.br\/semcom\/negocia-manaus-dividas\/\" \/>\n<meta property=\"og:locale\" content=\"pt_BR\" \/>\n<meta property=\"og:type\" content=\"article\" \/>\n<meta property=\"og:title\" content=\"Prefeitura encerra 3\u00aa edi\u00e7\u00e3o do feir\u00e3o \u201cNegocia Manaus\u201d com oportunidade de regulariza\u00e7\u00e3o de d\u00edvidas\" \/>\n<meta property=\"og:description\" content=\"A Prefeitura de Manaus, por meio do Servi\u00e7o de Atendimento e Prote\u00e7\u00e3o ao Consumidor (Procon Manaus), encerrou, nesta sexta-feira, 6\/3, a terceira edi\u00e7\u00e3o do feir\u00e3o \u201cNegocia Manaus\u201d, realizado na sala de eventos da Secretaria Municipal do Trabalho, Empreendedorismo e Inova\u00e7\u00e3o.\" \/>\n<meta property=\"og:url\" content=\"https:\/\/www.manaus.am.gov.br\/semcom\/negocia-manaus-dividas\/\" \/>\n<meta property=\"og:site_name\" content=\"SEMCOM\" \/>\n<meta property=\"article:published_time\" content=\"2026-03-06T20:10:20+00:00\" \/>\n<meta property=\"article:modified_time\" content=\"2026-03-09T14:52:41+00:00\" \/>\n<meta property=\"og:image\" content=\"https:\/\/www.manaus.am.gov.br\/semcom\/wp-content\/uploads\/sites\/5\/2026\/03\/Procon-Manaus-2.jpg\" \/>\n\t<meta property=\"og:image:width\" content=\"1472\" \/>\n\t<meta property=\"og:image:height\" content=\"981\" \/>\n\t<meta property=\"og:image:type\" content=\"image\/jpeg\" \/>\n<meta name=\"author\" content=\"smonteiro\" \/>\n<meta name=\"twitter:card\" content=\"summary_large_image\" \/>\n<meta name=\"twitter:label1\" content=\"Written by\" \/>\n\t<meta name=\"twitter:data1\" content=\"smonteiro\" \/>\n\t<meta name=\"twitter:label2\" content=\"Est. reading time\" \/>\n\t<meta name=\"twitter:data2\" content=\"4 minutos\" \/>\n<script type=\"application\/ld+json\" class=\"yoast-schema-graph\">{\"@context\":\"https:\/\/schema.org\",\"@graph\":[{\"@type\":\"WebPage\",\"@id\":\"https:\/\/www.manaus.am.gov.br\/semcom\/negocia-manaus-dividas\/\",\"url\":\"https:\/\/www.manaus.am.gov.br\/semcom\/negocia-manaus-dividas\/\",\"name\":\"Prefeitura encerra 3\u00aa edi\u00e7\u00e3o do feir\u00e3o \u201cNegocia Manaus\u201d com oportunidade de regulariza\u00e7\u00e3o de d\u00edvidas\",\"isPartOf\":{\"@id\":\"https:\/\/www.manaus.am.gov.br\/semcom\/#website\"},\"primaryImageOfPage\":{\"@id\":\"https:\/\/www.manaus.am.gov.br\/semcom\/negocia-manaus-dividas\/#primaryimage\"},\"image\":{\"@id\":\"https:\/\/www.manaus.am.gov.br\/semcom\/negocia-manaus-dividas\/#primaryimage\"},\"thumbnailUrl\":\"https:\/\/www.manaus.am.gov.br\/semcom\/wp-content\/uploads\/sites\/5\/2026\/03\/Procon-Manaus-2.jpg\",\"datePublished\":\"2026-03-06T20:10:20+00:00\",\"dateModified\":\"2026-03-09T14:52:41+00:00\",\"author\":{\"@id\":\"https:\/\/www.manaus.am.gov.br\/semcom\/#\/schema\/person\/ab4dcf766a54dff74e8d267f5c591961\"},\"description\":\"A Prefeitura de Manaus, por meio do Servi\u00e7o de Atendimento e Prote\u00e7\u00e3o ao Consumidor (Procon Manaus), encerrou, nesta sexta-feira, 6\/3, a terceira edi\u00e7\u00e3o do feir\u00e3o \u201cNegocia Manaus\u201d, realizado na sala de eventos da Secretaria Municipal do Trabalho, Empreendedorismo e Inova\u00e7\u00e3o.\",\"inLanguage\":\"pt-BR\",\"potentialAction\":[{\"@type\":\"ReadAction\",\"target\":[\"https:\/\/www.manaus.am.gov.br\/semcom\/negocia-manaus-dividas\/\"]}]},{\"@type\":\"ImageObject\",\"inLanguage\":\"pt-BR\",\"@id\":\"https:\/\/www.manaus.am.gov.br\/semcom\/negocia-manaus-dividas\/#primaryimage\",\"url\":\"https:\/\/www.manaus.am.gov.br\/semcom\/wp-content\/uploads\/sites\/5\/2026\/03\/Procon-Manaus-2.jpg\",\"contentUrl\":\"https:\/\/www.manaus.am.gov.br\/semcom\/wp-content\/uploads\/sites\/5\/2026\/03\/Procon-Manaus-2.jpg\",\"width\":1472,\"height\":981,\"caption\":\"#paratodosverem - consumidora negociando d\u00e9bitos no Feir\u00e3o do Procon Manaus\"},{\"@type\":\"WebSite\",\"@id\":\"https:\/\/www.manaus.am.gov.br\/semcom\/#website\",\"url\":\"https:\/\/www.manaus.am.gov.br\/semcom\/\",\"name\":\"SEMCOM\",\"description\":\"Secretaria Municipal de Comunica\u00e7\u00e3o\",\"potentialAction\":[{\"@type\":\"SearchAction\",\"target\":{\"@type\":\"EntryPoint\",\"urlTemplate\":\"https:\/\/www.manaus.am.gov.br\/semcom\/?s={search_term_string}\"},\"query-input\":\"required name=search_term_string\"}],\"inLanguage\":\"pt-BR\"},{\"@type\":\"Person\",\"@id\":\"https:\/\/www.manaus.am.gov.br\/semcom\/#\/schema\/person\/ab4dcf766a54dff74e8d267f5c591961\",\"name\":\"smonteiro\",\"image\":{\"@type\":\"ImageObject\",\"inLanguage\":\"pt-BR\",\"@id\":\"https:\/\/www.manaus.am.gov.br\/semcom\/#\/schema\/person\/image\/\",\"url\":\"https:\/\/secure.gravatar.com\/avatar\/21c8776ef61d9272c73322052e042d77?s=96&d=mm&r=g\",\"contentUrl\":\"https:\/\/secure.gravatar.com\/avatar\/21c8776ef61d9272c73322052e042d77?s=96&d=mm&r=g\",\"caption\":\"smonteiro\"}}]}<\/script>\n<!-- \/ Yoast SEO plugin. -->","yoast_head_json":{"title":"Prefeitura encerra 3\u00aa edi\u00e7\u00e3o do feir\u00e3o \u201cNegocia Manaus\u201d com oportunidade de regulariza\u00e7\u00e3o de d\u00edvidas","description":"A Prefeitura de Manaus, por meio do Servi\u00e7o de Atendimento e Prote\u00e7\u00e3o ao Consumidor (Procon Manaus), encerrou, nesta sexta-feira, 6\/3, a terceira edi\u00e7\u00e3o do feir\u00e3o \u201cNegocia Manaus\u201d, realizado na sala de eventos da Secretaria Municipal do Trabalho, Empreendedorismo e Inova\u00e7\u00e3o.","robots":{"index":"index","follow":"follow","max-snippet":"max-snippet:-1","max-image-preview":"max-image-preview:large","max-video-preview":"max-video-preview:-1"},"canonical":"https:\/\/www.manaus.am.gov.br\/semcom\/negocia-manaus-dividas\/","og_locale":"pt_BR","og_type":"article","og_title":"Prefeitura encerra 3\u00aa edi\u00e7\u00e3o do feir\u00e3o \u201cNegocia Manaus\u201d com oportunidade de regulariza\u00e7\u00e3o de d\u00edvidas","og_description":"A Prefeitura de Manaus, por meio do Servi\u00e7o de Atendimento e Prote\u00e7\u00e3o ao Consumidor (Procon Manaus), encerrou, nesta sexta-feira, 6\/3, a terceira edi\u00e7\u00e3o do feir\u00e3o \u201cNegocia Manaus\u201d, realizado na sala de eventos da Secretaria Municipal do Trabalho, Empreendedorismo e Inova\u00e7\u00e3o.","og_url":"https:\/\/www.manaus.am.gov.br\/semcom\/negocia-manaus-dividas\/","og_site_name":"SEMCOM","article_published_time":"2026-03-06T20:10:20+00:00","article_modified_time":"2026-03-09T14:52:41+00:00","og_image":[{"width":1472,"height":981,"url":"https:\/\/www.manaus.am.gov.br\/semcom\/wp-content\/uploads\/sites\/5\/2026\/03\/Procon-Manaus-2.jpg","type":"image\/jpeg"}],"author":"smonteiro","twitter_card":"summary_large_image","twitter_misc":{"Written by":"smonteiro","Est. reading time":"4 minutos"},"schema":{"@context":"https:\/\/schema.org","@graph":[{"@type":"WebPage","@id":"https:\/\/www.manaus.am.gov.br\/semcom\/negocia-manaus-dividas\/","url":"https:\/\/www.manaus.am.gov.br\/semcom\/negocia-manaus-dividas\/","name":"Prefeitura encerra 3\u00aa edi\u00e7\u00e3o do feir\u00e3o \u201cNegocia Manaus\u201d com oportunidade de regulariza\u00e7\u00e3o de d\u00edvidas","isPartOf":{"@id":"https:\/\/www.manaus.am.gov.br\/semcom\/#website"},"primaryImageOfPage":{"@id":"https:\/\/www.manaus.am.gov.br\/semcom\/negocia-manaus-dividas\/#primaryimage"},"image":{"@id":"https:\/\/www.manaus.am.gov.br\/semcom\/negocia-manaus-dividas\/#primaryimage"},"thumbnailUrl":"https:\/\/www.manaus.am.gov.br\/semcom\/wp-content\/uploads\/sites\/5\/2026\/03\/Procon-Manaus-2.jpg","datePublished":"2026-03-06T20:10:20+00:00","dateModified":"2026-03-09T14:52:41+00:00","author":{"@id":"https:\/\/www.manaus.am.gov.br\/semcom\/#\/schema\/person\/ab4dcf766a54dff74e8d267f5c591961"},"description":"A Prefeitura de Manaus, por meio do Servi\u00e7o de Atendimento e Prote\u00e7\u00e3o ao Consumidor (Procon Manaus), encerrou, nesta sexta-feira, 6\/3, a terceira edi\u00e7\u00e3o do feir\u00e3o \u201cNegocia Manaus\u201d, realizado na sala de eventos da Secretaria Municipal do Trabalho, Empreendedorismo e Inova\u00e7\u00e3o.","inLanguage":"pt-BR","potentialAction":[{"@type":"ReadAction","target":["https:\/\/www.manaus.am.gov.br\/semcom\/negocia-manaus-dividas\/"]}]},{"@type":"ImageObject","inLanguage":"pt-BR","@id":"https:\/\/www.manaus.am.gov.br\/semcom\/negocia-manaus-dividas\/#primaryimage","url":"https:\/\/www.manaus.am.gov.br\/semcom\/wp-content\/uploads\/sites\/5\/2026\/03\/Procon-Manaus-2.jpg","contentUrl":"https:\/\/www.manaus.am.gov.br\/semcom\/wp-content\/uploads\/sites\/5\/2026\/03\/Procon-Manaus-2.jpg","width":1472,"height":981,"caption":"#paratodosverem - consumidora negociando d\u00e9bitos no Feir\u00e3o do Procon Manaus"},{"@type":"WebSite","@id":"https:\/\/www.manaus.am.gov.br\/semcom\/#website","url":"https:\/\/www.manaus.am.gov.br\/semcom\/","name":"SEMCOM","description":"Secretaria Municipal de Comunica\u00e7\u00e3o","potentialAction":[{"@type":"SearchAction","target":{"@type":"EntryPoint","urlTemplate":"https:\/\/www.manaus.am.gov.br\/semcom\/?s={search_term_string}"},"query-input":"required name=search_term_string"}],"inLanguage":"pt-BR"},{"@type":"Person","@id":"https:\/\/www.manaus.am.gov.br\/semcom\/#\/schema\/person\/ab4dcf766a54dff74e8d267f5c591961","name":"smonteiro","image":{"@type":"ImageObject","inLanguage":"pt-BR","@id":"https:\/\/www.manaus.am.gov.br\/semcom\/#\/schema\/person\/image\/","url":"https:\/\/secure.gravatar.com\/avatar\/21c8776ef61d9272c73322052e042d77?s=96&d=mm&r=g","contentUrl":"https:\/\/secure.gravatar.com\/avatar\/21c8776ef61d9272c73322052e042d77?s=96&d=mm&r=g","caption":"smonteiro"}}]}},"_links":{"self":[{"href":"https:\/\/www.manaus.am.gov.br\/semcom\/wp-json\/wp\/v2\/posts\/254098"}],"collection":[{"href":"https:\/\/www.manaus.am.gov.br\/semcom\/wp-json\/wp\/v2\/posts"}],"about":[{"href":"https:\/\/www.manaus.am.gov.br\/semcom\/wp-json\/wp\/v2\/types\/post"}],"author":[{"embeddable":true,"href":"https:\/\/www.manaus.am.gov.br\/semcom\/wp-json\/wp\/v2\/users\/61"}],"replies":[{"embeddable":true,"href":"https:\/\/www.manaus.am.gov.br\/semcom\/wp-json\/wp\/v2\/comments?post=254098"}],"version-history":[{"count":3,"href":"https:\/\/www.manaus.am.gov.br\/semcom\/wp-json\/wp\/v2\/posts\/254098\/revisions"}],"predecessor-version":[{"id":254126,"href":"https:\/\/www.manaus.am.gov.br\/semcom\/wp-json\/wp\/v2\/posts\/254098\/revisions\/254126"}],"wp:featuredmedia":[{"embeddable":true,"href":"https:\/\/www.manaus.am.gov.br\/semcom\/wp-json\/wp\/v2\/media\/254100"}],"wp:attachment":[{"href":"https:\/\/www.manaus.am.gov.br\/semcom\/wp-json\/wp\/v2\/media?parent=254098"}],"wp:term":[{"taxonomy":"category","embeddable":true,"href":"https:\/\/www.manaus.am.gov.br\/semcom\/wp-json\/wp\/v2\/categories?post=254098"},{"taxonomy":"post_tag","embeddable":true,"href":"https:\/\/www.manaus.am.gov.br\/semcom\/wp-json\/wp\/v2\/tags?post=254098"}],"curies":[{"name":"wp","href":"https:\/\/api.w.org\/{rel}","templated":true}]}}