{"id":254059,"date":"2026-03-06T14:56:55","date_gmt":"2026-03-06T17:56:55","guid":{"rendered":"https:\/\/www.manaus.am.gov.br\/semcom\/prefeitura-semed-acaoformativa\/"},"modified":"2026-03-06T15:59:08","modified_gmt":"2026-03-06T18:59:08","slug":"prefeitura-semed-acao-formativa-bncc","status":"publish","type":"post","link":"https:\/\/www.manaus.am.gov.br\/semcom\/prefeitura-semed-acao-formativa-bncc\/","title":{"rendered":"Prefeitura de Manaus realiza a\u00e7\u00e3o formativa sobre a Base Nacional Comum Curricular Computa\u00e7\u00e3o"},"content":{"rendered":"\n<p>Aproximadamente 30 assessores pedag\u00f3gicos da\u00a0<a href=\"https:\/\/www.manaus.am.gov.br\/\">Prefeitura de Manaus<\/a>, que atuam na\u00a0Divis\u00e3o Distrital\u00a0Zonal\u00a0(DDZ)\u00a0Sul, da <a href=\"https:\/\/www.instagram.com\/semedmanaus\/\">Secretaria Municipal de Educa\u00e7\u00e3o<\/a> (Semed), participaram,\u00a0nesta sexta-feira, 6\/3,\u00a0da a\u00e7\u00e3o formativa sobre a Base Nacional Comum Curricular\u00a0(BNCC) Computa\u00e7\u00e3o.<\/p>\n\n\n\n<p>O encontro com os educadores foi realizado&nbsp;no&nbsp;Espa\u00e7o de Forma\u00e7\u00e3o e Experimenta\u00e7\u00e3o em Tecnologias para Professores (Efex) Maria Helena Amazonas Menezes, na Divis\u00e3o de Desenvolvimento Profissional do Magist\u00e9rio (DDPM), na avenida Macei\u00f3, zona Centro-Sul.&nbsp;<\/p>\n\n\n\n<p>A a\u00e7\u00e3o formativa, coordenada\u00a0pela\u00a0Ger\u00eancia\u00a0de Tecnologia Educacional (GTE),\u00a0iniciou em fevereiro com a participa\u00e7\u00e3o de assessores de gest\u00e3o que pertencem \u00e0 Gest\u00e3o Integrada da Educa\u00e7\u00e3o (Gide), da\u00a0Semed. J\u00e1 foram beneficiados com a tem\u00e1tica assessores de gest\u00e3o, pedag\u00f3gicos e de tecnologias das\u00a0DDZs\u00a0Norte, Leste 2, Centro-Sul e Oeste.\u00a0<\/p>\n\n\n\n<p>As a\u00e7\u00f5es evidenciam o compromisso da rede com a articula\u00e7\u00e3o entre teoria e pr\u00e1tica pedag\u00f3gica. O processo conta com o apoio da Divis\u00e3o de Ensino Fundamental (DEF), que orienta os assessores quanto \u00e0 estrutura normativa do documento da BNCC Computa\u00e7\u00e3o, assim como &nbsp;diretrizes para inser\u00e7\u00e3o de dados no di\u00e1rio escolar e o cumprimento do curr\u00edculo e coer\u00eancia pedag\u00f3gica.&nbsp;<\/p>\n\n\n\n<p>A coordenadora pedag\u00f3gica da GTE, Ieda Santana, explicou que a iniciativa faz parte de um processo de trabalho com os educadores voltado ao fortalecimento da tem\u00e1tica e \u00e0 promo\u00e7\u00e3o de uma educa\u00e7\u00e3o de qualidade na rede municipal de ensino.&nbsp;<\/p>\n\n\n\n<p>\u201cEstamos vivenciando um momento \u00edmpar na educa\u00e7\u00e3o com a chegada da BNCC Computa\u00e7\u00e3o, que complementa a Base Nacional Comum Curricular ao tratar das compet\u00eancias digitais. A&nbsp;Semed&nbsp;Manaus j\u00e1 desenvolve a\u00e7\u00f5es formativas voltadas ao uso pedag\u00f3gico da tecnologia, e esse documento vem justamente consolidar e reafirmar pr\u00e1ticas que j\u00e1 acontecem no dia a dia da rede\u201d, explicou.&nbsp;<\/p>\n\n\n\n<p>Com um total de 71 unidades de ensino e mais de 16 mil alunos, a coordenadora pedag\u00f3gica da DDZ Sul, Bruna Oriente, afirmou que as orienta\u00e7\u00f5es ser\u00e3o repassadas aos educadores durante as reuni\u00f5es pedag\u00f3gicas nas escolas, al\u00e9m de garantir o suporte necess\u00e1rio para que as a\u00e7\u00f5es sejam implementadas da melhor forma poss\u00edvel.&nbsp;<\/p>\n\n\n\n<p>\u201cDurante os assessoramentos pedag\u00f3gicos nas escolas, buscamos demonstrar aos professores e \u00e0s equipes gestoras como essas pr\u00e1ticas podem ser aplicadas dentro do curr\u00edculo. Com a inclus\u00e3o desse complemento da BNCC, que j\u00e1 conhecemos, e sua integra\u00e7\u00e3o ao curr\u00edculo municipal, teremos n\u00e3o apenas mudan\u00e7as, mas tamb\u00e9m normativas que precisar\u00e3o ser seguidas. Esses documentos v\u00eam orientar uma pr\u00e1tica que, muitas vezes, j\u00e1 acontece de forma informal nas escolas que desenvolvem e implementam essas a\u00e7\u00f5es\u201d, contou.&nbsp;<\/p>\n\n\n\n<p>Para o assessor de tecnologias educacionais da DDZ Sul, Reginaldo Peres, \u00e9 um momento importante, em que todos poder\u00e3o aprimorar seus conhecimentos sobre a tem\u00e1tica, ainda mais com os recursos tecnol\u00f3gicos.&nbsp;<\/p>\n\n\n\n<p>\u201cEsse pontap\u00e9 inicial para a implementa\u00e7\u00e3o da BNCC reveste-se de fundamental import\u00e2ncia, principalmente, porque n\u00f3s temos, na nossa rede municipal, os Centros de Tecnologias Educacionais (CTEs), pelos quais sou respons\u00e1vel na divis\u00e3o. Os&nbsp;CTEs s\u00e3o importantes, pois v\u00e3o ajudar os professores a&nbsp;realizar essa implementa\u00e7\u00e3o nas escolas. Fazer uso das tecnologias, n\u00e3o somente das tecnologias plugadas, que n\u00f3s falamos, mas tamb\u00e9m das tecnologias desplugadas\u201d, salientou.&nbsp;<\/p>\n\n\n\n<p>&#8212; &#8212; &#8212;<\/p>\n\n\n\n<p><strong>Texto&nbsp;<\/strong>&#8211; Paulo Rog\u00e9rio Veiga\/&nbsp;Semed&nbsp;<\/p>\n\n\n\n<p><strong>Fotos&nbsp;<\/strong>&#8211; Renan&nbsp;Melgueiro\/&nbsp;Semed&nbsp;<\/p>\n","protected":false},"excerpt":{"rendered":"","protected":false},"author":23,"featured_media":254060,"comment_status":"closed","ping_status":"closed","sticky":false,"template":"","format":"standard","meta":{"footnotes":""},"categories":[49],"tags":[19656,19657,77,62],"acf":[],"yoast_head":"<!-- This site is optimized with the Yoast SEO plugin v23.0 - https:\/\/yoast.com\/wordpress\/plugins\/seo\/ -->\n<title>Prefeitura de Manaus realiza a\u00e7\u00e3o formativa sobre a Base Nacional Comum Curricular Computa\u00e7\u00e3o<\/title>\n<meta name=\"description\" content=\"Aproximadamente 30 assessores pedag\u00f3gicos da Prefeitura de Manaus, que atuam na Divis\u00e3o Distrital Zonal (DDZ) Sul, da Secretaria Municipal de Educa\u00e7\u00e3o (Semed), participaram, nesta sexta-feira, 6\/3, da a\u00e7\u00e3o formativa sobre a Base Nacional Comum Curricular (BNCC) Computa\u00e7\u00e3o.\" \/>\n<meta name=\"robots\" content=\"index, follow, max-snippet:-1, max-image-preview:large, max-video-preview:-1\" \/>\n<link rel=\"canonical\" href=\"https:\/\/www.manaus.am.gov.br\/semcom\/prefeitura-semed-acaoformativa\/\" \/>\n<meta property=\"og:locale\" content=\"pt_BR\" \/>\n<meta property=\"og:type\" content=\"article\" \/>\n<meta property=\"og:title\" content=\"Prefeitura de Manaus realiza a\u00e7\u00e3o formativa sobre a Base Nacional Comum Curricular Computa\u00e7\u00e3o\" \/>\n<meta property=\"og:description\" content=\"Aproximadamente 30 assessores pedag\u00f3gicos da Prefeitura de Manaus, que atuam na Divis\u00e3o Distrital Zonal (DDZ) Sul, da Secretaria Municipal de Educa\u00e7\u00e3o (Semed), participaram, nesta sexta-feira, 6\/3, da a\u00e7\u00e3o formativa sobre a Base Nacional Comum Curricular (BNCC) Computa\u00e7\u00e3o.\" \/>\n<meta property=\"og:url\" content=\"https:\/\/www.manaus.am.gov.br\/semcom\/prefeitura-semed-acaoformativa\/\" \/>\n<meta property=\"og:site_name\" content=\"SEMCOM\" \/>\n<meta property=\"article:published_time\" content=\"2026-03-06T17:56:55+00:00\" \/>\n<meta property=\"article:modified_time\" content=\"2026-03-06T18:59:08+00:00\" \/>\n<meta property=\"og:image\" content=\"https:\/\/www.manaus.am.gov.br\/semcom\/wp-content\/uploads\/sites\/5\/2026\/03\/acao-formativa.jpg\" \/>\n\t<meta property=\"og:image:width\" content=\"1200\" \/>\n\t<meta property=\"og:image:height\" content=\"900\" \/>\n\t<meta property=\"og:image:type\" content=\"image\/jpeg\" \/>\n<meta name=\"author\" content=\"Adriana Costa\" \/>\n<meta name=\"twitter:card\" content=\"summary_large_image\" \/>\n<meta name=\"twitter:label1\" content=\"Written by\" \/>\n\t<meta name=\"twitter:data1\" content=\"Adriana Costa\" \/>\n\t<meta name=\"twitter:label2\" content=\"Est. reading time\" \/>\n\t<meta name=\"twitter:data2\" content=\"3 minutos\" \/>\n<script type=\"application\/ld+json\" class=\"yoast-schema-graph\">{\"@context\":\"https:\/\/schema.org\",\"@graph\":[{\"@type\":\"WebPage\",\"@id\":\"https:\/\/www.manaus.am.gov.br\/semcom\/prefeitura-semed-acaoformativa\/\",\"url\":\"https:\/\/www.manaus.am.gov.br\/semcom\/prefeitura-semed-acaoformativa\/\",\"name\":\"Prefeitura de Manaus realiza a\u00e7\u00e3o formativa sobre a Base Nacional Comum Curricular Computa\u00e7\u00e3o\",\"isPartOf\":{\"@id\":\"https:\/\/www.manaus.am.gov.br\/semcom\/#website\"},\"primaryImageOfPage\":{\"@id\":\"https:\/\/www.manaus.am.gov.br\/semcom\/prefeitura-semed-acaoformativa\/#primaryimage\"},\"image\":{\"@id\":\"https:\/\/www.manaus.am.gov.br\/semcom\/prefeitura-semed-acaoformativa\/#primaryimage\"},\"thumbnailUrl\":\"https:\/\/www.manaus.am.gov.br\/semcom\/wp-content\/uploads\/sites\/5\/2026\/03\/acao-formativa.jpg\",\"datePublished\":\"2026-03-06T17:56:55+00:00\",\"dateModified\":\"2026-03-06T18:59:08+00:00\",\"author\":{\"@id\":\"https:\/\/www.manaus.am.gov.br\/semcom\/#\/schema\/person\/4e49f4e267757a06ca072ec61b2b9968\"},\"description\":\"Aproximadamente 30 assessores pedag\u00f3gicos da Prefeitura de Manaus, que atuam na Divis\u00e3o Distrital Zonal (DDZ) Sul, da Secretaria Municipal de Educa\u00e7\u00e3o (Semed), participaram, nesta sexta-feira, 6\/3, da a\u00e7\u00e3o formativa sobre a Base Nacional Comum Curricular (BNCC) Computa\u00e7\u00e3o.\",\"inLanguage\":\"pt-BR\",\"potentialAction\":[{\"@type\":\"ReadAction\",\"target\":[\"https:\/\/www.manaus.am.gov.br\/semcom\/prefeitura-semed-acaoformativa\/\"]}]},{\"@type\":\"ImageObject\",\"inLanguage\":\"pt-BR\",\"@id\":\"https:\/\/www.manaus.am.gov.br\/semcom\/prefeitura-semed-acaoformativa\/#primaryimage\",\"url\":\"https:\/\/www.manaus.am.gov.br\/semcom\/wp-content\/uploads\/sites\/5\/2026\/03\/acao-formativa.jpg\",\"contentUrl\":\"https:\/\/www.manaus.am.gov.br\/semcom\/wp-content\/uploads\/sites\/5\/2026\/03\/acao-formativa.jpg\",\"width\":1200,\"height\":900,\"caption\":\"#paratodosverem - A\u00e7\u00e3o formativa com instrutor e profissionais da Educa\u00e7\u00e3o municipal sobre BNCC Computa\u00e7\u00e3o\"},{\"@type\":\"WebSite\",\"@id\":\"https:\/\/www.manaus.am.gov.br\/semcom\/#website\",\"url\":\"https:\/\/www.manaus.am.gov.br\/semcom\/\",\"name\":\"SEMCOM\",\"description\":\"Secretaria Municipal de Comunica\u00e7\u00e3o\",\"potentialAction\":[{\"@type\":\"SearchAction\",\"target\":{\"@type\":\"EntryPoint\",\"urlTemplate\":\"https:\/\/www.manaus.am.gov.br\/semcom\/?s={search_term_string}\"},\"query-input\":\"required name=search_term_string\"}],\"inLanguage\":\"pt-BR\"},{\"@type\":\"Person\",\"@id\":\"https:\/\/www.manaus.am.gov.br\/semcom\/#\/schema\/person\/4e49f4e267757a06ca072ec61b2b9968\",\"name\":\"Adriana Costa\",\"image\":{\"@type\":\"ImageObject\",\"inLanguage\":\"pt-BR\",\"@id\":\"https:\/\/www.manaus.am.gov.br\/semcom\/#\/schema\/person\/image\/\",\"url\":\"https:\/\/secure.gravatar.com\/avatar\/576258617ef7194f718179e766d57bd4?s=96&d=mm&r=g\",\"contentUrl\":\"https:\/\/secure.gravatar.com\/avatar\/576258617ef7194f718179e766d57bd4?s=96&d=mm&r=g\",\"caption\":\"Adriana Costa\"}}]}<\/script>\n<!-- \/ Yoast SEO plugin. -->","yoast_head_json":{"title":"Prefeitura de Manaus realiza a\u00e7\u00e3o formativa sobre a Base Nacional Comum Curricular Computa\u00e7\u00e3o","description":"Aproximadamente 30 assessores pedag\u00f3gicos da Prefeitura de Manaus, que atuam na Divis\u00e3o Distrital Zonal (DDZ) Sul, da Secretaria Municipal de Educa\u00e7\u00e3o (Semed), participaram, nesta sexta-feira, 6\/3, da a\u00e7\u00e3o formativa sobre a Base Nacional Comum Curricular (BNCC) Computa\u00e7\u00e3o.","robots":{"index":"index","follow":"follow","max-snippet":"max-snippet:-1","max-image-preview":"max-image-preview:large","max-video-preview":"max-video-preview:-1"},"canonical":"https:\/\/www.manaus.am.gov.br\/semcom\/prefeitura-semed-acaoformativa\/","og_locale":"pt_BR","og_type":"article","og_title":"Prefeitura de Manaus realiza a\u00e7\u00e3o formativa sobre a Base Nacional Comum Curricular Computa\u00e7\u00e3o","og_description":"Aproximadamente 30 assessores pedag\u00f3gicos da Prefeitura de Manaus, que atuam na Divis\u00e3o Distrital Zonal (DDZ) Sul, da Secretaria Municipal de Educa\u00e7\u00e3o (Semed), participaram, nesta sexta-feira, 6\/3, da a\u00e7\u00e3o formativa sobre a Base Nacional Comum Curricular (BNCC) Computa\u00e7\u00e3o.","og_url":"https:\/\/www.manaus.am.gov.br\/semcom\/prefeitura-semed-acaoformativa\/","og_site_name":"SEMCOM","article_published_time":"2026-03-06T17:56:55+00:00","article_modified_time":"2026-03-06T18:59:08+00:00","og_image":[{"width":1200,"height":900,"url":"https:\/\/www.manaus.am.gov.br\/semcom\/wp-content\/uploads\/sites\/5\/2026\/03\/acao-formativa.jpg","type":"image\/jpeg"}],"author":"Adriana Costa","twitter_card":"summary_large_image","twitter_misc":{"Written by":"Adriana Costa","Est. reading time":"3 minutos"},"schema":{"@context":"https:\/\/schema.org","@graph":[{"@type":"WebPage","@id":"https:\/\/www.manaus.am.gov.br\/semcom\/prefeitura-semed-acaoformativa\/","url":"https:\/\/www.manaus.am.gov.br\/semcom\/prefeitura-semed-acaoformativa\/","name":"Prefeitura de Manaus realiza a\u00e7\u00e3o formativa sobre a Base Nacional Comum Curricular Computa\u00e7\u00e3o","isPartOf":{"@id":"https:\/\/www.manaus.am.gov.br\/semcom\/#website"},"primaryImageOfPage":{"@id":"https:\/\/www.manaus.am.gov.br\/semcom\/prefeitura-semed-acaoformativa\/#primaryimage"},"image":{"@id":"https:\/\/www.manaus.am.gov.br\/semcom\/prefeitura-semed-acaoformativa\/#primaryimage"},"thumbnailUrl":"https:\/\/www.manaus.am.gov.br\/semcom\/wp-content\/uploads\/sites\/5\/2026\/03\/acao-formativa.jpg","datePublished":"2026-03-06T17:56:55+00:00","dateModified":"2026-03-06T18:59:08+00:00","author":{"@id":"https:\/\/www.manaus.am.gov.br\/semcom\/#\/schema\/person\/4e49f4e267757a06ca072ec61b2b9968"},"description":"Aproximadamente 30 assessores pedag\u00f3gicos da Prefeitura de Manaus, que atuam na Divis\u00e3o Distrital Zonal (DDZ) Sul, da Secretaria Municipal de Educa\u00e7\u00e3o (Semed), participaram, nesta sexta-feira, 6\/3, da a\u00e7\u00e3o formativa sobre a Base Nacional Comum Curricular (BNCC) Computa\u00e7\u00e3o.","inLanguage":"pt-BR","potentialAction":[{"@type":"ReadAction","target":["https:\/\/www.manaus.am.gov.br\/semcom\/prefeitura-semed-acaoformativa\/"]}]},{"@type":"ImageObject","inLanguage":"pt-BR","@id":"https:\/\/www.manaus.am.gov.br\/semcom\/prefeitura-semed-acaoformativa\/#primaryimage","url":"https:\/\/www.manaus.am.gov.br\/semcom\/wp-content\/uploads\/sites\/5\/2026\/03\/acao-formativa.jpg","contentUrl":"https:\/\/www.manaus.am.gov.br\/semcom\/wp-content\/uploads\/sites\/5\/2026\/03\/acao-formativa.jpg","width":1200,"height":900,"caption":"#paratodosverem - A\u00e7\u00e3o formativa com instrutor e profissionais da Educa\u00e7\u00e3o municipal sobre BNCC Computa\u00e7\u00e3o"},{"@type":"WebSite","@id":"https:\/\/www.manaus.am.gov.br\/semcom\/#website","url":"https:\/\/www.manaus.am.gov.br\/semcom\/","name":"SEMCOM","description":"Secretaria Municipal de Comunica\u00e7\u00e3o","potentialAction":[{"@type":"SearchAction","target":{"@type":"EntryPoint","urlTemplate":"https:\/\/www.manaus.am.gov.br\/semcom\/?s={search_term_string}"},"query-input":"required name=search_term_string"}],"inLanguage":"pt-BR"},{"@type":"Person","@id":"https:\/\/www.manaus.am.gov.br\/semcom\/#\/schema\/person\/4e49f4e267757a06ca072ec61b2b9968","name":"Adriana Costa","image":{"@type":"ImageObject","inLanguage":"pt-BR","@id":"https:\/\/www.manaus.am.gov.br\/semcom\/#\/schema\/person\/image\/","url":"https:\/\/secure.gravatar.com\/avatar\/576258617ef7194f718179e766d57bd4?s=96&d=mm&r=g","contentUrl":"https:\/\/secure.gravatar.com\/avatar\/576258617ef7194f718179e766d57bd4?s=96&d=mm&r=g","caption":"Adriana Costa"}}]}},"_links":{"self":[{"href":"https:\/\/www.manaus.am.gov.br\/semcom\/wp-json\/wp\/v2\/posts\/254059"}],"collection":[{"href":"https:\/\/www.manaus.am.gov.br\/semcom\/wp-json\/wp\/v2\/posts"}],"about":[{"href":"https:\/\/www.manaus.am.gov.br\/semcom\/wp-json\/wp\/v2\/types\/post"}],"author":[{"embeddable":true,"href":"https:\/\/www.manaus.am.gov.br\/semcom\/wp-json\/wp\/v2\/users\/23"}],"replies":[{"embeddable":true,"href":"https:\/\/www.manaus.am.gov.br\/semcom\/wp-json\/wp\/v2\/comments?post=254059"}],"version-history":[{"count":1,"href":"https:\/\/www.manaus.am.gov.br\/semcom\/wp-json\/wp\/v2\/posts\/254059\/revisions"}],"predecessor-version":[{"id":254079,"href":"https:\/\/www.manaus.am.gov.br\/semcom\/wp-json\/wp\/v2\/posts\/254059\/revisions\/254079"}],"wp:featuredmedia":[{"embeddable":true,"href":"https:\/\/www.manaus.am.gov.br\/semcom\/wp-json\/wp\/v2\/media\/254060"}],"wp:attachment":[{"href":"https:\/\/www.manaus.am.gov.br\/semcom\/wp-json\/wp\/v2\/media?parent=254059"}],"wp:term":[{"taxonomy":"category","embeddable":true,"href":"https:\/\/www.manaus.am.gov.br\/semcom\/wp-json\/wp\/v2\/categories?post=254059"},{"taxonomy":"post_tag","embeddable":true,"href":"https:\/\/www.manaus.am.gov.br\/semcom\/wp-json\/wp\/v2\/tags?post=254059"}],"curies":[{"name":"wp","href":"https:\/\/api.w.org\/{rel}","templated":true}]}}