{"id":254049,"date":"2026-03-06T13:33:08","date_gmt":"2026-03-06T17:33:08","guid":{"rendered":"https:\/\/www.manaus.am.gov.br\/semcom\/acao-embelezamento-residentes-fdt\/"},"modified":"2026-03-06T13:33:08","modified_gmt":"2026-03-06T17:33:08","slug":"acao-embelezamento-residentes-fdt","status":"publish","type":"post","link":"https:\/\/www.manaus.am.gov.br\/semcom\/acao-embelezamento-residentes-fdt\/","title":{"rendered":"Prefeitura de Manaus promove a\u00e7\u00e3o de embelezamento para idosas residentes da Funda\u00e7\u00e3o Dr. Thomas em alus\u00e3o ao M\u00eas das Mulheres"},"content":{"rendered":"\n<p>A Prefeitura de Manaus, por meio da Funda\u00e7\u00e3o de Apoio ao Idoso Dr. Thomas (FDT), em parceria com o Instituto Fortis, realizou, na manh\u00e3 desta sexta-feira, 6\/3, uma a\u00e7\u00e3o de embelezamento voltada \u00e0s idosas residentes da institui\u00e7\u00e3o. A atividade integrou a programa\u00e7\u00e3o especial do M\u00eas das Mulheres com o objetivo de valorizar a autoestima, o bem-estar e a qualidade de vida das moradoras.<\/p>\n\n\n\n<p>Durante a a\u00e7\u00e3o, as idosas receberam cuidados de beleza e momentos de aten\u00e7\u00e3o e acolhimento, proporcionando um dia especial de valoriza\u00e7\u00e3o e carinho. A iniciativa tamb\u00e9m fortaleceu o conv\u00edvio social e contribuiu para o aumento da autoestima das participantes.<\/p>\n\n\n\n<p>O diretor-presidente da Funda\u00e7\u00e3o Dr. Thomas, Eduardo Lucas, destacou que iniciativas como essa s\u00e3o importantes para promover bem-estar e reconhecimento \u00e0s mulheres idosas atendidas pela institui\u00e7\u00e3o.<\/p>\n\n\n\n<p>\u201cCelebrar o M\u00eas das Mulheres com as nossas residentes \u00e9 reconhecer suas hist\u00f3rias de vida, sua for\u00e7a e sua contribui\u00e7\u00e3o para a sociedade. Nosso compromisso \u00e9 garantir n\u00e3o apenas assist\u00eancia, mas tamb\u00e9m momentos de cuidado, valoriza\u00e7\u00e3o e alegria para cada uma delas\u201d, afirmou.<\/p>\n\n\n\n<p>A assistente social do Instituto Fortis, Geisy Barbosa, ressaltou a import\u00e2ncia da parceria com a Prefeitura de Manaus para a realiza\u00e7\u00e3o de a\u00e7\u00f5es que promovem acolhimento e valoriza\u00e7\u00e3o da pessoa idosa. \u201cPara n\u00f3s \u00e9 uma grande satisfa\u00e7\u00e3o participar dessa a\u00e7\u00e3o. Momentos como esse fortalecem a autoestima das idosas e demonstram o quanto elas s\u00e3o importantes. Cuidar da apar\u00eancia tamb\u00e9m \u00e9 cuidar da sa\u00fade emocional e do bem-estar\u201d, destacou.<\/p>\n\n\n\n<p>A idosa residente Hilda Maria Nobre, de 65 anos, tamb\u00e9m celebrou o momento especial proporcionado pela atividade. \u201cEu gostei muito. A gente se sente mais bonita, mais feliz. \u00c9 muito bom ter um dia assim, de cuidado e carinho com a gente\u201d, disse.<\/p>\n\n\n\n<p>A atividade faz parte da programa\u00e7\u00e3o especial do M\u00eas das Mulheres organizada pela Funda\u00e7\u00e3o Dr. Thomas, que ao longo do per\u00edodo realiza a\u00e7\u00f5es voltadas ao bem-estar, \u00e0 sa\u00fade e \u00e0 valoriza\u00e7\u00e3o das mulheres idosas atendidas pela institui\u00e7\u00e3o.<\/p>\n\n\n\n<p>A a\u00e7\u00e3o refor\u00e7a o compromisso da Prefeitura de Manaus com a promo\u00e7\u00e3o do envelhecimento ativo e com o cuidado humanizado \u00e0s pessoas idosas, garantindo iniciativas que estimulam autoestima, inclus\u00e3o e qualidade de vida.\u00a0<\/p>\n\n\n\n<figure class=\"wp-block-image size-large\"><img loading=\"lazy\" decoding=\"async\" width=\"1024\" height=\"768\" src=\"https:\/\/www.manaus.am.gov.br\/semcom\/wp-content\/uploads\/sites\/5\/2026\/03\/WhatsApp-Image-2026-03-06-at-13.29.37-1024x768.jpeg\" alt=\"\" class=\"wp-image-254051\" srcset=\"https:\/\/www.manaus.am.gov.br\/semcom\/wp-content\/uploads\/sites\/5\/2026\/03\/WhatsApp-Image-2026-03-06-at-13.29.37-1024x768.jpeg 1024w, https:\/\/www.manaus.am.gov.br\/semcom\/wp-content\/uploads\/sites\/5\/2026\/03\/WhatsApp-Image-2026-03-06-at-13.29.37-300x225.jpeg 300w, https:\/\/www.manaus.am.gov.br\/semcom\/wp-content\/uploads\/sites\/5\/2026\/03\/WhatsApp-Image-2026-03-06-at-13.29.37-768x576.jpeg 768w, https:\/\/www.manaus.am.gov.br\/semcom\/wp-content\/uploads\/sites\/5\/2026\/03\/WhatsApp-Image-2026-03-06-at-13.29.37-1536x1152.jpeg 1536w, https:\/\/www.manaus.am.gov.br\/semcom\/wp-content\/uploads\/sites\/5\/2026\/03\/WhatsApp-Image-2026-03-06-at-13.29.37.jpeg 1600w\" sizes=\"(max-width: 1024px) 100vw, 1024px\" \/><figcaption class=\"wp-element-caption\">#paratodosverem &#8211; Idosa recebendo a\u00e7\u00e3o de pedicure<\/figcaption><\/figure>\n\n\n\n<p>&#8212; &#8212; &#8212;<\/p>\n\n\n\n<p><strong>Texto e fotos &#8211;<\/strong>&nbsp;F\u00e1bio Sim\u00f5es\/FDT<\/p>\n","protected":false},"excerpt":{"rendered":"","protected":false},"author":39,"featured_media":254050,"comment_status":"closed","ping_status":"closed","sticky":false,"template":"","format":"standard","meta":{"footnotes":""},"categories":[647],"tags":[19651,19652,8774,19653,77],"acf":[],"yoast_head":"<!-- This site is optimized with the Yoast SEO plugin v23.0 - https:\/\/yoast.com\/wordpress\/plugins\/seo\/ -->\n<title>A\u00e7\u00e3o de embelezamento para idosas residentes da FDT<\/title>\n<meta name=\"description\" content=\"Prefeitura de Manaus promove a\u00e7\u00e3o de embelezamento para idosas residentes da Funda\u00e7\u00e3o Dr. Thomas em alus\u00e3o ao M\u00eas das Mulheres.\" \/>\n<meta name=\"robots\" content=\"index, follow, max-snippet:-1, max-image-preview:large, max-video-preview:-1\" \/>\n<link rel=\"canonical\" href=\"https:\/\/www.manaus.am.gov.br\/semcom\/acao-embelezamento-residentes-fdt\/\" \/>\n<meta property=\"og:locale\" content=\"pt_BR\" \/>\n<meta property=\"og:type\" content=\"article\" \/>\n<meta property=\"og:title\" content=\"A\u00e7\u00e3o de embelezamento para idosas residentes da FDT\" \/>\n<meta property=\"og:description\" content=\"Prefeitura de Manaus promove a\u00e7\u00e3o de embelezamento para idosas residentes da Funda\u00e7\u00e3o Dr. Thomas em alus\u00e3o ao M\u00eas das Mulheres.\" \/>\n<meta property=\"og:url\" content=\"https:\/\/www.manaus.am.gov.br\/semcom\/acao-embelezamento-residentes-fdt\/\" \/>\n<meta property=\"og:site_name\" content=\"SEMCOM\" \/>\n<meta property=\"article:published_time\" content=\"2026-03-06T17:33:08+00:00\" \/>\n<meta property=\"og:image\" content=\"https:\/\/www.manaus.am.gov.br\/semcom\/wp-content\/uploads\/sites\/5\/2026\/03\/a2c307d8-0561-41cf-81ce-c9d4c242308e.jpeg\" \/>\n\t<meta property=\"og:image:width\" content=\"1600\" \/>\n\t<meta property=\"og:image:height\" content=\"1200\" \/>\n\t<meta property=\"og:image:type\" content=\"image\/jpeg\" \/>\n<meta name=\"author\" content=\"Bruna Greco\" \/>\n<meta name=\"twitter:card\" content=\"summary_large_image\" \/>\n<meta name=\"twitter:label1\" content=\"Written by\" \/>\n\t<meta name=\"twitter:data1\" content=\"Bruna Greco\" \/>\n\t<meta name=\"twitter:label2\" content=\"Est. reading time\" \/>\n\t<meta name=\"twitter:data2\" content=\"3 minutos\" \/>\n<script type=\"application\/ld+json\" class=\"yoast-schema-graph\">{\"@context\":\"https:\/\/schema.org\",\"@graph\":[{\"@type\":\"WebPage\",\"@id\":\"https:\/\/www.manaus.am.gov.br\/semcom\/acao-embelezamento-residentes-fdt\/\",\"url\":\"https:\/\/www.manaus.am.gov.br\/semcom\/acao-embelezamento-residentes-fdt\/\",\"name\":\"A\u00e7\u00e3o de embelezamento para idosas residentes da FDT\",\"isPartOf\":{\"@id\":\"https:\/\/www.manaus.am.gov.br\/semcom\/#website\"},\"primaryImageOfPage\":{\"@id\":\"https:\/\/www.manaus.am.gov.br\/semcom\/acao-embelezamento-residentes-fdt\/#primaryimage\"},\"image\":{\"@id\":\"https:\/\/www.manaus.am.gov.br\/semcom\/acao-embelezamento-residentes-fdt\/#primaryimage\"},\"thumbnailUrl\":\"https:\/\/www.manaus.am.gov.br\/semcom\/wp-content\/uploads\/sites\/5\/2026\/03\/a2c307d8-0561-41cf-81ce-c9d4c242308e.jpeg\",\"datePublished\":\"2026-03-06T17:33:08+00:00\",\"dateModified\":\"2026-03-06T17:33:08+00:00\",\"author\":{\"@id\":\"https:\/\/www.manaus.am.gov.br\/semcom\/#\/schema\/person\/05d223aea2bf115f9883a6ff3683d81b\"},\"description\":\"Prefeitura de Manaus promove a\u00e7\u00e3o de embelezamento para idosas residentes da Funda\u00e7\u00e3o Dr. Thomas em alus\u00e3o ao M\u00eas das Mulheres.\",\"inLanguage\":\"pt-BR\",\"potentialAction\":[{\"@type\":\"ReadAction\",\"target\":[\"https:\/\/www.manaus.am.gov.br\/semcom\/acao-embelezamento-residentes-fdt\/\"]}]},{\"@type\":\"ImageObject\",\"inLanguage\":\"pt-BR\",\"@id\":\"https:\/\/www.manaus.am.gov.br\/semcom\/acao-embelezamento-residentes-fdt\/#primaryimage\",\"url\":\"https:\/\/www.manaus.am.gov.br\/semcom\/wp-content\/uploads\/sites\/5\/2026\/03\/a2c307d8-0561-41cf-81ce-c9d4c242308e.jpeg\",\"contentUrl\":\"https:\/\/www.manaus.am.gov.br\/semcom\/wp-content\/uploads\/sites\/5\/2026\/03\/a2c307d8-0561-41cf-81ce-c9d4c242308e.jpeg\",\"width\":1600,\"height\":1200,\"caption\":\"#paratodosverem - Idosa residente da Funda\u00e7\u00e3o Doutor Thomas recebendo corte de cabelo durante a\u00e7\u00e3o de embelezamento em alus\u00e3o ao Dia da Mulher\"},{\"@type\":\"WebSite\",\"@id\":\"https:\/\/www.manaus.am.gov.br\/semcom\/#website\",\"url\":\"https:\/\/www.manaus.am.gov.br\/semcom\/\",\"name\":\"SEMCOM\",\"description\":\"Secretaria Municipal de Comunica\u00e7\u00e3o\",\"potentialAction\":[{\"@type\":\"SearchAction\",\"target\":{\"@type\":\"EntryPoint\",\"urlTemplate\":\"https:\/\/www.manaus.am.gov.br\/semcom\/?s={search_term_string}\"},\"query-input\":\"required name=search_term_string\"}],\"inLanguage\":\"pt-BR\"},{\"@type\":\"Person\",\"@id\":\"https:\/\/www.manaus.am.gov.br\/semcom\/#\/schema\/person\/05d223aea2bf115f9883a6ff3683d81b\",\"name\":\"Bruna Greco\",\"image\":{\"@type\":\"ImageObject\",\"inLanguage\":\"pt-BR\",\"@id\":\"https:\/\/www.manaus.am.gov.br\/semcom\/#\/schema\/person\/image\/\",\"url\":\"https:\/\/secure.gravatar.com\/avatar\/9c877d1a6adc2a055330e5c09a8653ce?s=96&d=mm&r=g\",\"contentUrl\":\"https:\/\/secure.gravatar.com\/avatar\/9c877d1a6adc2a055330e5c09a8653ce?s=96&d=mm&r=g\",\"caption\":\"Bruna Greco\"}}]}<\/script>\n<!-- \/ Yoast SEO plugin. -->","yoast_head_json":{"title":"A\u00e7\u00e3o de embelezamento para idosas residentes da FDT","description":"Prefeitura de Manaus promove a\u00e7\u00e3o de embelezamento para idosas residentes da Funda\u00e7\u00e3o Dr. Thomas em alus\u00e3o ao M\u00eas das Mulheres.","robots":{"index":"index","follow":"follow","max-snippet":"max-snippet:-1","max-image-preview":"max-image-preview:large","max-video-preview":"max-video-preview:-1"},"canonical":"https:\/\/www.manaus.am.gov.br\/semcom\/acao-embelezamento-residentes-fdt\/","og_locale":"pt_BR","og_type":"article","og_title":"A\u00e7\u00e3o de embelezamento para idosas residentes da FDT","og_description":"Prefeitura de Manaus promove a\u00e7\u00e3o de embelezamento para idosas residentes da Funda\u00e7\u00e3o Dr. Thomas em alus\u00e3o ao M\u00eas das Mulheres.","og_url":"https:\/\/www.manaus.am.gov.br\/semcom\/acao-embelezamento-residentes-fdt\/","og_site_name":"SEMCOM","article_published_time":"2026-03-06T17:33:08+00:00","og_image":[{"width":1600,"height":1200,"url":"https:\/\/www.manaus.am.gov.br\/semcom\/wp-content\/uploads\/sites\/5\/2026\/03\/a2c307d8-0561-41cf-81ce-c9d4c242308e.jpeg","type":"image\/jpeg"}],"author":"Bruna Greco","twitter_card":"summary_large_image","twitter_misc":{"Written by":"Bruna Greco","Est. reading time":"3 minutos"},"schema":{"@context":"https:\/\/schema.org","@graph":[{"@type":"WebPage","@id":"https:\/\/www.manaus.am.gov.br\/semcom\/acao-embelezamento-residentes-fdt\/","url":"https:\/\/www.manaus.am.gov.br\/semcom\/acao-embelezamento-residentes-fdt\/","name":"A\u00e7\u00e3o de embelezamento para idosas residentes da FDT","isPartOf":{"@id":"https:\/\/www.manaus.am.gov.br\/semcom\/#website"},"primaryImageOfPage":{"@id":"https:\/\/www.manaus.am.gov.br\/semcom\/acao-embelezamento-residentes-fdt\/#primaryimage"},"image":{"@id":"https:\/\/www.manaus.am.gov.br\/semcom\/acao-embelezamento-residentes-fdt\/#primaryimage"},"thumbnailUrl":"https:\/\/www.manaus.am.gov.br\/semcom\/wp-content\/uploads\/sites\/5\/2026\/03\/a2c307d8-0561-41cf-81ce-c9d4c242308e.jpeg","datePublished":"2026-03-06T17:33:08+00:00","dateModified":"2026-03-06T17:33:08+00:00","author":{"@id":"https:\/\/www.manaus.am.gov.br\/semcom\/#\/schema\/person\/05d223aea2bf115f9883a6ff3683d81b"},"description":"Prefeitura de Manaus promove a\u00e7\u00e3o de embelezamento para idosas residentes da Funda\u00e7\u00e3o Dr. Thomas em alus\u00e3o ao M\u00eas das Mulheres.","inLanguage":"pt-BR","potentialAction":[{"@type":"ReadAction","target":["https:\/\/www.manaus.am.gov.br\/semcom\/acao-embelezamento-residentes-fdt\/"]}]},{"@type":"ImageObject","inLanguage":"pt-BR","@id":"https:\/\/www.manaus.am.gov.br\/semcom\/acao-embelezamento-residentes-fdt\/#primaryimage","url":"https:\/\/www.manaus.am.gov.br\/semcom\/wp-content\/uploads\/sites\/5\/2026\/03\/a2c307d8-0561-41cf-81ce-c9d4c242308e.jpeg","contentUrl":"https:\/\/www.manaus.am.gov.br\/semcom\/wp-content\/uploads\/sites\/5\/2026\/03\/a2c307d8-0561-41cf-81ce-c9d4c242308e.jpeg","width":1600,"height":1200,"caption":"#paratodosverem - Idosa residente da Funda\u00e7\u00e3o Doutor Thomas recebendo corte de cabelo durante a\u00e7\u00e3o de embelezamento em alus\u00e3o ao Dia da Mulher"},{"@type":"WebSite","@id":"https:\/\/www.manaus.am.gov.br\/semcom\/#website","url":"https:\/\/www.manaus.am.gov.br\/semcom\/","name":"SEMCOM","description":"Secretaria Municipal de Comunica\u00e7\u00e3o","potentialAction":[{"@type":"SearchAction","target":{"@type":"EntryPoint","urlTemplate":"https:\/\/www.manaus.am.gov.br\/semcom\/?s={search_term_string}"},"query-input":"required name=search_term_string"}],"inLanguage":"pt-BR"},{"@type":"Person","@id":"https:\/\/www.manaus.am.gov.br\/semcom\/#\/schema\/person\/05d223aea2bf115f9883a6ff3683d81b","name":"Bruna Greco","image":{"@type":"ImageObject","inLanguage":"pt-BR","@id":"https:\/\/www.manaus.am.gov.br\/semcom\/#\/schema\/person\/image\/","url":"https:\/\/secure.gravatar.com\/avatar\/9c877d1a6adc2a055330e5c09a8653ce?s=96&d=mm&r=g","contentUrl":"https:\/\/secure.gravatar.com\/avatar\/9c877d1a6adc2a055330e5c09a8653ce?s=96&d=mm&r=g","caption":"Bruna Greco"}}]}},"_links":{"self":[{"href":"https:\/\/www.manaus.am.gov.br\/semcom\/wp-json\/wp\/v2\/posts\/254049"}],"collection":[{"href":"https:\/\/www.manaus.am.gov.br\/semcom\/wp-json\/wp\/v2\/posts"}],"about":[{"href":"https:\/\/www.manaus.am.gov.br\/semcom\/wp-json\/wp\/v2\/types\/post"}],"author":[{"embeddable":true,"href":"https:\/\/www.manaus.am.gov.br\/semcom\/wp-json\/wp\/v2\/users\/39"}],"replies":[{"embeddable":true,"href":"https:\/\/www.manaus.am.gov.br\/semcom\/wp-json\/wp\/v2\/comments?post=254049"}],"version-history":[{"count":1,"href":"https:\/\/www.manaus.am.gov.br\/semcom\/wp-json\/wp\/v2\/posts\/254049\/revisions"}],"predecessor-version":[{"id":254052,"href":"https:\/\/www.manaus.am.gov.br\/semcom\/wp-json\/wp\/v2\/posts\/254049\/revisions\/254052"}],"wp:featuredmedia":[{"embeddable":true,"href":"https:\/\/www.manaus.am.gov.br\/semcom\/wp-json\/wp\/v2\/media\/254050"}],"wp:attachment":[{"href":"https:\/\/www.manaus.am.gov.br\/semcom\/wp-json\/wp\/v2\/media?parent=254049"}],"wp:term":[{"taxonomy":"category","embeddable":true,"href":"https:\/\/www.manaus.am.gov.br\/semcom\/wp-json\/wp\/v2\/categories?post=254049"},{"taxonomy":"post_tag","embeddable":true,"href":"https:\/\/www.manaus.am.gov.br\/semcom\/wp-json\/wp\/v2\/tags?post=254049"}],"curies":[{"name":"wp","href":"https:\/\/api.w.org\/{rel}","templated":true}]}}