{"id":254039,"date":"2026-03-06T13:11:32","date_gmt":"2026-03-06T17:11:32","guid":{"rendered":"https:\/\/www.manaus.am.gov.br\/semcom\/posse-guarda-municipal-anuncio-concurso\/"},"modified":"2026-03-06T14:14:25","modified_gmt":"2026-03-06T17:14:25","slug":"posse-guarda-municipal-anuncio-concurso","status":"publish","type":"post","link":"https:\/\/www.manaus.am.gov.br\/semcom\/posse-guarda-municipal-anuncio-concurso\/","title":{"rendered":"David Almeida empossa primeira mulher comandante da Guarda Municipal e anuncia concurso para 590 novos agentes"},"content":{"rendered":"\n<p>O prefeito de Manaus, David Almeida, oficializou, nesta sexta-feira, 6\/3, a posse da nova comandante e do novo subcomandante da Guarda Municipal de Manaus (GMM) e anunciou a amplia\u00e7\u00e3o do efetivo da corpora\u00e7\u00e3o com a realiza\u00e7\u00e3o de concurso p\u00fablico para 590 novos guardas municipais. A solenidade ocorreu no audit\u00f3rio Isabel Victoria de Mattos Pereira do Carmo Ribeiro, na sede da prefeitura, no bairro Compensa, zona Oeste da capital, e marcou tamb\u00e9m a formatura da primeira turma do curso Guardi\u00e3 Maria da Penha.<\/p>\n\n\n\n<p>Durante a cerim\u00f4nia, foram empossados Francilene Vieira Bezerra como comandante da corpora\u00e7\u00e3o e Failo Alves Ribeiro como subcomandante. A nomea\u00e7\u00e3o representa um marco institucional para a Guarda Municipal de Manaus, que passa a ser liderada pela primeira mulher em seus 77 anos de exist\u00eancia.<\/p>\n\n\n\n<p>Ao comentar a escolha, o prefeito destacou que a nomea\u00e7\u00e3o reconhece a trajet\u00f3ria profissional constru\u00edda pela nova comandante dentro da pr\u00f3pria institui\u00e7\u00e3o.<\/p>\n\n\n\n<p>\u201cFrancilene ocupa hoje esse cargo por sua capacidade e por sua compet\u00eancia. Voc\u00ea conquistou essa posi\u00e7\u00e3o pelo m\u00e9rito. A guarda est\u00e1 bem comandada por algu\u00e9m que alcan\u00e7ou esse espa\u00e7o pelo seu valor\u201d, afirmou David Almeida.<\/p>\n\n\n\n<p>O prefeito tamb\u00e9m ressaltou o simbolismo da posse que ocorre na semana em que se celebra o Dia Internacional da Mulher, comemorado no dia 8 de mar\u00e7o.<\/p>\n\n\n\n<p>\u201cDepois de 77 anos da Guarda Municipal de Manaus, temos a primeira mulher comandante. \u00c9 um dia de alegria e de celebra\u00e7\u00e3o. As mulheres est\u00e3o ocupando posi\u00e7\u00f5es importantes na sociedade pela sua capacidade, pela sua compet\u00eancia e pelo seu m\u00e9rito\u201d, enfatizou.<\/p>\n\n\n\n<p>Ao relembrar o cen\u00e1rio encontrado no in\u00edcio da gest\u00e3o, em 2021, David Almeida destacou o processo de reestrutura\u00e7\u00e3o da Guarda Municipal de Manaus. \u201cQuando assumimos a prefeitura, a Guarda Municipal tinha 74 anos de exist\u00eancia, apenas dois ve\u00edculos com mais de 12 anos de uso e n\u00e3o havia um guarda municipal armado atuando na cidade de Manaus. Hoje essa realidade \u00e9 outra\u201d, pontuou.<\/p>\n\n\n\n<p>Segundo o prefeito, os investimentos realizados na institui\u00e7\u00e3o fazem parte de um modelo de gest\u00e3o baseado em planejamento, metas e fortalecimento das pol\u00edticas p\u00fablicas.<\/p>\n\n\n\n<p>\u201cSe mudamos a realidade da sa\u00fade foi porque houve trabalho. Se mudamos a realidade da educa\u00e7\u00e3o foi porque houve trabalho. Se mudamos a realidade da Guarda Municipal tamb\u00e9m foi porque houve trabalho\u201d, garantiu.<\/p>\n\n\n\n<p><strong>Amplia\u00e7\u00e3o do efetivo e nova academia de forma\u00e7\u00e3o<\/strong><\/p>\n\n\n\n<p>Durante o evento, o prefeito David Almeida anunciou que a prefeitura publicar\u00e1 ainda neste m\u00eas o edital de um novo concurso p\u00fablico para ampliar o efetivo da Guarda Municipal de Manaus. \u201cAinda neste m\u00eas de mar\u00e7o vamos publicar o edital para mais 590 guardas municipais, ampliando o efetivo e fortalecendo a presen\u00e7a da guarda nas ruas\u201d, disse.<\/p>\n\n\n\n<p>O prefeito tamb\u00e9m confirmou a cria\u00e7\u00e3o da primeira academia de forma\u00e7\u00e3o de guardas municipais da regi\u00e3o amaz\u00f4nica, estrutura que deve ampliar a capacidade de qualifica\u00e7\u00e3o profissional da corpora\u00e7\u00e3o e contribuir para a forma\u00e7\u00e3o de agentes de seguran\u00e7a de outros munic\u00edpios.<\/p>\n\n\n\n<p>\u201cVamos lan\u00e7ar a pedra fundamental da primeira academia de forma\u00e7\u00e3o de guardas municipais da Amaz\u00f4nia. Manaus vai dar a sua contribui\u00e7\u00e3o para a seguran\u00e7a p\u00fablica qualificando melhor os seus agentes e colaborando com outros munic\u00edpios da regi\u00e3o\u201d, afirmou.<\/p>\n\n\n\n<figure class=\"wp-block-image size-large\"><img loading=\"lazy\" decoding=\"async\" width=\"1024\" height=\"683\" src=\"https:\/\/www.manaus.am.gov.br\/semcom\/wp-content\/uploads\/sites\/5\/2026\/03\/WhatsApp-Image-2026-03-06-at-12.03.35-1024x683.jpeg\" alt=\"\" class=\"wp-image-254041\" srcset=\"https:\/\/www.manaus.am.gov.br\/semcom\/wp-content\/uploads\/sites\/5\/2026\/03\/WhatsApp-Image-2026-03-06-at-12.03.35-1024x683.jpeg 1024w, https:\/\/www.manaus.am.gov.br\/semcom\/wp-content\/uploads\/sites\/5\/2026\/03\/WhatsApp-Image-2026-03-06-at-12.03.35-300x200.jpeg 300w, https:\/\/www.manaus.am.gov.br\/semcom\/wp-content\/uploads\/sites\/5\/2026\/03\/WhatsApp-Image-2026-03-06-at-12.03.35-768x512.jpeg 768w, https:\/\/www.manaus.am.gov.br\/semcom\/wp-content\/uploads\/sites\/5\/2026\/03\/WhatsApp-Image-2026-03-06-at-12.03.35-1536x1024.jpeg 1536w, https:\/\/www.manaus.am.gov.br\/semcom\/wp-content\/uploads\/sites\/5\/2026\/03\/WhatsApp-Image-2026-03-06-at-12.03.35-2048x1365.jpeg 2048w\" sizes=\"(max-width: 1024px) 100vw, 1024px\" \/><figcaption class=\"wp-element-caption\">#paratodosverem &#8211; Guardas municipais<\/figcaption><\/figure>\n\n\n\n<p><strong>Transforma\u00e7\u00e3o institucional da Guarda Municipal<\/strong><\/p>\n\n\n\n<p>O titular da Secretaria Municipal de Seguran\u00e7a P\u00fablica e Defesa Social (Semseg), Alberto Siqueira Neto, destacou que a posse ocorre em um momento de transforma\u00e7\u00e3o institucional da Guarda Municipal de Manaus.<\/p>\n\n\n\n<p>\u201cDesde o in\u00edcio da gest\u00e3o do prefeito David Almeida, a Guarda Municipal passou por um processo importante de transforma\u00e7\u00e3o. Houve investimento em forma\u00e7\u00e3o, tecnologia, novas estrat\u00e9gias de patrulhamento, aproxima\u00e7\u00e3o com a popula\u00e7\u00e3o e valoriza\u00e7\u00e3o dos servidores\u201d, ressaltou.<\/p>\n\n\n\n<p>Segundo o secret\u00e1rio, o resultado desse processo \u00e9 uma institui\u00e7\u00e3o mais preparada e reconhecida pela popula\u00e7\u00e3o. \u201cHoje temos uma guarda mais estruturada, mais preparada e cada vez mais reconhecida pela sociedade manauara. Manaus tem atualmente um dos maiores aportes de treinamento operacional entre as guardas municipais do Brasil\u201d, completou.<\/p>\n\n\n\n<p>Ele tamb\u00e9m destacou a qualifica\u00e7\u00e3o profissional da nova comandante. \u201cFrancilene construiu uma trajet\u00f3ria marcada por compet\u00eancia, disciplina e comprometimento com a institui\u00e7\u00e3o. Tenho plena convic\u00e7\u00e3o de que sua lideran\u00e7a dar\u00e1 continuidade ao processo de crescimento da Guarda Municipal\u201d, assegurou o secret\u00e1rio.<\/p>\n\n\n\n<p><strong>Marco hist\u00f3rico para a corpora\u00e7\u00e3o<\/strong><\/p>\n\n\n\n<p>Ao assumir o comando da Guarda Municipal de Manaus, Francilene Vieira Bezerra destacou o significado institucional da nomea\u00e7\u00e3o e reafirmou o compromisso de fortalecer a atua\u00e7\u00e3o da corpora\u00e7\u00e3o.<\/p>\n\n\n\n<p>\u201cHoje \u00e9 um dia hist\u00f3rico para a Guarda Municipal de Manaus. Esse momento representa mais um marco na trajet\u00f3ria da nossa institui\u00e7\u00e3o, que ao longo dessa gest\u00e3o vem se fortalecendo, se modernizando e ampliando sua atua\u00e7\u00e3o em defesa da nossa cidade e da nossa popula\u00e7\u00e3o\u201d, afirmou.<\/p>\n\n\n\n<p>A comandante tamb\u00e9m ressaltou o significado simb\u00f3lico da posse. \u201cTenho plena consci\u00eancia da responsabilidade que isso representa, especialmente por ser a primeira mulher a ocupar o cargo de comandante da Guarda Municipal de Manaus\u201d, disse.<\/p>\n\n\n\n<p>Ela enfatizou ainda que a conquista representa uma trajet\u00f3ria coletiva de mulheres que abriram caminho nas institui\u00e7\u00f5es p\u00fablicas. \u201cEssa conquista n\u00e3o \u00e9 individual. \u00c9 fruto da caminhada de muitas mulheres que vieram antes de mim e abriram caminhos para que hoje possamos ocupar esses espa\u00e7os\u201d, concluiu.<\/p>\n\n\n\n<p>A solenidade tamb\u00e9m marcou a formatura da primeira turma do curso Guardi\u00e3 Maria da Penha, iniciativa voltada \u00e0 capacita\u00e7\u00e3o de agentes da Guarda Municipal para atuar no acompanhamento de medidas protetivas e no apoio a mulheres v\u00edtimas de viol\u00eancia dom\u00e9stica.<\/p>\n\n\n\n<figure class=\"wp-block-image size-large\"><img loading=\"lazy\" decoding=\"async\" width=\"1024\" height=\"683\" src=\"https:\/\/www.manaus.am.gov.br\/semcom\/wp-content\/uploads\/sites\/5\/2026\/03\/WhatsApp-Image-2026-03-06-at-12.03.30-1-1024x683.jpeg\" alt=\"\" class=\"wp-image-254042\" srcset=\"https:\/\/www.manaus.am.gov.br\/semcom\/wp-content\/uploads\/sites\/5\/2026\/03\/WhatsApp-Image-2026-03-06-at-12.03.30-1-1024x683.jpeg 1024w, https:\/\/www.manaus.am.gov.br\/semcom\/wp-content\/uploads\/sites\/5\/2026\/03\/WhatsApp-Image-2026-03-06-at-12.03.30-1-300x200.jpeg 300w, https:\/\/www.manaus.am.gov.br\/semcom\/wp-content\/uploads\/sites\/5\/2026\/03\/WhatsApp-Image-2026-03-06-at-12.03.30-1-768x512.jpeg 768w, https:\/\/www.manaus.am.gov.br\/semcom\/wp-content\/uploads\/sites\/5\/2026\/03\/WhatsApp-Image-2026-03-06-at-12.03.30-1-1536x1024.jpeg 1536w, https:\/\/www.manaus.am.gov.br\/semcom\/wp-content\/uploads\/sites\/5\/2026\/03\/WhatsApp-Image-2026-03-06-at-12.03.30-1-2048x1365.jpeg 2048w\" sizes=\"(max-width: 1024px) 100vw, 1024px\" \/><figcaption class=\"wp-element-caption\">#paratodosverem &#8211; Posse da nova comandante da Guarda Municipal <\/figcaption><\/figure>\n\n\n\n<p>&#8212; &#8212; &#8212;<\/p>\n\n\n\n<p><strong>Texto<\/strong>&nbsp;&#8211; Emanuelle Baires\/Semcom-Prefeito<\/p>\n\n\n\n<p><strong>Fotos<\/strong> &#8211; Dhyeizo Lemos\/Semcom-Prefeito e Cl\u00f3vis Miranda\/Semcom<\/p>\n\n\n\n<p><strong>Dispon\u00edveis em &#8211; <\/strong><a href=\"https:\/\/flic.kr\/s\/aHBqjCMhH2\">https:\/\/flic.kr\/s\/aHBqjCMhH2<\/a><\/p>\n","protected":false},"excerpt":{"rendered":"","protected":false},"author":39,"featured_media":254040,"comment_status":"closed","ping_status":"closed","sticky":false,"template":"","format":"standard","meta":{"footnotes":""},"categories":[9850],"tags":[19649,35,3366,19650,77,349],"acf":[],"yoast_head":"<!-- This site is optimized with the Yoast SEO plugin v23.0 - https:\/\/yoast.com\/wordpress\/plugins\/seo\/ -->\n<title>David Almeida empossa primeira mulher comandante da Guarda Municipal e anuncia concurso para 590 novos agentes<\/title>\n<meta name=\"description\" content=\"David Almeida empossa primeira mulher comandante da Guarda Municipal e anuncia concurso para 590 novos agentes.\" \/>\n<meta name=\"robots\" content=\"index, follow, max-snippet:-1, max-image-preview:large, max-video-preview:-1\" \/>\n<link rel=\"canonical\" href=\"https:\/\/www.manaus.am.gov.br\/semcom\/posse-guarda-municipal-anuncio-concurso\/\" \/>\n<meta property=\"og:locale\" content=\"pt_BR\" \/>\n<meta property=\"og:type\" content=\"article\" \/>\n<meta property=\"og:title\" content=\"David Almeida empossa primeira mulher comandante da Guarda Municipal e anuncia concurso para 590 novos agentes\" \/>\n<meta property=\"og:description\" content=\"David Almeida empossa primeira mulher comandante da Guarda Municipal e anuncia concurso para 590 novos agentes.\" \/>\n<meta property=\"og:url\" content=\"https:\/\/www.manaus.am.gov.br\/semcom\/posse-guarda-municipal-anuncio-concurso\/\" \/>\n<meta property=\"og:site_name\" content=\"SEMCOM\" \/>\n<meta property=\"article:published_time\" content=\"2026-03-06T17:11:32+00:00\" \/>\n<meta property=\"article:modified_time\" content=\"2026-03-06T17:14:25+00:00\" \/>\n<meta property=\"og:image\" content=\"https:\/\/www.manaus.am.gov.br\/semcom\/wp-content\/uploads\/sites\/5\/2026\/03\/WhatsApp-Image-2026-03-06-at-12.03.39.jpeg\" \/>\n\t<meta property=\"og:image:width\" content=\"4160\" \/>\n\t<meta property=\"og:image:height\" content=\"2773\" \/>\n\t<meta property=\"og:image:type\" content=\"image\/jpeg\" \/>\n<meta name=\"author\" content=\"Bruna Greco\" \/>\n<meta name=\"twitter:card\" content=\"summary_large_image\" \/>\n<meta name=\"twitter:label1\" content=\"Written by\" \/>\n\t<meta name=\"twitter:data1\" content=\"Bruna Greco\" \/>\n\t<meta name=\"twitter:label2\" content=\"Est. reading time\" \/>\n\t<meta name=\"twitter:data2\" content=\"6 minutos\" \/>\n<script type=\"application\/ld+json\" class=\"yoast-schema-graph\">{\"@context\":\"https:\/\/schema.org\",\"@graph\":[{\"@type\":\"WebPage\",\"@id\":\"https:\/\/www.manaus.am.gov.br\/semcom\/posse-guarda-municipal-anuncio-concurso\/\",\"url\":\"https:\/\/www.manaus.am.gov.br\/semcom\/posse-guarda-municipal-anuncio-concurso\/\",\"name\":\"David Almeida empossa primeira mulher comandante da Guarda Municipal e anuncia concurso para 590 novos agentes\",\"isPartOf\":{\"@id\":\"https:\/\/www.manaus.am.gov.br\/semcom\/#website\"},\"primaryImageOfPage\":{\"@id\":\"https:\/\/www.manaus.am.gov.br\/semcom\/posse-guarda-municipal-anuncio-concurso\/#primaryimage\"},\"image\":{\"@id\":\"https:\/\/www.manaus.am.gov.br\/semcom\/posse-guarda-municipal-anuncio-concurso\/#primaryimage\"},\"thumbnailUrl\":\"https:\/\/www.manaus.am.gov.br\/semcom\/wp-content\/uploads\/sites\/5\/2026\/03\/WhatsApp-Image-2026-03-06-at-12.03.39.jpeg\",\"datePublished\":\"2026-03-06T17:11:32+00:00\",\"dateModified\":\"2026-03-06T17:14:25+00:00\",\"author\":{\"@id\":\"https:\/\/www.manaus.am.gov.br\/semcom\/#\/schema\/person\/05d223aea2bf115f9883a6ff3683d81b\"},\"description\":\"David Almeida empossa primeira mulher comandante da Guarda Municipal e anuncia concurso para 590 novos agentes.\",\"inLanguage\":\"pt-BR\",\"potentialAction\":[{\"@type\":\"ReadAction\",\"target\":[\"https:\/\/www.manaus.am.gov.br\/semcom\/posse-guarda-municipal-anuncio-concurso\/\"]}]},{\"@type\":\"ImageObject\",\"inLanguage\":\"pt-BR\",\"@id\":\"https:\/\/www.manaus.am.gov.br\/semcom\/posse-guarda-municipal-anuncio-concurso\/#primaryimage\",\"url\":\"https:\/\/www.manaus.am.gov.br\/semcom\/wp-content\/uploads\/sites\/5\/2026\/03\/WhatsApp-Image-2026-03-06-at-12.03.39.jpeg\",\"contentUrl\":\"https:\/\/www.manaus.am.gov.br\/semcom\/wp-content\/uploads\/sites\/5\/2026\/03\/WhatsApp-Image-2026-03-06-at-12.03.39.jpeg\",\"width\":4160,\"height\":2773,\"caption\":\"#paratodosverem - Prefeito de Manaus, David Almeida, discursando durante cerim\u00f4nia de posse dos novos comandante e subcomandante da Guarda Municipal\"},{\"@type\":\"WebSite\",\"@id\":\"https:\/\/www.manaus.am.gov.br\/semcom\/#website\",\"url\":\"https:\/\/www.manaus.am.gov.br\/semcom\/\",\"name\":\"SEMCOM\",\"description\":\"Secretaria Municipal de Comunica\u00e7\u00e3o\",\"potentialAction\":[{\"@type\":\"SearchAction\",\"target\":{\"@type\":\"EntryPoint\",\"urlTemplate\":\"https:\/\/www.manaus.am.gov.br\/semcom\/?s={search_term_string}\"},\"query-input\":\"required name=search_term_string\"}],\"inLanguage\":\"pt-BR\"},{\"@type\":\"Person\",\"@id\":\"https:\/\/www.manaus.am.gov.br\/semcom\/#\/schema\/person\/05d223aea2bf115f9883a6ff3683d81b\",\"name\":\"Bruna Greco\",\"image\":{\"@type\":\"ImageObject\",\"inLanguage\":\"pt-BR\",\"@id\":\"https:\/\/www.manaus.am.gov.br\/semcom\/#\/schema\/person\/image\/\",\"url\":\"https:\/\/secure.gravatar.com\/avatar\/9c877d1a6adc2a055330e5c09a8653ce?s=96&d=mm&r=g\",\"contentUrl\":\"https:\/\/secure.gravatar.com\/avatar\/9c877d1a6adc2a055330e5c09a8653ce?s=96&d=mm&r=g\",\"caption\":\"Bruna Greco\"}}]}<\/script>\n<!-- \/ Yoast SEO plugin. -->","yoast_head_json":{"title":"David Almeida empossa primeira mulher comandante da Guarda Municipal e anuncia concurso para 590 novos agentes","description":"David Almeida empossa primeira mulher comandante da Guarda Municipal e anuncia concurso para 590 novos agentes.","robots":{"index":"index","follow":"follow","max-snippet":"max-snippet:-1","max-image-preview":"max-image-preview:large","max-video-preview":"max-video-preview:-1"},"canonical":"https:\/\/www.manaus.am.gov.br\/semcom\/posse-guarda-municipal-anuncio-concurso\/","og_locale":"pt_BR","og_type":"article","og_title":"David Almeida empossa primeira mulher comandante da Guarda Municipal e anuncia concurso para 590 novos agentes","og_description":"David Almeida empossa primeira mulher comandante da Guarda Municipal e anuncia concurso para 590 novos agentes.","og_url":"https:\/\/www.manaus.am.gov.br\/semcom\/posse-guarda-municipal-anuncio-concurso\/","og_site_name":"SEMCOM","article_published_time":"2026-03-06T17:11:32+00:00","article_modified_time":"2026-03-06T17:14:25+00:00","og_image":[{"width":4160,"height":2773,"url":"https:\/\/www.manaus.am.gov.br\/semcom\/wp-content\/uploads\/sites\/5\/2026\/03\/WhatsApp-Image-2026-03-06-at-12.03.39.jpeg","type":"image\/jpeg"}],"author":"Bruna Greco","twitter_card":"summary_large_image","twitter_misc":{"Written by":"Bruna Greco","Est. reading time":"6 minutos"},"schema":{"@context":"https:\/\/schema.org","@graph":[{"@type":"WebPage","@id":"https:\/\/www.manaus.am.gov.br\/semcom\/posse-guarda-municipal-anuncio-concurso\/","url":"https:\/\/www.manaus.am.gov.br\/semcom\/posse-guarda-municipal-anuncio-concurso\/","name":"David Almeida empossa primeira mulher comandante da Guarda Municipal e anuncia concurso para 590 novos agentes","isPartOf":{"@id":"https:\/\/www.manaus.am.gov.br\/semcom\/#website"},"primaryImageOfPage":{"@id":"https:\/\/www.manaus.am.gov.br\/semcom\/posse-guarda-municipal-anuncio-concurso\/#primaryimage"},"image":{"@id":"https:\/\/www.manaus.am.gov.br\/semcom\/posse-guarda-municipal-anuncio-concurso\/#primaryimage"},"thumbnailUrl":"https:\/\/www.manaus.am.gov.br\/semcom\/wp-content\/uploads\/sites\/5\/2026\/03\/WhatsApp-Image-2026-03-06-at-12.03.39.jpeg","datePublished":"2026-03-06T17:11:32+00:00","dateModified":"2026-03-06T17:14:25+00:00","author":{"@id":"https:\/\/www.manaus.am.gov.br\/semcom\/#\/schema\/person\/05d223aea2bf115f9883a6ff3683d81b"},"description":"David Almeida empossa primeira mulher comandante da Guarda Municipal e anuncia concurso para 590 novos agentes.","inLanguage":"pt-BR","potentialAction":[{"@type":"ReadAction","target":["https:\/\/www.manaus.am.gov.br\/semcom\/posse-guarda-municipal-anuncio-concurso\/"]}]},{"@type":"ImageObject","inLanguage":"pt-BR","@id":"https:\/\/www.manaus.am.gov.br\/semcom\/posse-guarda-municipal-anuncio-concurso\/#primaryimage","url":"https:\/\/www.manaus.am.gov.br\/semcom\/wp-content\/uploads\/sites\/5\/2026\/03\/WhatsApp-Image-2026-03-06-at-12.03.39.jpeg","contentUrl":"https:\/\/www.manaus.am.gov.br\/semcom\/wp-content\/uploads\/sites\/5\/2026\/03\/WhatsApp-Image-2026-03-06-at-12.03.39.jpeg","width":4160,"height":2773,"caption":"#paratodosverem - Prefeito de Manaus, David Almeida, discursando durante cerim\u00f4nia de posse dos novos comandante e subcomandante da Guarda Municipal"},{"@type":"WebSite","@id":"https:\/\/www.manaus.am.gov.br\/semcom\/#website","url":"https:\/\/www.manaus.am.gov.br\/semcom\/","name":"SEMCOM","description":"Secretaria Municipal de Comunica\u00e7\u00e3o","potentialAction":[{"@type":"SearchAction","target":{"@type":"EntryPoint","urlTemplate":"https:\/\/www.manaus.am.gov.br\/semcom\/?s={search_term_string}"},"query-input":"required name=search_term_string"}],"inLanguage":"pt-BR"},{"@type":"Person","@id":"https:\/\/www.manaus.am.gov.br\/semcom\/#\/schema\/person\/05d223aea2bf115f9883a6ff3683d81b","name":"Bruna Greco","image":{"@type":"ImageObject","inLanguage":"pt-BR","@id":"https:\/\/www.manaus.am.gov.br\/semcom\/#\/schema\/person\/image\/","url":"https:\/\/secure.gravatar.com\/avatar\/9c877d1a6adc2a055330e5c09a8653ce?s=96&d=mm&r=g","contentUrl":"https:\/\/secure.gravatar.com\/avatar\/9c877d1a6adc2a055330e5c09a8653ce?s=96&d=mm&r=g","caption":"Bruna Greco"}}]}},"_links":{"self":[{"href":"https:\/\/www.manaus.am.gov.br\/semcom\/wp-json\/wp\/v2\/posts\/254039"}],"collection":[{"href":"https:\/\/www.manaus.am.gov.br\/semcom\/wp-json\/wp\/v2\/posts"}],"about":[{"href":"https:\/\/www.manaus.am.gov.br\/semcom\/wp-json\/wp\/v2\/types\/post"}],"author":[{"embeddable":true,"href":"https:\/\/www.manaus.am.gov.br\/semcom\/wp-json\/wp\/v2\/users\/39"}],"replies":[{"embeddable":true,"href":"https:\/\/www.manaus.am.gov.br\/semcom\/wp-json\/wp\/v2\/comments?post=254039"}],"version-history":[{"count":5,"href":"https:\/\/www.manaus.am.gov.br\/semcom\/wp-json\/wp\/v2\/posts\/254039\/revisions"}],"predecessor-version":[{"id":254048,"href":"https:\/\/www.manaus.am.gov.br\/semcom\/wp-json\/wp\/v2\/posts\/254039\/revisions\/254048"}],"wp:featuredmedia":[{"embeddable":true,"href":"https:\/\/www.manaus.am.gov.br\/semcom\/wp-json\/wp\/v2\/media\/254040"}],"wp:attachment":[{"href":"https:\/\/www.manaus.am.gov.br\/semcom\/wp-json\/wp\/v2\/media?parent=254039"}],"wp:term":[{"taxonomy":"category","embeddable":true,"href":"https:\/\/www.manaus.am.gov.br\/semcom\/wp-json\/wp\/v2\/categories?post=254039"},{"taxonomy":"post_tag","embeddable":true,"href":"https:\/\/www.manaus.am.gov.br\/semcom\/wp-json\/wp\/v2\/tags?post=254039"}],"curies":[{"name":"wp","href":"https:\/\/api.w.org\/{rel}","templated":true}]}}