{"id":254018,"date":"2026-03-06T11:51:22","date_gmt":"2026-03-06T15:51:22","guid":{"rendered":"https:\/\/www.manaus.am.gov.br\/semcom\/prefeitura-implurb-projetoaquario\/"},"modified":"2026-03-06T15:46:37","modified_gmt":"2026-03-06T18:46:37","slug":"prefeitura-implurb-projeto-aquario-de-manaus","status":"publish","type":"post","link":"https:\/\/www.manaus.am.gov.br\/semcom\/prefeitura-implurb-projeto-aquario-de-manaus\/","title":{"rendered":"Projeto do aqu\u00e1rio da Prefeitura de Manaus aposta na riqueza da vida aqu\u00e1tica amaz\u00f4nica"},"content":{"rendered":"\n<p>O projeto do Aqu\u00e1rio de Manaus, da <a href=\"https:\/\/www.manaus.am.gov.br\/\">Prefeitura de Manaus<\/a>, nasce com a proposta de revelar ao p\u00fablico um universo que, apesar de extraordin\u00e1rio, muitas vezes permanece invis\u00edvel at\u00e9 mesmo para quem vive na Amaz\u00f4nia: a fant\u00e1stica vida sob as \u00e1guas dos rios doces. Diferentemente do fasc\u00ednio tradicional pelos aqu\u00e1rios marinhos, o equipamento tur\u00edstico e ambiental planejado dentro do programa \u201cNosso Centro\u201d, aposta justamente na riqueza da biodiversidade de \u00e1gua doce amaz\u00f4nica, considerada a maior do planeta.<\/p>\n\n\n\n<p>Mais do que um espa\u00e7o de contempla\u00e7\u00e3o, os aqu\u00e1rios contempor\u00e2neos s\u00e3o projetados para oferecer uma experi\u00eancia imersiva e educativa, aproximando o visitante da vida aqu\u00e1tica por meio de arquitetura, ilumina\u00e7\u00e3o e tecnologia. Al\u00e9m da observa\u00e7\u00e3o dos animais, muitos equipamentos ao redor do mundo tamb\u00e9m funcionam como centros de conserva\u00e7\u00e3o, pesquisa e educa\u00e7\u00e3o ambiental, despertando no p\u00fablico a curiosidade cient\u00edfica e o compromisso com a preserva\u00e7\u00e3o.<\/p>\n\n\n\n<p>E foi com esse olhar que a equipe do <a href=\"https:\/\/implurbatende.manaus.am.gov.br\/\">Instituto Municipal de Planejamento Urbano<\/a> (Implurb) percorreu diversos aqu\u00e1rios brasileiros e internacionais para desenvolver o projeto de Manaus. Segundo o diretor-presidente da autarquia, Carlos Valente, o trabalho envolveu um estudo aprofundado sobre tecnologia, opera\u00e7\u00e3o e sustentabilidade econ\u00f4mica desses equipamentos. Ap\u00f3s o lan\u00e7amento da pedra fundamental, a proposta ter\u00e1 o edital de licita\u00e7\u00e3o lan\u00e7ado.<\/p>\n\n\n\n<p>\u201cLogo no in\u00edcio da gest\u00e3o, o prefeito David Almeida lan\u00e7ou o programa \u2018Nosso Centro\u2019, que re\u00fane uma s\u00e9rie de interven\u00e7\u00f5es para revitalizar a \u00e1rea hist\u00f3rica da cidade. Entre as demandas que ele mais nos cobrava estava justamente o aqu\u00e1rio. N\u00f3s visitamos v\u00e1rias cidades brasileiras, como Santos, Balne\u00e1rio Cambori\u00fa, Rio de Janeiro e S\u00e3o Paulo, para entender n\u00e3o apenas o funcionamento dos aqu\u00e1rios, mas tamb\u00e9m sua tecnologia, equipamentos, modelo de gest\u00e3o e viabilidade econ\u00f4mica\u201d, explicou Valente.<\/p>\n\n\n\n<p>O projeto tamb\u00e9m se inspira em refer\u00eancias internacionais, como o Ocean\u00e1rio de Lisboa e o Aqu\u00e1rio de G\u00eanova, mas com um diferencial que deve torn\u00e1-lo \u00fanico no pa\u00eds: a valoriza\u00e7\u00e3o da paisagem amaz\u00f4nica.<\/p>\n\n\n\n<p>\u201cCostumo dizer, sem exagero, que esse ser\u00e1 o aqu\u00e1rio mais bonito do Brasil. Estudamos grandes aqu\u00e1rios nacionais e internacionais, mas nenhum deles tem a pegada amaz\u00f4nica que estamos propondo. A experi\u00eancia do visitante ser\u00e1 como caminhar entre as ra\u00edzes das \u00e1rvores dos rios Negro e Amazonas, criando uma integra\u00e7\u00e3o entre \u00e1gua e floresta que nenhum outro aqu\u00e1rio oferece\u201d, destacou o secret\u00e1rio.<\/p>\n\n\n\n<p><strong>Din\u00e2mica dos rios<\/strong><\/p>\n\n\n\n<p>A arquitetura do espa\u00e7o foi pensada para traduzir a din\u00e2mica dos rios amaz\u00f4nicos. O equipamento ter\u00e1 dois pavimentos tem\u00e1ticos dedicados aos grandes sistemas fluviais da regi\u00e3o. Um deles apresentar\u00e1 a ictiofauna do rio Negro, conhecido por suas \u00e1guas escuras e grande diversidade de peixes ornamentais. O outro pavimento ser\u00e1 dedicado ao sistema rio Solim\u00f5es e rio Amazonas, com esp\u00e9cies caracter\u00edsticas das \u00e1guas barrentas.<\/p>\n\n\n\n<p>Nos tanques, o visitante poder\u00e1 observar desde cardinais e acar\u00e1s-disco at\u00e9 esp\u00e9cies emblem\u00e1ticas como tucunar\u00e9, pirarara, jaraqui e o pr\u00f3prio pirarucu, muitas vezes mais conhecidos apenas na forma de alimento ou em fotografias, mas raramente vistos nadando em seu ambiente aqu\u00e1tico.<\/p>\n\n\n\n<figure class=\"wp-block-image size-large\"><img loading=\"lazy\" decoding=\"async\" width=\"1024\" height=\"683\" src=\"https:\/\/www.manaus.am.gov.br\/semcom\/wp-content\/uploads\/sites\/5\/2026\/03\/aquarionovo2-1-1024x683.png\" alt=\"\" class=\"wp-image-254020\" srcset=\"https:\/\/www.manaus.am.gov.br\/semcom\/wp-content\/uploads\/sites\/5\/2026\/03\/aquarionovo2-1-1024x683.png 1024w, https:\/\/www.manaus.am.gov.br\/semcom\/wp-content\/uploads\/sites\/5\/2026\/03\/aquarionovo2-1-300x200.png 300w, https:\/\/www.manaus.am.gov.br\/semcom\/wp-content\/uploads\/sites\/5\/2026\/03\/aquarionovo2-1-768x512.png 768w, https:\/\/www.manaus.am.gov.br\/semcom\/wp-content\/uploads\/sites\/5\/2026\/03\/aquarionovo2-1.png 1536w\" sizes=\"(max-width: 1024px) 100vw, 1024px\" \/><\/figure>\n\n\n\n<p>A proposta vai al\u00e9m do turismo. O aqu\u00e1rio tamb\u00e9m nasce com forte voca\u00e7\u00e3o educativa e ambiental. \u201cQuantas crian\u00e7as j\u00e1 viram um cardinal, uma piranha ou um pirarucu nadando vivo? Muitas vezes elas conhecem esses peixes apenas no prato ou no mercado. Aqui, ser\u00e1 poss\u00edvel observar a vida desses animais, interagindo com a \u00e1gua. Isso desperta nas crian\u00e7as um sentimento de pertencimento e de responsabilidade com o meio ambiente\u201d, afirmou Valente.<\/p>\n\n\n\n<p>Al\u00e9m da \u00e1rea expositiva, o complexo contar\u00e1 com estacionamento subterr\u00e2neo, lojas de suvenires, quiosques e um&nbsp;<em>rooftop<\/em>&nbsp;com opera\u00e7\u00f5es gastron\u00f4micas voltadas \u00e0 culin\u00e1ria regional, criando um modelo de sustentabilidade econ\u00f4mica para manter o funcionamento do espa\u00e7o ao longo do tempo.<\/p>\n\n\n\n<figure class=\"wp-block-image size-large\"><img loading=\"lazy\" decoding=\"async\" width=\"1024\" height=\"683\" src=\"https:\/\/www.manaus.am.gov.br\/semcom\/wp-content\/uploads\/sites\/5\/2026\/03\/aquarionovo7-1-1024x683.png\" alt=\"\" class=\"wp-image-254019\" srcset=\"https:\/\/www.manaus.am.gov.br\/semcom\/wp-content\/uploads\/sites\/5\/2026\/03\/aquarionovo7-1-1024x683.png 1024w, https:\/\/www.manaus.am.gov.br\/semcom\/wp-content\/uploads\/sites\/5\/2026\/03\/aquarionovo7-1-300x200.png 300w, https:\/\/www.manaus.am.gov.br\/semcom\/wp-content\/uploads\/sites\/5\/2026\/03\/aquarionovo7-1-768x512.png 768w, https:\/\/www.manaus.am.gov.br\/semcom\/wp-content\/uploads\/sites\/5\/2026\/03\/aquarionovo7-1.png 1536w\" sizes=\"(max-width: 1024px) 100vw, 1024px\" \/><\/figure>\n\n\n\n<p>O aqu\u00e1rio deve se consolidar como um novo marco tur\u00edstico e educativo da capital amazonense, conectando moradores e visitantes com a extraordin\u00e1ria vida que existe nos rios da maior floresta tropical do planeta.<\/p>\n\n\n\n<p><strong>Amaz\u00f4nia<\/strong><\/p>\n\n\n\n<p>A Amaz\u00f4nia abriga entre 1.800 e mais de 3.000 esp\u00e9cies de peixes de \u00e1gua doce, variando de pequenos peixes ornamentais, como o cardinal, at\u00e9 gigantes como o pirarucu (<em>Arapaima gigas<\/em>), que pode ultrapassar 3 metros de comprimento e pesar mais de 200 quilos.<\/p>\n\n\n\n<p>E o projeto do aqu\u00e1rio para Manaus foca neste ecossistema aqu\u00e1tico complexo, formado por rios, lagos e florestas de v\u00e1rzea conectadas, que representa uma das maiores riquezas naturais dos continentes.<\/p>\n\n\n\n<p>&#8212; &#8212; &#8212;<\/p>\n\n\n\n<p><strong>Texto<\/strong>&nbsp;\u2013&nbsp;Claudia do Valle\/Implurb<\/p>\n\n\n\n<p><strong>Fotos<\/strong> \u2013 Semcom<\/p>\n","protected":false},"excerpt":{"rendered":"","protected":false},"author":23,"featured_media":254021,"comment_status":"closed","ping_status":"closed","sticky":false,"template":"","format":"standard","meta":{"footnotes":""},"categories":[50],"tags":[19648,65,77,608,418],"acf":[],"yoast_head":"<!-- This site is optimized with the Yoast SEO plugin v23.0 - https:\/\/yoast.com\/wordpress\/plugins\/seo\/ -->\n<title>Projeto do aqu\u00e1rio da Prefeitura de Manaus aposta na riqueza da vida aqu\u00e1tica amaz\u00f4nica<\/title>\n<meta name=\"description\" content=\"O projeto do aqu\u00e1rio de Manaus, da prefeitura, nasce com a proposta de revelar ao p\u00fablico um universo que, apesar de extraordin\u00e1rio, muitas vezes permanece invis\u00edvel at\u00e9 mesmo para quem vive na Amaz\u00f4nia: a fant\u00e1stica vida sob as \u00e1guas dos rios doces.\" \/>\n<meta name=\"robots\" content=\"index, follow, max-snippet:-1, max-image-preview:large, max-video-preview:-1\" \/>\n<link rel=\"canonical\" href=\"https:\/\/www.manaus.am.gov.br\/semcom\/prefeitura-implurb-projetoaquario\/\" \/>\n<meta property=\"og:locale\" content=\"pt_BR\" \/>\n<meta property=\"og:type\" content=\"article\" \/>\n<meta property=\"og:title\" content=\"Projeto do aqu\u00e1rio da Prefeitura de Manaus aposta na riqueza da vida aqu\u00e1tica amaz\u00f4nica\" \/>\n<meta property=\"og:description\" content=\"O projeto do aqu\u00e1rio de Manaus, da prefeitura, nasce com a proposta de revelar ao p\u00fablico um universo que, apesar de extraordin\u00e1rio, muitas vezes permanece invis\u00edvel at\u00e9 mesmo para quem vive na Amaz\u00f4nia: a fant\u00e1stica vida sob as \u00e1guas dos rios doces.\" \/>\n<meta property=\"og:url\" content=\"https:\/\/www.manaus.am.gov.br\/semcom\/prefeitura-implurb-projetoaquario\/\" \/>\n<meta property=\"og:site_name\" content=\"SEMCOM\" \/>\n<meta property=\"article:published_time\" content=\"2026-03-06T15:51:22+00:00\" \/>\n<meta property=\"article:modified_time\" content=\"2026-03-06T18:46:37+00:00\" \/>\n<meta property=\"og:image\" content=\"https:\/\/www.manaus.am.gov.br\/semcom\/wp-content\/uploads\/sites\/5\/2026\/03\/aquarionovo18-1.png\" \/>\n\t<meta property=\"og:image:width\" content=\"1376\" \/>\n\t<meta property=\"og:image:height\" content=\"768\" \/>\n\t<meta property=\"og:image:type\" content=\"image\/png\" \/>\n<meta name=\"author\" content=\"Adriana Costa\" \/>\n<meta name=\"twitter:card\" content=\"summary_large_image\" \/>\n<meta name=\"twitter:label1\" content=\"Written by\" \/>\n\t<meta name=\"twitter:data1\" content=\"Adriana Costa\" \/>\n\t<meta name=\"twitter:label2\" content=\"Est. reading time\" \/>\n\t<meta name=\"twitter:data2\" content=\"5 minutos\" \/>\n<script type=\"application\/ld+json\" class=\"yoast-schema-graph\">{\"@context\":\"https:\/\/schema.org\",\"@graph\":[{\"@type\":\"WebPage\",\"@id\":\"https:\/\/www.manaus.am.gov.br\/semcom\/prefeitura-implurb-projetoaquario\/\",\"url\":\"https:\/\/www.manaus.am.gov.br\/semcom\/prefeitura-implurb-projetoaquario\/\",\"name\":\"Projeto do aqu\u00e1rio da Prefeitura de Manaus aposta na riqueza da vida aqu\u00e1tica amaz\u00f4nica\",\"isPartOf\":{\"@id\":\"https:\/\/www.manaus.am.gov.br\/semcom\/#website\"},\"primaryImageOfPage\":{\"@id\":\"https:\/\/www.manaus.am.gov.br\/semcom\/prefeitura-implurb-projetoaquario\/#primaryimage\"},\"image\":{\"@id\":\"https:\/\/www.manaus.am.gov.br\/semcom\/prefeitura-implurb-projetoaquario\/#primaryimage\"},\"thumbnailUrl\":\"https:\/\/www.manaus.am.gov.br\/semcom\/wp-content\/uploads\/sites\/5\/2026\/03\/aquarionovo18-1.png\",\"datePublished\":\"2026-03-06T15:51:22+00:00\",\"dateModified\":\"2026-03-06T18:46:37+00:00\",\"author\":{\"@id\":\"https:\/\/www.manaus.am.gov.br\/semcom\/#\/schema\/person\/4e49f4e267757a06ca072ec61b2b9968\"},\"description\":\"O projeto do aqu\u00e1rio de Manaus, da prefeitura, nasce com a proposta de revelar ao p\u00fablico um universo que, apesar de extraordin\u00e1rio, muitas vezes permanece invis\u00edvel at\u00e9 mesmo para quem vive na Amaz\u00f4nia: a fant\u00e1stica vida sob as \u00e1guas dos rios doces.\",\"inLanguage\":\"pt-BR\",\"potentialAction\":[{\"@type\":\"ReadAction\",\"target\":[\"https:\/\/www.manaus.am.gov.br\/semcom\/prefeitura-implurb-projetoaquario\/\"]}]},{\"@type\":\"ImageObject\",\"inLanguage\":\"pt-BR\",\"@id\":\"https:\/\/www.manaus.am.gov.br\/semcom\/prefeitura-implurb-projetoaquario\/#primaryimage\",\"url\":\"https:\/\/www.manaus.am.gov.br\/semcom\/wp-content\/uploads\/sites\/5\/2026\/03\/aquarionovo18-1.png\",\"contentUrl\":\"https:\/\/www.manaus.am.gov.br\/semcom\/wp-content\/uploads\/sites\/5\/2026\/03\/aquarionovo18-1.png\",\"width\":1376,\"height\":768,\"caption\":\"#paratodosverem - Proje\u00e7\u00e3o de fachada do Aqu\u00e1rio de Manaus\"},{\"@type\":\"WebSite\",\"@id\":\"https:\/\/www.manaus.am.gov.br\/semcom\/#website\",\"url\":\"https:\/\/www.manaus.am.gov.br\/semcom\/\",\"name\":\"SEMCOM\",\"description\":\"Secretaria Municipal de Comunica\u00e7\u00e3o\",\"potentialAction\":[{\"@type\":\"SearchAction\",\"target\":{\"@type\":\"EntryPoint\",\"urlTemplate\":\"https:\/\/www.manaus.am.gov.br\/semcom\/?s={search_term_string}\"},\"query-input\":\"required name=search_term_string\"}],\"inLanguage\":\"pt-BR\"},{\"@type\":\"Person\",\"@id\":\"https:\/\/www.manaus.am.gov.br\/semcom\/#\/schema\/person\/4e49f4e267757a06ca072ec61b2b9968\",\"name\":\"Adriana Costa\",\"image\":{\"@type\":\"ImageObject\",\"inLanguage\":\"pt-BR\",\"@id\":\"https:\/\/www.manaus.am.gov.br\/semcom\/#\/schema\/person\/image\/\",\"url\":\"https:\/\/secure.gravatar.com\/avatar\/576258617ef7194f718179e766d57bd4?s=96&d=mm&r=g\",\"contentUrl\":\"https:\/\/secure.gravatar.com\/avatar\/576258617ef7194f718179e766d57bd4?s=96&d=mm&r=g\",\"caption\":\"Adriana Costa\"}}]}<\/script>\n<!-- \/ Yoast SEO plugin. -->","yoast_head_json":{"title":"Projeto do aqu\u00e1rio da Prefeitura de Manaus aposta na riqueza da vida aqu\u00e1tica amaz\u00f4nica","description":"O projeto do aqu\u00e1rio de Manaus, da prefeitura, nasce com a proposta de revelar ao p\u00fablico um universo que, apesar de extraordin\u00e1rio, muitas vezes permanece invis\u00edvel at\u00e9 mesmo para quem vive na Amaz\u00f4nia: a fant\u00e1stica vida sob as \u00e1guas dos rios doces.","robots":{"index":"index","follow":"follow","max-snippet":"max-snippet:-1","max-image-preview":"max-image-preview:large","max-video-preview":"max-video-preview:-1"},"canonical":"https:\/\/www.manaus.am.gov.br\/semcom\/prefeitura-implurb-projetoaquario\/","og_locale":"pt_BR","og_type":"article","og_title":"Projeto do aqu\u00e1rio da Prefeitura de Manaus aposta na riqueza da vida aqu\u00e1tica amaz\u00f4nica","og_description":"O projeto do aqu\u00e1rio de Manaus, da prefeitura, nasce com a proposta de revelar ao p\u00fablico um universo que, apesar de extraordin\u00e1rio, muitas vezes permanece invis\u00edvel at\u00e9 mesmo para quem vive na Amaz\u00f4nia: a fant\u00e1stica vida sob as \u00e1guas dos rios doces.","og_url":"https:\/\/www.manaus.am.gov.br\/semcom\/prefeitura-implurb-projetoaquario\/","og_site_name":"SEMCOM","article_published_time":"2026-03-06T15:51:22+00:00","article_modified_time":"2026-03-06T18:46:37+00:00","og_image":[{"width":1376,"height":768,"url":"https:\/\/www.manaus.am.gov.br\/semcom\/wp-content\/uploads\/sites\/5\/2026\/03\/aquarionovo18-1.png","type":"image\/png"}],"author":"Adriana Costa","twitter_card":"summary_large_image","twitter_misc":{"Written by":"Adriana Costa","Est. reading time":"5 minutos"},"schema":{"@context":"https:\/\/schema.org","@graph":[{"@type":"WebPage","@id":"https:\/\/www.manaus.am.gov.br\/semcom\/prefeitura-implurb-projetoaquario\/","url":"https:\/\/www.manaus.am.gov.br\/semcom\/prefeitura-implurb-projetoaquario\/","name":"Projeto do aqu\u00e1rio da Prefeitura de Manaus aposta na riqueza da vida aqu\u00e1tica amaz\u00f4nica","isPartOf":{"@id":"https:\/\/www.manaus.am.gov.br\/semcom\/#website"},"primaryImageOfPage":{"@id":"https:\/\/www.manaus.am.gov.br\/semcom\/prefeitura-implurb-projetoaquario\/#primaryimage"},"image":{"@id":"https:\/\/www.manaus.am.gov.br\/semcom\/prefeitura-implurb-projetoaquario\/#primaryimage"},"thumbnailUrl":"https:\/\/www.manaus.am.gov.br\/semcom\/wp-content\/uploads\/sites\/5\/2026\/03\/aquarionovo18-1.png","datePublished":"2026-03-06T15:51:22+00:00","dateModified":"2026-03-06T18:46:37+00:00","author":{"@id":"https:\/\/www.manaus.am.gov.br\/semcom\/#\/schema\/person\/4e49f4e267757a06ca072ec61b2b9968"},"description":"O projeto do aqu\u00e1rio de Manaus, da prefeitura, nasce com a proposta de revelar ao p\u00fablico um universo que, apesar de extraordin\u00e1rio, muitas vezes permanece invis\u00edvel at\u00e9 mesmo para quem vive na Amaz\u00f4nia: a fant\u00e1stica vida sob as \u00e1guas dos rios doces.","inLanguage":"pt-BR","potentialAction":[{"@type":"ReadAction","target":["https:\/\/www.manaus.am.gov.br\/semcom\/prefeitura-implurb-projetoaquario\/"]}]},{"@type":"ImageObject","inLanguage":"pt-BR","@id":"https:\/\/www.manaus.am.gov.br\/semcom\/prefeitura-implurb-projetoaquario\/#primaryimage","url":"https:\/\/www.manaus.am.gov.br\/semcom\/wp-content\/uploads\/sites\/5\/2026\/03\/aquarionovo18-1.png","contentUrl":"https:\/\/www.manaus.am.gov.br\/semcom\/wp-content\/uploads\/sites\/5\/2026\/03\/aquarionovo18-1.png","width":1376,"height":768,"caption":"#paratodosverem - Proje\u00e7\u00e3o de fachada do Aqu\u00e1rio de Manaus"},{"@type":"WebSite","@id":"https:\/\/www.manaus.am.gov.br\/semcom\/#website","url":"https:\/\/www.manaus.am.gov.br\/semcom\/","name":"SEMCOM","description":"Secretaria Municipal de Comunica\u00e7\u00e3o","potentialAction":[{"@type":"SearchAction","target":{"@type":"EntryPoint","urlTemplate":"https:\/\/www.manaus.am.gov.br\/semcom\/?s={search_term_string}"},"query-input":"required name=search_term_string"}],"inLanguage":"pt-BR"},{"@type":"Person","@id":"https:\/\/www.manaus.am.gov.br\/semcom\/#\/schema\/person\/4e49f4e267757a06ca072ec61b2b9968","name":"Adriana Costa","image":{"@type":"ImageObject","inLanguage":"pt-BR","@id":"https:\/\/www.manaus.am.gov.br\/semcom\/#\/schema\/person\/image\/","url":"https:\/\/secure.gravatar.com\/avatar\/576258617ef7194f718179e766d57bd4?s=96&d=mm&r=g","contentUrl":"https:\/\/secure.gravatar.com\/avatar\/576258617ef7194f718179e766d57bd4?s=96&d=mm&r=g","caption":"Adriana Costa"}}]}},"_links":{"self":[{"href":"https:\/\/www.manaus.am.gov.br\/semcom\/wp-json\/wp\/v2\/posts\/254018"}],"collection":[{"href":"https:\/\/www.manaus.am.gov.br\/semcom\/wp-json\/wp\/v2\/posts"}],"about":[{"href":"https:\/\/www.manaus.am.gov.br\/semcom\/wp-json\/wp\/v2\/types\/post"}],"author":[{"embeddable":true,"href":"https:\/\/www.manaus.am.gov.br\/semcom\/wp-json\/wp\/v2\/users\/23"}],"replies":[{"embeddable":true,"href":"https:\/\/www.manaus.am.gov.br\/semcom\/wp-json\/wp\/v2\/comments?post=254018"}],"version-history":[{"count":3,"href":"https:\/\/www.manaus.am.gov.br\/semcom\/wp-json\/wp\/v2\/posts\/254018\/revisions"}],"predecessor-version":[{"id":254073,"href":"https:\/\/www.manaus.am.gov.br\/semcom\/wp-json\/wp\/v2\/posts\/254018\/revisions\/254073"}],"wp:featuredmedia":[{"embeddable":true,"href":"https:\/\/www.manaus.am.gov.br\/semcom\/wp-json\/wp\/v2\/media\/254021"}],"wp:attachment":[{"href":"https:\/\/www.manaus.am.gov.br\/semcom\/wp-json\/wp\/v2\/media?parent=254018"}],"wp:term":[{"taxonomy":"category","embeddable":true,"href":"https:\/\/www.manaus.am.gov.br\/semcom\/wp-json\/wp\/v2\/categories?post=254018"},{"taxonomy":"post_tag","embeddable":true,"href":"https:\/\/www.manaus.am.gov.br\/semcom\/wp-json\/wp\/v2\/tags?post=254018"}],"curies":[{"name":"wp","href":"https:\/\/api.w.org\/{rel}","templated":true}]}}