{"id":254007,"date":"2026-03-06T09:37:39","date_gmt":"2026-03-06T12:37:39","guid":{"rendered":"https:\/\/www.manaus.am.gov.br\/semcom\/ageman-fiscaliza-servico-pontadaslajes\/"},"modified":"2026-03-06T15:13:35","modified_gmt":"2026-03-06T18:13:35","slug":"ageman-fiscaliza-servico-pontadaslajes","status":"publish","type":"post","link":"https:\/\/www.manaus.am.gov.br\/semcom\/ageman-fiscaliza-servico-pontadaslajes\/","title":{"rendered":"Ageman monitora servi\u00e7o de manuten\u00e7\u00e3o na esta\u00e7\u00e3o Ponta das Lajes"},"content":{"rendered":"\n<p>A <a href=\"https:\/\/www.instagram.com\/ageman_manaus\/\">Ag\u00eancia Reguladora dos Servi\u00e7os P\u00fablicos Delegados do Munic\u00edpio de Manaus<\/a> (Ageman) informa que est\u00e1 acompanhando e fiscalizando os servi\u00e7os de manuten\u00e7\u00e3o el\u00e9trica realizados pela concession\u00e1ria \u00c1guas de Manaus na Esta\u00e7\u00e3o de Tratamento de \u00c1gua da Ponta das Lajes (ETA-PDL), respons\u00e1vel pelo abastecimento da zona Leste e parte da zona Norte da capital.<\/p>\n\n\n\n<p>Equipes t\u00e9cnicas da ag\u00eancia est\u00e3o em campo monitorando a execu\u00e7\u00e3o dos trabalhos e permanecer\u00e3o em regime de plant\u00e3o durante todo o final de semana, realizando vistorias para assegurar o cumprimento das obriga\u00e7\u00f5es contratuais por parte da concession\u00e1ria at\u00e9 a conclus\u00e3o dos servi\u00e7os e a retomada do abastecimento nas \u00e1reas impactadas.<\/p>\n\n\n\n<p>Diante dos transtornos causados \u00e0 popula\u00e7\u00e3o, a Ageman lavrou auto de infra\u00e7\u00e3o contra a empresa \u00c1guas de Manaus, com aplica\u00e7\u00e3o de multa, conforme previsto no contrato de concess\u00e3o e nas normas regulat\u00f3rias que disciplinam a presta\u00e7\u00e3o dos servi\u00e7os de abastecimento de \u00e1gua na capital.<\/p>\n\n\n\n<p>A ag\u00eancia tamb\u00e9m determinou que a concession\u00e1ria mantenha refor\u00e7ada a opera\u00e7\u00e3o de carros-pipa para atendimento emergencial \u00e0s \u00e1reas mais afetadas, com prioridade para unidades de sa\u00fade, hospitais e servi\u00e7os essenciais.<\/p>\n\n\n\n<p>A Ouvidoria da Ageman permanece \u00e0 disposi\u00e7\u00e3o da popula\u00e7\u00e3o para registrar demandas relacionadas ao abastecimento de \u00e1gua pelos canais de atendimento via WhatsApp (92) 98842-2919 e (92) 98410-3247, al\u00e9m das redes sociais oficiais da ag\u00eancia.<\/p>\n\n\n\n<p>A Ageman orienta ainda que os moradores das \u00e1reas impactadas adotem o consumo consciente da \u00e1gua, evitando desperd\u00edcios e priorizando o uso para atividades essenciais at\u00e9 a completa normaliza\u00e7\u00e3o do sistema de abastecimento.<\/p>\n\n\n\n<p>A ag\u00eancia seguir\u00e1 acompanhando a situa\u00e7\u00e3o e adotar\u00e1 todas as medidas regulat\u00f3rias cab\u00edveis para garantir a adequada presta\u00e7\u00e3o do servi\u00e7o \u00e0 popula\u00e7\u00e3o de Manaus.<\/p>\n\n\n\n<p>&#8212; &#8212; &#8212;<\/p>\n\n\n\n<p><strong>Texto <\/strong>\u2013 Tereza Te\u00f3filo\/Ageman<\/p>\n","protected":false},"excerpt":{"rendered":"","protected":false},"author":23,"featured_media":238167,"comment_status":"closed","ping_status":"closed","sticky":false,"template":"","format":"standard","meta":{"footnotes":""},"categories":[59],"tags":[215,19646,88,205,910,77,108,328],"acf":[],"yoast_head":"<!-- This site is optimized with the Yoast SEO plugin v23.0 - https:\/\/yoast.com\/wordpress\/plugins\/seo\/ -->\n<title>Ageman monitora servi\u00e7o de manuten\u00e7\u00e3o na esta\u00e7\u00e3o Ponta das Lajes<\/title>\n<meta name=\"description\" content=\"A Ag\u00eancia Reguladora dos Servi\u00e7os P\u00fablicos Delegados do Munic\u00edpio de Manaus (Ageman) informa que est\u00e1 acompanhando e fiscalizando os servi\u00e7os de manuten\u00e7\u00e3o el\u00e9trica realizados pela concession\u00e1ria \u00c1guas de Manaus na Esta\u00e7\u00e3o de Tratamento de \u00c1gua da Ponta das Lajes (ETA-PDL), respons\u00e1vel pelo abastecimento da zona Leste e parte da zona Norte da capital.\" \/>\n<meta name=\"robots\" content=\"index, follow, max-snippet:-1, max-image-preview:large, max-video-preview:-1\" \/>\n<link rel=\"canonical\" href=\"https:\/\/www.manaus.am.gov.br\/semcom\/ageman-fiscaliza-servico-pontadaslajes\/\" \/>\n<meta property=\"og:locale\" content=\"pt_BR\" \/>\n<meta property=\"og:type\" content=\"article\" \/>\n<meta property=\"og:title\" content=\"Ageman monitora servi\u00e7o de manuten\u00e7\u00e3o na esta\u00e7\u00e3o Ponta das Lajes\" \/>\n<meta property=\"og:description\" content=\"A Ag\u00eancia Reguladora dos Servi\u00e7os P\u00fablicos Delegados do Munic\u00edpio de Manaus (Ageman) informa que est\u00e1 acompanhando e fiscalizando os servi\u00e7os de manuten\u00e7\u00e3o el\u00e9trica realizados pela concession\u00e1ria \u00c1guas de Manaus na Esta\u00e7\u00e3o de Tratamento de \u00c1gua da Ponta das Lajes (ETA-PDL), respons\u00e1vel pelo abastecimento da zona Leste e parte da zona Norte da capital.\" \/>\n<meta property=\"og:url\" content=\"https:\/\/www.manaus.am.gov.br\/semcom\/ageman-fiscaliza-servico-pontadaslajes\/\" \/>\n<meta property=\"og:site_name\" content=\"SEMCOM\" \/>\n<meta property=\"article:published_time\" content=\"2026-03-06T12:37:39+00:00\" \/>\n<meta property=\"article:modified_time\" content=\"2026-03-06T18:13:35+00:00\" \/>\n<meta property=\"og:image\" content=\"https:\/\/www.manaus.am.gov.br\/semcom\/wp-content\/uploads\/sites\/5\/2025\/04\/BANNER-NOTA.png\" \/>\n\t<meta property=\"og:image:width\" content=\"900\" \/>\n\t<meta property=\"og:image:height\" content=\"509\" \/>\n\t<meta property=\"og:image:type\" content=\"image\/png\" \/>\n<meta name=\"author\" content=\"Adriana Costa\" \/>\n<meta name=\"twitter:card\" content=\"summary_large_image\" \/>\n<meta name=\"twitter:label1\" content=\"Written by\" \/>\n\t<meta name=\"twitter:data1\" content=\"Adriana Costa\" \/>\n\t<meta name=\"twitter:label2\" content=\"Est. reading time\" \/>\n\t<meta name=\"twitter:data2\" content=\"2 minutos\" \/>\n<script type=\"application\/ld+json\" class=\"yoast-schema-graph\">{\"@context\":\"https:\/\/schema.org\",\"@graph\":[{\"@type\":\"WebPage\",\"@id\":\"https:\/\/www.manaus.am.gov.br\/semcom\/ageman-fiscaliza-servico-pontadaslajes\/\",\"url\":\"https:\/\/www.manaus.am.gov.br\/semcom\/ageman-fiscaliza-servico-pontadaslajes\/\",\"name\":\"Ageman monitora servi\u00e7o de manuten\u00e7\u00e3o na esta\u00e7\u00e3o Ponta das Lajes\",\"isPartOf\":{\"@id\":\"https:\/\/www.manaus.am.gov.br\/semcom\/#website\"},\"primaryImageOfPage\":{\"@id\":\"https:\/\/www.manaus.am.gov.br\/semcom\/ageman-fiscaliza-servico-pontadaslajes\/#primaryimage\"},\"image\":{\"@id\":\"https:\/\/www.manaus.am.gov.br\/semcom\/ageman-fiscaliza-servico-pontadaslajes\/#primaryimage\"},\"thumbnailUrl\":\"https:\/\/www.manaus.am.gov.br\/semcom\/wp-content\/uploads\/sites\/5\/2025\/04\/BANNER-NOTA.png\",\"datePublished\":\"2026-03-06T12:37:39+00:00\",\"dateModified\":\"2026-03-06T18:13:35+00:00\",\"author\":{\"@id\":\"https:\/\/www.manaus.am.gov.br\/semcom\/#\/schema\/person\/4e49f4e267757a06ca072ec61b2b9968\"},\"description\":\"A Ag\u00eancia Reguladora dos Servi\u00e7os P\u00fablicos Delegados do Munic\u00edpio de Manaus (Ageman) informa que est\u00e1 acompanhando e fiscalizando os servi\u00e7os de manuten\u00e7\u00e3o el\u00e9trica realizados pela concession\u00e1ria \u00c1guas de Manaus na Esta\u00e7\u00e3o de Tratamento de \u00c1gua da Ponta das Lajes (ETA-PDL), respons\u00e1vel pelo abastecimento da zona Leste e parte da zona Norte da capital.\",\"inLanguage\":\"pt-BR\",\"potentialAction\":[{\"@type\":\"ReadAction\",\"target\":[\"https:\/\/www.manaus.am.gov.br\/semcom\/ageman-fiscaliza-servico-pontadaslajes\/\"]}]},{\"@type\":\"ImageObject\",\"inLanguage\":\"pt-BR\",\"@id\":\"https:\/\/www.manaus.am.gov.br\/semcom\/ageman-fiscaliza-servico-pontadaslajes\/#primaryimage\",\"url\":\"https:\/\/www.manaus.am.gov.br\/semcom\/wp-content\/uploads\/sites\/5\/2025\/04\/BANNER-NOTA.png\",\"contentUrl\":\"https:\/\/www.manaus.am.gov.br\/semcom\/wp-content\/uploads\/sites\/5\/2025\/04\/BANNER-NOTA.png\",\"width\":900,\"height\":509,\"caption\":\"37 ocorr\u00eancias ap\u00f3s fortes chuvas\"},{\"@type\":\"WebSite\",\"@id\":\"https:\/\/www.manaus.am.gov.br\/semcom\/#website\",\"url\":\"https:\/\/www.manaus.am.gov.br\/semcom\/\",\"name\":\"SEMCOM\",\"description\":\"Secretaria Municipal de Comunica\u00e7\u00e3o\",\"potentialAction\":[{\"@type\":\"SearchAction\",\"target\":{\"@type\":\"EntryPoint\",\"urlTemplate\":\"https:\/\/www.manaus.am.gov.br\/semcom\/?s={search_term_string}\"},\"query-input\":\"required name=search_term_string\"}],\"inLanguage\":\"pt-BR\"},{\"@type\":\"Person\",\"@id\":\"https:\/\/www.manaus.am.gov.br\/semcom\/#\/schema\/person\/4e49f4e267757a06ca072ec61b2b9968\",\"name\":\"Adriana Costa\",\"image\":{\"@type\":\"ImageObject\",\"inLanguage\":\"pt-BR\",\"@id\":\"https:\/\/www.manaus.am.gov.br\/semcom\/#\/schema\/person\/image\/\",\"url\":\"https:\/\/secure.gravatar.com\/avatar\/576258617ef7194f718179e766d57bd4?s=96&d=mm&r=g\",\"contentUrl\":\"https:\/\/secure.gravatar.com\/avatar\/576258617ef7194f718179e766d57bd4?s=96&d=mm&r=g\",\"caption\":\"Adriana Costa\"}}]}<\/script>\n<!-- \/ Yoast SEO plugin. -->","yoast_head_json":{"title":"Ageman monitora servi\u00e7o de manuten\u00e7\u00e3o na esta\u00e7\u00e3o Ponta das Lajes","description":"A Ag\u00eancia Reguladora dos Servi\u00e7os P\u00fablicos Delegados do Munic\u00edpio de Manaus (Ageman) informa que est\u00e1 acompanhando e fiscalizando os servi\u00e7os de manuten\u00e7\u00e3o el\u00e9trica realizados pela concession\u00e1ria \u00c1guas de Manaus na Esta\u00e7\u00e3o de Tratamento de \u00c1gua da Ponta das Lajes (ETA-PDL), respons\u00e1vel pelo abastecimento da zona Leste e parte da zona Norte da capital.","robots":{"index":"index","follow":"follow","max-snippet":"max-snippet:-1","max-image-preview":"max-image-preview:large","max-video-preview":"max-video-preview:-1"},"canonical":"https:\/\/www.manaus.am.gov.br\/semcom\/ageman-fiscaliza-servico-pontadaslajes\/","og_locale":"pt_BR","og_type":"article","og_title":"Ageman monitora servi\u00e7o de manuten\u00e7\u00e3o na esta\u00e7\u00e3o Ponta das Lajes","og_description":"A Ag\u00eancia Reguladora dos Servi\u00e7os P\u00fablicos Delegados do Munic\u00edpio de Manaus (Ageman) informa que est\u00e1 acompanhando e fiscalizando os servi\u00e7os de manuten\u00e7\u00e3o el\u00e9trica realizados pela concession\u00e1ria \u00c1guas de Manaus na Esta\u00e7\u00e3o de Tratamento de \u00c1gua da Ponta das Lajes (ETA-PDL), respons\u00e1vel pelo abastecimento da zona Leste e parte da zona Norte da capital.","og_url":"https:\/\/www.manaus.am.gov.br\/semcom\/ageman-fiscaliza-servico-pontadaslajes\/","og_site_name":"SEMCOM","article_published_time":"2026-03-06T12:37:39+00:00","article_modified_time":"2026-03-06T18:13:35+00:00","og_image":[{"width":900,"height":509,"url":"https:\/\/www.manaus.am.gov.br\/semcom\/wp-content\/uploads\/sites\/5\/2025\/04\/BANNER-NOTA.png","type":"image\/png"}],"author":"Adriana Costa","twitter_card":"summary_large_image","twitter_misc":{"Written by":"Adriana Costa","Est. reading time":"2 minutos"},"schema":{"@context":"https:\/\/schema.org","@graph":[{"@type":"WebPage","@id":"https:\/\/www.manaus.am.gov.br\/semcom\/ageman-fiscaliza-servico-pontadaslajes\/","url":"https:\/\/www.manaus.am.gov.br\/semcom\/ageman-fiscaliza-servico-pontadaslajes\/","name":"Ageman monitora servi\u00e7o de manuten\u00e7\u00e3o na esta\u00e7\u00e3o Ponta das Lajes","isPartOf":{"@id":"https:\/\/www.manaus.am.gov.br\/semcom\/#website"},"primaryImageOfPage":{"@id":"https:\/\/www.manaus.am.gov.br\/semcom\/ageman-fiscaliza-servico-pontadaslajes\/#primaryimage"},"image":{"@id":"https:\/\/www.manaus.am.gov.br\/semcom\/ageman-fiscaliza-servico-pontadaslajes\/#primaryimage"},"thumbnailUrl":"https:\/\/www.manaus.am.gov.br\/semcom\/wp-content\/uploads\/sites\/5\/2025\/04\/BANNER-NOTA.png","datePublished":"2026-03-06T12:37:39+00:00","dateModified":"2026-03-06T18:13:35+00:00","author":{"@id":"https:\/\/www.manaus.am.gov.br\/semcom\/#\/schema\/person\/4e49f4e267757a06ca072ec61b2b9968"},"description":"A Ag\u00eancia Reguladora dos Servi\u00e7os P\u00fablicos Delegados do Munic\u00edpio de Manaus (Ageman) informa que est\u00e1 acompanhando e fiscalizando os servi\u00e7os de manuten\u00e7\u00e3o el\u00e9trica realizados pela concession\u00e1ria \u00c1guas de Manaus na Esta\u00e7\u00e3o de Tratamento de \u00c1gua da Ponta das Lajes (ETA-PDL), respons\u00e1vel pelo abastecimento da zona Leste e parte da zona Norte da capital.","inLanguage":"pt-BR","potentialAction":[{"@type":"ReadAction","target":["https:\/\/www.manaus.am.gov.br\/semcom\/ageman-fiscaliza-servico-pontadaslajes\/"]}]},{"@type":"ImageObject","inLanguage":"pt-BR","@id":"https:\/\/www.manaus.am.gov.br\/semcom\/ageman-fiscaliza-servico-pontadaslajes\/#primaryimage","url":"https:\/\/www.manaus.am.gov.br\/semcom\/wp-content\/uploads\/sites\/5\/2025\/04\/BANNER-NOTA.png","contentUrl":"https:\/\/www.manaus.am.gov.br\/semcom\/wp-content\/uploads\/sites\/5\/2025\/04\/BANNER-NOTA.png","width":900,"height":509,"caption":"37 ocorr\u00eancias ap\u00f3s fortes chuvas"},{"@type":"WebSite","@id":"https:\/\/www.manaus.am.gov.br\/semcom\/#website","url":"https:\/\/www.manaus.am.gov.br\/semcom\/","name":"SEMCOM","description":"Secretaria Municipal de Comunica\u00e7\u00e3o","potentialAction":[{"@type":"SearchAction","target":{"@type":"EntryPoint","urlTemplate":"https:\/\/www.manaus.am.gov.br\/semcom\/?s={search_term_string}"},"query-input":"required name=search_term_string"}],"inLanguage":"pt-BR"},{"@type":"Person","@id":"https:\/\/www.manaus.am.gov.br\/semcom\/#\/schema\/person\/4e49f4e267757a06ca072ec61b2b9968","name":"Adriana Costa","image":{"@type":"ImageObject","inLanguage":"pt-BR","@id":"https:\/\/www.manaus.am.gov.br\/semcom\/#\/schema\/person\/image\/","url":"https:\/\/secure.gravatar.com\/avatar\/576258617ef7194f718179e766d57bd4?s=96&d=mm&r=g","contentUrl":"https:\/\/secure.gravatar.com\/avatar\/576258617ef7194f718179e766d57bd4?s=96&d=mm&r=g","caption":"Adriana Costa"}}]}},"_links":{"self":[{"href":"https:\/\/www.manaus.am.gov.br\/semcom\/wp-json\/wp\/v2\/posts\/254007"}],"collection":[{"href":"https:\/\/www.manaus.am.gov.br\/semcom\/wp-json\/wp\/v2\/posts"}],"about":[{"href":"https:\/\/www.manaus.am.gov.br\/semcom\/wp-json\/wp\/v2\/types\/post"}],"author":[{"embeddable":true,"href":"https:\/\/www.manaus.am.gov.br\/semcom\/wp-json\/wp\/v2\/users\/23"}],"replies":[{"embeddable":true,"href":"https:\/\/www.manaus.am.gov.br\/semcom\/wp-json\/wp\/v2\/comments?post=254007"}],"version-history":[{"count":1,"href":"https:\/\/www.manaus.am.gov.br\/semcom\/wp-json\/wp\/v2\/posts\/254007\/revisions"}],"predecessor-version":[{"id":254066,"href":"https:\/\/www.manaus.am.gov.br\/semcom\/wp-json\/wp\/v2\/posts\/254007\/revisions\/254066"}],"wp:featuredmedia":[{"embeddable":true,"href":"https:\/\/www.manaus.am.gov.br\/semcom\/wp-json\/wp\/v2\/media\/238167"}],"wp:attachment":[{"href":"https:\/\/www.manaus.am.gov.br\/semcom\/wp-json\/wp\/v2\/media?parent=254007"}],"wp:term":[{"taxonomy":"category","embeddable":true,"href":"https:\/\/www.manaus.am.gov.br\/semcom\/wp-json\/wp\/v2\/categories?post=254007"},{"taxonomy":"post_tag","embeddable":true,"href":"https:\/\/www.manaus.am.gov.br\/semcom\/wp-json\/wp\/v2\/tags?post=254007"}],"curies":[{"name":"wp","href":"https:\/\/api.w.org\/{rel}","templated":true}]}}