{"id":254003,"date":"2026-03-05T19:39:45","date_gmt":"2026-03-05T23:39:45","guid":{"rendered":"https:\/\/www.manaus.am.gov.br\/semcom\/acao-apreensao-produtos-falsificados\/"},"modified":"2026-03-06T13:59:31","modified_gmt":"2026-03-06T16:59:31","slug":"acao-conjunta-apreensao-produtos-falsificados","status":"publish","type":"post","link":"https:\/\/www.manaus.am.gov.br\/semcom\/acao-conjunta-apreensao-produtos-falsificados\/","title":{"rendered":"A\u00e7\u00e3o conjunta entre o Procon Manaus e a Decon-AM resulta na apreens\u00e3o de mais de 950 produtos falsificados em shopping da capital"},"content":{"rendered":"\n<p>A <a href=\"https:\/\/www.manaus.am.gov.br\/\">Prefeitura de Manaus<\/a>, por meio do <a href=\"https:\/\/www.procon.am.gov.br\/\">Servi\u00e7o de Atendimento e Prote\u00e7\u00e3o ao Consumidor<\/a> (Procon Manaus), participou, nesta quinta-feira, 5\/3, de uma opera\u00e7\u00e3o coordenada pelo delegado Rafael Guevara dos Santos, da Delegacia Especializada em Crimes contra o Consumidor do Amazonas (Decon-AM). A a\u00e7\u00e3o conjunta teve como objetivo apreender produtos falsificados, impr\u00f3prios para o consumo, que p\u00f5e em risco a seguran\u00e7a dos consumidores.<\/p>\n\n\n\n<p>\u201cNosso papel \u00e9 garantir que o consumidor tenha acesso a produtos com proced\u00eancia, informa\u00e7\u00f5es claras e dentro das normas previstas na legisla\u00e7\u00e3o. A a\u00e7\u00e3o conjunta com outros \u00f3rg\u00e3os fortalece a fiscaliza\u00e7\u00e3o e contribui para coibir pr\u00e1ticas irregulares no com\u00e9rcio, promovendo mais seguran\u00e7a e transpar\u00eancia nas rela\u00e7\u00f5es de consumo\u201d, destacou a presidente do Procon Manaus, Onilda Abreu.<\/p>\n\n\n\n<p>Foram fiscalizados seis estabelecimentos em um shopping da capital, e a a\u00e7\u00e3o resultou na apreens\u00e3o de mais de 950 produtos irregulares. Durante a fiscaliza\u00e7\u00e3o, foram lavrados quatro autos de constata\u00e7\u00e3o e dois autos de infra\u00e7\u00e3o.<\/p>\n\n\n\n<p>Entre as principais irregularidades identificadas durante a a\u00e7\u00e3o est\u00e3o a comercializa\u00e7\u00e3o de produtos falsificados, a venda de itens sem informa\u00e7\u00f5es necess\u00e1rias obrigat\u00f3rias referentes \u00e0 fabrica\u00e7\u00e3o e origem do produto e a aus\u00eancia ou fixa\u00e7\u00e3o de pre\u00e7os. Tamb\u00e9m foram constatadas a falta de placa informativa sobre atendimento preferencial e a aus\u00eancia do C\u00f3digo de Defesa do Consumidor dispon\u00edvel no estabelecimento.<\/p>\n\n\n<div class=\"wp-block-image\">\n<figure class=\"aligncenter size-large\"><img loading=\"lazy\" decoding=\"async\" width=\"1024\" height=\"768\" src=\"https:\/\/www.manaus.am.gov.br\/semcom\/wp-content\/uploads\/sites\/5\/2026\/03\/Procon-Acao-1024x768.jpeg\" alt=\"\" class=\"wp-image-254004\" srcset=\"https:\/\/www.manaus.am.gov.br\/semcom\/wp-content\/uploads\/sites\/5\/2026\/03\/Procon-Acao-1024x768.jpeg 1024w, https:\/\/www.manaus.am.gov.br\/semcom\/wp-content\/uploads\/sites\/5\/2026\/03\/Procon-Acao-300x225.jpeg 300w, https:\/\/www.manaus.am.gov.br\/semcom\/wp-content\/uploads\/sites\/5\/2026\/03\/Procon-Acao-768x576.jpeg 768w, https:\/\/www.manaus.am.gov.br\/semcom\/wp-content\/uploads\/sites\/5\/2026\/03\/Procon-Acao.jpeg 1280w\" sizes=\"(max-width: 1024px) 100vw, 1024px\" \/><figcaption class=\"wp-element-caption\">#paratodosverem &#8211; fiscal do Procon Manaus lavrando auto de infra\u00e7\u00e3o em loja<\/figcaption><\/figure><\/div>\n\n\n<p>De acordo com o delegado Rafael Guevara dos Santos, a iniciativa busca refor\u00e7ar a fiscaliza\u00e7\u00e3o e assegurar que os estabelecimentos comerciais estejam em conformidade com a legisla\u00e7\u00e3o vigente.<\/p>\n\n\n\n<p>\u201cO objetivo da a\u00e7\u00e3o \u00e9 assegurar que nessas lojas e em todas as lojas de Manaus s\u00f3 sejam comercializados produtos originais, que os direitos dos consumidores sejam respeitados, tanto por uma quest\u00e3o econ\u00f4mica de respeito \u00e0s marcas, recolhimento dos tributos, como uma quest\u00e3o de respeito ao direito dos consumidores em rela\u00e7\u00e3o \u00e0 durabilidade, a confiabilidade, a qualidade dos produtos, a sa\u00fade dos consumidores\u201d, declarou.<\/p>\n\n\n\n<p>O Procon Manaus refor\u00e7a que a popula\u00e7\u00e3o pode contribuir com o trabalho do \u00f3rg\u00e3o denunciando irregularidades pelo n\u00famero 151.<\/p>\n\n\n\n<p>&#8212; &#8212; &#8212;<\/p>\n\n\n\n<p><strong>Texto<\/strong> \u2013 Deborah Borges \/ Procon Manaus<\/p>\n\n\n\n<p><strong>Fotos<\/strong> \u2013 Divulga\u00e7\u00e3o \/ Procon Manaus<\/p>\n","protected":false},"excerpt":{"rendered":"","protected":false},"author":61,"featured_media":254005,"comment_status":"closed","ping_status":"closed","sticky":false,"template":"","format":"standard","meta":{"footnotes":""},"categories":[9823],"tags":[19645,88,77,9825],"acf":[],"yoast_head":"<!-- This site is optimized with the Yoast SEO plugin v23.0 - https:\/\/yoast.com\/wordpress\/plugins\/seo\/ -->\n<title>A\u00e7\u00e3o conjunta entre o Procon Manaus e a Decon-AM resulta na apreens\u00e3o de mais de 950 produtos falsificados em shopping da capital<\/title>\n<meta name=\"description\" content=\"A Prefeitura de Manaus, por meio do Servi\u00e7o de Atendimento e Prote\u00e7\u00e3o ao Consumidor (Procon Manaus), participou, nesta quinta-feira, 5\/3, de uma opera\u00e7\u00e3o coordenada pelo delegado Rafael Guevara dos Santos, da Delegacia Especializada em Crimes contra o Consumidor do Amazonas (Decon-AM).\" \/>\n<meta name=\"robots\" content=\"index, follow, max-snippet:-1, max-image-preview:large, max-video-preview:-1\" \/>\n<link rel=\"canonical\" href=\"https:\/\/www.manaus.am.gov.br\/semcom\/acao-apreensao-produtos-falsificados\/\" \/>\n<meta property=\"og:locale\" content=\"pt_BR\" \/>\n<meta property=\"og:type\" content=\"article\" \/>\n<meta property=\"og:title\" content=\"A\u00e7\u00e3o conjunta entre o Procon Manaus e a Decon-AM resulta na apreens\u00e3o de mais de 950 produtos falsificados em shopping da capital\" \/>\n<meta property=\"og:description\" content=\"A Prefeitura de Manaus, por meio do Servi\u00e7o de Atendimento e Prote\u00e7\u00e3o ao Consumidor (Procon Manaus), participou, nesta quinta-feira, 5\/3, de uma opera\u00e7\u00e3o coordenada pelo delegado Rafael Guevara dos Santos, da Delegacia Especializada em Crimes contra o Consumidor do Amazonas (Decon-AM).\" \/>\n<meta property=\"og:url\" content=\"https:\/\/www.manaus.am.gov.br\/semcom\/acao-apreensao-produtos-falsificados\/\" \/>\n<meta property=\"og:site_name\" content=\"SEMCOM\" \/>\n<meta property=\"article:published_time\" content=\"2026-03-05T23:39:45+00:00\" \/>\n<meta property=\"article:modified_time\" content=\"2026-03-06T16:59:31+00:00\" \/>\n<meta property=\"og:image\" content=\"https:\/\/www.manaus.am.gov.br\/semcom\/wp-content\/uploads\/sites\/5\/2026\/03\/Procon-Acao-3.jpeg\" \/>\n\t<meta property=\"og:image:width\" content=\"1280\" \/>\n\t<meta property=\"og:image:height\" content=\"960\" \/>\n\t<meta property=\"og:image:type\" content=\"image\/jpeg\" \/>\n<meta name=\"author\" content=\"smonteiro\" \/>\n<meta name=\"twitter:card\" content=\"summary_large_image\" \/>\n<meta name=\"twitter:label1\" content=\"Written by\" \/>\n\t<meta name=\"twitter:data1\" content=\"smonteiro\" \/>\n\t<meta name=\"twitter:label2\" content=\"Est. reading time\" \/>\n\t<meta name=\"twitter:data2\" content=\"3 minutos\" \/>\n<script type=\"application\/ld+json\" class=\"yoast-schema-graph\">{\"@context\":\"https:\/\/schema.org\",\"@graph\":[{\"@type\":\"WebPage\",\"@id\":\"https:\/\/www.manaus.am.gov.br\/semcom\/acao-apreensao-produtos-falsificados\/\",\"url\":\"https:\/\/www.manaus.am.gov.br\/semcom\/acao-apreensao-produtos-falsificados\/\",\"name\":\"A\u00e7\u00e3o conjunta entre o Procon Manaus e a Decon-AM resulta na apreens\u00e3o de mais de 950 produtos falsificados em shopping da capital\",\"isPartOf\":{\"@id\":\"https:\/\/www.manaus.am.gov.br\/semcom\/#website\"},\"primaryImageOfPage\":{\"@id\":\"https:\/\/www.manaus.am.gov.br\/semcom\/acao-apreensao-produtos-falsificados\/#primaryimage\"},\"image\":{\"@id\":\"https:\/\/www.manaus.am.gov.br\/semcom\/acao-apreensao-produtos-falsificados\/#primaryimage\"},\"thumbnailUrl\":\"https:\/\/www.manaus.am.gov.br\/semcom\/wp-content\/uploads\/sites\/5\/2026\/03\/Procon-Acao-3.jpeg\",\"datePublished\":\"2026-03-05T23:39:45+00:00\",\"dateModified\":\"2026-03-06T16:59:31+00:00\",\"author\":{\"@id\":\"https:\/\/www.manaus.am.gov.br\/semcom\/#\/schema\/person\/ab4dcf766a54dff74e8d267f5c591961\"},\"description\":\"A Prefeitura de Manaus, por meio do Servi\u00e7o de Atendimento e Prote\u00e7\u00e3o ao Consumidor (Procon Manaus), participou, nesta quinta-feira, 5\/3, de uma opera\u00e7\u00e3o coordenada pelo delegado Rafael Guevara dos Santos, da Delegacia Especializada em Crimes contra o Consumidor do Amazonas (Decon-AM).\",\"inLanguage\":\"pt-BR\",\"potentialAction\":[{\"@type\":\"ReadAction\",\"target\":[\"https:\/\/www.manaus.am.gov.br\/semcom\/acao-apreensao-produtos-falsificados\/\"]}]},{\"@type\":\"ImageObject\",\"inLanguage\":\"pt-BR\",\"@id\":\"https:\/\/www.manaus.am.gov.br\/semcom\/acao-apreensao-produtos-falsificados\/#primaryimage\",\"url\":\"https:\/\/www.manaus.am.gov.br\/semcom\/wp-content\/uploads\/sites\/5\/2026\/03\/Procon-Acao-3.jpeg\",\"contentUrl\":\"https:\/\/www.manaus.am.gov.br\/semcom\/wp-content\/uploads\/sites\/5\/2026\/03\/Procon-Acao-3.jpeg\",\"width\":1280,\"height\":960,\"caption\":\"#paratodosverem - fiscais do Procon Manaus e Decon-AM em opera\u00e7\u00e3o de fiscaliza\u00e7\u00e3o\"},{\"@type\":\"WebSite\",\"@id\":\"https:\/\/www.manaus.am.gov.br\/semcom\/#website\",\"url\":\"https:\/\/www.manaus.am.gov.br\/semcom\/\",\"name\":\"SEMCOM\",\"description\":\"Secretaria Municipal de Comunica\u00e7\u00e3o\",\"potentialAction\":[{\"@type\":\"SearchAction\",\"target\":{\"@type\":\"EntryPoint\",\"urlTemplate\":\"https:\/\/www.manaus.am.gov.br\/semcom\/?s={search_term_string}\"},\"query-input\":\"required name=search_term_string\"}],\"inLanguage\":\"pt-BR\"},{\"@type\":\"Person\",\"@id\":\"https:\/\/www.manaus.am.gov.br\/semcom\/#\/schema\/person\/ab4dcf766a54dff74e8d267f5c591961\",\"name\":\"smonteiro\",\"image\":{\"@type\":\"ImageObject\",\"inLanguage\":\"pt-BR\",\"@id\":\"https:\/\/www.manaus.am.gov.br\/semcom\/#\/schema\/person\/image\/\",\"url\":\"https:\/\/secure.gravatar.com\/avatar\/21c8776ef61d9272c73322052e042d77?s=96&d=mm&r=g\",\"contentUrl\":\"https:\/\/secure.gravatar.com\/avatar\/21c8776ef61d9272c73322052e042d77?s=96&d=mm&r=g\",\"caption\":\"smonteiro\"}}]}<\/script>\n<!-- \/ Yoast SEO plugin. -->","yoast_head_json":{"title":"A\u00e7\u00e3o conjunta entre o Procon Manaus e a Decon-AM resulta na apreens\u00e3o de mais de 950 produtos falsificados em shopping da capital","description":"A Prefeitura de Manaus, por meio do Servi\u00e7o de Atendimento e Prote\u00e7\u00e3o ao Consumidor (Procon Manaus), participou, nesta quinta-feira, 5\/3, de uma opera\u00e7\u00e3o coordenada pelo delegado Rafael Guevara dos Santos, da Delegacia Especializada em Crimes contra o Consumidor do Amazonas (Decon-AM).","robots":{"index":"index","follow":"follow","max-snippet":"max-snippet:-1","max-image-preview":"max-image-preview:large","max-video-preview":"max-video-preview:-1"},"canonical":"https:\/\/www.manaus.am.gov.br\/semcom\/acao-apreensao-produtos-falsificados\/","og_locale":"pt_BR","og_type":"article","og_title":"A\u00e7\u00e3o conjunta entre o Procon Manaus e a Decon-AM resulta na apreens\u00e3o de mais de 950 produtos falsificados em shopping da capital","og_description":"A Prefeitura de Manaus, por meio do Servi\u00e7o de Atendimento e Prote\u00e7\u00e3o ao Consumidor (Procon Manaus), participou, nesta quinta-feira, 5\/3, de uma opera\u00e7\u00e3o coordenada pelo delegado Rafael Guevara dos Santos, da Delegacia Especializada em Crimes contra o Consumidor do Amazonas (Decon-AM).","og_url":"https:\/\/www.manaus.am.gov.br\/semcom\/acao-apreensao-produtos-falsificados\/","og_site_name":"SEMCOM","article_published_time":"2026-03-05T23:39:45+00:00","article_modified_time":"2026-03-06T16:59:31+00:00","og_image":[{"width":1280,"height":960,"url":"https:\/\/www.manaus.am.gov.br\/semcom\/wp-content\/uploads\/sites\/5\/2026\/03\/Procon-Acao-3.jpeg","type":"image\/jpeg"}],"author":"smonteiro","twitter_card":"summary_large_image","twitter_misc":{"Written by":"smonteiro","Est. reading time":"3 minutos"},"schema":{"@context":"https:\/\/schema.org","@graph":[{"@type":"WebPage","@id":"https:\/\/www.manaus.am.gov.br\/semcom\/acao-apreensao-produtos-falsificados\/","url":"https:\/\/www.manaus.am.gov.br\/semcom\/acao-apreensao-produtos-falsificados\/","name":"A\u00e7\u00e3o conjunta entre o Procon Manaus e a Decon-AM resulta na apreens\u00e3o de mais de 950 produtos falsificados em shopping da capital","isPartOf":{"@id":"https:\/\/www.manaus.am.gov.br\/semcom\/#website"},"primaryImageOfPage":{"@id":"https:\/\/www.manaus.am.gov.br\/semcom\/acao-apreensao-produtos-falsificados\/#primaryimage"},"image":{"@id":"https:\/\/www.manaus.am.gov.br\/semcom\/acao-apreensao-produtos-falsificados\/#primaryimage"},"thumbnailUrl":"https:\/\/www.manaus.am.gov.br\/semcom\/wp-content\/uploads\/sites\/5\/2026\/03\/Procon-Acao-3.jpeg","datePublished":"2026-03-05T23:39:45+00:00","dateModified":"2026-03-06T16:59:31+00:00","author":{"@id":"https:\/\/www.manaus.am.gov.br\/semcom\/#\/schema\/person\/ab4dcf766a54dff74e8d267f5c591961"},"description":"A Prefeitura de Manaus, por meio do Servi\u00e7o de Atendimento e Prote\u00e7\u00e3o ao Consumidor (Procon Manaus), participou, nesta quinta-feira, 5\/3, de uma opera\u00e7\u00e3o coordenada pelo delegado Rafael Guevara dos Santos, da Delegacia Especializada em Crimes contra o Consumidor do Amazonas (Decon-AM).","inLanguage":"pt-BR","potentialAction":[{"@type":"ReadAction","target":["https:\/\/www.manaus.am.gov.br\/semcom\/acao-apreensao-produtos-falsificados\/"]}]},{"@type":"ImageObject","inLanguage":"pt-BR","@id":"https:\/\/www.manaus.am.gov.br\/semcom\/acao-apreensao-produtos-falsificados\/#primaryimage","url":"https:\/\/www.manaus.am.gov.br\/semcom\/wp-content\/uploads\/sites\/5\/2026\/03\/Procon-Acao-3.jpeg","contentUrl":"https:\/\/www.manaus.am.gov.br\/semcom\/wp-content\/uploads\/sites\/5\/2026\/03\/Procon-Acao-3.jpeg","width":1280,"height":960,"caption":"#paratodosverem - fiscais do Procon Manaus e Decon-AM em opera\u00e7\u00e3o de fiscaliza\u00e7\u00e3o"},{"@type":"WebSite","@id":"https:\/\/www.manaus.am.gov.br\/semcom\/#website","url":"https:\/\/www.manaus.am.gov.br\/semcom\/","name":"SEMCOM","description":"Secretaria Municipal de Comunica\u00e7\u00e3o","potentialAction":[{"@type":"SearchAction","target":{"@type":"EntryPoint","urlTemplate":"https:\/\/www.manaus.am.gov.br\/semcom\/?s={search_term_string}"},"query-input":"required name=search_term_string"}],"inLanguage":"pt-BR"},{"@type":"Person","@id":"https:\/\/www.manaus.am.gov.br\/semcom\/#\/schema\/person\/ab4dcf766a54dff74e8d267f5c591961","name":"smonteiro","image":{"@type":"ImageObject","inLanguage":"pt-BR","@id":"https:\/\/www.manaus.am.gov.br\/semcom\/#\/schema\/person\/image\/","url":"https:\/\/secure.gravatar.com\/avatar\/21c8776ef61d9272c73322052e042d77?s=96&d=mm&r=g","contentUrl":"https:\/\/secure.gravatar.com\/avatar\/21c8776ef61d9272c73322052e042d77?s=96&d=mm&r=g","caption":"smonteiro"}}]}},"_links":{"self":[{"href":"https:\/\/www.manaus.am.gov.br\/semcom\/wp-json\/wp\/v2\/posts\/254003"}],"collection":[{"href":"https:\/\/www.manaus.am.gov.br\/semcom\/wp-json\/wp\/v2\/posts"}],"about":[{"href":"https:\/\/www.manaus.am.gov.br\/semcom\/wp-json\/wp\/v2\/types\/post"}],"author":[{"embeddable":true,"href":"https:\/\/www.manaus.am.gov.br\/semcom\/wp-json\/wp\/v2\/users\/61"}],"replies":[{"embeddable":true,"href":"https:\/\/www.manaus.am.gov.br\/semcom\/wp-json\/wp\/v2\/comments?post=254003"}],"version-history":[{"count":3,"href":"https:\/\/www.manaus.am.gov.br\/semcom\/wp-json\/wp\/v2\/posts\/254003\/revisions"}],"predecessor-version":[{"id":254038,"href":"https:\/\/www.manaus.am.gov.br\/semcom\/wp-json\/wp\/v2\/posts\/254003\/revisions\/254038"}],"wp:featuredmedia":[{"embeddable":true,"href":"https:\/\/www.manaus.am.gov.br\/semcom\/wp-json\/wp\/v2\/media\/254005"}],"wp:attachment":[{"href":"https:\/\/www.manaus.am.gov.br\/semcom\/wp-json\/wp\/v2\/media?parent=254003"}],"wp:term":[{"taxonomy":"category","embeddable":true,"href":"https:\/\/www.manaus.am.gov.br\/semcom\/wp-json\/wp\/v2\/categories?post=254003"},{"taxonomy":"post_tag","embeddable":true,"href":"https:\/\/www.manaus.am.gov.br\/semcom\/wp-json\/wp\/v2\/tags?post=254003"}],"curies":[{"name":"wp","href":"https:\/\/api.w.org\/{rel}","templated":true}]}}