{"id":253956,"date":"2026-03-05T15:45:23","date_gmt":"2026-03-05T18:45:23","guid":{"rendered":"https:\/\/www.manaus.am.gov.br\/semcom\/prefeitura-semed-escolasrevitalizadas\/"},"modified":"2026-03-05T16:03:46","modified_gmt":"2026-03-05T19:03:46","slug":"prefeitura-semed-escolasrevitalizadas","status":"publish","type":"post","link":"https:\/\/www.manaus.am.gov.br\/semcom\/prefeitura-semed-escolasrevitalizadas\/","title":{"rendered":"Prefeitura de Manaus reinaugura tr\u00eas unidades de ensino nas zonas Leste e Norte"},"content":{"rendered":"\n<p>A <a href=\"https:\/\/www.manaus.am.gov.br\/\">Prefeitura de Manaus<\/a>, por meio da <a href=\"https:\/\/www.instagram.com\/semedmanaus\/\">Secretaria Municipal de Educa\u00e7\u00e3o de Manaus<\/a> (Semed), reinaugurou, nesta quinta-feira, 5\/3, as escolas municipais\u00a0Professor Rubem da Silva Peixoto,\u00a0Ana Sena Rodrigues\u00a0e o\u00a0Centro Municipal de Educa\u00e7\u00e3o Infantil\u00a0(Cmei)\u00a0Professora Dulcin\u00e9ia Tinoco dos Santos Lucas. As duas primeiras est\u00e3o localizadas na zona Leste e a \u00faltima na zona Norte\u00a0da capital.\u00a0<\/p>\n\n\n\n<p>A primeira unidade entregue foi a escola municipal Professor Rubem da Silva Peixoto, localizada na rua Nova Esperan\u00e7a, no bairro Jorge Teixeira. Em seguida, foi reinaugurado o&nbsp;Cmei&nbsp;Professora Dulcin\u00e9ia Tinoco dos Santos Lucas, na comunidade Grande Vit\u00f3ria. A programa\u00e7\u00e3o foi encerrada com a entrega da escola municipal Ana Sena Rodrigues, no bairro Novo Israel.&nbsp;<\/p>\n\n\n\n<p>As tr\u00eas unidades passaram por obras de infraestrutura e adequa\u00e7\u00f5es para melhorar o atendimento \u00e0 comunidade escolar. No&nbsp;Cmei&nbsp;Professora Dulcin\u00e9ia Tinoco dos Santos Lucas foram realizados servi\u00e7os como substitui\u00e7\u00e3o total da cobertura, instala\u00e7\u00e3o de calhas para capta\u00e7\u00e3o de \u00e1guas pluviais, constru\u00e7\u00e3o de abrigo para central de GLP, revitaliza\u00e7\u00e3o do estacionamento, amplia\u00e7\u00e3o e reforma dos sanit\u00e1rios dos estudantes, revis\u00e3o das esquadrias e implanta\u00e7\u00e3o de tubula\u00e7\u00e3o para sistema de g\u00e1s. A unidade tamb\u00e9m recebeu pintura geral interna e externa, revis\u00e3o completa das instala\u00e7\u00f5es el\u00e9tricas, adequa\u00e7\u00e3o do sistema hidrossanit\u00e1rio e melhorias no sistema de drenagem pluvial.&nbsp;<\/p>\n\n\n\n<p>O&nbsp;Cmei&nbsp;atende 404 crian\u00e7as do 1\u00ba e 2\u00ba per\u00edodos da educa\u00e7\u00e3o infantil e conta com dez salas de aula, secretaria, diretoria, sala de coordena\u00e7\u00e3o pedag\u00f3gica, cozinha, dep\u00f3sito de merenda escolar, sala para freezers e sanit\u00e1rios feminino, masculino e adaptado para Pessoa com Defici\u00eancia (PcD).&nbsp;<\/p>\n\n\n\n<p>A escola municipal Professor Rubem da Silva Peixoto passou por reforma geral, com amplia\u00e7\u00e3o de salas de aula e banheiros, reorganiza\u00e7\u00e3o dos espa\u00e7os administrativos e pintura completa da estrutura. As salas da secretaria, pedagogia e diretoria foram organizadas no primeiro piso,&nbsp;e tamb\u00e9m&nbsp;foi constru\u00edda uma sala para professores com banheiro. O refeit\u00f3rio foi ampliado e a cozinha recebeu divis\u00f5es para armazenamento de alimentos, espa\u00e7o para freezers e banheiros destinados \u00e0s manipuladoras de alimentos. A unidade atende 393 estudantes do 1\u00ba ao 5\u00ba ano do ensino fundamental.&nbsp;<\/p>\n\n\n\n<p>O titular da&nbsp;Semed, J\u00fanior Mar, destacou que a entrega de escolas revitalizadas impacta diretamente no processo de ensino e aprendizagem.&nbsp;\u201cS\u00f3 hoje entregamos tr\u00eas escolas reformadas&nbsp;para as zonas Leste e Norte de Manaus.&nbsp;\u00c9 muito importante oferecer um ambiente adequado para os professores trabalharem bem e um espa\u00e7o apropriado para o preparo da merenda das crian\u00e7as. O prefeito David Almeida tem nos permitido trabalhar com planejamento e investimentos, e as obras e entregas t\u00eam acontecido. Estou muito feliz, porque aqui era um espa\u00e7o onde as aulas de educa\u00e7\u00e3o f\u00edsica aconteciam expostas ao sol. Agora, temos uma miniquadra coberta. Isso se chama respeito e valoriza\u00e7\u00e3o\u201d, declarou o gestor.&nbsp;<\/p>\n\n\n\n<p>J\u00e1 a escola municipal Ana Sena Rodrigues recebeu obras de revitaliza\u00e7\u00e3o e amplia\u00e7\u00e3o, com pintura geral, revis\u00e3o das instala\u00e7\u00f5es el\u00e9tricas, adequa\u00e7\u00e3o do sistema hidrossanit\u00e1rio e melhorias no sistema de drenagem pluvial. Entre os novos espa\u00e7os est\u00e3o \u00e1rea de lazer coberta, muro frontal, abrigo para central de GLP, espa\u00e7o para res\u00edduos s\u00f3lidos, revitaliza\u00e7\u00e3o do estacionamento e amplia\u00e7\u00e3o da cozinha com implanta\u00e7\u00e3o de dep\u00f3sitos para g\u00eaneros aliment\u00edcios, frios, utens\u00edlios e material de limpeza, al\u00e9m da amplia\u00e7\u00e3o dos sanit\u00e1rios dos estudantes e constru\u00e7\u00e3o de banheiro de servi\u00e7o.&nbsp;<\/p>\n\n\n\n<p>A unidade atende 2.136 estudantes do 1\u00ba ao 9\u00ba ano do ensino fundamental e da Educa\u00e7\u00e3o de Jovens e Adultos (EJA). A estrutura conta com nove salas de aula, secretaria, diretoria, sala de coordena\u00e7\u00e3o pedag\u00f3gica&nbsp;e professores, biblioteca, Centro de Tecnologia Educacional (CTE), cozinha, dep\u00f3sitos de apoio, sanit\u00e1rios feminino, masculino e adaptado para PcD, al\u00e9m de espa\u00e7o de recrea\u00e7\u00e3o.&nbsp;<\/p>\n\n\n\n<p>O diretor da unidade, Erasmo&nbsp;Laun\u00e9, afirmou que a revitaliza\u00e7\u00e3o representa a realiza\u00e7\u00e3o de um antigo desejo da comunidade escolar. \u201cA escola existe h\u00e1 25 anos e nunca havia recebido uma revitaliza\u00e7\u00e3o t\u00e3o significativa.&nbsp;O prefeito de Manaus est\u00e1 realizando um sonho que t\u00ednhamos h\u00e1 muitos anos\u201d, destacou.&nbsp;<\/p>\n\n\n\n<p>A m\u00e3e da aluna&nbsp;Jennyfer&nbsp;Yasmim, do 5\u00ba ano,&nbsp;Ismelita&nbsp;Marinho, destacou que a reforma trouxe melhorias importantes para os estudantes, especialmente com a cria\u00e7\u00e3o de um espa\u00e7o adequado para as aulas de educa\u00e7\u00e3o f\u00edsica. \u201cA reforma foi \u00f3tima para os alunos. Como m\u00e3e, estou muito feliz em ver a escola sendo reinaugurada e totalmente revitalizada. Agora, os estudantes t\u00eam uma quadra que vai proporcionar aulas de educa\u00e7\u00e3o f\u00edsica com mais qualidade e seguran\u00e7a\u201d, afirmou.&nbsp;<\/p>\n\n\n\n<p>&#8212; &#8212; &#8212;<\/p>\n\n\n\n<p><strong>Texto<\/strong>&nbsp;&#8211; Paulo Rog\u00e9rio e&nbsp;Jorgiane&nbsp;Castinares&nbsp;<\/p>\n\n\n\n<p><strong>Foto<\/strong>&nbsp;\u2013 Cl\u00f3vis Miranda\/Semcom&nbsp;<\/p>\n\n\n\n<p><strong>Dispon\u00edveis em<\/strong>&nbsp;&#8211;&nbsp;<a href=\"https:\/\/flic.kr\/s\/aHBqjCMcWU\" target=\"_blank\" rel=\"noreferrer noopener\">https:\/\/flic.kr\/s\/aHBqjCMcWU<\/a><\/p>\n","protected":false},"excerpt":{"rendered":"","protected":false},"author":23,"featured_media":253957,"comment_status":"closed","ping_status":"closed","sticky":false,"template":"","format":"standard","meta":{"footnotes":""},"categories":[49],"tags":[19629,2641,77,19630,1314,2385,62,9940],"acf":[],"yoast_head":"<!-- This site is optimized with the Yoast SEO plugin v23.0 - https:\/\/yoast.com\/wordpress\/plugins\/seo\/ -->\n<title>Prefeitura de Manaus reinaugura tr\u00eas unidades de ensino nas zonas Leste e Norte<\/title>\n<meta name=\"description\" content=\"A Prefeitura de Manaus, por meio da Secretaria Municipal de Educa\u00e7\u00e3o de Manaus (Semed), reinaugurou, nesta quinta-feira, 5\/3, as escolas municipais Professor Rubem da Silva Peixoto, Ana Sena Rodrigues e o Centro Municipal de Educa\u00e7\u00e3o Infantil (Cmei) Professora Dulcin\u00e9ia Tinoco dos Santos Lucas. As duas primeiras est\u00e3o localizadas na zona Leste e a \u00faltima na zona Norte da capital.\" \/>\n<meta name=\"robots\" content=\"index, follow, max-snippet:-1, max-image-preview:large, max-video-preview:-1\" \/>\n<link rel=\"canonical\" href=\"https:\/\/www.manaus.am.gov.br\/semcom\/prefeitura-semed-escolasrevitalizadas\/\" \/>\n<meta property=\"og:locale\" content=\"pt_BR\" \/>\n<meta property=\"og:type\" content=\"article\" \/>\n<meta property=\"og:title\" content=\"Prefeitura de Manaus reinaugura tr\u00eas unidades de ensino nas zonas Leste e Norte\" \/>\n<meta property=\"og:description\" content=\"A Prefeitura de Manaus, por meio da Secretaria Municipal de Educa\u00e7\u00e3o de Manaus (Semed), reinaugurou, nesta quinta-feira, 5\/3, as escolas municipais Professor Rubem da Silva Peixoto, Ana Sena Rodrigues e o Centro Municipal de Educa\u00e7\u00e3o Infantil (Cmei) Professora Dulcin\u00e9ia Tinoco dos Santos Lucas. As duas primeiras est\u00e3o localizadas na zona Leste e a \u00faltima na zona Norte da capital.\" \/>\n<meta property=\"og:url\" content=\"https:\/\/www.manaus.am.gov.br\/semcom\/prefeitura-semed-escolasrevitalizadas\/\" \/>\n<meta property=\"og:site_name\" content=\"SEMCOM\" \/>\n<meta property=\"article:published_time\" content=\"2026-03-05T18:45:23+00:00\" \/>\n<meta property=\"article:modified_time\" content=\"2026-03-05T19:03:46+00:00\" \/>\n<meta property=\"og:image\" content=\"https:\/\/www.manaus.am.gov.br\/semcom\/wp-content\/uploads\/sites\/5\/2026\/03\/55129732782_65a6bd0784_c.jpg\" \/>\n\t<meta property=\"og:image:width\" content=\"799\" \/>\n\t<meta property=\"og:image:height\" content=\"533\" \/>\n\t<meta property=\"og:image:type\" content=\"image\/jpeg\" \/>\n<meta name=\"author\" content=\"Adriana Costa\" \/>\n<meta name=\"twitter:card\" content=\"summary_large_image\" \/>\n<meta name=\"twitter:label1\" content=\"Written by\" \/>\n\t<meta name=\"twitter:data1\" content=\"Adriana Costa\" \/>\n\t<meta name=\"twitter:label2\" content=\"Est. reading time\" \/>\n\t<meta name=\"twitter:data2\" content=\"5 minutos\" \/>\n<script type=\"application\/ld+json\" class=\"yoast-schema-graph\">{\"@context\":\"https:\/\/schema.org\",\"@graph\":[{\"@type\":\"WebPage\",\"@id\":\"https:\/\/www.manaus.am.gov.br\/semcom\/prefeitura-semed-escolasrevitalizadas\/\",\"url\":\"https:\/\/www.manaus.am.gov.br\/semcom\/prefeitura-semed-escolasrevitalizadas\/\",\"name\":\"Prefeitura de Manaus reinaugura tr\u00eas unidades de ensino nas zonas Leste e Norte\",\"isPartOf\":{\"@id\":\"https:\/\/www.manaus.am.gov.br\/semcom\/#website\"},\"primaryImageOfPage\":{\"@id\":\"https:\/\/www.manaus.am.gov.br\/semcom\/prefeitura-semed-escolasrevitalizadas\/#primaryimage\"},\"image\":{\"@id\":\"https:\/\/www.manaus.am.gov.br\/semcom\/prefeitura-semed-escolasrevitalizadas\/#primaryimage\"},\"thumbnailUrl\":\"https:\/\/www.manaus.am.gov.br\/semcom\/wp-content\/uploads\/sites\/5\/2026\/03\/55129732782_65a6bd0784_c.jpg\",\"datePublished\":\"2026-03-05T18:45:23+00:00\",\"dateModified\":\"2026-03-05T19:03:46+00:00\",\"author\":{\"@id\":\"https:\/\/www.manaus.am.gov.br\/semcom\/#\/schema\/person\/4e49f4e267757a06ca072ec61b2b9968\"},\"description\":\"A Prefeitura de Manaus, por meio da Secretaria Municipal de Educa\u00e7\u00e3o de Manaus (Semed), reinaugurou, nesta quinta-feira, 5\/3, as escolas municipais Professor Rubem da Silva Peixoto, Ana Sena Rodrigues e o Centro Municipal de Educa\u00e7\u00e3o Infantil (Cmei) Professora Dulcin\u00e9ia Tinoco dos Santos Lucas. As duas primeiras est\u00e3o localizadas na zona Leste e a \u00faltima na zona Norte da capital.\",\"inLanguage\":\"pt-BR\",\"potentialAction\":[{\"@type\":\"ReadAction\",\"target\":[\"https:\/\/www.manaus.am.gov.br\/semcom\/prefeitura-semed-escolasrevitalizadas\/\"]}]},{\"@type\":\"ImageObject\",\"inLanguage\":\"pt-BR\",\"@id\":\"https:\/\/www.manaus.am.gov.br\/semcom\/prefeitura-semed-escolasrevitalizadas\/#primaryimage\",\"url\":\"https:\/\/www.manaus.am.gov.br\/semcom\/wp-content\/uploads\/sites\/5\/2026\/03\/55129732782_65a6bd0784_c.jpg\",\"contentUrl\":\"https:\/\/www.manaus.am.gov.br\/semcom\/wp-content\/uploads\/sites\/5\/2026\/03\/55129732782_65a6bd0784_c.jpg\",\"width\":799,\"height\":533,\"caption\":\"#paratodosverem - Secret\u00e1rio da Semed e demais autoridades descerram placa de escola revitalizada em Manaus\"},{\"@type\":\"WebSite\",\"@id\":\"https:\/\/www.manaus.am.gov.br\/semcom\/#website\",\"url\":\"https:\/\/www.manaus.am.gov.br\/semcom\/\",\"name\":\"SEMCOM\",\"description\":\"Secretaria Municipal de Comunica\u00e7\u00e3o\",\"potentialAction\":[{\"@type\":\"SearchAction\",\"target\":{\"@type\":\"EntryPoint\",\"urlTemplate\":\"https:\/\/www.manaus.am.gov.br\/semcom\/?s={search_term_string}\"},\"query-input\":\"required name=search_term_string\"}],\"inLanguage\":\"pt-BR\"},{\"@type\":\"Person\",\"@id\":\"https:\/\/www.manaus.am.gov.br\/semcom\/#\/schema\/person\/4e49f4e267757a06ca072ec61b2b9968\",\"name\":\"Adriana Costa\",\"image\":{\"@type\":\"ImageObject\",\"inLanguage\":\"pt-BR\",\"@id\":\"https:\/\/www.manaus.am.gov.br\/semcom\/#\/schema\/person\/image\/\",\"url\":\"https:\/\/secure.gravatar.com\/avatar\/576258617ef7194f718179e766d57bd4?s=96&d=mm&r=g\",\"contentUrl\":\"https:\/\/secure.gravatar.com\/avatar\/576258617ef7194f718179e766d57bd4?s=96&d=mm&r=g\",\"caption\":\"Adriana Costa\"}}]}<\/script>\n<!-- \/ Yoast SEO plugin. -->","yoast_head_json":{"title":"Prefeitura de Manaus reinaugura tr\u00eas unidades de ensino nas zonas Leste e Norte","description":"A Prefeitura de Manaus, por meio da Secretaria Municipal de Educa\u00e7\u00e3o de Manaus (Semed), reinaugurou, nesta quinta-feira, 5\/3, as escolas municipais Professor Rubem da Silva Peixoto, Ana Sena Rodrigues e o Centro Municipal de Educa\u00e7\u00e3o Infantil (Cmei) Professora Dulcin\u00e9ia Tinoco dos Santos Lucas. As duas primeiras est\u00e3o localizadas na zona Leste e a \u00faltima na zona Norte da capital.","robots":{"index":"index","follow":"follow","max-snippet":"max-snippet:-1","max-image-preview":"max-image-preview:large","max-video-preview":"max-video-preview:-1"},"canonical":"https:\/\/www.manaus.am.gov.br\/semcom\/prefeitura-semed-escolasrevitalizadas\/","og_locale":"pt_BR","og_type":"article","og_title":"Prefeitura de Manaus reinaugura tr\u00eas unidades de ensino nas zonas Leste e Norte","og_description":"A Prefeitura de Manaus, por meio da Secretaria Municipal de Educa\u00e7\u00e3o de Manaus (Semed), reinaugurou, nesta quinta-feira, 5\/3, as escolas municipais Professor Rubem da Silva Peixoto, Ana Sena Rodrigues e o Centro Municipal de Educa\u00e7\u00e3o Infantil (Cmei) Professora Dulcin\u00e9ia Tinoco dos Santos Lucas. As duas primeiras est\u00e3o localizadas na zona Leste e a \u00faltima na zona Norte da capital.","og_url":"https:\/\/www.manaus.am.gov.br\/semcom\/prefeitura-semed-escolasrevitalizadas\/","og_site_name":"SEMCOM","article_published_time":"2026-03-05T18:45:23+00:00","article_modified_time":"2026-03-05T19:03:46+00:00","og_image":[{"width":799,"height":533,"url":"https:\/\/www.manaus.am.gov.br\/semcom\/wp-content\/uploads\/sites\/5\/2026\/03\/55129732782_65a6bd0784_c.jpg","type":"image\/jpeg"}],"author":"Adriana Costa","twitter_card":"summary_large_image","twitter_misc":{"Written by":"Adriana Costa","Est. reading time":"5 minutos"},"schema":{"@context":"https:\/\/schema.org","@graph":[{"@type":"WebPage","@id":"https:\/\/www.manaus.am.gov.br\/semcom\/prefeitura-semed-escolasrevitalizadas\/","url":"https:\/\/www.manaus.am.gov.br\/semcom\/prefeitura-semed-escolasrevitalizadas\/","name":"Prefeitura de Manaus reinaugura tr\u00eas unidades de ensino nas zonas Leste e Norte","isPartOf":{"@id":"https:\/\/www.manaus.am.gov.br\/semcom\/#website"},"primaryImageOfPage":{"@id":"https:\/\/www.manaus.am.gov.br\/semcom\/prefeitura-semed-escolasrevitalizadas\/#primaryimage"},"image":{"@id":"https:\/\/www.manaus.am.gov.br\/semcom\/prefeitura-semed-escolasrevitalizadas\/#primaryimage"},"thumbnailUrl":"https:\/\/www.manaus.am.gov.br\/semcom\/wp-content\/uploads\/sites\/5\/2026\/03\/55129732782_65a6bd0784_c.jpg","datePublished":"2026-03-05T18:45:23+00:00","dateModified":"2026-03-05T19:03:46+00:00","author":{"@id":"https:\/\/www.manaus.am.gov.br\/semcom\/#\/schema\/person\/4e49f4e267757a06ca072ec61b2b9968"},"description":"A Prefeitura de Manaus, por meio da Secretaria Municipal de Educa\u00e7\u00e3o de Manaus (Semed), reinaugurou, nesta quinta-feira, 5\/3, as escolas municipais Professor Rubem da Silva Peixoto, Ana Sena Rodrigues e o Centro Municipal de Educa\u00e7\u00e3o Infantil (Cmei) Professora Dulcin\u00e9ia Tinoco dos Santos Lucas. As duas primeiras est\u00e3o localizadas na zona Leste e a \u00faltima na zona Norte da capital.","inLanguage":"pt-BR","potentialAction":[{"@type":"ReadAction","target":["https:\/\/www.manaus.am.gov.br\/semcom\/prefeitura-semed-escolasrevitalizadas\/"]}]},{"@type":"ImageObject","inLanguage":"pt-BR","@id":"https:\/\/www.manaus.am.gov.br\/semcom\/prefeitura-semed-escolasrevitalizadas\/#primaryimage","url":"https:\/\/www.manaus.am.gov.br\/semcom\/wp-content\/uploads\/sites\/5\/2026\/03\/55129732782_65a6bd0784_c.jpg","contentUrl":"https:\/\/www.manaus.am.gov.br\/semcom\/wp-content\/uploads\/sites\/5\/2026\/03\/55129732782_65a6bd0784_c.jpg","width":799,"height":533,"caption":"#paratodosverem - Secret\u00e1rio da Semed e demais autoridades descerram placa de escola revitalizada em Manaus"},{"@type":"WebSite","@id":"https:\/\/www.manaus.am.gov.br\/semcom\/#website","url":"https:\/\/www.manaus.am.gov.br\/semcom\/","name":"SEMCOM","description":"Secretaria Municipal de Comunica\u00e7\u00e3o","potentialAction":[{"@type":"SearchAction","target":{"@type":"EntryPoint","urlTemplate":"https:\/\/www.manaus.am.gov.br\/semcom\/?s={search_term_string}"},"query-input":"required name=search_term_string"}],"inLanguage":"pt-BR"},{"@type":"Person","@id":"https:\/\/www.manaus.am.gov.br\/semcom\/#\/schema\/person\/4e49f4e267757a06ca072ec61b2b9968","name":"Adriana Costa","image":{"@type":"ImageObject","inLanguage":"pt-BR","@id":"https:\/\/www.manaus.am.gov.br\/semcom\/#\/schema\/person\/image\/","url":"https:\/\/secure.gravatar.com\/avatar\/576258617ef7194f718179e766d57bd4?s=96&d=mm&r=g","contentUrl":"https:\/\/secure.gravatar.com\/avatar\/576258617ef7194f718179e766d57bd4?s=96&d=mm&r=g","caption":"Adriana Costa"}}]}},"_links":{"self":[{"href":"https:\/\/www.manaus.am.gov.br\/semcom\/wp-json\/wp\/v2\/posts\/253956"}],"collection":[{"href":"https:\/\/www.manaus.am.gov.br\/semcom\/wp-json\/wp\/v2\/posts"}],"about":[{"href":"https:\/\/www.manaus.am.gov.br\/semcom\/wp-json\/wp\/v2\/types\/post"}],"author":[{"embeddable":true,"href":"https:\/\/www.manaus.am.gov.br\/semcom\/wp-json\/wp\/v2\/users\/23"}],"replies":[{"embeddable":true,"href":"https:\/\/www.manaus.am.gov.br\/semcom\/wp-json\/wp\/v2\/comments?post=253956"}],"version-history":[{"count":1,"href":"https:\/\/www.manaus.am.gov.br\/semcom\/wp-json\/wp\/v2\/posts\/253956\/revisions"}],"predecessor-version":[{"id":253960,"href":"https:\/\/www.manaus.am.gov.br\/semcom\/wp-json\/wp\/v2\/posts\/253956\/revisions\/253960"}],"wp:featuredmedia":[{"embeddable":true,"href":"https:\/\/www.manaus.am.gov.br\/semcom\/wp-json\/wp\/v2\/media\/253957"}],"wp:attachment":[{"href":"https:\/\/www.manaus.am.gov.br\/semcom\/wp-json\/wp\/v2\/media?parent=253956"}],"wp:term":[{"taxonomy":"category","embeddable":true,"href":"https:\/\/www.manaus.am.gov.br\/semcom\/wp-json\/wp\/v2\/categories?post=253956"},{"taxonomy":"post_tag","embeddable":true,"href":"https:\/\/www.manaus.am.gov.br\/semcom\/wp-json\/wp\/v2\/tags?post=253956"}],"curies":[{"name":"wp","href":"https:\/\/api.w.org\/{rel}","templated":true}]}}