{"id":253918,"date":"2026-03-05T11:49:21","date_gmt":"2026-03-05T14:49:21","guid":{"rendered":"https:\/\/www.manaus.am.gov.br\/semcom\/prefeitura-ufam-qualificacaosocieducativa\/"},"modified":"2026-03-05T14:13:57","modified_gmt":"2026-03-05T17:13:57","slug":"prefeitura-ufam-qualificacao-socieducativa","status":"publish","type":"post","link":"https:\/\/www.manaus.am.gov.br\/semcom\/prefeitura-ufam-qualificacao-socieducativa\/","title":{"rendered":"Prefeitura de Manaus promove qualifica\u00e7\u00e3o socioeducativa em parceria com a Ufam"},"content":{"rendered":"\n<p>A <a href=\"https:\/\/www.manaus.am.gov.br\/\">Prefeitura de Manaus<\/a>, por meio da <a href=\"https:\/\/www.instagram.com\/semasc_manaus\/\">Secretaria Municipal da Mulher, Assist\u00eancia Social e Cidadania <\/a>(Semasc), avan\u00e7ou na qualifica\u00e7\u00e3o do atendimento a adolescentes em cumprimento de Medida Socioeducativa em Meio Aberto (MSE). A iniciativa foi fortalecida com a constru\u00e7\u00e3o do Plano Municipal Socioeducativo em Meio Aberto e do Projeto Pol\u00edtico-Pedag\u00f3gico (PPP) do servi\u00e7o ofertado nos Centros de Refer\u00eancia Especializados de Assist\u00eancia Social (Creas).<\/p>\n\n\n\n<p>O trabalho \u00e9 desenvolvido por equipe t\u00e9cnica formada por assistentes sociais, psic\u00f3logos e advogados, que atuam na garantia de atendimento integral aos adolescentes em conflito com a lei. O foco \u00e9 assegurar direitos, promover a responsabiliza\u00e7\u00e3o e fortalecer v\u00ednculos familiares e comunit\u00e1rios, possibilitando o desenvolvimento pessoal e social de forma aut\u00f4noma e cidad\u00e3.<\/p>\n\n\n\n<p><strong>Forma\u00e7\u00e3o<\/strong><\/p>\n\n\n\n<p>O Creas contou com o apoio da Escola Estadual de Socioeduca\u00e7\u00e3o do Amazonas (EES-AM\/Ufam), vinculada \u00e0 Universidade Federal do Amazonas (Ufam), que realizou o curso on-line \u201cProjeto Pol\u00edtico-Pedag\u00f3gico em institui\u00e7\u00f5es escolares e n\u00e3o-escolares\u201d. A forma\u00e7\u00e3o ocorreu entre setembro e novembro de 2025, com carga hor\u00e1ria de 40 horas, reunindo mais de 1.500 participa\u00e7\u00f5es s\u00edncronas.<\/p>\n\n\n\n<p>O curso promoveu debates sobre documentos institucionais essenciais \u00e0 execu\u00e7\u00e3o das medidas socioeducativas, tanto em meio aberto quanto em contextos de restri\u00e7\u00e3o ou priva\u00e7\u00e3o de liberdade. Entre os temas abordados estiveram o marco conceitual do PPP, viol\u00eancia e (des)prote\u00e7\u00e3o social, letramento racial e de g\u00eanero, educa\u00e7\u00e3o como direito social e relatos de experi\u00eancias na socioeduca\u00e7\u00e3o.<\/p>\n\n\n\n<p>\u201cA participa\u00e7\u00e3o dos adolescentes acompanhados pelo Servi\u00e7o de Prote\u00e7\u00e3o da MSE na elabora\u00e7\u00e3o e constru\u00e7\u00e3o do PPP foi um momento muito significativo para o Creas Manaus. O curso ministrado pela EES-AM\/Ufam foi fundamental para que tudo pudesse sair do papel, do plano das a\u00e7\u00f5es\u201d, destacou a chefe da Divis\u00e3o de M\u00e9dia Complexidade da Semasc, M\u00e1rcia Helena Braga.<\/p>\n\n\n\n<p>A EES-AM foi formalizada em 2024, por meio do Termo de Execu\u00e7\u00e3o Descentralizada (TED n\u00ba 11\/2024), fruto de parceria entre o Minist\u00e9rio dos Direitos Humanos e da Cidadania (MDHC), a Ufam e o Conselho Nacional dos Direitos da Crian\u00e7a e do Adolescente (Conanda), com financiamento do Fundo Nacional para a Crian\u00e7a e o Adolescente (FNCA).<\/p>\n\n\n\n<p><strong>Participa\u00e7\u00e3o dos adolescentes<\/strong><\/p>\n\n\n\n<p>Como desdobramento da forma\u00e7\u00e3o, o Creas promoveu atividades participativas com adolescentes e seus respons\u00e1veis para subsidiar a elabora\u00e7\u00e3o do PPP. Foram realizadas rodas de conversa, constru\u00e7\u00e3o de pain\u00e9is tem\u00e1ticos e aplica\u00e7\u00e3o de question\u00e1rios com perguntas abertas e fechadas.<\/p>\n\n\n\n<p>A metodologia adotada foi did\u00e1tica e participativa, com linguagem acess\u00edvel sobre o papel do Creas, da MSE e do PPP. A atividade em grupo, com o tema \u201cO modelo que eu vejo a sociedade valoriza\u201d, estimulou reflex\u00f5es sobre direitos, deveres, pertencimento e projeto de vida.<\/p>\n\n\n\n<p>O processo coletivo foi essencial para garantir que o documento reflita a realidade do territ\u00f3rio e as necessidades dos adolescentes atendidos. A iniciativa reafirma o compromisso da gest\u00e3o municipal com a socioeduca\u00e7\u00e3o pautada na justi\u00e7a social, na inclus\u00e3o e na garantia de direitos.<\/p>\n\n\n\n<p>\u2013 \u2013 \u2013<\/p>\n\n\n\n<p><strong>Texto e fotos<\/strong> \u2013 Divulga\u00e7\u00e3o\/Semasc<\/p>\n","protected":false},"excerpt":{"rendered":"","protected":false},"author":23,"featured_media":253919,"comment_status":"closed","ping_status":"closed","sticky":false,"template":"","format":"standard","meta":{"footnotes":""},"categories":[1147],"tags":[3755,19627,485,77,153],"acf":[],"yoast_head":"<!-- This site is optimized with the Yoast SEO plugin v23.0 - https:\/\/yoast.com\/wordpress\/plugins\/seo\/ -->\n<title>Prefeitura de Manaus promove qualifica\u00e7\u00e3o socioeducativa em parceria com a Ufam<\/title>\n<meta name=\"description\" content=\"A Prefeitura de Manaus, por meio da Secretaria Municipal da Mulher, Assist\u00eancia Social e Cidadania (Semasc), avan\u00e7ou na qualifica\u00e7\u00e3o do atendimento a adolescentes em cumprimento de Medida Socioeducativa em Meio Aberto (MSE).\" \/>\n<meta name=\"robots\" content=\"index, follow, max-snippet:-1, max-image-preview:large, max-video-preview:-1\" \/>\n<link rel=\"canonical\" href=\"https:\/\/www.manaus.am.gov.br\/semcom\/prefeitura-ufam-qualificacaosocieducativa\/\" \/>\n<meta property=\"og:locale\" content=\"pt_BR\" \/>\n<meta property=\"og:type\" content=\"article\" \/>\n<meta property=\"og:title\" content=\"Prefeitura de Manaus promove qualifica\u00e7\u00e3o socioeducativa em parceria com a Ufam\" \/>\n<meta property=\"og:description\" content=\"A Prefeitura de Manaus, por meio da Secretaria Municipal da Mulher, Assist\u00eancia Social e Cidadania (Semasc), avan\u00e7ou na qualifica\u00e7\u00e3o do atendimento a adolescentes em cumprimento de Medida Socioeducativa em Meio Aberto (MSE).\" \/>\n<meta property=\"og:url\" content=\"https:\/\/www.manaus.am.gov.br\/semcom\/prefeitura-ufam-qualificacaosocieducativa\/\" \/>\n<meta property=\"og:site_name\" content=\"SEMCOM\" \/>\n<meta property=\"article:published_time\" content=\"2026-03-05T14:49:21+00:00\" \/>\n<meta property=\"article:modified_time\" content=\"2026-03-05T17:13:57+00:00\" \/>\n<meta property=\"og:image\" content=\"https:\/\/www.manaus.am.gov.br\/semcom\/wp-content\/uploads\/sites\/5\/2026\/03\/Creas01.png\" \/>\n\t<meta property=\"og:image:width\" content=\"1040\" \/>\n\t<meta property=\"og:image:height\" content=\"775\" \/>\n\t<meta property=\"og:image:type\" content=\"image\/png\" \/>\n<meta name=\"author\" content=\"Adriana Costa\" \/>\n<meta name=\"twitter:card\" content=\"summary_large_image\" \/>\n<meta name=\"twitter:label1\" content=\"Written by\" \/>\n\t<meta name=\"twitter:data1\" content=\"Adriana Costa\" \/>\n\t<meta name=\"twitter:label2\" content=\"Est. reading time\" \/>\n\t<meta name=\"twitter:data2\" content=\"3 minutos\" \/>\n<script type=\"application\/ld+json\" class=\"yoast-schema-graph\">{\"@context\":\"https:\/\/schema.org\",\"@graph\":[{\"@type\":\"WebPage\",\"@id\":\"https:\/\/www.manaus.am.gov.br\/semcom\/prefeitura-ufam-qualificacaosocieducativa\/\",\"url\":\"https:\/\/www.manaus.am.gov.br\/semcom\/prefeitura-ufam-qualificacaosocieducativa\/\",\"name\":\"Prefeitura de Manaus promove qualifica\u00e7\u00e3o socioeducativa em parceria com a Ufam\",\"isPartOf\":{\"@id\":\"https:\/\/www.manaus.am.gov.br\/semcom\/#website\"},\"primaryImageOfPage\":{\"@id\":\"https:\/\/www.manaus.am.gov.br\/semcom\/prefeitura-ufam-qualificacaosocieducativa\/#primaryimage\"},\"image\":{\"@id\":\"https:\/\/www.manaus.am.gov.br\/semcom\/prefeitura-ufam-qualificacaosocieducativa\/#primaryimage\"},\"thumbnailUrl\":\"https:\/\/www.manaus.am.gov.br\/semcom\/wp-content\/uploads\/sites\/5\/2026\/03\/Creas01.png\",\"datePublished\":\"2026-03-05T14:49:21+00:00\",\"dateModified\":\"2026-03-05T17:13:57+00:00\",\"author\":{\"@id\":\"https:\/\/www.manaus.am.gov.br\/semcom\/#\/schema\/person\/4e49f4e267757a06ca072ec61b2b9968\"},\"description\":\"A Prefeitura de Manaus, por meio da Secretaria Municipal da Mulher, Assist\u00eancia Social e Cidadania (Semasc), avan\u00e7ou na qualifica\u00e7\u00e3o do atendimento a adolescentes em cumprimento de Medida Socioeducativa em Meio Aberto (MSE).\",\"inLanguage\":\"pt-BR\",\"potentialAction\":[{\"@type\":\"ReadAction\",\"target\":[\"https:\/\/www.manaus.am.gov.br\/semcom\/prefeitura-ufam-qualificacaosocieducativa\/\"]}]},{\"@type\":\"ImageObject\",\"inLanguage\":\"pt-BR\",\"@id\":\"https:\/\/www.manaus.am.gov.br\/semcom\/prefeitura-ufam-qualificacaosocieducativa\/#primaryimage\",\"url\":\"https:\/\/www.manaus.am.gov.br\/semcom\/wp-content\/uploads\/sites\/5\/2026\/03\/Creas01.png\",\"contentUrl\":\"https:\/\/www.manaus.am.gov.br\/semcom\/wp-content\/uploads\/sites\/5\/2026\/03\/Creas01.png\",\"width\":1040,\"height\":775,\"caption\":\"#paratodosverem - Pessoas sentadas em c\u00edrculo em uma atividade socioeducativa no Centro de Refer\u00eancia Especializado de Assist\u00eancia Social (Creas)\"},{\"@type\":\"WebSite\",\"@id\":\"https:\/\/www.manaus.am.gov.br\/semcom\/#website\",\"url\":\"https:\/\/www.manaus.am.gov.br\/semcom\/\",\"name\":\"SEMCOM\",\"description\":\"Secretaria Municipal de Comunica\u00e7\u00e3o\",\"potentialAction\":[{\"@type\":\"SearchAction\",\"target\":{\"@type\":\"EntryPoint\",\"urlTemplate\":\"https:\/\/www.manaus.am.gov.br\/semcom\/?s={search_term_string}\"},\"query-input\":\"required name=search_term_string\"}],\"inLanguage\":\"pt-BR\"},{\"@type\":\"Person\",\"@id\":\"https:\/\/www.manaus.am.gov.br\/semcom\/#\/schema\/person\/4e49f4e267757a06ca072ec61b2b9968\",\"name\":\"Adriana Costa\",\"image\":{\"@type\":\"ImageObject\",\"inLanguage\":\"pt-BR\",\"@id\":\"https:\/\/www.manaus.am.gov.br\/semcom\/#\/schema\/person\/image\/\",\"url\":\"https:\/\/secure.gravatar.com\/avatar\/576258617ef7194f718179e766d57bd4?s=96&d=mm&r=g\",\"contentUrl\":\"https:\/\/secure.gravatar.com\/avatar\/576258617ef7194f718179e766d57bd4?s=96&d=mm&r=g\",\"caption\":\"Adriana Costa\"}}]}<\/script>\n<!-- \/ Yoast SEO plugin. -->","yoast_head_json":{"title":"Prefeitura de Manaus promove qualifica\u00e7\u00e3o socioeducativa em parceria com a Ufam","description":"A Prefeitura de Manaus, por meio da Secretaria Municipal da Mulher, Assist\u00eancia Social e Cidadania (Semasc), avan\u00e7ou na qualifica\u00e7\u00e3o do atendimento a adolescentes em cumprimento de Medida Socioeducativa em Meio Aberto (MSE).","robots":{"index":"index","follow":"follow","max-snippet":"max-snippet:-1","max-image-preview":"max-image-preview:large","max-video-preview":"max-video-preview:-1"},"canonical":"https:\/\/www.manaus.am.gov.br\/semcom\/prefeitura-ufam-qualificacaosocieducativa\/","og_locale":"pt_BR","og_type":"article","og_title":"Prefeitura de Manaus promove qualifica\u00e7\u00e3o socioeducativa em parceria com a Ufam","og_description":"A Prefeitura de Manaus, por meio da Secretaria Municipal da Mulher, Assist\u00eancia Social e Cidadania (Semasc), avan\u00e7ou na qualifica\u00e7\u00e3o do atendimento a adolescentes em cumprimento de Medida Socioeducativa em Meio Aberto (MSE).","og_url":"https:\/\/www.manaus.am.gov.br\/semcom\/prefeitura-ufam-qualificacaosocieducativa\/","og_site_name":"SEMCOM","article_published_time":"2026-03-05T14:49:21+00:00","article_modified_time":"2026-03-05T17:13:57+00:00","og_image":[{"width":1040,"height":775,"url":"https:\/\/www.manaus.am.gov.br\/semcom\/wp-content\/uploads\/sites\/5\/2026\/03\/Creas01.png","type":"image\/png"}],"author":"Adriana Costa","twitter_card":"summary_large_image","twitter_misc":{"Written by":"Adriana Costa","Est. reading time":"3 minutos"},"schema":{"@context":"https:\/\/schema.org","@graph":[{"@type":"WebPage","@id":"https:\/\/www.manaus.am.gov.br\/semcom\/prefeitura-ufam-qualificacaosocieducativa\/","url":"https:\/\/www.manaus.am.gov.br\/semcom\/prefeitura-ufam-qualificacaosocieducativa\/","name":"Prefeitura de Manaus promove qualifica\u00e7\u00e3o socioeducativa em parceria com a Ufam","isPartOf":{"@id":"https:\/\/www.manaus.am.gov.br\/semcom\/#website"},"primaryImageOfPage":{"@id":"https:\/\/www.manaus.am.gov.br\/semcom\/prefeitura-ufam-qualificacaosocieducativa\/#primaryimage"},"image":{"@id":"https:\/\/www.manaus.am.gov.br\/semcom\/prefeitura-ufam-qualificacaosocieducativa\/#primaryimage"},"thumbnailUrl":"https:\/\/www.manaus.am.gov.br\/semcom\/wp-content\/uploads\/sites\/5\/2026\/03\/Creas01.png","datePublished":"2026-03-05T14:49:21+00:00","dateModified":"2026-03-05T17:13:57+00:00","author":{"@id":"https:\/\/www.manaus.am.gov.br\/semcom\/#\/schema\/person\/4e49f4e267757a06ca072ec61b2b9968"},"description":"A Prefeitura de Manaus, por meio da Secretaria Municipal da Mulher, Assist\u00eancia Social e Cidadania (Semasc), avan\u00e7ou na qualifica\u00e7\u00e3o do atendimento a adolescentes em cumprimento de Medida Socioeducativa em Meio Aberto (MSE).","inLanguage":"pt-BR","potentialAction":[{"@type":"ReadAction","target":["https:\/\/www.manaus.am.gov.br\/semcom\/prefeitura-ufam-qualificacaosocieducativa\/"]}]},{"@type":"ImageObject","inLanguage":"pt-BR","@id":"https:\/\/www.manaus.am.gov.br\/semcom\/prefeitura-ufam-qualificacaosocieducativa\/#primaryimage","url":"https:\/\/www.manaus.am.gov.br\/semcom\/wp-content\/uploads\/sites\/5\/2026\/03\/Creas01.png","contentUrl":"https:\/\/www.manaus.am.gov.br\/semcom\/wp-content\/uploads\/sites\/5\/2026\/03\/Creas01.png","width":1040,"height":775,"caption":"#paratodosverem - Pessoas sentadas em c\u00edrculo em uma atividade socioeducativa no Centro de Refer\u00eancia Especializado de Assist\u00eancia Social (Creas)"},{"@type":"WebSite","@id":"https:\/\/www.manaus.am.gov.br\/semcom\/#website","url":"https:\/\/www.manaus.am.gov.br\/semcom\/","name":"SEMCOM","description":"Secretaria Municipal de Comunica\u00e7\u00e3o","potentialAction":[{"@type":"SearchAction","target":{"@type":"EntryPoint","urlTemplate":"https:\/\/www.manaus.am.gov.br\/semcom\/?s={search_term_string}"},"query-input":"required name=search_term_string"}],"inLanguage":"pt-BR"},{"@type":"Person","@id":"https:\/\/www.manaus.am.gov.br\/semcom\/#\/schema\/person\/4e49f4e267757a06ca072ec61b2b9968","name":"Adriana Costa","image":{"@type":"ImageObject","inLanguage":"pt-BR","@id":"https:\/\/www.manaus.am.gov.br\/semcom\/#\/schema\/person\/image\/","url":"https:\/\/secure.gravatar.com\/avatar\/576258617ef7194f718179e766d57bd4?s=96&d=mm&r=g","contentUrl":"https:\/\/secure.gravatar.com\/avatar\/576258617ef7194f718179e766d57bd4?s=96&d=mm&r=g","caption":"Adriana Costa"}}]}},"_links":{"self":[{"href":"https:\/\/www.manaus.am.gov.br\/semcom\/wp-json\/wp\/v2\/posts\/253918"}],"collection":[{"href":"https:\/\/www.manaus.am.gov.br\/semcom\/wp-json\/wp\/v2\/posts"}],"about":[{"href":"https:\/\/www.manaus.am.gov.br\/semcom\/wp-json\/wp\/v2\/types\/post"}],"author":[{"embeddable":true,"href":"https:\/\/www.manaus.am.gov.br\/semcom\/wp-json\/wp\/v2\/users\/23"}],"replies":[{"embeddable":true,"href":"https:\/\/www.manaus.am.gov.br\/semcom\/wp-json\/wp\/v2\/comments?post=253918"}],"version-history":[{"count":1,"href":"https:\/\/www.manaus.am.gov.br\/semcom\/wp-json\/wp\/v2\/posts\/253918\/revisions"}],"predecessor-version":[{"id":253947,"href":"https:\/\/www.manaus.am.gov.br\/semcom\/wp-json\/wp\/v2\/posts\/253918\/revisions\/253947"}],"wp:featuredmedia":[{"embeddable":true,"href":"https:\/\/www.manaus.am.gov.br\/semcom\/wp-json\/wp\/v2\/media\/253919"}],"wp:attachment":[{"href":"https:\/\/www.manaus.am.gov.br\/semcom\/wp-json\/wp\/v2\/media?parent=253918"}],"wp:term":[{"taxonomy":"category","embeddable":true,"href":"https:\/\/www.manaus.am.gov.br\/semcom\/wp-json\/wp\/v2\/categories?post=253918"},{"taxonomy":"post_tag","embeddable":true,"href":"https:\/\/www.manaus.am.gov.br\/semcom\/wp-json\/wp\/v2\/tags?post=253918"}],"curies":[{"name":"wp","href":"https:\/\/api.w.org\/{rel}","templated":true}]}}