{"id":253884,"date":"2026-03-04T16:20:07","date_gmt":"2026-03-04T20:20:07","guid":{"rendered":"https:\/\/www.manaus.am.gov.br\/semcom\/reinauguracao-escolas-zona-rural-ribeirinha\/"},"modified":"2026-03-05T13:43:28","modified_gmt":"2026-03-05T16:43:28","slug":"reinauguracao-escolas-zona-rural-ribeirinha","status":"publish","type":"post","link":"https:\/\/www.manaus.am.gov.br\/semcom\/reinauguracao-escolas-zona-rural-ribeirinha\/","title":{"rendered":"Prefeitura de Manaus reinaugura duas unidades de ensino na zona rural ribeirinha da capital"},"content":{"rendered":"\n<p>A <a href=\"https:\/\/www.manaus.am.gov.br\/\">Prefeitura de Manaus<\/a>, por meio da <a href=\"https:\/\/www.instagram.com\/semedmanaus\/\">Secretaria Municipal de Educa\u00e7\u00e3o<\/a> (Semed), reinaugurou, nesta quarta-feira, 4\/3, duas unidades de ensino na zona rural ribeirinha da capital, as escolas municipais Santo Ant\u00f4nio e Divino Esp\u00edrito Santo. A a\u00e7\u00e3o refor\u00e7a o compromisso com a melhoria da infraestrutura escolar e a amplia\u00e7\u00e3o do atendimento educacional nas comunidades mais afastadas.\u00a0\u00a0<\/p>\n\n\n\n<p>O secret\u00e1rio de Educa\u00e7\u00e3o, J\u00fanior Mar, afirmou que a gest\u00e3o municipal tem atuado com planejamento, investimento e compromisso para transformar a educa\u00e7\u00e3o, principalmente na zona rural de Manaus. Ele destacou que a meta \u00e9 zerar as escolas de madeira, ampliar as reformas estruturais e fortalecer a alimenta\u00e7\u00e3o escolar, com altos investimentos e amplia\u00e7\u00e3o das refei\u00e7\u00f5es oferecidas aos estudantes.&nbsp;<\/p>\n\n\n\n<p>\u201cEstamos trabalhando com planejamento e com a determina\u00e7\u00e3o do prefeito David Almeida para mudar a realidade da educa\u00e7\u00e3o em Manaus. J\u00e1 reformamos mais de 390 escolas e estamos zerando as unidades de madeira na zona rural. Investimos cerca de R$ 120 milh\u00f5es na alimenta\u00e7\u00e3o escolar e hoje garantimos at\u00e9 tr\u00eas refei\u00e7\u00f5es para os alunos da zona rural. Mesmo com toda a dificuldade de log\u00edstica na Amaz\u00f4nia, seguimos avan\u00e7ando, ampliando creches, fortalecendo a alfabetiza\u00e7\u00e3o e conquistando resultados hist\u00f3ricos, como o maior crescimento no Saeb e&nbsp;sendo&nbsp;quinta melhor educa\u00e7\u00e3o do pa\u00eds\u201d, acrescenta J\u00fanior Mar.&nbsp;<\/p>\n\n\n\n<p>Na comunidade Monte Sinai, no igarap\u00e9&nbsp;A\u00e7\u00fa, zona ribeirinha, a escola municipal Santo Ant\u00f4nio foi revitalizada e vai atender 67 estudantes da Educa\u00e7\u00e3o Infantil do 1\u00ba ao 9\u00ba ano do Ensino Fundamental. A obra, executada em aproximadamente um m\u00eas, contemplou pintura geral das paredes, gradil, estruturas met\u00e1licas, portas e corrim\u00e3os, aplica\u00e7\u00e3o da nova padroniza\u00e7\u00e3o crom\u00e1tica, al\u00e9m de revis\u00e3o el\u00e9trica completa, com substitui\u00e7\u00e3o de lumin\u00e1rias, disjuntores e instala\u00e7\u00e3o de novas tomadas.&nbsp;&nbsp;<\/p>\n\n\n\n<p>A unidade tamb\u00e9m recebeu manuten\u00e7\u00e3o do forro em PVC, revis\u00e3o do telhado e das cal\u00e7adas, instala\u00e7\u00e3o de prateleiras e exaustores na cozinha, substitui\u00e7\u00e3o de fechaduras e manuten\u00e7\u00e3o hidr\u00e1ulica geral. A escola conta com cinco salas de aula, sala de coordena\u00e7\u00e3o pedag\u00f3gica, secretaria, diretoria, sala dos professores, sala do Centro de Tecnologia Educacional (CTE), cozinha e refeit\u00f3rio, banheiros masculino, feminino e para funcion\u00e1rios, al\u00e9m de abrigos para gerador, combust\u00edvel e g\u00e1s.&nbsp;&nbsp;&nbsp;<\/p>\n\n\n\n<p>O gestor da escola,&nbsp;Franciney&nbsp;Oliveira, relatou que a escola foi fundada em 1989 e passou mais de tr\u00eas d\u00e9cadas funcionando em uma estrutura de madeira, realidade que s\u00f3 come\u00e7ou a mudar recentemente. Ela destacou que a transforma\u00e7\u00e3o ocorreu na atual gest\u00e3o,&nbsp;per\u00edodo&nbsp;em que a unidade recebeu uma nova estrutura f\u00edsica e passou a contar com investimentos que impactaram diretamente o cotidiano escolar.&nbsp;<\/p>\n\n\n\n<p>\u201cQuando a escola era de madeira, enfrent\u00e1vamos muitas limita\u00e7\u00f5es. Hoje, com o novo pr\u00e9dio, temos salas climatizadas, computadores para os estudantes, merenda escolar que n\u00e3o falta e combust\u00edvel garantido para o transporte. Essa mudan\u00e7a trouxe mais conforto, seguran\u00e7a e qualidade para o ensino, beneficiando toda a comunidade escolar\u201d completa o gestor.&nbsp;&nbsp;<\/p>\n\n\n\n<p>J\u00e1 na comunidade Bela Vista do Jaraqui, na margem esquerda do rio Negro, zona rural, a escola municipal Divino Esp\u00edrito Santo, vai atender 62 alunos, tamb\u00e9m nas modalidades da Educa\u00e7\u00e3o Infantil e do 1\u00ba ao 9\u00ba ano do Ensino Fundamental.&nbsp;&nbsp;<\/p>\n\n\n\n<p>Com pouco mais de um m\u00eas de obra, a unidade passou por completa reestrutura\u00e7\u00e3o da rede el\u00e9trica, incluindo adequa\u00e7\u00e3o da entrada de energia, aterramento e substitui\u00e7\u00e3o de lumin\u00e1rias, tomadas e disjuntores. Foram realizados ainda revis\u00e3o do telhado com aplica\u00e7\u00e3o de manta t\u00e9rmica, refor\u00e7o e instala\u00e7\u00e3o de calhas, pintura geral, recupera\u00e7\u00e3o de cal\u00e7adas e escadas.&nbsp;&nbsp;<\/p>\n\n\n\n<p>A escola tamb\u00e9m foi contemplada com a constru\u00e7\u00e3o e amplia\u00e7\u00e3o da secretaria e diretoria, implanta\u00e7\u00e3o de sala de recursos e sala do CTE, adequa\u00e7\u00e3o das salas de aula, reforma dos sanit\u00e1rios, amplia\u00e7\u00e3o do reservat\u00f3rio de \u00e1gua para cinco mil litros, constru\u00e7\u00e3o de abrigo para g\u00e1s e cobertura de interliga\u00e7\u00e3o entre blocos e ainda cozinha e refeit\u00f3rio.&nbsp;&nbsp;<\/p>\n\n\n\n<p>A gestora da unidade,&nbsp;Sumaran&nbsp;Corr\u00eaa, destacou a troca completa do telhado por telhas termoac\u00fasticas, garantindo mais conforto t\u00e9rmico e melhores condi\u00e7\u00f5es para o funcionamento da unidade.&nbsp;<\/p>\n\n\n\n<p>\u201cCom essas melhorias, o ambiente ficou mais saud\u00e1vel e confort\u00e1vel, o que favorece diretamente a aprendizagem. Nossos alunos agora estudam com mais seguran\u00e7a e t\u00eam acesso a espa\u00e7os preparados, inclusive para a educa\u00e7\u00e3o especial, com sala de recursos estruturada. O CTE trouxe inova\u00e7\u00e3o tecnol\u00f3gica, permitindo que eles utilizem as tecnologias para ampliar o conhecimento e se desenvolver ainda mais\u201d, pontuou.<\/p>\n\n\n\n<p>A comunit\u00e1ria&nbsp;Renata&nbsp;Diebe&nbsp;afirmou ter orgulho de j\u00e1 ter feito parte da escola e destacou que a atual gest\u00e3o municipal mant\u00e9m um compromisso firme com a seguran\u00e7a e a educa\u00e7\u00e3o, \u00e1reas que, segundo ela, precisam caminhar juntas. Ela ressaltou ainda a qualidade da merenda, o comprometimento dos professores e a valoriza\u00e7\u00e3o dos alunos e gestores, classificando a unidade como refer\u00eancia.&nbsp;<\/p>\n\n\n\n<p>\u201cHoje nossos alunos estudam com tranquilidade, em um espa\u00e7o que \u00e9 deles, com merenda de qualidade e professores comprometidos. Temos uma gest\u00e3o maravilhosa, que valoriza estudantes, docentes e gestores. A escola Divino Esp\u00edrito Santo se tornou refer\u00eancia na gest\u00e3o do prefeito David Almeida e \u00e9 motivo de orgulho para toda a comunidade. Que venham muitos anos de conquistas\u201d, finalizou Renata.&nbsp;<\/p>\n\n\n\n<figure class=\"wp-block-image size-large\"><img loading=\"lazy\" decoding=\"async\" width=\"1024\" height=\"683\" src=\"https:\/\/www.manaus.am.gov.br\/semcom\/wp-content\/uploads\/sites\/5\/2026\/03\/55129209799_707512d024_k-1024x683.jpg\" alt=\"\" class=\"wp-image-253885\" srcset=\"https:\/\/www.manaus.am.gov.br\/semcom\/wp-content\/uploads\/sites\/5\/2026\/03\/55129209799_707512d024_k-1024x683.jpg 1024w, https:\/\/www.manaus.am.gov.br\/semcom\/wp-content\/uploads\/sites\/5\/2026\/03\/55129209799_707512d024_k-300x200.jpg 300w, https:\/\/www.manaus.am.gov.br\/semcom\/wp-content\/uploads\/sites\/5\/2026\/03\/55129209799_707512d024_k-768x512.jpg 768w, https:\/\/www.manaus.am.gov.br\/semcom\/wp-content\/uploads\/sites\/5\/2026\/03\/55129209799_707512d024_k-1536x1024.jpg 1536w, https:\/\/www.manaus.am.gov.br\/semcom\/wp-content\/uploads\/sites\/5\/2026\/03\/55129209799_707512d024_k.jpg 2048w\" sizes=\"(max-width: 1024px) 100vw, 1024px\" \/><figcaption class=\"wp-element-caption\">#paratodosverem &#8211; Alunos e professora em sala de aula<\/figcaption><\/figure>\n\n\n\n<p>&#8212; &#8212; &#8212;<\/p>\n\n\n\n<p><strong>Texto<\/strong>&nbsp;&#8211; Paulo Rog\u00e9rio Veiga e Alexandre Abreu\/Semed<\/p>\n\n\n\n<p><strong>Fotos &#8211; <\/strong>Antonio Pereira\/Semcom<\/p>\n\n\n\n<p><strong>Dispon\u00edveis em &#8211; <\/strong><a href=\"https:\/\/flic.kr\/s\/aHBqjCMgaV\">https:\/\/flic.kr\/s\/aHBqjCMgaV<\/a><\/p>\n","protected":false},"excerpt":{"rendered":"","protected":false},"author":39,"featured_media":253886,"comment_status":"closed","ping_status":"closed","sticky":false,"template":"","format":"standard","meta":{"footnotes":""},"categories":[49],"tags":[19618,19619,77,2385,62,19620],"acf":[],"yoast_head":"<!-- This site is optimized with the Yoast SEO plugin v23.0 - https:\/\/yoast.com\/wordpress\/plugins\/seo\/ -->\n<title>Prefeitura reinaugura duas escolas na zona rural ribeirinha<\/title>\n<meta name=\"description\" content=\"Prefeitura de Manaus, por meio da Semed, reinaugura duas unidades de ensino na zona rural ribeirinha da capital.\" \/>\n<meta name=\"robots\" content=\"index, follow, max-snippet:-1, max-image-preview:large, max-video-preview:-1\" \/>\n<link rel=\"canonical\" href=\"https:\/\/www.manaus.am.gov.br\/semcom\/reinauguracao-escolas-zona-rural-ribeirinha\/\" \/>\n<meta property=\"og:locale\" content=\"pt_BR\" \/>\n<meta property=\"og:type\" content=\"article\" \/>\n<meta property=\"og:title\" content=\"Prefeitura reinaugura duas escolas na zona rural ribeirinha\" \/>\n<meta property=\"og:description\" content=\"Prefeitura de Manaus, por meio da Semed, reinaugura duas unidades de ensino na zona rural ribeirinha da capital.\" \/>\n<meta property=\"og:url\" content=\"https:\/\/www.manaus.am.gov.br\/semcom\/reinauguracao-escolas-zona-rural-ribeirinha\/\" \/>\n<meta property=\"og:site_name\" content=\"SEMCOM\" \/>\n<meta property=\"article:published_time\" content=\"2026-03-04T20:20:07+00:00\" \/>\n<meta property=\"article:modified_time\" content=\"2026-03-05T16:43:28+00:00\" \/>\n<meta property=\"og:image\" content=\"https:\/\/www.manaus.am.gov.br\/semcom\/wp-content\/uploads\/sites\/5\/2026\/03\/55129209269_9ef9b6ca98_k.jpg\" \/>\n\t<meta property=\"og:image:width\" content=\"2048\" \/>\n\t<meta property=\"og:image:height\" content=\"1365\" \/>\n\t<meta property=\"og:image:type\" content=\"image\/jpeg\" \/>\n<meta name=\"author\" content=\"Bruna Greco\" \/>\n<meta name=\"twitter:card\" content=\"summary_large_image\" \/>\n<meta name=\"twitter:label1\" content=\"Written by\" \/>\n\t<meta name=\"twitter:data1\" content=\"Bruna Greco\" \/>\n\t<meta name=\"twitter:label2\" content=\"Est. reading time\" \/>\n\t<meta name=\"twitter:data2\" content=\"6 minutos\" \/>\n<script type=\"application\/ld+json\" class=\"yoast-schema-graph\">{\"@context\":\"https:\/\/schema.org\",\"@graph\":[{\"@type\":\"WebPage\",\"@id\":\"https:\/\/www.manaus.am.gov.br\/semcom\/reinauguracao-escolas-zona-rural-ribeirinha\/\",\"url\":\"https:\/\/www.manaus.am.gov.br\/semcom\/reinauguracao-escolas-zona-rural-ribeirinha\/\",\"name\":\"Prefeitura reinaugura duas escolas na zona rural ribeirinha\",\"isPartOf\":{\"@id\":\"https:\/\/www.manaus.am.gov.br\/semcom\/#website\"},\"primaryImageOfPage\":{\"@id\":\"https:\/\/www.manaus.am.gov.br\/semcom\/reinauguracao-escolas-zona-rural-ribeirinha\/#primaryimage\"},\"image\":{\"@id\":\"https:\/\/www.manaus.am.gov.br\/semcom\/reinauguracao-escolas-zona-rural-ribeirinha\/#primaryimage\"},\"thumbnailUrl\":\"https:\/\/www.manaus.am.gov.br\/semcom\/wp-content\/uploads\/sites\/5\/2026\/03\/55129209269_9ef9b6ca98_k.jpg\",\"datePublished\":\"2026-03-04T20:20:07+00:00\",\"dateModified\":\"2026-03-05T16:43:28+00:00\",\"author\":{\"@id\":\"https:\/\/www.manaus.am.gov.br\/semcom\/#\/schema\/person\/05d223aea2bf115f9883a6ff3683d81b\"},\"description\":\"Prefeitura de Manaus, por meio da Semed, reinaugura duas unidades de ensino na zona rural ribeirinha da capital.\",\"inLanguage\":\"pt-BR\",\"potentialAction\":[{\"@type\":\"ReadAction\",\"target\":[\"https:\/\/www.manaus.am.gov.br\/semcom\/reinauguracao-escolas-zona-rural-ribeirinha\/\"]}]},{\"@type\":\"ImageObject\",\"inLanguage\":\"pt-BR\",\"@id\":\"https:\/\/www.manaus.am.gov.br\/semcom\/reinauguracao-escolas-zona-rural-ribeirinha\/#primaryimage\",\"url\":\"https:\/\/www.manaus.am.gov.br\/semcom\/wp-content\/uploads\/sites\/5\/2026\/03\/55129209269_9ef9b6ca98_k.jpg\",\"contentUrl\":\"https:\/\/www.manaus.am.gov.br\/semcom\/wp-content\/uploads\/sites\/5\/2026\/03\/55129209269_9ef9b6ca98_k.jpg\",\"width\":2048,\"height\":1365,\"caption\":\"#paratodosverem - Titular da Semed, Junior Mar, acompanhado de servidores da Educa\u00e7\u00e3o, descerrando a placa de reinaugura\u00e7\u00e3o de escola da zona rural ribeirinha\"},{\"@type\":\"WebSite\",\"@id\":\"https:\/\/www.manaus.am.gov.br\/semcom\/#website\",\"url\":\"https:\/\/www.manaus.am.gov.br\/semcom\/\",\"name\":\"SEMCOM\",\"description\":\"Secretaria Municipal de Comunica\u00e7\u00e3o\",\"potentialAction\":[{\"@type\":\"SearchAction\",\"target\":{\"@type\":\"EntryPoint\",\"urlTemplate\":\"https:\/\/www.manaus.am.gov.br\/semcom\/?s={search_term_string}\"},\"query-input\":\"required name=search_term_string\"}],\"inLanguage\":\"pt-BR\"},{\"@type\":\"Person\",\"@id\":\"https:\/\/www.manaus.am.gov.br\/semcom\/#\/schema\/person\/05d223aea2bf115f9883a6ff3683d81b\",\"name\":\"Bruna Greco\",\"image\":{\"@type\":\"ImageObject\",\"inLanguage\":\"pt-BR\",\"@id\":\"https:\/\/www.manaus.am.gov.br\/semcom\/#\/schema\/person\/image\/\",\"url\":\"https:\/\/secure.gravatar.com\/avatar\/9c877d1a6adc2a055330e5c09a8653ce?s=96&d=mm&r=g\",\"contentUrl\":\"https:\/\/secure.gravatar.com\/avatar\/9c877d1a6adc2a055330e5c09a8653ce?s=96&d=mm&r=g\",\"caption\":\"Bruna Greco\"}}]}<\/script>\n<!-- \/ Yoast SEO plugin. -->","yoast_head_json":{"title":"Prefeitura reinaugura duas escolas na zona rural ribeirinha","description":"Prefeitura de Manaus, por meio da Semed, reinaugura duas unidades de ensino na zona rural ribeirinha da capital.","robots":{"index":"index","follow":"follow","max-snippet":"max-snippet:-1","max-image-preview":"max-image-preview:large","max-video-preview":"max-video-preview:-1"},"canonical":"https:\/\/www.manaus.am.gov.br\/semcom\/reinauguracao-escolas-zona-rural-ribeirinha\/","og_locale":"pt_BR","og_type":"article","og_title":"Prefeitura reinaugura duas escolas na zona rural ribeirinha","og_description":"Prefeitura de Manaus, por meio da Semed, reinaugura duas unidades de ensino na zona rural ribeirinha da capital.","og_url":"https:\/\/www.manaus.am.gov.br\/semcom\/reinauguracao-escolas-zona-rural-ribeirinha\/","og_site_name":"SEMCOM","article_published_time":"2026-03-04T20:20:07+00:00","article_modified_time":"2026-03-05T16:43:28+00:00","og_image":[{"width":2048,"height":1365,"url":"https:\/\/www.manaus.am.gov.br\/semcom\/wp-content\/uploads\/sites\/5\/2026\/03\/55129209269_9ef9b6ca98_k.jpg","type":"image\/jpeg"}],"author":"Bruna Greco","twitter_card":"summary_large_image","twitter_misc":{"Written by":"Bruna Greco","Est. reading time":"6 minutos"},"schema":{"@context":"https:\/\/schema.org","@graph":[{"@type":"WebPage","@id":"https:\/\/www.manaus.am.gov.br\/semcom\/reinauguracao-escolas-zona-rural-ribeirinha\/","url":"https:\/\/www.manaus.am.gov.br\/semcom\/reinauguracao-escolas-zona-rural-ribeirinha\/","name":"Prefeitura reinaugura duas escolas na zona rural ribeirinha","isPartOf":{"@id":"https:\/\/www.manaus.am.gov.br\/semcom\/#website"},"primaryImageOfPage":{"@id":"https:\/\/www.manaus.am.gov.br\/semcom\/reinauguracao-escolas-zona-rural-ribeirinha\/#primaryimage"},"image":{"@id":"https:\/\/www.manaus.am.gov.br\/semcom\/reinauguracao-escolas-zona-rural-ribeirinha\/#primaryimage"},"thumbnailUrl":"https:\/\/www.manaus.am.gov.br\/semcom\/wp-content\/uploads\/sites\/5\/2026\/03\/55129209269_9ef9b6ca98_k.jpg","datePublished":"2026-03-04T20:20:07+00:00","dateModified":"2026-03-05T16:43:28+00:00","author":{"@id":"https:\/\/www.manaus.am.gov.br\/semcom\/#\/schema\/person\/05d223aea2bf115f9883a6ff3683d81b"},"description":"Prefeitura de Manaus, por meio da Semed, reinaugura duas unidades de ensino na zona rural ribeirinha da capital.","inLanguage":"pt-BR","potentialAction":[{"@type":"ReadAction","target":["https:\/\/www.manaus.am.gov.br\/semcom\/reinauguracao-escolas-zona-rural-ribeirinha\/"]}]},{"@type":"ImageObject","inLanguage":"pt-BR","@id":"https:\/\/www.manaus.am.gov.br\/semcom\/reinauguracao-escolas-zona-rural-ribeirinha\/#primaryimage","url":"https:\/\/www.manaus.am.gov.br\/semcom\/wp-content\/uploads\/sites\/5\/2026\/03\/55129209269_9ef9b6ca98_k.jpg","contentUrl":"https:\/\/www.manaus.am.gov.br\/semcom\/wp-content\/uploads\/sites\/5\/2026\/03\/55129209269_9ef9b6ca98_k.jpg","width":2048,"height":1365,"caption":"#paratodosverem - Titular da Semed, Junior Mar, acompanhado de servidores da Educa\u00e7\u00e3o, descerrando a placa de reinaugura\u00e7\u00e3o de escola da zona rural ribeirinha"},{"@type":"WebSite","@id":"https:\/\/www.manaus.am.gov.br\/semcom\/#website","url":"https:\/\/www.manaus.am.gov.br\/semcom\/","name":"SEMCOM","description":"Secretaria Municipal de Comunica\u00e7\u00e3o","potentialAction":[{"@type":"SearchAction","target":{"@type":"EntryPoint","urlTemplate":"https:\/\/www.manaus.am.gov.br\/semcom\/?s={search_term_string}"},"query-input":"required name=search_term_string"}],"inLanguage":"pt-BR"},{"@type":"Person","@id":"https:\/\/www.manaus.am.gov.br\/semcom\/#\/schema\/person\/05d223aea2bf115f9883a6ff3683d81b","name":"Bruna Greco","image":{"@type":"ImageObject","inLanguage":"pt-BR","@id":"https:\/\/www.manaus.am.gov.br\/semcom\/#\/schema\/person\/image\/","url":"https:\/\/secure.gravatar.com\/avatar\/9c877d1a6adc2a055330e5c09a8653ce?s=96&d=mm&r=g","contentUrl":"https:\/\/secure.gravatar.com\/avatar\/9c877d1a6adc2a055330e5c09a8653ce?s=96&d=mm&r=g","caption":"Bruna Greco"}}]}},"_links":{"self":[{"href":"https:\/\/www.manaus.am.gov.br\/semcom\/wp-json\/wp\/v2\/posts\/253884"}],"collection":[{"href":"https:\/\/www.manaus.am.gov.br\/semcom\/wp-json\/wp\/v2\/posts"}],"about":[{"href":"https:\/\/www.manaus.am.gov.br\/semcom\/wp-json\/wp\/v2\/types\/post"}],"author":[{"embeddable":true,"href":"https:\/\/www.manaus.am.gov.br\/semcom\/wp-json\/wp\/v2\/users\/39"}],"replies":[{"embeddable":true,"href":"https:\/\/www.manaus.am.gov.br\/semcom\/wp-json\/wp\/v2\/comments?post=253884"}],"version-history":[{"count":3,"href":"https:\/\/www.manaus.am.gov.br\/semcom\/wp-json\/wp\/v2\/posts\/253884\/revisions"}],"predecessor-version":[{"id":253932,"href":"https:\/\/www.manaus.am.gov.br\/semcom\/wp-json\/wp\/v2\/posts\/253884\/revisions\/253932"}],"wp:featuredmedia":[{"embeddable":true,"href":"https:\/\/www.manaus.am.gov.br\/semcom\/wp-json\/wp\/v2\/media\/253886"}],"wp:attachment":[{"href":"https:\/\/www.manaus.am.gov.br\/semcom\/wp-json\/wp\/v2\/media?parent=253884"}],"wp:term":[{"taxonomy":"category","embeddable":true,"href":"https:\/\/www.manaus.am.gov.br\/semcom\/wp-json\/wp\/v2\/categories?post=253884"},{"taxonomy":"post_tag","embeddable":true,"href":"https:\/\/www.manaus.am.gov.br\/semcom\/wp-json\/wp\/v2\/tags?post=253884"}],"curies":[{"name":"wp","href":"https:\/\/api.w.org\/{rel}","templated":true}]}}