{"id":253878,"date":"2026-03-04T15:45:11","date_gmt":"2026-03-04T19:45:11","guid":{"rendered":"https:\/\/www.manaus.am.gov.br\/semcom\/alta-demolicoes-irregularidades\/"},"modified":"2026-03-04T17:20:01","modified_gmt":"2026-03-04T20:20:01","slug":"alta-demolicoes-irregularidades","status":"publish","type":"post","link":"https:\/\/www.manaus.am.gov.br\/semcom\/alta-demolicoes-irregularidades\/","title":{"rendered":"Prefeitura tem 100% de alta em demoli\u00e7\u00f5es administrativas para corre\u00e7\u00e3o de irregularidades"},"content":{"rendered":"\n<p>A atua\u00e7\u00e3o da <a href=\"https:\/\/www.manaus.am.gov.br\/\">Prefeitura de Manaus<\/a> no ordenamento urbano n\u00e3o \u00e9 apenas uma a\u00e7\u00e3o fiscalizat\u00f3ria, mas tamb\u00e9m medida de prote\u00e7\u00e3o ao patrim\u00f4nio p\u00fablico e de defesa do interesse coletivo. No primeiro bimestre de 2026, o <a href=\"https:\/\/implurbatende.manaus.am.gov.br\/\">Instituto Municipal de Planejamento Urbano<\/a> (Implurb) registrou 8 demoli\u00e7\u00f5es administrativas, um aumento de 100% em rela\u00e7\u00e3o ao mesmo per\u00edodo de 2025, quando foram realizadas 4 a\u00e7\u00f5es.<\/p>\n\n\n\n<p>As interven\u00e7\u00f5es ocorreram em situa\u00e7\u00f5es nas quais as irregularidades identificadas n\u00e3o eram pass\u00edveis de regulariza\u00e7\u00e3o, incluindo constru\u00e7\u00f5es e avan\u00e7os sobre vias p\u00fablicas e canteiros centrais. Em todos os casos, tratava-se de ocupa\u00e7\u00e3o indevida de logradouro p\u00fablico e descumprimento da legisla\u00e7\u00e3o urban\u00edstica vigente.<\/p>\n\n\n\n<p>Antes da execu\u00e7\u00e3o das medidas, os respons\u00e1veis foram devidamente notificados para promover a demoli\u00e7\u00e3o volunt\u00e1ria das estruturas. Diante do n\u00e3o atendimento \u00e0s determina\u00e7\u00f5es da fiscaliza\u00e7\u00e3o, a administra\u00e7\u00e3o municipal procedeu com a demoli\u00e7\u00e3o administrativa, conforme previs\u00e3o legal.<\/p>\n\n\n\n<p><strong>Legisla\u00e7\u00e3o<\/strong><\/p>\n\n\n\n<p>A medida encontra respaldo n\u00e3o apenas na legisla\u00e7\u00e3o municipal, mas tamb\u00e9m na jurisprud\u00eancia consolidada do Superior Tribunal de Justi\u00e7a (STJ), que estabelece que ningu\u00e9m pode ocupar espa\u00e7o p\u00fablico \u2014 como cal\u00e7adas e vias \u2014 sem autoriza\u00e7\u00e3o expressa e regular procedimento administrativo. A ocupa\u00e7\u00e3o irregular de bem p\u00fablico \u00e9 considerada mera deten\u00e7\u00e3o de natureza prec\u00e1ria, n\u00e3o gerando direito \u00e0 reten\u00e7\u00e3o ou indeniza\u00e7\u00e3o por benfeitorias, conforme entendimento sumulado pela Corte.<\/p>\n\n\n\n<p><strong>Preserva\u00e7\u00e3o<\/strong><\/p>\n\n\n\n<p>Para o vice-presidente do Implurb, Ant\u00f4nio Peixoto, a preserva\u00e7\u00e3o das \u00e1reas p\u00fablicas \u00e9 um princ\u00edpio inegoci\u00e1vel. \u201cO uso particular sem autoriza\u00e7\u00e3o fere o interesse coletivo. Toda interven\u00e7\u00e3o em espa\u00e7o p\u00fablico deve ser previamente analisada pelo \u00f3rg\u00e3o competente. A fiscaliza\u00e7\u00e3o \u00e9 permanente e a participa\u00e7\u00e3o da popula\u00e7\u00e3o, por meio de den\u00fancias, \u00e9 fundamental para manter a cidade organizada\u201d, afirmou.<\/p>\n\n\n<div class=\"wp-block-image\">\n<figure class=\"aligncenter size-large\"><img loading=\"lazy\" decoding=\"async\" width=\"1024\" height=\"768\" src=\"https:\/\/www.manaus.am.gov.br\/semcom\/wp-content\/uploads\/sites\/5\/2026\/03\/demolicao24R-1024x768.png\" alt=\"\" class=\"wp-image-253880\" srcset=\"https:\/\/www.manaus.am.gov.br\/semcom\/wp-content\/uploads\/sites\/5\/2026\/03\/demolicao24R-1024x768.png 1024w, https:\/\/www.manaus.am.gov.br\/semcom\/wp-content\/uploads\/sites\/5\/2026\/03\/demolicao24R-300x225.png 300w, https:\/\/www.manaus.am.gov.br\/semcom\/wp-content\/uploads\/sites\/5\/2026\/03\/demolicao24R-768x576.png 768w, https:\/\/www.manaus.am.gov.br\/semcom\/wp-content\/uploads\/sites\/5\/2026\/03\/demolicao24R-1536x1152.png 1536w, https:\/\/www.manaus.am.gov.br\/semcom\/wp-content\/uploads\/sites\/5\/2026\/03\/demolicao24R.png 1600w\" sizes=\"(max-width: 1024px) 100vw, 1024px\" \/><figcaption class=\"wp-element-caption\">#paratodosverem &#8211; constru\u00e7\u00e3o irregular sendo demolida pelo Implurb<\/figcaption><\/figure><\/div>\n\n\n<p>O Implurb refor\u00e7a que ocupa\u00e7\u00f5es irregulares est\u00e3o sujeitas a autua\u00e7\u00e3o, multas, demoli\u00e7\u00e3o administrativa e demais san\u00e7\u00f5es previstas em lei. A popula\u00e7\u00e3o pode colaborar com as a\u00e7\u00f5es de ordenamento urbano pelo Disque Den\u00fancia, nos telefones (92) 3673-9305 e 161, de segunda a sexta-feira, das 8h \u00e0s 14h, al\u00e9m do e-mail <a href=\"mailto:disquedenuncia.implurb@manaus.am.gov.br\">disquedenuncia.implurb@manaus.am.gov.br<\/a><\/p>\n\n\n\n<p>Ao garantir a desocupa\u00e7\u00e3o de \u00e1reas p\u00fablicas, o munic\u00edpio assegura o direito de todos \u00e0 cidade, preservando espa\u00e7os que pertencem \u00e0 coletividade e fortalecendo a legalidade no desenvolvimento urbano de Manaus.<\/p>\n\n\n\n<p>Lei<\/p>\n\n\n\n<p>A demoli\u00e7\u00e3o administrativa est\u00e1 prevista no artigo 40 do C\u00f3digo de Obras e Edifica\u00e7\u00f5es do Munic\u00edpio e pode ser aplicada de forma parcial ou total quando a constru\u00e7\u00e3o:<\/p>\n\n\n\n<ul>\n<li>n\u00e3o admite regulariza\u00e7\u00e3o por incompatibilidade com a legisla\u00e7\u00e3o vigente;<\/li>\n\n\n\n<li>oferece risco \u00e0 seguran\u00e7a p\u00fablica, hip\u00f3tese em que pode ser executada de forma imediata;<\/li>\n\n\n\n<li>esteja sendo realizada em \u00e1rea ou logradouro p\u00fablico.<\/li>\n<\/ul>\n\n\n\n<p>&#8212; &#8212; &#8212;<\/p>\n\n\n\n<p><strong>Texto<\/strong>&nbsp;\u2013&nbsp;Divulga\u00e7\u00e3o \/ Implurb&nbsp;<\/p>\n\n\n\n<p><strong>Fotos<\/strong>&nbsp;\u2013 Divulga\u00e7\u00e3o \/ Implurb&nbsp;<\/p>\n","protected":false},"excerpt":{"rendered":"","protected":false},"author":61,"featured_media":253879,"comment_status":"closed","ping_status":"closed","sticky":false,"template":"","format":"standard","meta":{"footnotes":""},"categories":[985],"tags":[10939,65,987,77],"acf":[],"yoast_head":"<!-- This site is optimized with the Yoast SEO plugin v23.0 - https:\/\/yoast.com\/wordpress\/plugins\/seo\/ -->\n<title>Prefeitura tem 100% de alta em demoli\u00e7\u00f5es administrativas para corre\u00e7\u00e3o de irregularidades<\/title>\n<meta name=\"description\" content=\"A atua\u00e7\u00e3o da Prefeitura de Manaus no ordenamento urbano n\u00e3o \u00e9 apenas uma a\u00e7\u00e3o fiscalizat\u00f3ria, mas tamb\u00e9m medida de prote\u00e7\u00e3o ao patrim\u00f4nio p\u00fablico e de defesa do interesse coletivo.\" \/>\n<meta name=\"robots\" content=\"index, follow, max-snippet:-1, max-image-preview:large, max-video-preview:-1\" \/>\n<link rel=\"canonical\" href=\"https:\/\/www.manaus.am.gov.br\/semcom\/alta-demolicoes-irregularidades\/\" \/>\n<meta property=\"og:locale\" content=\"pt_BR\" \/>\n<meta property=\"og:type\" content=\"article\" \/>\n<meta property=\"og:title\" content=\"Prefeitura tem 100% de alta em demoli\u00e7\u00f5es administrativas para corre\u00e7\u00e3o de irregularidades\" \/>\n<meta property=\"og:description\" content=\"A atua\u00e7\u00e3o da Prefeitura de Manaus no ordenamento urbano n\u00e3o \u00e9 apenas uma a\u00e7\u00e3o fiscalizat\u00f3ria, mas tamb\u00e9m medida de prote\u00e7\u00e3o ao patrim\u00f4nio p\u00fablico e de defesa do interesse coletivo.\" \/>\n<meta property=\"og:url\" content=\"https:\/\/www.manaus.am.gov.br\/semcom\/alta-demolicoes-irregularidades\/\" \/>\n<meta property=\"og:site_name\" content=\"SEMCOM\" \/>\n<meta property=\"article:published_time\" content=\"2026-03-04T19:45:11+00:00\" \/>\n<meta property=\"article:modified_time\" content=\"2026-03-04T20:20:01+00:00\" \/>\n<meta property=\"og:image\" content=\"https:\/\/www.manaus.am.gov.br\/semcom\/wp-content\/uploads\/sites\/5\/2026\/03\/demolicaoFEV0.jpg\" \/>\n\t<meta property=\"og:image:width\" content=\"1600\" \/>\n\t<meta property=\"og:image:height\" content=\"1200\" \/>\n\t<meta property=\"og:image:type\" content=\"image\/jpeg\" \/>\n<meta name=\"author\" content=\"smonteiro\" \/>\n<meta name=\"twitter:card\" content=\"summary_large_image\" \/>\n<meta name=\"twitter:label1\" content=\"Written by\" \/>\n\t<meta name=\"twitter:data1\" content=\"smonteiro\" \/>\n\t<meta name=\"twitter:label2\" content=\"Est. reading time\" \/>\n\t<meta name=\"twitter:data2\" content=\"3 minutos\" \/>\n<script type=\"application\/ld+json\" class=\"yoast-schema-graph\">{\"@context\":\"https:\/\/schema.org\",\"@graph\":[{\"@type\":\"WebPage\",\"@id\":\"https:\/\/www.manaus.am.gov.br\/semcom\/alta-demolicoes-irregularidades\/\",\"url\":\"https:\/\/www.manaus.am.gov.br\/semcom\/alta-demolicoes-irregularidades\/\",\"name\":\"Prefeitura tem 100% de alta em demoli\u00e7\u00f5es administrativas para corre\u00e7\u00e3o de irregularidades\",\"isPartOf\":{\"@id\":\"https:\/\/www.manaus.am.gov.br\/semcom\/#website\"},\"primaryImageOfPage\":{\"@id\":\"https:\/\/www.manaus.am.gov.br\/semcom\/alta-demolicoes-irregularidades\/#primaryimage\"},\"image\":{\"@id\":\"https:\/\/www.manaus.am.gov.br\/semcom\/alta-demolicoes-irregularidades\/#primaryimage\"},\"thumbnailUrl\":\"https:\/\/www.manaus.am.gov.br\/semcom\/wp-content\/uploads\/sites\/5\/2026\/03\/demolicaoFEV0.jpg\",\"datePublished\":\"2026-03-04T19:45:11+00:00\",\"dateModified\":\"2026-03-04T20:20:01+00:00\",\"author\":{\"@id\":\"https:\/\/www.manaus.am.gov.br\/semcom\/#\/schema\/person\/ab4dcf766a54dff74e8d267f5c591961\"},\"description\":\"A atua\u00e7\u00e3o da Prefeitura de Manaus no ordenamento urbano n\u00e3o \u00e9 apenas uma a\u00e7\u00e3o fiscalizat\u00f3ria, mas tamb\u00e9m medida de prote\u00e7\u00e3o ao patrim\u00f4nio p\u00fablico e de defesa do interesse coletivo.\",\"inLanguage\":\"pt-BR\",\"potentialAction\":[{\"@type\":\"ReadAction\",\"target\":[\"https:\/\/www.manaus.am.gov.br\/semcom\/alta-demolicoes-irregularidades\/\"]}]},{\"@type\":\"ImageObject\",\"inLanguage\":\"pt-BR\",\"@id\":\"https:\/\/www.manaus.am.gov.br\/semcom\/alta-demolicoes-irregularidades\/#primaryimage\",\"url\":\"https:\/\/www.manaus.am.gov.br\/semcom\/wp-content\/uploads\/sites\/5\/2026\/03\/demolicaoFEV0.jpg\",\"contentUrl\":\"https:\/\/www.manaus.am.gov.br\/semcom\/wp-content\/uploads\/sites\/5\/2026\/03\/demolicaoFEV0.jpg\",\"width\":1600,\"height\":1200,\"caption\":\"#paratodosverem - servidores da prefeitura atuando em demoli\u00e7\u00e3o administrativa\"},{\"@type\":\"WebSite\",\"@id\":\"https:\/\/www.manaus.am.gov.br\/semcom\/#website\",\"url\":\"https:\/\/www.manaus.am.gov.br\/semcom\/\",\"name\":\"SEMCOM\",\"description\":\"Secretaria Municipal de Comunica\u00e7\u00e3o\",\"potentialAction\":[{\"@type\":\"SearchAction\",\"target\":{\"@type\":\"EntryPoint\",\"urlTemplate\":\"https:\/\/www.manaus.am.gov.br\/semcom\/?s={search_term_string}\"},\"query-input\":\"required name=search_term_string\"}],\"inLanguage\":\"pt-BR\"},{\"@type\":\"Person\",\"@id\":\"https:\/\/www.manaus.am.gov.br\/semcom\/#\/schema\/person\/ab4dcf766a54dff74e8d267f5c591961\",\"name\":\"smonteiro\",\"image\":{\"@type\":\"ImageObject\",\"inLanguage\":\"pt-BR\",\"@id\":\"https:\/\/www.manaus.am.gov.br\/semcom\/#\/schema\/person\/image\/\",\"url\":\"https:\/\/secure.gravatar.com\/avatar\/21c8776ef61d9272c73322052e042d77?s=96&d=mm&r=g\",\"contentUrl\":\"https:\/\/secure.gravatar.com\/avatar\/21c8776ef61d9272c73322052e042d77?s=96&d=mm&r=g\",\"caption\":\"smonteiro\"}}]}<\/script>\n<!-- \/ Yoast SEO plugin. -->","yoast_head_json":{"title":"Prefeitura tem 100% de alta em demoli\u00e7\u00f5es administrativas para corre\u00e7\u00e3o de irregularidades","description":"A atua\u00e7\u00e3o da Prefeitura de Manaus no ordenamento urbano n\u00e3o \u00e9 apenas uma a\u00e7\u00e3o fiscalizat\u00f3ria, mas tamb\u00e9m medida de prote\u00e7\u00e3o ao patrim\u00f4nio p\u00fablico e de defesa do interesse coletivo.","robots":{"index":"index","follow":"follow","max-snippet":"max-snippet:-1","max-image-preview":"max-image-preview:large","max-video-preview":"max-video-preview:-1"},"canonical":"https:\/\/www.manaus.am.gov.br\/semcom\/alta-demolicoes-irregularidades\/","og_locale":"pt_BR","og_type":"article","og_title":"Prefeitura tem 100% de alta em demoli\u00e7\u00f5es administrativas para corre\u00e7\u00e3o de irregularidades","og_description":"A atua\u00e7\u00e3o da Prefeitura de Manaus no ordenamento urbano n\u00e3o \u00e9 apenas uma a\u00e7\u00e3o fiscalizat\u00f3ria, mas tamb\u00e9m medida de prote\u00e7\u00e3o ao patrim\u00f4nio p\u00fablico e de defesa do interesse coletivo.","og_url":"https:\/\/www.manaus.am.gov.br\/semcom\/alta-demolicoes-irregularidades\/","og_site_name":"SEMCOM","article_published_time":"2026-03-04T19:45:11+00:00","article_modified_time":"2026-03-04T20:20:01+00:00","og_image":[{"width":1600,"height":1200,"url":"https:\/\/www.manaus.am.gov.br\/semcom\/wp-content\/uploads\/sites\/5\/2026\/03\/demolicaoFEV0.jpg","type":"image\/jpeg"}],"author":"smonteiro","twitter_card":"summary_large_image","twitter_misc":{"Written by":"smonteiro","Est. reading time":"3 minutos"},"schema":{"@context":"https:\/\/schema.org","@graph":[{"@type":"WebPage","@id":"https:\/\/www.manaus.am.gov.br\/semcom\/alta-demolicoes-irregularidades\/","url":"https:\/\/www.manaus.am.gov.br\/semcom\/alta-demolicoes-irregularidades\/","name":"Prefeitura tem 100% de alta em demoli\u00e7\u00f5es administrativas para corre\u00e7\u00e3o de irregularidades","isPartOf":{"@id":"https:\/\/www.manaus.am.gov.br\/semcom\/#website"},"primaryImageOfPage":{"@id":"https:\/\/www.manaus.am.gov.br\/semcom\/alta-demolicoes-irregularidades\/#primaryimage"},"image":{"@id":"https:\/\/www.manaus.am.gov.br\/semcom\/alta-demolicoes-irregularidades\/#primaryimage"},"thumbnailUrl":"https:\/\/www.manaus.am.gov.br\/semcom\/wp-content\/uploads\/sites\/5\/2026\/03\/demolicaoFEV0.jpg","datePublished":"2026-03-04T19:45:11+00:00","dateModified":"2026-03-04T20:20:01+00:00","author":{"@id":"https:\/\/www.manaus.am.gov.br\/semcom\/#\/schema\/person\/ab4dcf766a54dff74e8d267f5c591961"},"description":"A atua\u00e7\u00e3o da Prefeitura de Manaus no ordenamento urbano n\u00e3o \u00e9 apenas uma a\u00e7\u00e3o fiscalizat\u00f3ria, mas tamb\u00e9m medida de prote\u00e7\u00e3o ao patrim\u00f4nio p\u00fablico e de defesa do interesse coletivo.","inLanguage":"pt-BR","potentialAction":[{"@type":"ReadAction","target":["https:\/\/www.manaus.am.gov.br\/semcom\/alta-demolicoes-irregularidades\/"]}]},{"@type":"ImageObject","inLanguage":"pt-BR","@id":"https:\/\/www.manaus.am.gov.br\/semcom\/alta-demolicoes-irregularidades\/#primaryimage","url":"https:\/\/www.manaus.am.gov.br\/semcom\/wp-content\/uploads\/sites\/5\/2026\/03\/demolicaoFEV0.jpg","contentUrl":"https:\/\/www.manaus.am.gov.br\/semcom\/wp-content\/uploads\/sites\/5\/2026\/03\/demolicaoFEV0.jpg","width":1600,"height":1200,"caption":"#paratodosverem - servidores da prefeitura atuando em demoli\u00e7\u00e3o administrativa"},{"@type":"WebSite","@id":"https:\/\/www.manaus.am.gov.br\/semcom\/#website","url":"https:\/\/www.manaus.am.gov.br\/semcom\/","name":"SEMCOM","description":"Secretaria Municipal de Comunica\u00e7\u00e3o","potentialAction":[{"@type":"SearchAction","target":{"@type":"EntryPoint","urlTemplate":"https:\/\/www.manaus.am.gov.br\/semcom\/?s={search_term_string}"},"query-input":"required name=search_term_string"}],"inLanguage":"pt-BR"},{"@type":"Person","@id":"https:\/\/www.manaus.am.gov.br\/semcom\/#\/schema\/person\/ab4dcf766a54dff74e8d267f5c591961","name":"smonteiro","image":{"@type":"ImageObject","inLanguage":"pt-BR","@id":"https:\/\/www.manaus.am.gov.br\/semcom\/#\/schema\/person\/image\/","url":"https:\/\/secure.gravatar.com\/avatar\/21c8776ef61d9272c73322052e042d77?s=96&d=mm&r=g","contentUrl":"https:\/\/secure.gravatar.com\/avatar\/21c8776ef61d9272c73322052e042d77?s=96&d=mm&r=g","caption":"smonteiro"}}]}},"_links":{"self":[{"href":"https:\/\/www.manaus.am.gov.br\/semcom\/wp-json\/wp\/v2\/posts\/253878"}],"collection":[{"href":"https:\/\/www.manaus.am.gov.br\/semcom\/wp-json\/wp\/v2\/posts"}],"about":[{"href":"https:\/\/www.manaus.am.gov.br\/semcom\/wp-json\/wp\/v2\/types\/post"}],"author":[{"embeddable":true,"href":"https:\/\/www.manaus.am.gov.br\/semcom\/wp-json\/wp\/v2\/users\/61"}],"replies":[{"embeddable":true,"href":"https:\/\/www.manaus.am.gov.br\/semcom\/wp-json\/wp\/v2\/comments?post=253878"}],"version-history":[{"count":3,"href":"https:\/\/www.manaus.am.gov.br\/semcom\/wp-json\/wp\/v2\/posts\/253878\/revisions"}],"predecessor-version":[{"id":253883,"href":"https:\/\/www.manaus.am.gov.br\/semcom\/wp-json\/wp\/v2\/posts\/253878\/revisions\/253883"}],"wp:featuredmedia":[{"embeddable":true,"href":"https:\/\/www.manaus.am.gov.br\/semcom\/wp-json\/wp\/v2\/media\/253879"}],"wp:attachment":[{"href":"https:\/\/www.manaus.am.gov.br\/semcom\/wp-json\/wp\/v2\/media?parent=253878"}],"wp:term":[{"taxonomy":"category","embeddable":true,"href":"https:\/\/www.manaus.am.gov.br\/semcom\/wp-json\/wp\/v2\/categories?post=253878"},{"taxonomy":"post_tag","embeddable":true,"href":"https:\/\/www.manaus.am.gov.br\/semcom\/wp-json\/wp\/v2\/tags?post=253878"}],"curies":[{"name":"wp","href":"https:\/\/api.w.org\/{rel}","templated":true}]}}