{"id":253875,"date":"2026-03-04T16:25:13","date_gmt":"2026-03-04T19:25:13","guid":{"rendered":"https:\/\/www.manaus.am.gov.br\/semcom\/treinamento-monitoramento-iluminacao-publica\/"},"modified":"2026-03-04T16:33:31","modified_gmt":"2026-03-04T19:33:31","slug":"treinamento-monitoramento-iluminacao-publica","status":"publish","type":"post","link":"https:\/\/www.manaus.am.gov.br\/semcom\/treinamento-monitoramento-iluminacao-publica\/","title":{"rendered":"Ageman e UGPM Energia participam de treinamento para aprimorar monitoramento da ilumina\u00e7\u00e3o p\u00fablica em Manaus"},"content":{"rendered":"\n<p>Equipes da <a href=\"https:\/\/www.instagram.com\/ageman_manaus\/\">Ag\u00eancia Reguladora dos Servi\u00e7os P\u00fablicos Delegados do Munic\u00edpio de Manaus<\/a> (Ageman) e da Unidade Gestora Municipal de Abastecimento de Energia El\u00e9trica (UGPM Energia) participaram, nesta semana, de um treinamento de atualiza\u00e7\u00e3o do sistema de Telegest\u00e3o, tecnologia utilizada para monitorar em tempo real e o funcionamento dos pontos de ilumina\u00e7\u00e3o p\u00fablica na capital amazonense.<\/p>\n\n\n\n<p>O sistema permite a identifica\u00e7\u00e3o de lumin\u00e1rias apagadas e tamb\u00e9m promove o acionamento e o desligamento remoto das l\u00e2mpadas de LED, al\u00e9m de regular a intensidade da luz emitida pelas lumin\u00e1rias. Por meio da Telegest\u00e3o, as equipes de manuten\u00e7\u00e3o n\u00e3o precisam mais sair \u00e0s ruas para detectar poss\u00edveis erros, pois o pr\u00f3prio sistema envia notifica\u00e7\u00f5es de reparo ao Centro de Comando e Controle da concession\u00e1ria.<\/p>\n\n\n\n<p>O treinamento foi realizado pelos t\u00e9cnicos da empresa Smart Green, respons\u00e1vel pela tecnologia. As equipes que participaram da atualiza\u00e7\u00e3o tiveram a oportunidade de propor solu\u00e7\u00f5es para o melhor uso da tecnologia.<\/p>\n\n\n\n<p>\u201cComo tivemos a chegada de t\u00e9cnicos novos na nossa equipe, \u00e9 importante que todos saibam utilizar o sistema e conhe\u00e7am as informa\u00e7\u00f5es que ele nos fornece, de forma que a gente possa proceder \u00e0 regula\u00e7\u00e3o e \u00e0 fiscaliza\u00e7\u00e3o do servi\u00e7o\u201d, destacou o diretor executivo dos Servi\u00e7os de Ilumina\u00e7\u00e3o P\u00fablica da Ageman, Everaldo Leal.&nbsp;<\/p>\n\n\n\n<p>Em Manaus, o sistema, utilizado nas principais capitais do Brasil, j\u00e1 est\u00e1 presente em mais de 80% das lumin\u00e1rias das ruas, avenidas, pra\u00e7as e becos da cidade. A ferramenta \u00e9 uma das obriga\u00e7\u00f5es contratuais da empresa Manaus Luz, como parte do Plano de Moderniza\u00e7\u00e3o do parque de Ilumina\u00e7\u00e3o P\u00fablica da capital.<\/p>\n\n\n\n<p>&#8212; &#8212; &#8212;<\/p>\n\n\n\n<p><strong>Texto<\/strong>&nbsp;&#8211; Tereza Te\u00f3filo\/Ageman<\/p>\n\n\n\n<p><strong>Foto<\/strong> &#8211; Divulga\u00e7\u00e3o\/Ageman<\/p>\n","protected":false},"excerpt":{"rendered":"","protected":false},"author":39,"featured_media":253876,"comment_status":"closed","ping_status":"closed","sticky":false,"template":"","format":"standard","meta":{"footnotes":""},"categories":[1652],"tags":[215,19617,77,5884,574],"acf":[],"yoast_head":"<!-- This site is optimized with the Yoast SEO plugin v23.0 - https:\/\/yoast.com\/wordpress\/plugins\/seo\/ -->\n<title>Ilumina\u00e7\u00e3o p\u00fablica: Ageman e UGPM participam de treinamento<\/title>\n<meta name=\"description\" content=\"Ageman e UGPM Energia participam de treinamento para aprimorar monitoramento da ilumina\u00e7\u00e3o p\u00fablica em Manaus.\" \/>\n<meta name=\"robots\" content=\"index, follow, max-snippet:-1, max-image-preview:large, max-video-preview:-1\" \/>\n<link rel=\"canonical\" href=\"https:\/\/www.manaus.am.gov.br\/semcom\/treinamento-monitoramento-iluminacao-publica\/\" \/>\n<meta property=\"og:locale\" content=\"pt_BR\" \/>\n<meta property=\"og:type\" content=\"article\" \/>\n<meta property=\"og:title\" content=\"Ilumina\u00e7\u00e3o p\u00fablica: Ageman e UGPM participam de treinamento\" \/>\n<meta property=\"og:description\" content=\"Ageman e UGPM Energia participam de treinamento para aprimorar monitoramento da ilumina\u00e7\u00e3o p\u00fablica em Manaus.\" \/>\n<meta property=\"og:url\" content=\"https:\/\/www.manaus.am.gov.br\/semcom\/treinamento-monitoramento-iluminacao-publica\/\" \/>\n<meta property=\"og:site_name\" content=\"SEMCOM\" \/>\n<meta property=\"article:published_time\" content=\"2026-03-04T19:25:13+00:00\" \/>\n<meta property=\"article:modified_time\" content=\"2026-03-04T19:33:31+00:00\" \/>\n<meta property=\"og:image\" content=\"https:\/\/www.manaus.am.gov.br\/semcom\/wp-content\/uploads\/sites\/5\/2026\/03\/20260303_101835.jpg-1024x577.jpeg\" \/>\n\t<meta property=\"og:image:width\" content=\"1024\" \/>\n\t<meta property=\"og:image:height\" content=\"577\" \/>\n\t<meta property=\"og:image:type\" content=\"image\/jpeg\" \/>\n<meta name=\"author\" content=\"Bruna Greco\" \/>\n<meta name=\"twitter:card\" content=\"summary_large_image\" \/>\n<meta name=\"twitter:label1\" content=\"Written by\" \/>\n\t<meta name=\"twitter:data1\" content=\"Bruna Greco\" \/>\n\t<meta name=\"twitter:label2\" content=\"Est. reading time\" \/>\n\t<meta name=\"twitter:data2\" content=\"2 minutos\" \/>\n<script type=\"application\/ld+json\" class=\"yoast-schema-graph\">{\"@context\":\"https:\/\/schema.org\",\"@graph\":[{\"@type\":\"WebPage\",\"@id\":\"https:\/\/www.manaus.am.gov.br\/semcom\/treinamento-monitoramento-iluminacao-publica\/\",\"url\":\"https:\/\/www.manaus.am.gov.br\/semcom\/treinamento-monitoramento-iluminacao-publica\/\",\"name\":\"Ilumina\u00e7\u00e3o p\u00fablica: Ageman e UGPM participam de treinamento\",\"isPartOf\":{\"@id\":\"https:\/\/www.manaus.am.gov.br\/semcom\/#website\"},\"primaryImageOfPage\":{\"@id\":\"https:\/\/www.manaus.am.gov.br\/semcom\/treinamento-monitoramento-iluminacao-publica\/#primaryimage\"},\"image\":{\"@id\":\"https:\/\/www.manaus.am.gov.br\/semcom\/treinamento-monitoramento-iluminacao-publica\/#primaryimage\"},\"thumbnailUrl\":\"https:\/\/www.manaus.am.gov.br\/semcom\/wp-content\/uploads\/sites\/5\/2026\/03\/20260303_101835.jpg.jpeg\",\"datePublished\":\"2026-03-04T19:25:13+00:00\",\"dateModified\":\"2026-03-04T19:33:31+00:00\",\"author\":{\"@id\":\"https:\/\/www.manaus.am.gov.br\/semcom\/#\/schema\/person\/05d223aea2bf115f9883a6ff3683d81b\"},\"description\":\"Ageman e UGPM Energia participam de treinamento para aprimorar monitoramento da ilumina\u00e7\u00e3o p\u00fablica em Manaus.\",\"inLanguage\":\"pt-BR\",\"potentialAction\":[{\"@type\":\"ReadAction\",\"target\":[\"https:\/\/www.manaus.am.gov.br\/semcom\/treinamento-monitoramento-iluminacao-publica\/\"]}]},{\"@type\":\"ImageObject\",\"inLanguage\":\"pt-BR\",\"@id\":\"https:\/\/www.manaus.am.gov.br\/semcom\/treinamento-monitoramento-iluminacao-publica\/#primaryimage\",\"url\":\"https:\/\/www.manaus.am.gov.br\/semcom\/wp-content\/uploads\/sites\/5\/2026\/03\/20260303_101835.jpg.jpeg\",\"contentUrl\":\"https:\/\/www.manaus.am.gov.br\/semcom\/wp-content\/uploads\/sites\/5\/2026\/03\/20260303_101835.jpg.jpeg\",\"width\":4000,\"height\":2252,\"caption\":\"#paratodosverem - Servidores da Ageman e UGPM Energia participando de treinamento para o monitoramento da ilumina\u00e7\u00e3o p\u00fablica na capital\"},{\"@type\":\"WebSite\",\"@id\":\"https:\/\/www.manaus.am.gov.br\/semcom\/#website\",\"url\":\"https:\/\/www.manaus.am.gov.br\/semcom\/\",\"name\":\"SEMCOM\",\"description\":\"Secretaria Municipal de Comunica\u00e7\u00e3o\",\"potentialAction\":[{\"@type\":\"SearchAction\",\"target\":{\"@type\":\"EntryPoint\",\"urlTemplate\":\"https:\/\/www.manaus.am.gov.br\/semcom\/?s={search_term_string}\"},\"query-input\":\"required name=search_term_string\"}],\"inLanguage\":\"pt-BR\"},{\"@type\":\"Person\",\"@id\":\"https:\/\/www.manaus.am.gov.br\/semcom\/#\/schema\/person\/05d223aea2bf115f9883a6ff3683d81b\",\"name\":\"Bruna Greco\",\"image\":{\"@type\":\"ImageObject\",\"inLanguage\":\"pt-BR\",\"@id\":\"https:\/\/www.manaus.am.gov.br\/semcom\/#\/schema\/person\/image\/\",\"url\":\"https:\/\/secure.gravatar.com\/avatar\/9c877d1a6adc2a055330e5c09a8653ce?s=96&d=mm&r=g\",\"contentUrl\":\"https:\/\/secure.gravatar.com\/avatar\/9c877d1a6adc2a055330e5c09a8653ce?s=96&d=mm&r=g\",\"caption\":\"Bruna Greco\"}}]}<\/script>\n<!-- \/ Yoast SEO plugin. -->","yoast_head_json":{"title":"Ilumina\u00e7\u00e3o p\u00fablica: Ageman e UGPM participam de treinamento","description":"Ageman e UGPM Energia participam de treinamento para aprimorar monitoramento da ilumina\u00e7\u00e3o p\u00fablica em Manaus.","robots":{"index":"index","follow":"follow","max-snippet":"max-snippet:-1","max-image-preview":"max-image-preview:large","max-video-preview":"max-video-preview:-1"},"canonical":"https:\/\/www.manaus.am.gov.br\/semcom\/treinamento-monitoramento-iluminacao-publica\/","og_locale":"pt_BR","og_type":"article","og_title":"Ilumina\u00e7\u00e3o p\u00fablica: Ageman e UGPM participam de treinamento","og_description":"Ageman e UGPM Energia participam de treinamento para aprimorar monitoramento da ilumina\u00e7\u00e3o p\u00fablica em Manaus.","og_url":"https:\/\/www.manaus.am.gov.br\/semcom\/treinamento-monitoramento-iluminacao-publica\/","og_site_name":"SEMCOM","article_published_time":"2026-03-04T19:25:13+00:00","article_modified_time":"2026-03-04T19:33:31+00:00","og_image":[{"width":1024,"height":577,"url":"https:\/\/www.manaus.am.gov.br\/semcom\/wp-content\/uploads\/sites\/5\/2026\/03\/20260303_101835.jpg-1024x577.jpeg","type":"image\/jpeg"}],"author":"Bruna Greco","twitter_card":"summary_large_image","twitter_misc":{"Written by":"Bruna Greco","Est. reading time":"2 minutos"},"schema":{"@context":"https:\/\/schema.org","@graph":[{"@type":"WebPage","@id":"https:\/\/www.manaus.am.gov.br\/semcom\/treinamento-monitoramento-iluminacao-publica\/","url":"https:\/\/www.manaus.am.gov.br\/semcom\/treinamento-monitoramento-iluminacao-publica\/","name":"Ilumina\u00e7\u00e3o p\u00fablica: Ageman e UGPM participam de treinamento","isPartOf":{"@id":"https:\/\/www.manaus.am.gov.br\/semcom\/#website"},"primaryImageOfPage":{"@id":"https:\/\/www.manaus.am.gov.br\/semcom\/treinamento-monitoramento-iluminacao-publica\/#primaryimage"},"image":{"@id":"https:\/\/www.manaus.am.gov.br\/semcom\/treinamento-monitoramento-iluminacao-publica\/#primaryimage"},"thumbnailUrl":"https:\/\/www.manaus.am.gov.br\/semcom\/wp-content\/uploads\/sites\/5\/2026\/03\/20260303_101835.jpg.jpeg","datePublished":"2026-03-04T19:25:13+00:00","dateModified":"2026-03-04T19:33:31+00:00","author":{"@id":"https:\/\/www.manaus.am.gov.br\/semcom\/#\/schema\/person\/05d223aea2bf115f9883a6ff3683d81b"},"description":"Ageman e UGPM Energia participam de treinamento para aprimorar monitoramento da ilumina\u00e7\u00e3o p\u00fablica em Manaus.","inLanguage":"pt-BR","potentialAction":[{"@type":"ReadAction","target":["https:\/\/www.manaus.am.gov.br\/semcom\/treinamento-monitoramento-iluminacao-publica\/"]}]},{"@type":"ImageObject","inLanguage":"pt-BR","@id":"https:\/\/www.manaus.am.gov.br\/semcom\/treinamento-monitoramento-iluminacao-publica\/#primaryimage","url":"https:\/\/www.manaus.am.gov.br\/semcom\/wp-content\/uploads\/sites\/5\/2026\/03\/20260303_101835.jpg.jpeg","contentUrl":"https:\/\/www.manaus.am.gov.br\/semcom\/wp-content\/uploads\/sites\/5\/2026\/03\/20260303_101835.jpg.jpeg","width":4000,"height":2252,"caption":"#paratodosverem - Servidores da Ageman e UGPM Energia participando de treinamento para o monitoramento da ilumina\u00e7\u00e3o p\u00fablica na capital"},{"@type":"WebSite","@id":"https:\/\/www.manaus.am.gov.br\/semcom\/#website","url":"https:\/\/www.manaus.am.gov.br\/semcom\/","name":"SEMCOM","description":"Secretaria Municipal de Comunica\u00e7\u00e3o","potentialAction":[{"@type":"SearchAction","target":{"@type":"EntryPoint","urlTemplate":"https:\/\/www.manaus.am.gov.br\/semcom\/?s={search_term_string}"},"query-input":"required name=search_term_string"}],"inLanguage":"pt-BR"},{"@type":"Person","@id":"https:\/\/www.manaus.am.gov.br\/semcom\/#\/schema\/person\/05d223aea2bf115f9883a6ff3683d81b","name":"Bruna Greco","image":{"@type":"ImageObject","inLanguage":"pt-BR","@id":"https:\/\/www.manaus.am.gov.br\/semcom\/#\/schema\/person\/image\/","url":"https:\/\/secure.gravatar.com\/avatar\/9c877d1a6adc2a055330e5c09a8653ce?s=96&d=mm&r=g","contentUrl":"https:\/\/secure.gravatar.com\/avatar\/9c877d1a6adc2a055330e5c09a8653ce?s=96&d=mm&r=g","caption":"Bruna Greco"}}]}},"_links":{"self":[{"href":"https:\/\/www.manaus.am.gov.br\/semcom\/wp-json\/wp\/v2\/posts\/253875"}],"collection":[{"href":"https:\/\/www.manaus.am.gov.br\/semcom\/wp-json\/wp\/v2\/posts"}],"about":[{"href":"https:\/\/www.manaus.am.gov.br\/semcom\/wp-json\/wp\/v2\/types\/post"}],"author":[{"embeddable":true,"href":"https:\/\/www.manaus.am.gov.br\/semcom\/wp-json\/wp\/v2\/users\/39"}],"replies":[{"embeddable":true,"href":"https:\/\/www.manaus.am.gov.br\/semcom\/wp-json\/wp\/v2\/comments?post=253875"}],"version-history":[{"count":1,"href":"https:\/\/www.manaus.am.gov.br\/semcom\/wp-json\/wp\/v2\/posts\/253875\/revisions"}],"predecessor-version":[{"id":253877,"href":"https:\/\/www.manaus.am.gov.br\/semcom\/wp-json\/wp\/v2\/posts\/253875\/revisions\/253877"}],"wp:featuredmedia":[{"embeddable":true,"href":"https:\/\/www.manaus.am.gov.br\/semcom\/wp-json\/wp\/v2\/media\/253876"}],"wp:attachment":[{"href":"https:\/\/www.manaus.am.gov.br\/semcom\/wp-json\/wp\/v2\/media?parent=253875"}],"wp:term":[{"taxonomy":"category","embeddable":true,"href":"https:\/\/www.manaus.am.gov.br\/semcom\/wp-json\/wp\/v2\/categories?post=253875"},{"taxonomy":"post_tag","embeddable":true,"href":"https:\/\/www.manaus.am.gov.br\/semcom\/wp-json\/wp\/v2\/tags?post=253875"}],"curies":[{"name":"wp","href":"https:\/\/api.w.org\/{rel}","templated":true}]}}