{"id":253825,"date":"2026-03-04T10:42:21","date_gmt":"2026-03-04T13:42:21","guid":{"rendered":"https:\/\/www.manaus.am.gov.br\/semcom\/prefeitura-semef-conselhodoibs\/"},"modified":"2026-03-04T15:29:12","modified_gmt":"2026-03-04T18:29:12","slug":"prefeitura-semef-conselhodoibs","status":"publish","type":"post","link":"https:\/\/www.manaus.am.gov.br\/semcom\/prefeitura-semef-conselhodoibs\/","title":{"rendered":"Primeira reuni\u00e3o do Conselho do IBS consolida participa\u00e7\u00e3o de Manaus na Reforma Tribut\u00e1ria"},"content":{"rendered":"\n<p>A <a href=\"https:\/\/www.manaus.am.gov.br\/\">Prefeitura de Manaus<\/a> foi representada, na ter\u00e7a-feira, 3\/3, em Bras\u00edlia (DF), na 1\u00aa Reuni\u00e3o Ordin\u00e1ria do Conselho Superior do Imposto sobre Bens e Servi\u00e7os (IBS), pelo secret\u00e1rio municipal de Finan\u00e7as, Planejamento e Tecnologia da Informa\u00e7\u00e3o, Cl\u00e9cio Freire, membro titular do colegiado e \u00fanico representante da regi\u00e3o Norte entre os 13 conselheiros titulares.<\/p>\n\n\n\n<p>O encontro reuniu representantes indicados pela Frente Nacional de Prefeitas e Prefeitos (FNP), al\u00e9m de membros dos Estados e munic\u00edpios, marcando o in\u00edcio efetivo dos trabalhos do conselho superior, inst\u00e2ncia respons\u00e1vel por centralizar a arrecada\u00e7\u00e3o&nbsp;do novo imposto&nbsp;e coordenar a distribui\u00e7\u00e3o autom\u00e1tica das receitas entre os entes federativos.<\/p>\n\n\n\n<p>A participa\u00e7\u00e3o de Manaus no colegiado refor\u00e7a o protagonismo da capital amazonense nas discuss\u00f5es sobre a implementa\u00e7\u00e3o da Reforma Tribut\u00e1ria, assegurando que as especificidades da regi\u00e3o Norte estejam presentes nas decis\u00f5es que ir\u00e3o definir os crit\u00e9rios de partilha dos recursos do IBS.<\/p>\n\n\n\n<p>Durante a reuni\u00e3o, foram estabelecidas as diretrizes iniciais de funcionamento do conselho superior, consolidando a estrutura de governan\u00e7a do novo modelo tribut\u00e1rio. Para o secret\u00e1rio da <a href=\"https:\/\/www.instagram.com\/semefmanaus\/\">Semef<\/a>, o momento representa um avan\u00e7o importante para o federalismo brasileiro. \u201cEste \u00e9 um passo decisivo para a consolida\u00e7\u00e3o da Reforma Tribut\u00e1ria. A presen\u00e7a dos munic\u00edpios no Conselho Superior do IBS garante que as realidades locais sejam consideradas na defini\u00e7\u00e3o dos crit\u00e9rios de arrecada\u00e7\u00e3o e distribui\u00e7\u00e3o das receitas\u201d, afirmou.<\/p>\n\n\n\n<p>Cl\u00e9cio Freire destacou ainda a import\u00e2ncia da representatividade regional no processo. \u201cManaus participa como titular e ter\u00e1 atua\u00e7\u00e3o firme na defesa de uma distribui\u00e7\u00e3o justa e equilibrada dos recursos, respeitando as particularidades econ\u00f4micas e sociais dos munic\u00edpios, especialmente da regi\u00e3o Norte\u201d, declarou.<\/p>\n\n\n\n<p>Com assento no conselho superior, Manaus passa a integrar diretamente as decis\u00f5es estrat\u00e9gicas que ir\u00e3o impactar a gest\u00e3o fiscal municipal nos pr\u00f3ximos anos, fortalecendo a presen\u00e7a da regi\u00e3o Norte na nova estrutura tribut\u00e1ria do pa\u00eds.<\/p>\n\n\n\n<p>&#8212; &#8212; &#8212;<\/p>\n\n\n\n<p><strong>Texto<\/strong>&nbsp;\u2013&nbsp;Anderson Farias&nbsp;\/ Semef<\/p>\n\n\n\n<p><strong>Fotos<\/strong>&nbsp;&#8211; Divulga\u00e7\u00e3o<\/p>\n","protected":false},"excerpt":{"rendered":"","protected":false},"author":23,"featured_media":253826,"comment_status":"closed","ping_status":"closed","sticky":false,"template":"","format":"standard","meta":{"footnotes":""},"categories":[2374],"tags":[1544,19609,77,6721,832,157],"acf":[],"yoast_head":"<!-- This site is optimized with the Yoast SEO plugin v23.0 - https:\/\/yoast.com\/wordpress\/plugins\/seo\/ -->\n<title>Primeira reuni\u00e3o do Conselho do IBS consolida participa\u00e7\u00e3o de Manaus na Reforma Tribut\u00e1ria<\/title>\n<meta name=\"description\" content=\"A Prefeitura de Manaus foi representada, na ter\u00e7a-feira, 3\/3, em Bras\u00edlia (DF), na 1\u00aa Reuni\u00e3o Ordin\u00e1ria do Conselho Superior do Imposto sobre Bens e Servi\u00e7os (IBS), pelo secret\u00e1rio municipal de Finan\u00e7as, Planejamento e Tecnologia da Informa\u00e7\u00e3o, Cl\u00e9cio Freire, membro titular do colegiado e \u00fanico representante da regi\u00e3o Norte entre os 13 conselheiros titulares.\" \/>\n<meta name=\"robots\" content=\"index, follow, max-snippet:-1, max-image-preview:large, max-video-preview:-1\" \/>\n<link rel=\"canonical\" href=\"https:\/\/www.manaus.am.gov.br\/semcom\/prefeitura-semef-conselhodoibs\/\" \/>\n<meta property=\"og:locale\" content=\"pt_BR\" \/>\n<meta property=\"og:type\" content=\"article\" \/>\n<meta property=\"og:title\" content=\"Primeira reuni\u00e3o do Conselho do IBS consolida participa\u00e7\u00e3o de Manaus na Reforma Tribut\u00e1ria\" \/>\n<meta property=\"og:description\" content=\"A Prefeitura de Manaus foi representada, na ter\u00e7a-feira, 3\/3, em Bras\u00edlia (DF), na 1\u00aa Reuni\u00e3o Ordin\u00e1ria do Conselho Superior do Imposto sobre Bens e Servi\u00e7os (IBS), pelo secret\u00e1rio municipal de Finan\u00e7as, Planejamento e Tecnologia da Informa\u00e7\u00e3o, Cl\u00e9cio Freire, membro titular do colegiado e \u00fanico representante da regi\u00e3o Norte entre os 13 conselheiros titulares.\" \/>\n<meta property=\"og:url\" content=\"https:\/\/www.manaus.am.gov.br\/semcom\/prefeitura-semef-conselhodoibs\/\" \/>\n<meta property=\"og:site_name\" content=\"SEMCOM\" \/>\n<meta property=\"article:published_time\" content=\"2026-03-04T13:42:21+00:00\" \/>\n<meta property=\"article:modified_time\" content=\"2026-03-04T18:29:12+00:00\" \/>\n<meta property=\"og:image\" content=\"https:\/\/www.manaus.am.gov.br\/semcom\/wp-content\/uploads\/sites\/5\/2026\/03\/3616316bf9087433e85531d71a0fe227_XL.jpg\" \/>\n\t<meta property=\"og:image:width\" content=\"900\" \/>\n\t<meta property=\"og:image:height\" content=\"612\" \/>\n\t<meta property=\"og:image:type\" content=\"image\/jpeg\" \/>\n<meta name=\"author\" content=\"Adriana Costa\" \/>\n<meta name=\"twitter:card\" content=\"summary_large_image\" \/>\n<meta name=\"twitter:label1\" content=\"Written by\" \/>\n\t<meta name=\"twitter:data1\" content=\"Adriana Costa\" \/>\n\t<meta name=\"twitter:label2\" content=\"Est. reading time\" \/>\n\t<meta name=\"twitter:data2\" content=\"2 minutos\" \/>\n<script type=\"application\/ld+json\" class=\"yoast-schema-graph\">{\"@context\":\"https:\/\/schema.org\",\"@graph\":[{\"@type\":\"WebPage\",\"@id\":\"https:\/\/www.manaus.am.gov.br\/semcom\/prefeitura-semef-conselhodoibs\/\",\"url\":\"https:\/\/www.manaus.am.gov.br\/semcom\/prefeitura-semef-conselhodoibs\/\",\"name\":\"Primeira reuni\u00e3o do Conselho do IBS consolida participa\u00e7\u00e3o de Manaus na Reforma Tribut\u00e1ria\",\"isPartOf\":{\"@id\":\"https:\/\/www.manaus.am.gov.br\/semcom\/#website\"},\"primaryImageOfPage\":{\"@id\":\"https:\/\/www.manaus.am.gov.br\/semcom\/prefeitura-semef-conselhodoibs\/#primaryimage\"},\"image\":{\"@id\":\"https:\/\/www.manaus.am.gov.br\/semcom\/prefeitura-semef-conselhodoibs\/#primaryimage\"},\"thumbnailUrl\":\"https:\/\/www.manaus.am.gov.br\/semcom\/wp-content\/uploads\/sites\/5\/2026\/03\/3616316bf9087433e85531d71a0fe227_XL.jpg\",\"datePublished\":\"2026-03-04T13:42:21+00:00\",\"dateModified\":\"2026-03-04T18:29:12+00:00\",\"author\":{\"@id\":\"https:\/\/www.manaus.am.gov.br\/semcom\/#\/schema\/person\/4e49f4e267757a06ca072ec61b2b9968\"},\"description\":\"A Prefeitura de Manaus foi representada, na ter\u00e7a-feira, 3\/3, em Bras\u00edlia (DF), na 1\u00aa Reuni\u00e3o Ordin\u00e1ria do Conselho Superior do Imposto sobre Bens e Servi\u00e7os (IBS), pelo secret\u00e1rio municipal de Finan\u00e7as, Planejamento e Tecnologia da Informa\u00e7\u00e3o, Cl\u00e9cio Freire, membro titular do colegiado e \u00fanico representante da regi\u00e3o Norte entre os 13 conselheiros titulares.\",\"inLanguage\":\"pt-BR\",\"potentialAction\":[{\"@type\":\"ReadAction\",\"target\":[\"https:\/\/www.manaus.am.gov.br\/semcom\/prefeitura-semef-conselhodoibs\/\"]}]},{\"@type\":\"ImageObject\",\"inLanguage\":\"pt-BR\",\"@id\":\"https:\/\/www.manaus.am.gov.br\/semcom\/prefeitura-semef-conselhodoibs\/#primaryimage\",\"url\":\"https:\/\/www.manaus.am.gov.br\/semcom\/wp-content\/uploads\/sites\/5\/2026\/03\/3616316bf9087433e85531d71a0fe227_XL.jpg\",\"contentUrl\":\"https:\/\/www.manaus.am.gov.br\/semcom\/wp-content\/uploads\/sites\/5\/2026\/03\/3616316bf9087433e85531d71a0fe227_XL.jpg\",\"width\":900,\"height\":612,\"caption\":\"#paratodosverem - Reuni\u00e3o do Conselho Superior do IBS, em Bras\u00edlia (DF)\"},{\"@type\":\"WebSite\",\"@id\":\"https:\/\/www.manaus.am.gov.br\/semcom\/#website\",\"url\":\"https:\/\/www.manaus.am.gov.br\/semcom\/\",\"name\":\"SEMCOM\",\"description\":\"Secretaria Municipal de Comunica\u00e7\u00e3o\",\"potentialAction\":[{\"@type\":\"SearchAction\",\"target\":{\"@type\":\"EntryPoint\",\"urlTemplate\":\"https:\/\/www.manaus.am.gov.br\/semcom\/?s={search_term_string}\"},\"query-input\":\"required name=search_term_string\"}],\"inLanguage\":\"pt-BR\"},{\"@type\":\"Person\",\"@id\":\"https:\/\/www.manaus.am.gov.br\/semcom\/#\/schema\/person\/4e49f4e267757a06ca072ec61b2b9968\",\"name\":\"Adriana Costa\",\"image\":{\"@type\":\"ImageObject\",\"inLanguage\":\"pt-BR\",\"@id\":\"https:\/\/www.manaus.am.gov.br\/semcom\/#\/schema\/person\/image\/\",\"url\":\"https:\/\/secure.gravatar.com\/avatar\/576258617ef7194f718179e766d57bd4?s=96&d=mm&r=g\",\"contentUrl\":\"https:\/\/secure.gravatar.com\/avatar\/576258617ef7194f718179e766d57bd4?s=96&d=mm&r=g\",\"caption\":\"Adriana Costa\"}}]}<\/script>\n<!-- \/ Yoast SEO plugin. -->","yoast_head_json":{"title":"Primeira reuni\u00e3o do Conselho do IBS consolida participa\u00e7\u00e3o de Manaus na Reforma Tribut\u00e1ria","description":"A Prefeitura de Manaus foi representada, na ter\u00e7a-feira, 3\/3, em Bras\u00edlia (DF), na 1\u00aa Reuni\u00e3o Ordin\u00e1ria do Conselho Superior do Imposto sobre Bens e Servi\u00e7os (IBS), pelo secret\u00e1rio municipal de Finan\u00e7as, Planejamento e Tecnologia da Informa\u00e7\u00e3o, Cl\u00e9cio Freire, membro titular do colegiado e \u00fanico representante da regi\u00e3o Norte entre os 13 conselheiros titulares.","robots":{"index":"index","follow":"follow","max-snippet":"max-snippet:-1","max-image-preview":"max-image-preview:large","max-video-preview":"max-video-preview:-1"},"canonical":"https:\/\/www.manaus.am.gov.br\/semcom\/prefeitura-semef-conselhodoibs\/","og_locale":"pt_BR","og_type":"article","og_title":"Primeira reuni\u00e3o do Conselho do IBS consolida participa\u00e7\u00e3o de Manaus na Reforma Tribut\u00e1ria","og_description":"A Prefeitura de Manaus foi representada, na ter\u00e7a-feira, 3\/3, em Bras\u00edlia (DF), na 1\u00aa Reuni\u00e3o Ordin\u00e1ria do Conselho Superior do Imposto sobre Bens e Servi\u00e7os (IBS), pelo secret\u00e1rio municipal de Finan\u00e7as, Planejamento e Tecnologia da Informa\u00e7\u00e3o, Cl\u00e9cio Freire, membro titular do colegiado e \u00fanico representante da regi\u00e3o Norte entre os 13 conselheiros titulares.","og_url":"https:\/\/www.manaus.am.gov.br\/semcom\/prefeitura-semef-conselhodoibs\/","og_site_name":"SEMCOM","article_published_time":"2026-03-04T13:42:21+00:00","article_modified_time":"2026-03-04T18:29:12+00:00","og_image":[{"width":900,"height":612,"url":"https:\/\/www.manaus.am.gov.br\/semcom\/wp-content\/uploads\/sites\/5\/2026\/03\/3616316bf9087433e85531d71a0fe227_XL.jpg","type":"image\/jpeg"}],"author":"Adriana Costa","twitter_card":"summary_large_image","twitter_misc":{"Written by":"Adriana Costa","Est. reading time":"2 minutos"},"schema":{"@context":"https:\/\/schema.org","@graph":[{"@type":"WebPage","@id":"https:\/\/www.manaus.am.gov.br\/semcom\/prefeitura-semef-conselhodoibs\/","url":"https:\/\/www.manaus.am.gov.br\/semcom\/prefeitura-semef-conselhodoibs\/","name":"Primeira reuni\u00e3o do Conselho do IBS consolida participa\u00e7\u00e3o de Manaus na Reforma Tribut\u00e1ria","isPartOf":{"@id":"https:\/\/www.manaus.am.gov.br\/semcom\/#website"},"primaryImageOfPage":{"@id":"https:\/\/www.manaus.am.gov.br\/semcom\/prefeitura-semef-conselhodoibs\/#primaryimage"},"image":{"@id":"https:\/\/www.manaus.am.gov.br\/semcom\/prefeitura-semef-conselhodoibs\/#primaryimage"},"thumbnailUrl":"https:\/\/www.manaus.am.gov.br\/semcom\/wp-content\/uploads\/sites\/5\/2026\/03\/3616316bf9087433e85531d71a0fe227_XL.jpg","datePublished":"2026-03-04T13:42:21+00:00","dateModified":"2026-03-04T18:29:12+00:00","author":{"@id":"https:\/\/www.manaus.am.gov.br\/semcom\/#\/schema\/person\/4e49f4e267757a06ca072ec61b2b9968"},"description":"A Prefeitura de Manaus foi representada, na ter\u00e7a-feira, 3\/3, em Bras\u00edlia (DF), na 1\u00aa Reuni\u00e3o Ordin\u00e1ria do Conselho Superior do Imposto sobre Bens e Servi\u00e7os (IBS), pelo secret\u00e1rio municipal de Finan\u00e7as, Planejamento e Tecnologia da Informa\u00e7\u00e3o, Cl\u00e9cio Freire, membro titular do colegiado e \u00fanico representante da regi\u00e3o Norte entre os 13 conselheiros titulares.","inLanguage":"pt-BR","potentialAction":[{"@type":"ReadAction","target":["https:\/\/www.manaus.am.gov.br\/semcom\/prefeitura-semef-conselhodoibs\/"]}]},{"@type":"ImageObject","inLanguage":"pt-BR","@id":"https:\/\/www.manaus.am.gov.br\/semcom\/prefeitura-semef-conselhodoibs\/#primaryimage","url":"https:\/\/www.manaus.am.gov.br\/semcom\/wp-content\/uploads\/sites\/5\/2026\/03\/3616316bf9087433e85531d71a0fe227_XL.jpg","contentUrl":"https:\/\/www.manaus.am.gov.br\/semcom\/wp-content\/uploads\/sites\/5\/2026\/03\/3616316bf9087433e85531d71a0fe227_XL.jpg","width":900,"height":612,"caption":"#paratodosverem - Reuni\u00e3o do Conselho Superior do IBS, em Bras\u00edlia (DF)"},{"@type":"WebSite","@id":"https:\/\/www.manaus.am.gov.br\/semcom\/#website","url":"https:\/\/www.manaus.am.gov.br\/semcom\/","name":"SEMCOM","description":"Secretaria Municipal de Comunica\u00e7\u00e3o","potentialAction":[{"@type":"SearchAction","target":{"@type":"EntryPoint","urlTemplate":"https:\/\/www.manaus.am.gov.br\/semcom\/?s={search_term_string}"},"query-input":"required name=search_term_string"}],"inLanguage":"pt-BR"},{"@type":"Person","@id":"https:\/\/www.manaus.am.gov.br\/semcom\/#\/schema\/person\/4e49f4e267757a06ca072ec61b2b9968","name":"Adriana Costa","image":{"@type":"ImageObject","inLanguage":"pt-BR","@id":"https:\/\/www.manaus.am.gov.br\/semcom\/#\/schema\/person\/image\/","url":"https:\/\/secure.gravatar.com\/avatar\/576258617ef7194f718179e766d57bd4?s=96&d=mm&r=g","contentUrl":"https:\/\/secure.gravatar.com\/avatar\/576258617ef7194f718179e766d57bd4?s=96&d=mm&r=g","caption":"Adriana Costa"}}]}},"_links":{"self":[{"href":"https:\/\/www.manaus.am.gov.br\/semcom\/wp-json\/wp\/v2\/posts\/253825"}],"collection":[{"href":"https:\/\/www.manaus.am.gov.br\/semcom\/wp-json\/wp\/v2\/posts"}],"about":[{"href":"https:\/\/www.manaus.am.gov.br\/semcom\/wp-json\/wp\/v2\/types\/post"}],"author":[{"embeddable":true,"href":"https:\/\/www.manaus.am.gov.br\/semcom\/wp-json\/wp\/v2\/users\/23"}],"replies":[{"embeddable":true,"href":"https:\/\/www.manaus.am.gov.br\/semcom\/wp-json\/wp\/v2\/comments?post=253825"}],"version-history":[{"count":1,"href":"https:\/\/www.manaus.am.gov.br\/semcom\/wp-json\/wp\/v2\/posts\/253825\/revisions"}],"predecessor-version":[{"id":253866,"href":"https:\/\/www.manaus.am.gov.br\/semcom\/wp-json\/wp\/v2\/posts\/253825\/revisions\/253866"}],"wp:featuredmedia":[{"embeddable":true,"href":"https:\/\/www.manaus.am.gov.br\/semcom\/wp-json\/wp\/v2\/media\/253826"}],"wp:attachment":[{"href":"https:\/\/www.manaus.am.gov.br\/semcom\/wp-json\/wp\/v2\/media?parent=253825"}],"wp:term":[{"taxonomy":"category","embeddable":true,"href":"https:\/\/www.manaus.am.gov.br\/semcom\/wp-json\/wp\/v2\/categories?post=253825"},{"taxonomy":"post_tag","embeddable":true,"href":"https:\/\/www.manaus.am.gov.br\/semcom\/wp-json\/wp\/v2\/tags?post=253825"}],"curies":[{"name":"wp","href":"https:\/\/api.w.org\/{rel}","templated":true}]}}