{"id":253823,"date":"2026-03-04T09:40:33","date_gmt":"2026-03-04T12:40:33","guid":{"rendered":"https:\/\/www.manaus.am.gov.br\/semcom\/prefeitura-ageman-agua-conjuntolula\/"},"modified":"2026-03-04T15:25:28","modified_gmt":"2026-03-04T18:25:28","slug":"prefeitura-ageman-agua-conjuntolula","status":"publish","type":"post","link":"https:\/\/www.manaus.am.gov.br\/semcom\/prefeitura-ageman-agua-conjuntolula\/","title":{"rendered":"Ap\u00f3s notifica\u00e7\u00e3o da Ageman, abastecimento de \u00e1gua \u00e9 normalizado no conjunto Lula"},"content":{"rendered":"\n<p>O abastecimento de \u00e1gua para os moradores do conjunto habitacional Cidad\u00e3o 9, mais conhecido como conjunto Lula, na zona Leste de Manaus, j\u00e1 est\u00e1 normalizado. O problema foi resolvido depois que a <a href=\"https:\/\/www.instagram.com\/ageman_manaus\/\">Ag\u00eancia Reguladora dos Servi\u00e7os P\u00fablicos Delegados do Munic\u00edpio de Manaus<\/a> (Ageman) notificou a concession\u00e1ria \u00c1guas de Manaus por problemas de baixa press\u00e3o e na qualidade da \u00e1gua.<\/p>\n\n\n\n<p>Na manh\u00e3 de ter\u00e7a-feira, 3\/3, os t\u00e9cnicos da Ageman retornaram ao residencial e ouviram os usu\u00e1rios, a fim de avaliar a qualidade do servi\u00e7o prestado pela empresa.<\/p>\n\n\n\n<p>Os moradores lembraram que chegaram a ficar at\u00e9 cinco dias com problema de baixa press\u00e3o, principalmente aqueles que residem nas \u00e1reas mais altas.<\/p>\n\n\n\n<p>Alguns moradores optaram por sair de casa e buscar ajuda na resid\u00eancia de familiares em outras \u00e1reas da cidade. \u201cN\u00e3o tinha nem como a gente tomar banho, por isso fomos para casa de parentes. Minha casa \u00e9 de dois pisos e, mesmo com reservat\u00f3rio, a \u00e1gua n\u00e3o chegava l\u00e1 em cima de jeito nenhum\u201d, lembrou a dom\u00e9stica Cleomar do Nascimento Le\u00e3o.<\/p>\n\n\n\n<p>A ocorr\u00eancia come\u00e7ou quando os moradores identificaram que a \u00e1gua que sa\u00eda das torneiras estava turva. \u201cFui lavar a farda dos meus filhos e, quando eu percebi, estavam amareladas\u201d, disse a dom\u00e9stica Cilmara Santos.<\/p>\n\n\n\n<p>A assessora t\u00e9cnica da Diretoria Executiva de Regula\u00e7\u00e3o e Fiscaliza\u00e7\u00e3o dos Servi\u00e7os de Abastecimento de \u00c1gua e Esgotamento Sanit\u00e1rio da Ageman, Thais Carvalho, explicou que o po\u00e7o respons\u00e1vel pelo abastecimento do reservat\u00f3rio que atende a localidade precisou passar por uma manuten\u00e7\u00e3o mec\u00e2nica emergencial, o que acabou comprometendo a distribui\u00e7\u00e3o de \u00e1gua para os im\u00f3veis.<\/p>\n\n\n\n<p>Como forma de garantir a regularidade do abastecimento, a Ageman solicitou o envio de carro-pipa para a localidade e requereu celeridade na manuten\u00e7\u00e3o, a fim de minimizar os impactos para os usu\u00e1rios. Ao tomar conhecimento da notifica\u00e7\u00e3o, a empresa providenciou as medidas necess\u00e1rias.<\/p>\n\n\n\n<p>Durante a conversa com os usu\u00e1rios, a equipe da Ageman atestou a retomada do abastecimento e a melhoria da qualidade da \u00e1gua, uma vez que a manuten\u00e7\u00e3o havia sido conclu\u00edda no \u00faltimo final de semana.<\/p>\n\n\n\n<p>\u201cAgora, a \u00e1gua est\u00e1 bem transparente, cristalina e est\u00e1 tudo normalizado\u201d, afirmou o morador Rodrigo Garcia.<\/p>\n\n\n\n<p>A Ageman informa que problemas envolvendo o abastecimento de \u00e1gua e o esgotamento sanit\u00e1rio devem ser registrados diretamente junto \u00e0 concession\u00e1ria&nbsp; e, em caso de negativa por parte da empresa, o usu\u00e1rio deve acionar a Ouvidoria da Ageman e informar o n\u00famero do protocolo de atendimento por meio do WhatsApp 98842-2919 e 98410-3247, redes sociais e site da Ageman no endere\u00e7o&nbsp;<a href=\"https:\/\/ageman.manaus.am.gov.br\/ouvidoria\/\" target=\"_blank\" rel=\"noreferrer noopener\">https:\/\/ageman.manaus.am.gov.br\/ouvidoria\/<\/a>.<\/p>\n\n\n\n<p><strong>&#8212; &#8212; &#8212;<\/strong><\/p>\n\n\n\n<p><strong>Texto e fotos<\/strong>&nbsp;&#8211; Tereza Te\u00f3filo\/Ageman<\/p>\n","protected":false},"excerpt":{"rendered":"","protected":false},"author":23,"featured_media":253824,"comment_status":"closed","ping_status":"closed","sticky":false,"template":"","format":"standard","meta":{"footnotes":""},"categories":[2807],"tags":[214,215,19608,77,108],"acf":[],"yoast_head":"<!-- This site is optimized with the Yoast SEO plugin v23.0 - https:\/\/yoast.com\/wordpress\/plugins\/seo\/ -->\n<title>Ap\u00f3s notifica\u00e7\u00e3o da Ageman, abastecimento de \u00e1gua \u00e9 normalizado no conjunto Lula<\/title>\n<meta name=\"description\" content=\"O abastecimento de \u00e1gua para os moradores do conjunto habitacional Cidad\u00e3o 9, mais conhecido como conjunto Lula, na zona Leste de Manaus, j\u00e1 est\u00e1 normalizado.\" \/>\n<meta name=\"robots\" content=\"index, follow, max-snippet:-1, max-image-preview:large, max-video-preview:-1\" \/>\n<link rel=\"canonical\" href=\"https:\/\/www.manaus.am.gov.br\/semcom\/prefeitura-ageman-agua-conjuntolula\/\" \/>\n<meta property=\"og:locale\" content=\"pt_BR\" \/>\n<meta property=\"og:type\" content=\"article\" \/>\n<meta property=\"og:title\" content=\"Ap\u00f3s notifica\u00e7\u00e3o da Ageman, abastecimento de \u00e1gua \u00e9 normalizado no conjunto Lula\" \/>\n<meta property=\"og:description\" content=\"O abastecimento de \u00e1gua para os moradores do conjunto habitacional Cidad\u00e3o 9, mais conhecido como conjunto Lula, na zona Leste de Manaus, j\u00e1 est\u00e1 normalizado.\" \/>\n<meta property=\"og:url\" content=\"https:\/\/www.manaus.am.gov.br\/semcom\/prefeitura-ageman-agua-conjuntolula\/\" \/>\n<meta property=\"og:site_name\" content=\"SEMCOM\" \/>\n<meta property=\"article:published_time\" content=\"2026-03-04T12:40:33+00:00\" \/>\n<meta property=\"article:modified_time\" content=\"2026-03-04T18:25:28+00:00\" \/>\n<meta property=\"og:image\" content=\"https:\/\/www.manaus.am.gov.br\/semcom\/wp-content\/uploads\/sites\/5\/2026\/03\/WhatsApp-Image-2026-03-03-at-13.26.15.jpeg\" \/>\n\t<meta property=\"og:image:width\" content=\"1600\" \/>\n\t<meta property=\"og:image:height\" content=\"1200\" \/>\n\t<meta property=\"og:image:type\" content=\"image\/jpeg\" \/>\n<meta name=\"author\" content=\"Adriana Costa\" \/>\n<meta name=\"twitter:card\" content=\"summary_large_image\" \/>\n<meta name=\"twitter:label1\" content=\"Written by\" \/>\n\t<meta name=\"twitter:data1\" content=\"Adriana Costa\" \/>\n\t<meta name=\"twitter:label2\" content=\"Est. reading time\" \/>\n\t<meta name=\"twitter:data2\" content=\"3 minutos\" \/>\n<script type=\"application\/ld+json\" class=\"yoast-schema-graph\">{\"@context\":\"https:\/\/schema.org\",\"@graph\":[{\"@type\":\"WebPage\",\"@id\":\"https:\/\/www.manaus.am.gov.br\/semcom\/prefeitura-ageman-agua-conjuntolula\/\",\"url\":\"https:\/\/www.manaus.am.gov.br\/semcom\/prefeitura-ageman-agua-conjuntolula\/\",\"name\":\"Ap\u00f3s notifica\u00e7\u00e3o da Ageman, abastecimento de \u00e1gua \u00e9 normalizado no conjunto Lula\",\"isPartOf\":{\"@id\":\"https:\/\/www.manaus.am.gov.br\/semcom\/#website\"},\"primaryImageOfPage\":{\"@id\":\"https:\/\/www.manaus.am.gov.br\/semcom\/prefeitura-ageman-agua-conjuntolula\/#primaryimage\"},\"image\":{\"@id\":\"https:\/\/www.manaus.am.gov.br\/semcom\/prefeitura-ageman-agua-conjuntolula\/#primaryimage\"},\"thumbnailUrl\":\"https:\/\/www.manaus.am.gov.br\/semcom\/wp-content\/uploads\/sites\/5\/2026\/03\/WhatsApp-Image-2026-03-03-at-13.26.15.jpeg\",\"datePublished\":\"2026-03-04T12:40:33+00:00\",\"dateModified\":\"2026-03-04T18:25:28+00:00\",\"author\":{\"@id\":\"https:\/\/www.manaus.am.gov.br\/semcom\/#\/schema\/person\/4e49f4e267757a06ca072ec61b2b9968\"},\"description\":\"O abastecimento de \u00e1gua para os moradores do conjunto habitacional Cidad\u00e3o 9, mais conhecido como conjunto Lula, na zona Leste de Manaus, j\u00e1 est\u00e1 normalizado.\",\"inLanguage\":\"pt-BR\",\"potentialAction\":[{\"@type\":\"ReadAction\",\"target\":[\"https:\/\/www.manaus.am.gov.br\/semcom\/prefeitura-ageman-agua-conjuntolula\/\"]}]},{\"@type\":\"ImageObject\",\"inLanguage\":\"pt-BR\",\"@id\":\"https:\/\/www.manaus.am.gov.br\/semcom\/prefeitura-ageman-agua-conjuntolula\/#primaryimage\",\"url\":\"https:\/\/www.manaus.am.gov.br\/semcom\/wp-content\/uploads\/sites\/5\/2026\/03\/WhatsApp-Image-2026-03-03-at-13.26.15.jpeg\",\"contentUrl\":\"https:\/\/www.manaus.am.gov.br\/semcom\/wp-content\/uploads\/sites\/5\/2026\/03\/WhatsApp-Image-2026-03-03-at-13.26.15.jpeg\",\"width\":1600,\"height\":1200,\"caption\":\"#paratodosverem - T\u00e9cnicos da Ageman avaliam a qualidade da \u00e1gua em recipiente transparente, em frente a uma resid\u00eancia no conjunto Lula\"},{\"@type\":\"WebSite\",\"@id\":\"https:\/\/www.manaus.am.gov.br\/semcom\/#website\",\"url\":\"https:\/\/www.manaus.am.gov.br\/semcom\/\",\"name\":\"SEMCOM\",\"description\":\"Secretaria Municipal de Comunica\u00e7\u00e3o\",\"potentialAction\":[{\"@type\":\"SearchAction\",\"target\":{\"@type\":\"EntryPoint\",\"urlTemplate\":\"https:\/\/www.manaus.am.gov.br\/semcom\/?s={search_term_string}\"},\"query-input\":\"required name=search_term_string\"}],\"inLanguage\":\"pt-BR\"},{\"@type\":\"Person\",\"@id\":\"https:\/\/www.manaus.am.gov.br\/semcom\/#\/schema\/person\/4e49f4e267757a06ca072ec61b2b9968\",\"name\":\"Adriana Costa\",\"image\":{\"@type\":\"ImageObject\",\"inLanguage\":\"pt-BR\",\"@id\":\"https:\/\/www.manaus.am.gov.br\/semcom\/#\/schema\/person\/image\/\",\"url\":\"https:\/\/secure.gravatar.com\/avatar\/576258617ef7194f718179e766d57bd4?s=96&d=mm&r=g\",\"contentUrl\":\"https:\/\/secure.gravatar.com\/avatar\/576258617ef7194f718179e766d57bd4?s=96&d=mm&r=g\",\"caption\":\"Adriana Costa\"}}]}<\/script>\n<!-- \/ Yoast SEO plugin. -->","yoast_head_json":{"title":"Ap\u00f3s notifica\u00e7\u00e3o da Ageman, abastecimento de \u00e1gua \u00e9 normalizado no conjunto Lula","description":"O abastecimento de \u00e1gua para os moradores do conjunto habitacional Cidad\u00e3o 9, mais conhecido como conjunto Lula, na zona Leste de Manaus, j\u00e1 est\u00e1 normalizado.","robots":{"index":"index","follow":"follow","max-snippet":"max-snippet:-1","max-image-preview":"max-image-preview:large","max-video-preview":"max-video-preview:-1"},"canonical":"https:\/\/www.manaus.am.gov.br\/semcom\/prefeitura-ageman-agua-conjuntolula\/","og_locale":"pt_BR","og_type":"article","og_title":"Ap\u00f3s notifica\u00e7\u00e3o da Ageman, abastecimento de \u00e1gua \u00e9 normalizado no conjunto Lula","og_description":"O abastecimento de \u00e1gua para os moradores do conjunto habitacional Cidad\u00e3o 9, mais conhecido como conjunto Lula, na zona Leste de Manaus, j\u00e1 est\u00e1 normalizado.","og_url":"https:\/\/www.manaus.am.gov.br\/semcom\/prefeitura-ageman-agua-conjuntolula\/","og_site_name":"SEMCOM","article_published_time":"2026-03-04T12:40:33+00:00","article_modified_time":"2026-03-04T18:25:28+00:00","og_image":[{"width":1600,"height":1200,"url":"https:\/\/www.manaus.am.gov.br\/semcom\/wp-content\/uploads\/sites\/5\/2026\/03\/WhatsApp-Image-2026-03-03-at-13.26.15.jpeg","type":"image\/jpeg"}],"author":"Adriana Costa","twitter_card":"summary_large_image","twitter_misc":{"Written by":"Adriana Costa","Est. reading time":"3 minutos"},"schema":{"@context":"https:\/\/schema.org","@graph":[{"@type":"WebPage","@id":"https:\/\/www.manaus.am.gov.br\/semcom\/prefeitura-ageman-agua-conjuntolula\/","url":"https:\/\/www.manaus.am.gov.br\/semcom\/prefeitura-ageman-agua-conjuntolula\/","name":"Ap\u00f3s notifica\u00e7\u00e3o da Ageman, abastecimento de \u00e1gua \u00e9 normalizado no conjunto Lula","isPartOf":{"@id":"https:\/\/www.manaus.am.gov.br\/semcom\/#website"},"primaryImageOfPage":{"@id":"https:\/\/www.manaus.am.gov.br\/semcom\/prefeitura-ageman-agua-conjuntolula\/#primaryimage"},"image":{"@id":"https:\/\/www.manaus.am.gov.br\/semcom\/prefeitura-ageman-agua-conjuntolula\/#primaryimage"},"thumbnailUrl":"https:\/\/www.manaus.am.gov.br\/semcom\/wp-content\/uploads\/sites\/5\/2026\/03\/WhatsApp-Image-2026-03-03-at-13.26.15.jpeg","datePublished":"2026-03-04T12:40:33+00:00","dateModified":"2026-03-04T18:25:28+00:00","author":{"@id":"https:\/\/www.manaus.am.gov.br\/semcom\/#\/schema\/person\/4e49f4e267757a06ca072ec61b2b9968"},"description":"O abastecimento de \u00e1gua para os moradores do conjunto habitacional Cidad\u00e3o 9, mais conhecido como conjunto Lula, na zona Leste de Manaus, j\u00e1 est\u00e1 normalizado.","inLanguage":"pt-BR","potentialAction":[{"@type":"ReadAction","target":["https:\/\/www.manaus.am.gov.br\/semcom\/prefeitura-ageman-agua-conjuntolula\/"]}]},{"@type":"ImageObject","inLanguage":"pt-BR","@id":"https:\/\/www.manaus.am.gov.br\/semcom\/prefeitura-ageman-agua-conjuntolula\/#primaryimage","url":"https:\/\/www.manaus.am.gov.br\/semcom\/wp-content\/uploads\/sites\/5\/2026\/03\/WhatsApp-Image-2026-03-03-at-13.26.15.jpeg","contentUrl":"https:\/\/www.manaus.am.gov.br\/semcom\/wp-content\/uploads\/sites\/5\/2026\/03\/WhatsApp-Image-2026-03-03-at-13.26.15.jpeg","width":1600,"height":1200,"caption":"#paratodosverem - T\u00e9cnicos da Ageman avaliam a qualidade da \u00e1gua em recipiente transparente, em frente a uma resid\u00eancia no conjunto Lula"},{"@type":"WebSite","@id":"https:\/\/www.manaus.am.gov.br\/semcom\/#website","url":"https:\/\/www.manaus.am.gov.br\/semcom\/","name":"SEMCOM","description":"Secretaria Municipal de Comunica\u00e7\u00e3o","potentialAction":[{"@type":"SearchAction","target":{"@type":"EntryPoint","urlTemplate":"https:\/\/www.manaus.am.gov.br\/semcom\/?s={search_term_string}"},"query-input":"required name=search_term_string"}],"inLanguage":"pt-BR"},{"@type":"Person","@id":"https:\/\/www.manaus.am.gov.br\/semcom\/#\/schema\/person\/4e49f4e267757a06ca072ec61b2b9968","name":"Adriana Costa","image":{"@type":"ImageObject","inLanguage":"pt-BR","@id":"https:\/\/www.manaus.am.gov.br\/semcom\/#\/schema\/person\/image\/","url":"https:\/\/secure.gravatar.com\/avatar\/576258617ef7194f718179e766d57bd4?s=96&d=mm&r=g","contentUrl":"https:\/\/secure.gravatar.com\/avatar\/576258617ef7194f718179e766d57bd4?s=96&d=mm&r=g","caption":"Adriana Costa"}}]}},"_links":{"self":[{"href":"https:\/\/www.manaus.am.gov.br\/semcom\/wp-json\/wp\/v2\/posts\/253823"}],"collection":[{"href":"https:\/\/www.manaus.am.gov.br\/semcom\/wp-json\/wp\/v2\/posts"}],"about":[{"href":"https:\/\/www.manaus.am.gov.br\/semcom\/wp-json\/wp\/v2\/types\/post"}],"author":[{"embeddable":true,"href":"https:\/\/www.manaus.am.gov.br\/semcom\/wp-json\/wp\/v2\/users\/23"}],"replies":[{"embeddable":true,"href":"https:\/\/www.manaus.am.gov.br\/semcom\/wp-json\/wp\/v2\/comments?post=253823"}],"version-history":[{"count":1,"href":"https:\/\/www.manaus.am.gov.br\/semcom\/wp-json\/wp\/v2\/posts\/253823\/revisions"}],"predecessor-version":[{"id":253865,"href":"https:\/\/www.manaus.am.gov.br\/semcom\/wp-json\/wp\/v2\/posts\/253823\/revisions\/253865"}],"wp:featuredmedia":[{"embeddable":true,"href":"https:\/\/www.manaus.am.gov.br\/semcom\/wp-json\/wp\/v2\/media\/253824"}],"wp:attachment":[{"href":"https:\/\/www.manaus.am.gov.br\/semcom\/wp-json\/wp\/v2\/media?parent=253823"}],"wp:term":[{"taxonomy":"category","embeddable":true,"href":"https:\/\/www.manaus.am.gov.br\/semcom\/wp-json\/wp\/v2\/categories?post=253823"},{"taxonomy":"post_tag","embeddable":true,"href":"https:\/\/www.manaus.am.gov.br\/semcom\/wp-json\/wp\/v2\/tags?post=253823"}],"curies":[{"name":"wp","href":"https:\/\/api.w.org\/{rel}","templated":true}]}}