{"id":253780,"date":"2026-03-02T19:54:27","date_gmt":"2026-03-02T22:54:27","guid":{"rendered":"https:\/\/www.manaus.am.gov.br\/semcom\/divulga-lista-ciudador\/"},"modified":"2026-03-03T17:03:22","modified_gmt":"2026-03-03T20:03:22","slug":"divulga-lista-ciudador","status":"publish","type":"post","link":"https:\/\/www.manaus.am.gov.br\/semcom\/divulga-lista-ciudador\/","title":{"rendered":"Prefeitura de Manaus divulga lista de classificados para curso profissional de Cuidador da Pessoa Idosa"},"content":{"rendered":"\n<p>A <a href=\"https:\/\/www.instagram.com\/prefeiturademanaus\/\">Prefeitura de Manaus,<\/a> por meio da Funda\u00e7\u00e3o de Apoio ao Idoso Dr. Thomas<a href=\"https:\/\/www.manaus.am.gov.br\/\"> (FDT<\/a>), divulgou nesta segunda-feira, 2\/3, a lista dos candidatos classificados para o curso profissional de Cuidador da Pessoa Idosa, que ser\u00e1 realizado no primeiro semestre deste ano.<\/p>\n\n\n\n<p>A iniciativa acontece em parceria com a Escola de Servi\u00e7o P\u00fablico Municipal e Inclus\u00e3o Socioeducacional (Espi), vinculada \u00e0 Secretaria Municipal de Administra\u00e7\u00e3o e Gest\u00e3o (Semad), e faz parte das a\u00e7\u00f5es da gest\u00e3o municipal voltadas \u00e0 promo\u00e7\u00e3o do envelhecimento digno, ativo e seguro na capital amazonense.<\/p>\n\n\n\n<p>A lista completa dos convocados est\u00e1 dispon\u00edvel no site oficial da FDT (www.manaus.am.gov.br\/fdt).<\/p>\n\n\n\n<p>Ao todo, ser\u00e3o oferecidas 80 vagas, sendo 40 para o turno matutino e 40 para o turno vespertino. Os candidatos classificados devem ficar atentos aos prazos de matr\u00edcula e cadastro, conforme estabelecido no edital.<\/p>\n\n\n\n<p>Para efetivar a matr\u00edcula, \u00e9 necess\u00e1rio enviar uma foto nos formatos JPG ou PNG para o e-mail informado no edital e realizar o cadastramento no portal da Espi. A aula inaugural est\u00e1 prevista para o dia 16\/04.<\/p>\n\n\n\n<p>O diretor-presidente da Funda\u00e7\u00e3o Dr. Thomas, Eduardo Lucas, ressaltou que o curso \u00e9 uma a\u00e7\u00e3o fundamental para cuidar melhor das pessoas idosas de Manaus e, ao mesmo tempo, gerar novas oportunidades para quem busca qualifica\u00e7\u00e3o profissional.<\/p>\n\n\n\n<p>\u201cEstamos preparando Manaus para uma realidade que j\u00e1 \u00e9 concreta: o crescimento da popula\u00e7\u00e3o idosa. Investir na forma\u00e7\u00e3o de cuidadores \u00e9 fortalecer a rede de prote\u00e7\u00e3o social, garantir atendimento mais qualificado e humanizado e ampliar as oportunidades de gera\u00e7\u00e3o de renda. \u00c9 uma a\u00e7\u00e3o que une responsabilidade social, planejamento e compromisso com o futuro da nossa cidade\u201d, afirmou o presidente.<\/p>\n\n\n\n<p>O curso j\u00e1 formou mais de 1.300 cuidadores, muitos deles atualmente inseridos no mercado de trabalho, contribuindo diretamente para a melhoria da qualidade de vida da popula\u00e7\u00e3o idosa e fortalecendo a rede de aten\u00e7\u00e3o e prote\u00e7\u00e3o social do munic\u00edpio.<\/p>\n\n\n\n<p>Para mais informa\u00e7\u00f5es, os classificados podem entrar em contato com o N\u00facleo de Estudos e Pesquisas sobre o Envelhecimento em Manaus (Nepem) pelos telefones (92) 3215-6007 e (92) 98844-5609, ou pelo e-mail <a href=\"mailto:nepem.fdt@manaus.am.gov.br\">nepem.fdt@manaus.am.gov.br<\/a>.<\/p>\n\n\n\n<p>&#8212; &#8212; &#8212;<\/p>\n\n\n\n<p><strong>Texto<\/strong> &#8211; F\u00e1bio Sim\u00f5es \/ FDT<\/p>\n\n\n\n<p><strong>Fotos<\/strong> \u2013 Divulga\u00e7\u00e3o \/ FDT<\/p>\n","protected":false},"excerpt":{"rendered":"","protected":false},"author":61,"featured_media":253781,"comment_status":"closed","ping_status":"closed","sticky":false,"template":"","format":"standard","meta":{"footnotes":""},"categories":[779],"tags":[19604,7191,13225,1026,513],"acf":[],"yoast_head":"<!-- This site is optimized with the Yoast SEO plugin v23.0 - https:\/\/yoast.com\/wordpress\/plugins\/seo\/ -->\n<title>PMM divulga classificados para Cuidador da Pessoa Idosa<\/title>\n<meta name=\"description\" content=\"A Prefeitura de Manaus, divulga a lista dos candidatos classificados para o curso profissional de Cuidador da Pessoa Idosa.\" \/>\n<meta name=\"robots\" content=\"index, follow, max-snippet:-1, max-image-preview:large, max-video-preview:-1\" \/>\n<link rel=\"canonical\" href=\"https:\/\/www.manaus.am.gov.br\/semcom\/divulga-lista-ciudador\/\" \/>\n<meta property=\"og:locale\" content=\"pt_BR\" \/>\n<meta property=\"og:type\" content=\"article\" \/>\n<meta property=\"og:title\" content=\"PMM divulga classificados para Cuidador da Pessoa Idosa\" \/>\n<meta property=\"og:description\" content=\"A Prefeitura de Manaus, divulga a lista dos candidatos classificados para o curso profissional de Cuidador da Pessoa Idosa.\" \/>\n<meta property=\"og:url\" content=\"https:\/\/www.manaus.am.gov.br\/semcom\/divulga-lista-ciudador\/\" \/>\n<meta property=\"og:site_name\" content=\"SEMCOM\" \/>\n<meta property=\"article:published_time\" content=\"2026-03-02T22:54:27+00:00\" \/>\n<meta property=\"article:modified_time\" content=\"2026-03-03T20:03:22+00:00\" \/>\n<meta property=\"og:image\" content=\"https:\/\/www.manaus.am.gov.br\/semcom\/wp-content\/uploads\/sites\/5\/2026\/03\/Divulga-lista.jpeg\" \/>\n\t<meta property=\"og:image:width\" content=\"1600\" \/>\n\t<meta property=\"og:image:height\" content=\"1200\" \/>\n\t<meta property=\"og:image:type\" content=\"image\/jpeg\" \/>\n<meta name=\"author\" content=\"smonteiro\" \/>\n<meta name=\"twitter:card\" content=\"summary_large_image\" \/>\n<meta name=\"twitter:label1\" content=\"Written by\" \/>\n\t<meta name=\"twitter:data1\" content=\"smonteiro\" \/>\n\t<meta name=\"twitter:label2\" content=\"Est. reading time\" \/>\n\t<meta name=\"twitter:data2\" content=\"3 minutos\" \/>\n<script type=\"application\/ld+json\" class=\"yoast-schema-graph\">{\"@context\":\"https:\/\/schema.org\",\"@graph\":[{\"@type\":\"WebPage\",\"@id\":\"https:\/\/www.manaus.am.gov.br\/semcom\/divulga-lista-ciudador\/\",\"url\":\"https:\/\/www.manaus.am.gov.br\/semcom\/divulga-lista-ciudador\/\",\"name\":\"PMM divulga classificados para Cuidador da Pessoa Idosa\",\"isPartOf\":{\"@id\":\"https:\/\/www.manaus.am.gov.br\/semcom\/#website\"},\"primaryImageOfPage\":{\"@id\":\"https:\/\/www.manaus.am.gov.br\/semcom\/divulga-lista-ciudador\/#primaryimage\"},\"image\":{\"@id\":\"https:\/\/www.manaus.am.gov.br\/semcom\/divulga-lista-ciudador\/#primaryimage\"},\"thumbnailUrl\":\"https:\/\/www.manaus.am.gov.br\/semcom\/wp-content\/uploads\/sites\/5\/2026\/03\/Divulga-lista.jpeg\",\"datePublished\":\"2026-03-02T22:54:27+00:00\",\"dateModified\":\"2026-03-03T20:03:22+00:00\",\"author\":{\"@id\":\"https:\/\/www.manaus.am.gov.br\/semcom\/#\/schema\/person\/ab4dcf766a54dff74e8d267f5c591961\"},\"description\":\"A Prefeitura de Manaus, divulga a lista dos candidatos classificados para o curso profissional de Cuidador da Pessoa Idosa.\",\"inLanguage\":\"pt-BR\",\"potentialAction\":[{\"@type\":\"ReadAction\",\"target\":[\"https:\/\/www.manaus.am.gov.br\/semcom\/divulga-lista-ciudador\/\"]}]},{\"@type\":\"ImageObject\",\"inLanguage\":\"pt-BR\",\"@id\":\"https:\/\/www.manaus.am.gov.br\/semcom\/divulga-lista-ciudador\/#primaryimage\",\"url\":\"https:\/\/www.manaus.am.gov.br\/semcom\/wp-content\/uploads\/sites\/5\/2026\/03\/Divulga-lista.jpeg\",\"contentUrl\":\"https:\/\/www.manaus.am.gov.br\/semcom\/wp-content\/uploads\/sites\/5\/2026\/03\/Divulga-lista.jpeg\",\"width\":1600,\"height\":1200,\"caption\":\"#paratodosverem - mo\u00e7a, em frente a um computador, consulta o resultado da sele\u00e7\u00e3o\"},{\"@type\":\"WebSite\",\"@id\":\"https:\/\/www.manaus.am.gov.br\/semcom\/#website\",\"url\":\"https:\/\/www.manaus.am.gov.br\/semcom\/\",\"name\":\"SEMCOM\",\"description\":\"Secretaria Municipal de Comunica\u00e7\u00e3o\",\"potentialAction\":[{\"@type\":\"SearchAction\",\"target\":{\"@type\":\"EntryPoint\",\"urlTemplate\":\"https:\/\/www.manaus.am.gov.br\/semcom\/?s={search_term_string}\"},\"query-input\":\"required name=search_term_string\"}],\"inLanguage\":\"pt-BR\"},{\"@type\":\"Person\",\"@id\":\"https:\/\/www.manaus.am.gov.br\/semcom\/#\/schema\/person\/ab4dcf766a54dff74e8d267f5c591961\",\"name\":\"smonteiro\",\"image\":{\"@type\":\"ImageObject\",\"inLanguage\":\"pt-BR\",\"@id\":\"https:\/\/www.manaus.am.gov.br\/semcom\/#\/schema\/person\/image\/\",\"url\":\"https:\/\/secure.gravatar.com\/avatar\/21c8776ef61d9272c73322052e042d77?s=96&d=mm&r=g\",\"contentUrl\":\"https:\/\/secure.gravatar.com\/avatar\/21c8776ef61d9272c73322052e042d77?s=96&d=mm&r=g\",\"caption\":\"smonteiro\"}}]}<\/script>\n<!-- \/ Yoast SEO plugin. -->","yoast_head_json":{"title":"PMM divulga classificados para Cuidador da Pessoa Idosa","description":"A Prefeitura de Manaus, divulga a lista dos candidatos classificados para o curso profissional de Cuidador da Pessoa Idosa.","robots":{"index":"index","follow":"follow","max-snippet":"max-snippet:-1","max-image-preview":"max-image-preview:large","max-video-preview":"max-video-preview:-1"},"canonical":"https:\/\/www.manaus.am.gov.br\/semcom\/divulga-lista-ciudador\/","og_locale":"pt_BR","og_type":"article","og_title":"PMM divulga classificados para Cuidador da Pessoa Idosa","og_description":"A Prefeitura de Manaus, divulga a lista dos candidatos classificados para o curso profissional de Cuidador da Pessoa Idosa.","og_url":"https:\/\/www.manaus.am.gov.br\/semcom\/divulga-lista-ciudador\/","og_site_name":"SEMCOM","article_published_time":"2026-03-02T22:54:27+00:00","article_modified_time":"2026-03-03T20:03:22+00:00","og_image":[{"width":1600,"height":1200,"url":"https:\/\/www.manaus.am.gov.br\/semcom\/wp-content\/uploads\/sites\/5\/2026\/03\/Divulga-lista.jpeg","type":"image\/jpeg"}],"author":"smonteiro","twitter_card":"summary_large_image","twitter_misc":{"Written by":"smonteiro","Est. reading time":"3 minutos"},"schema":{"@context":"https:\/\/schema.org","@graph":[{"@type":"WebPage","@id":"https:\/\/www.manaus.am.gov.br\/semcom\/divulga-lista-ciudador\/","url":"https:\/\/www.manaus.am.gov.br\/semcom\/divulga-lista-ciudador\/","name":"PMM divulga classificados para Cuidador da Pessoa Idosa","isPartOf":{"@id":"https:\/\/www.manaus.am.gov.br\/semcom\/#website"},"primaryImageOfPage":{"@id":"https:\/\/www.manaus.am.gov.br\/semcom\/divulga-lista-ciudador\/#primaryimage"},"image":{"@id":"https:\/\/www.manaus.am.gov.br\/semcom\/divulga-lista-ciudador\/#primaryimage"},"thumbnailUrl":"https:\/\/www.manaus.am.gov.br\/semcom\/wp-content\/uploads\/sites\/5\/2026\/03\/Divulga-lista.jpeg","datePublished":"2026-03-02T22:54:27+00:00","dateModified":"2026-03-03T20:03:22+00:00","author":{"@id":"https:\/\/www.manaus.am.gov.br\/semcom\/#\/schema\/person\/ab4dcf766a54dff74e8d267f5c591961"},"description":"A Prefeitura de Manaus, divulga a lista dos candidatos classificados para o curso profissional de Cuidador da Pessoa Idosa.","inLanguage":"pt-BR","potentialAction":[{"@type":"ReadAction","target":["https:\/\/www.manaus.am.gov.br\/semcom\/divulga-lista-ciudador\/"]}]},{"@type":"ImageObject","inLanguage":"pt-BR","@id":"https:\/\/www.manaus.am.gov.br\/semcom\/divulga-lista-ciudador\/#primaryimage","url":"https:\/\/www.manaus.am.gov.br\/semcom\/wp-content\/uploads\/sites\/5\/2026\/03\/Divulga-lista.jpeg","contentUrl":"https:\/\/www.manaus.am.gov.br\/semcom\/wp-content\/uploads\/sites\/5\/2026\/03\/Divulga-lista.jpeg","width":1600,"height":1200,"caption":"#paratodosverem - mo\u00e7a, em frente a um computador, consulta o resultado da sele\u00e7\u00e3o"},{"@type":"WebSite","@id":"https:\/\/www.manaus.am.gov.br\/semcom\/#website","url":"https:\/\/www.manaus.am.gov.br\/semcom\/","name":"SEMCOM","description":"Secretaria Municipal de Comunica\u00e7\u00e3o","potentialAction":[{"@type":"SearchAction","target":{"@type":"EntryPoint","urlTemplate":"https:\/\/www.manaus.am.gov.br\/semcom\/?s={search_term_string}"},"query-input":"required name=search_term_string"}],"inLanguage":"pt-BR"},{"@type":"Person","@id":"https:\/\/www.manaus.am.gov.br\/semcom\/#\/schema\/person\/ab4dcf766a54dff74e8d267f5c591961","name":"smonteiro","image":{"@type":"ImageObject","inLanguage":"pt-BR","@id":"https:\/\/www.manaus.am.gov.br\/semcom\/#\/schema\/person\/image\/","url":"https:\/\/secure.gravatar.com\/avatar\/21c8776ef61d9272c73322052e042d77?s=96&d=mm&r=g","contentUrl":"https:\/\/secure.gravatar.com\/avatar\/21c8776ef61d9272c73322052e042d77?s=96&d=mm&r=g","caption":"smonteiro"}}]}},"_links":{"self":[{"href":"https:\/\/www.manaus.am.gov.br\/semcom\/wp-json\/wp\/v2\/posts\/253780"}],"collection":[{"href":"https:\/\/www.manaus.am.gov.br\/semcom\/wp-json\/wp\/v2\/posts"}],"about":[{"href":"https:\/\/www.manaus.am.gov.br\/semcom\/wp-json\/wp\/v2\/types\/post"}],"author":[{"embeddable":true,"href":"https:\/\/www.manaus.am.gov.br\/semcom\/wp-json\/wp\/v2\/users\/61"}],"replies":[{"embeddable":true,"href":"https:\/\/www.manaus.am.gov.br\/semcom\/wp-json\/wp\/v2\/comments?post=253780"}],"version-history":[{"count":0,"href":"https:\/\/www.manaus.am.gov.br\/semcom\/wp-json\/wp\/v2\/posts\/253780\/revisions"}],"wp:featuredmedia":[{"embeddable":true,"href":"https:\/\/www.manaus.am.gov.br\/semcom\/wp-json\/wp\/v2\/media\/253781"}],"wp:attachment":[{"href":"https:\/\/www.manaus.am.gov.br\/semcom\/wp-json\/wp\/v2\/media?parent=253780"}],"wp:term":[{"taxonomy":"category","embeddable":true,"href":"https:\/\/www.manaus.am.gov.br\/semcom\/wp-json\/wp\/v2\/categories?post=253780"},{"taxonomy":"post_tag","embeddable":true,"href":"https:\/\/www.manaus.am.gov.br\/semcom\/wp-json\/wp\/v2\/tags?post=253780"}],"curies":[{"name":"wp","href":"https:\/\/api.w.org\/{rel}","templated":true}]}}