{"id":253779,"date":"2026-03-03T16:27:30","date_gmt":"2026-03-03T19:27:30","guid":{"rendered":"https:\/\/www.manaus.am.gov.br\/semcom\/resultado-preliminar-premios-literarios\/"},"modified":"2026-03-03T17:02:41","modified_gmt":"2026-03-03T20:02:41","slug":"resultado-preliminar-premios-literarios","status":"publish","type":"post","link":"https:\/\/www.manaus.am.gov.br\/semcom\/resultado-preliminar-premios-literarios\/","title":{"rendered":"Prefeitura divulga resultado preliminar dos Pr\u00eamios Liter\u00e1rios Cidade de Manaus 2025"},"content":{"rendered":"\n<p>A Prefeitura de Manaus, por meio do Conselho Municipal de Cultura (Concultura), informa que resultado do Edital n\u00ba 001\/2025 \u2013 Pr\u00eamios Liter\u00e1rios Cidade de Manaus, est\u00e1 dispon\u00edvel no DOM de 2\/3\/26, com Portaria N\u00ba 014\/2026 \u2013 FMC\/Concultura, na plataforma Porta da Cultura Manaus e nas m\u00eddias sociais do Concultura.<\/p>\n\n\n\n<p>O concurso premiou obras liter\u00e1rias in\u00e9ditas, em l\u00edngua portuguesa, de autores brasileiros residentes no Estado do Amazonas. A iniciativa \u00e9 promovida pela Prefeitura de Manaus, por meio do Concultura, com recursos do Fundo Municipal de Cultura.<\/p>\n\n\n\n<p>O prazo para envio de recursos \u00e9 de 10 (dez) dias ap\u00f3s a publica\u00e7\u00e3o do resultado (3\/3). A contesta\u00e7\u00e3o deve ser encaminhada para o e-mail premioliterariomanaus@gmail.com. Ap\u00f3s o prazo de recebimento dos recursos administrativos, o resultado final ser\u00e1 publicado no dia 12\/3.<\/p>\n\n\n\n<p>Ao todo, o 14\u00ba Pr\u00eamios Liter\u00e1rios Cidade de Manaus 2025 premiou dez modalidades contemplativas, nas seguintes categorias: \u00c1lvaro Maia \u2013 romance ou novela; Arthur Engr\u00e1cio \u2013 livro de contos; P\u00e9ricles Moraes \u2013 livro de cr\u00f4nicas; Violeta Branca Menescal \u2013 livro de poesia; Samuel Benchimol \u2013 livro de ensaios; \u00c1ureo Nonato \u2013 livro de mem\u00f3ria e\/ou jornalismo liter\u00e1rio; Alfredo Fernandes \u2013 literatura infantojuvenil; \u00c1lvaro Braga \u2013 livro de teatro; M\u00e1rio Ypiranga Monteiro \u2013 ensaio sobre tradi\u00e7\u00f5es populares e Djalma Batista \u2013 obra de tem\u00e1tica amaz\u00f4nica.<\/p>\n\n\n\n<p>Eventuais atualiza\u00e7\u00f5es ou retifica\u00e7\u00f5es ser\u00e3o publicadas no site oficial do Concultura e no Di\u00e1rio Oficial do Munic\u00edpio de Manaus.<\/p>\n\n\n\n<p>&#8212; &#8212; &#8212;<\/p>\n\n\n\n<p><strong>Texto<\/strong> \u2013 Saleyna Borges\/Concultura<\/p>\n","protected":false},"excerpt":{"rendered":"","protected":false},"author":61,"featured_media":238167,"comment_status":"closed","ping_status":"closed","sticky":false,"template":"","format":"standard","meta":{"footnotes":""},"categories":[9365],"tags":[695,513,19603],"acf":[],"yoast_head":"<!-- This site is optimized with the Yoast SEO plugin v23.0 - https:\/\/yoast.com\/wordpress\/plugins\/seo\/ -->\n<title>Prefeitura divulga resultado preliminar dos Pr\u00eamios Liter\u00e1rios Cidade de Manaus 2025<\/title>\n<meta name=\"description\" content=\"A Prefeitura de Manaus, por meio do Conselho Municipal de Cultura (Concultura), informa que resultado do Edital n\u00ba 001\/2025 \u2013 Pr\u00eamios Liter\u00e1rios Cidade de Manaus, est\u00e1 dispon\u00edvel no DOM de 2\/3\/26, com Portaria N\u00ba 014\/2026 \u2013 FMC\/Concultura, na plataforma Porta da Cultura Manaus e nas m\u00eddias sociais do Concultura.\" \/>\n<meta name=\"robots\" content=\"index, follow, max-snippet:-1, max-image-preview:large, max-video-preview:-1\" \/>\n<link rel=\"canonical\" href=\"https:\/\/www.manaus.am.gov.br\/semcom\/resultado-preliminar-premios-literarios\/\" \/>\n<meta property=\"og:locale\" content=\"pt_BR\" \/>\n<meta property=\"og:type\" content=\"article\" \/>\n<meta property=\"og:title\" content=\"Prefeitura divulga resultado preliminar dos Pr\u00eamios Liter\u00e1rios Cidade de Manaus 2025\" \/>\n<meta property=\"og:description\" content=\"A Prefeitura de Manaus, por meio do Conselho Municipal de Cultura (Concultura), informa que resultado do Edital n\u00ba 001\/2025 \u2013 Pr\u00eamios Liter\u00e1rios Cidade de Manaus, est\u00e1 dispon\u00edvel no DOM de 2\/3\/26, com Portaria N\u00ba 014\/2026 \u2013 FMC\/Concultura, na plataforma Porta da Cultura Manaus e nas m\u00eddias sociais do Concultura.\" \/>\n<meta property=\"og:url\" content=\"https:\/\/www.manaus.am.gov.br\/semcom\/resultado-preliminar-premios-literarios\/\" \/>\n<meta property=\"og:site_name\" content=\"SEMCOM\" \/>\n<meta property=\"article:published_time\" content=\"2026-03-03T19:27:30+00:00\" \/>\n<meta property=\"article:modified_time\" content=\"2026-03-03T20:02:41+00:00\" \/>\n<meta property=\"og:image\" content=\"https:\/\/www.manaus.am.gov.br\/semcom\/wp-content\/uploads\/sites\/5\/2025\/04\/BANNER-NOTA.png\" \/>\n\t<meta property=\"og:image:width\" content=\"900\" \/>\n\t<meta property=\"og:image:height\" content=\"509\" \/>\n\t<meta property=\"og:image:type\" content=\"image\/png\" \/>\n<meta name=\"author\" content=\"smonteiro\" \/>\n<meta name=\"twitter:card\" content=\"summary_large_image\" \/>\n<meta name=\"twitter:label1\" content=\"Written by\" \/>\n\t<meta name=\"twitter:data1\" content=\"smonteiro\" \/>\n\t<meta name=\"twitter:label2\" content=\"Est. reading time\" \/>\n\t<meta name=\"twitter:data2\" content=\"2 minutos\" \/>\n<script type=\"application\/ld+json\" class=\"yoast-schema-graph\">{\"@context\":\"https:\/\/schema.org\",\"@graph\":[{\"@type\":\"WebPage\",\"@id\":\"https:\/\/www.manaus.am.gov.br\/semcom\/resultado-preliminar-premios-literarios\/\",\"url\":\"https:\/\/www.manaus.am.gov.br\/semcom\/resultado-preliminar-premios-literarios\/\",\"name\":\"Prefeitura divulga resultado preliminar dos Pr\u00eamios Liter\u00e1rios Cidade de Manaus 2025\",\"isPartOf\":{\"@id\":\"https:\/\/www.manaus.am.gov.br\/semcom\/#website\"},\"primaryImageOfPage\":{\"@id\":\"https:\/\/www.manaus.am.gov.br\/semcom\/resultado-preliminar-premios-literarios\/#primaryimage\"},\"image\":{\"@id\":\"https:\/\/www.manaus.am.gov.br\/semcom\/resultado-preliminar-premios-literarios\/#primaryimage\"},\"thumbnailUrl\":\"https:\/\/www.manaus.am.gov.br\/semcom\/wp-content\/uploads\/sites\/5\/2025\/04\/BANNER-NOTA.png\",\"datePublished\":\"2026-03-03T19:27:30+00:00\",\"dateModified\":\"2026-03-03T20:02:41+00:00\",\"author\":{\"@id\":\"https:\/\/www.manaus.am.gov.br\/semcom\/#\/schema\/person\/ab4dcf766a54dff74e8d267f5c591961\"},\"description\":\"A Prefeitura de Manaus, por meio do Conselho Municipal de Cultura (Concultura), informa que resultado do Edital n\u00ba 001\/2025 \u2013 Pr\u00eamios Liter\u00e1rios Cidade de Manaus, est\u00e1 dispon\u00edvel no DOM de 2\/3\/26, com Portaria N\u00ba 014\/2026 \u2013 FMC\/Concultura, na plataforma Porta da Cultura Manaus e nas m\u00eddias sociais do Concultura.\",\"inLanguage\":\"pt-BR\",\"potentialAction\":[{\"@type\":\"ReadAction\",\"target\":[\"https:\/\/www.manaus.am.gov.br\/semcom\/resultado-preliminar-premios-literarios\/\"]}]},{\"@type\":\"ImageObject\",\"inLanguage\":\"pt-BR\",\"@id\":\"https:\/\/www.manaus.am.gov.br\/semcom\/resultado-preliminar-premios-literarios\/#primaryimage\",\"url\":\"https:\/\/www.manaus.am.gov.br\/semcom\/wp-content\/uploads\/sites\/5\/2025\/04\/BANNER-NOTA.png\",\"contentUrl\":\"https:\/\/www.manaus.am.gov.br\/semcom\/wp-content\/uploads\/sites\/5\/2025\/04\/BANNER-NOTA.png\",\"width\":900,\"height\":509,\"caption\":\"37 ocorr\u00eancias ap\u00f3s fortes chuvas\"},{\"@type\":\"WebSite\",\"@id\":\"https:\/\/www.manaus.am.gov.br\/semcom\/#website\",\"url\":\"https:\/\/www.manaus.am.gov.br\/semcom\/\",\"name\":\"SEMCOM\",\"description\":\"Secretaria Municipal de Comunica\u00e7\u00e3o\",\"potentialAction\":[{\"@type\":\"SearchAction\",\"target\":{\"@type\":\"EntryPoint\",\"urlTemplate\":\"https:\/\/www.manaus.am.gov.br\/semcom\/?s={search_term_string}\"},\"query-input\":\"required name=search_term_string\"}],\"inLanguage\":\"pt-BR\"},{\"@type\":\"Person\",\"@id\":\"https:\/\/www.manaus.am.gov.br\/semcom\/#\/schema\/person\/ab4dcf766a54dff74e8d267f5c591961\",\"name\":\"smonteiro\",\"image\":{\"@type\":\"ImageObject\",\"inLanguage\":\"pt-BR\",\"@id\":\"https:\/\/www.manaus.am.gov.br\/semcom\/#\/schema\/person\/image\/\",\"url\":\"https:\/\/secure.gravatar.com\/avatar\/21c8776ef61d9272c73322052e042d77?s=96&d=mm&r=g\",\"contentUrl\":\"https:\/\/secure.gravatar.com\/avatar\/21c8776ef61d9272c73322052e042d77?s=96&d=mm&r=g\",\"caption\":\"smonteiro\"}}]}<\/script>\n<!-- \/ Yoast SEO plugin. -->","yoast_head_json":{"title":"Prefeitura divulga resultado preliminar dos Pr\u00eamios Liter\u00e1rios Cidade de Manaus 2025","description":"A Prefeitura de Manaus, por meio do Conselho Municipal de Cultura (Concultura), informa que resultado do Edital n\u00ba 001\/2025 \u2013 Pr\u00eamios Liter\u00e1rios Cidade de Manaus, est\u00e1 dispon\u00edvel no DOM de 2\/3\/26, com Portaria N\u00ba 014\/2026 \u2013 FMC\/Concultura, na plataforma Porta da Cultura Manaus e nas m\u00eddias sociais do Concultura.","robots":{"index":"index","follow":"follow","max-snippet":"max-snippet:-1","max-image-preview":"max-image-preview:large","max-video-preview":"max-video-preview:-1"},"canonical":"https:\/\/www.manaus.am.gov.br\/semcom\/resultado-preliminar-premios-literarios\/","og_locale":"pt_BR","og_type":"article","og_title":"Prefeitura divulga resultado preliminar dos Pr\u00eamios Liter\u00e1rios Cidade de Manaus 2025","og_description":"A Prefeitura de Manaus, por meio do Conselho Municipal de Cultura (Concultura), informa que resultado do Edital n\u00ba 001\/2025 \u2013 Pr\u00eamios Liter\u00e1rios Cidade de Manaus, est\u00e1 dispon\u00edvel no DOM de 2\/3\/26, com Portaria N\u00ba 014\/2026 \u2013 FMC\/Concultura, na plataforma Porta da Cultura Manaus e nas m\u00eddias sociais do Concultura.","og_url":"https:\/\/www.manaus.am.gov.br\/semcom\/resultado-preliminar-premios-literarios\/","og_site_name":"SEMCOM","article_published_time":"2026-03-03T19:27:30+00:00","article_modified_time":"2026-03-03T20:02:41+00:00","og_image":[{"width":900,"height":509,"url":"https:\/\/www.manaus.am.gov.br\/semcom\/wp-content\/uploads\/sites\/5\/2025\/04\/BANNER-NOTA.png","type":"image\/png"}],"author":"smonteiro","twitter_card":"summary_large_image","twitter_misc":{"Written by":"smonteiro","Est. reading time":"2 minutos"},"schema":{"@context":"https:\/\/schema.org","@graph":[{"@type":"WebPage","@id":"https:\/\/www.manaus.am.gov.br\/semcom\/resultado-preliminar-premios-literarios\/","url":"https:\/\/www.manaus.am.gov.br\/semcom\/resultado-preliminar-premios-literarios\/","name":"Prefeitura divulga resultado preliminar dos Pr\u00eamios Liter\u00e1rios Cidade de Manaus 2025","isPartOf":{"@id":"https:\/\/www.manaus.am.gov.br\/semcom\/#website"},"primaryImageOfPage":{"@id":"https:\/\/www.manaus.am.gov.br\/semcom\/resultado-preliminar-premios-literarios\/#primaryimage"},"image":{"@id":"https:\/\/www.manaus.am.gov.br\/semcom\/resultado-preliminar-premios-literarios\/#primaryimage"},"thumbnailUrl":"https:\/\/www.manaus.am.gov.br\/semcom\/wp-content\/uploads\/sites\/5\/2025\/04\/BANNER-NOTA.png","datePublished":"2026-03-03T19:27:30+00:00","dateModified":"2026-03-03T20:02:41+00:00","author":{"@id":"https:\/\/www.manaus.am.gov.br\/semcom\/#\/schema\/person\/ab4dcf766a54dff74e8d267f5c591961"},"description":"A Prefeitura de Manaus, por meio do Conselho Municipal de Cultura (Concultura), informa que resultado do Edital n\u00ba 001\/2025 \u2013 Pr\u00eamios Liter\u00e1rios Cidade de Manaus, est\u00e1 dispon\u00edvel no DOM de 2\/3\/26, com Portaria N\u00ba 014\/2026 \u2013 FMC\/Concultura, na plataforma Porta da Cultura Manaus e nas m\u00eddias sociais do Concultura.","inLanguage":"pt-BR","potentialAction":[{"@type":"ReadAction","target":["https:\/\/www.manaus.am.gov.br\/semcom\/resultado-preliminar-premios-literarios\/"]}]},{"@type":"ImageObject","inLanguage":"pt-BR","@id":"https:\/\/www.manaus.am.gov.br\/semcom\/resultado-preliminar-premios-literarios\/#primaryimage","url":"https:\/\/www.manaus.am.gov.br\/semcom\/wp-content\/uploads\/sites\/5\/2025\/04\/BANNER-NOTA.png","contentUrl":"https:\/\/www.manaus.am.gov.br\/semcom\/wp-content\/uploads\/sites\/5\/2025\/04\/BANNER-NOTA.png","width":900,"height":509,"caption":"37 ocorr\u00eancias ap\u00f3s fortes chuvas"},{"@type":"WebSite","@id":"https:\/\/www.manaus.am.gov.br\/semcom\/#website","url":"https:\/\/www.manaus.am.gov.br\/semcom\/","name":"SEMCOM","description":"Secretaria Municipal de Comunica\u00e7\u00e3o","potentialAction":[{"@type":"SearchAction","target":{"@type":"EntryPoint","urlTemplate":"https:\/\/www.manaus.am.gov.br\/semcom\/?s={search_term_string}"},"query-input":"required name=search_term_string"}],"inLanguage":"pt-BR"},{"@type":"Person","@id":"https:\/\/www.manaus.am.gov.br\/semcom\/#\/schema\/person\/ab4dcf766a54dff74e8d267f5c591961","name":"smonteiro","image":{"@type":"ImageObject","inLanguage":"pt-BR","@id":"https:\/\/www.manaus.am.gov.br\/semcom\/#\/schema\/person\/image\/","url":"https:\/\/secure.gravatar.com\/avatar\/21c8776ef61d9272c73322052e042d77?s=96&d=mm&r=g","contentUrl":"https:\/\/secure.gravatar.com\/avatar\/21c8776ef61d9272c73322052e042d77?s=96&d=mm&r=g","caption":"smonteiro"}}]}},"_links":{"self":[{"href":"https:\/\/www.manaus.am.gov.br\/semcom\/wp-json\/wp\/v2\/posts\/253779"}],"collection":[{"href":"https:\/\/www.manaus.am.gov.br\/semcom\/wp-json\/wp\/v2\/posts"}],"about":[{"href":"https:\/\/www.manaus.am.gov.br\/semcom\/wp-json\/wp\/v2\/types\/post"}],"author":[{"embeddable":true,"href":"https:\/\/www.manaus.am.gov.br\/semcom\/wp-json\/wp\/v2\/users\/61"}],"replies":[{"embeddable":true,"href":"https:\/\/www.manaus.am.gov.br\/semcom\/wp-json\/wp\/v2\/comments?post=253779"}],"version-history":[{"count":0,"href":"https:\/\/www.manaus.am.gov.br\/semcom\/wp-json\/wp\/v2\/posts\/253779\/revisions"}],"wp:featuredmedia":[{"embeddable":true,"href":"https:\/\/www.manaus.am.gov.br\/semcom\/wp-json\/wp\/v2\/media\/238167"}],"wp:attachment":[{"href":"https:\/\/www.manaus.am.gov.br\/semcom\/wp-json\/wp\/v2\/media?parent=253779"}],"wp:term":[{"taxonomy":"category","embeddable":true,"href":"https:\/\/www.manaus.am.gov.br\/semcom\/wp-json\/wp\/v2\/categories?post=253779"},{"taxonomy":"post_tag","embeddable":true,"href":"https:\/\/www.manaus.am.gov.br\/semcom\/wp-json\/wp\/v2\/tags?post=253779"}],"curies":[{"name":"wp","href":"https:\/\/api.w.org\/{rel}","templated":true}]}}