{"id":253769,"date":"2026-03-03T15:55:30","date_gmt":"2026-03-03T19:55:30","guid":{"rendered":"https:\/\/www.manaus.am.gov.br\/semcom\/prefeitura-de-manaus-convoca-profissionais-de-diversos-cargos-aprovados-no-concurso-da-semsa\/"},"modified":"2026-03-03T16:59:54","modified_gmt":"2026-03-03T19:59:54","slug":"convocacao-profissionais-aprovados-concurso-semsa-2","status":"publish","type":"post","link":"https:\/\/www.manaus.am.gov.br\/semcom\/convocacao-profissionais-aprovados-concurso-semsa-2\/","title":{"rendered":"Prefeitura de Manaus convoca profissionais de diversos cargos aprovados no concurso da Semsa"},"content":{"rendered":"\n<p>A Prefeitura de Manaus atua para assegurar a oferta e a qualidade dos servi\u00e7os da assist\u00eancia b\u00e1sica com a convoca\u00e7\u00e3o de mais 18 profissionais de cargos diversos, do n\u00edvel fundamental ao superior, aprovados no concurso p\u00fablico da Secretaria Municipal de Sa\u00fade (Semsa). Os convocados devem comparecer na sede da secretaria at\u00e9 o pr\u00f3ximo dia 31 de mar\u00e7o, para os procedimentos de posse.<\/p>\n\n\n\n<p>Conforme a secret\u00e1ria municipal de Sa\u00fade, Sh\u00e1dia Fraxe, informa que o novo chamado busca prover cargos em vac\u00e2ncia da sa\u00fade municipal, causadas pela exonera\u00e7\u00e3o de servidores j\u00e1 admitidos por meio do certame p\u00fablico. Ela orienta os convocados a providenciar desde logo os exames e documenta\u00e7\u00e3o solicitados, a fim de agilizar o andamento do processo de admiss\u00e3o e posse em seus cargos.<\/p>\n\n\n\n<p>\u201cA reposi\u00e7\u00e3o dos profissionais nas nossas unidades administrativas e de sa\u00fade assegura que os nossos usu\u00e1rios tenham assist\u00eancia cont\u00ednua e acesso efetivo \u00e0s a\u00e7\u00f5es da Semsa para a preven\u00e7\u00e3o de doen\u00e7as e a promo\u00e7\u00e3o da sa\u00fade\u201d, assinala a secret\u00e1ria.<\/p>\n\n\n\n<p>Com o novo chamado, relata Sh\u00e1dia, o total de profissionais nomeados no concurso da Semsa Manaus chega a 3.252. \u201cOfertamos 2.001 vagas para profissionais diversos, de m\u00e9dicos e enfermeiros a motoristas de ambul\u00e2ncia e pessoal administrativo. Em julho de 2024, j\u00e1 hav\u00edamos nomeado todos os aprovados nesse total de vagas\u201d, recorda.<\/p>\n\n\n\n<p>Est\u00e3o na lista de convocados dois agentes comunit\u00e1rios de sa\u00fade (ACS) II, com regime de trabalho semanal de 40 horas, sendo um para atua\u00e7\u00e3o no Distrito de Sa\u00fade (Disa) Rural e um no Sul; sete assistentes em administra\u00e7\u00e3o (40h); tr\u00eas t\u00e9cnicos em enfermagem, sendo dois de 30h e um de 40h; um t\u00e9cnico em patologia cl\u00ednica (20h); um cirurgi\u00e3o-dentista protesista (20h); um contador (40h); um farmac\u00eautico geral (20h) e um enfermeiro epidemiologista (30h).<\/p>\n\n\n\n<p>A rela\u00e7\u00e3o de nomeados consta em decreto assinado pelo prefeito David Almeida, divulgado no Di\u00e1rio Oficial do Munic\u00edpio (DOM), edi\u00e7\u00e3o 6.260, de sexta-feira, 27\/2. O edital de chamamento foi publicado na edi\u00e7\u00e3o 6.261, de segunda-feira, 2\/3, do peri\u00f3dico oficial. As publica\u00e7\u00f5es est\u00e3o dispon\u00edveis em\u00a0<a href=\"https:\/\/www.manaus.am.gov.br\/semsa\/principal\/concursos-e-processos-seletivos\/\" target=\"_blank\" rel=\"noreferrer noopener\">www.manaus.am.gov.br\/semsa\/principal\/concursos-e-processos-seletivos\/<\/a>.<\/p>\n\n\n\n<p><strong>Procedimentos<\/strong><\/p>\n\n\n\n<p>Como parte dos procedimentos admissionais, os convocados devem, primeiramente, efetuar o cadastro da documenta\u00e7\u00e3o exigida, por meio do site de Processos Seletivos e Concursos da Semsa, no endere\u00e7o&nbsp;<a href=\"https:\/\/pssemsa.manaus.am.gov.br\/\" target=\"_blank\" rel=\"noreferrer noopener\">pssemsa.manaus.am.gov.br<\/a>.<\/p>\n\n\n\n<p>A lista de itens inclui, entre outros, documento oficial de identifica\u00e7\u00e3o com foto, CPF, comprovante de resid\u00eancia com CEP (\u00e1gua, luz ou telefone), t\u00edtulo de eleitor, comprovante de quita\u00e7\u00e3o eleitoral, certid\u00f5es negativas de antecedentes criminais da justi\u00e7a federal e estadual, comprovante de vacina\u00e7\u00e3o contra Covid-19 com ciclo vacinal completo.<\/p>\n\n\n\n<p>Ap\u00f3s o envio da documenta\u00e7\u00e3o, os profissionais devem comparecer na sala de posse na sede da Semsa, situada no bairro Adrian\u00f3polis, zona Centro-Sul, com acesso pela avenida Macei\u00f3, n\u00ba 160, munidos de documento de identidade e CPF. O prazo para comparecimento vai at\u00e9 o dia 31 de mar\u00e7o de 2026.<\/p>\n\n\n\n<p>O atendimento aos convocados ocorre das 8h \u00e0s 12h, no hor\u00e1rio de Manaus, de segunda a sexta-feira, em dias \u00fateis.<\/p>\n\n\n\n<figure class=\"wp-block-image size-large\"><img loading=\"lazy\" decoding=\"async\" width=\"1024\" height=\"683\" src=\"https:\/\/www.manaus.am.gov.br\/semcom\/wp-content\/uploads\/sites\/5\/2026\/03\/SEMSA-MANAUS-Convocacao-Concurso-2-1024x683.jpg\" alt=\"\" class=\"wp-image-253770\" srcset=\"https:\/\/www.manaus.am.gov.br\/semcom\/wp-content\/uploads\/sites\/5\/2026\/03\/SEMSA-MANAUS-Convocacao-Concurso-2-1024x683.jpg 1024w, https:\/\/www.manaus.am.gov.br\/semcom\/wp-content\/uploads\/sites\/5\/2026\/03\/SEMSA-MANAUS-Convocacao-Concurso-2-300x200.jpg 300w, https:\/\/www.manaus.am.gov.br\/semcom\/wp-content\/uploads\/sites\/5\/2026\/03\/SEMSA-MANAUS-Convocacao-Concurso-2-768x512.jpg 768w, https:\/\/www.manaus.am.gov.br\/semcom\/wp-content\/uploads\/sites\/5\/2026\/03\/SEMSA-MANAUS-Convocacao-Concurso-2-1536x1024.jpg 1536w, https:\/\/www.manaus.am.gov.br\/semcom\/wp-content\/uploads\/sites\/5\/2026\/03\/SEMSA-MANAUS-Convocacao-Concurso-2-2048x1365.jpg 2048w\" sizes=\"(max-width: 1024px) 100vw, 1024px\" \/><figcaption class=\"wp-element-caption\">#paratodosverem &#8211; Atendimento odontol\u00f3gico<\/figcaption><\/figure>\n\n\n\n<p>&#8212; &#8212; &#8212;<\/p>\n\n\n\n<p><strong>Texto e fotos &#8211;&nbsp;<\/strong>Divulga\u00e7\u00e3o\/Semsa<\/p>\n","protected":false},"excerpt":{"rendered":"","protected":false},"author":39,"featured_media":253771,"comment_status":"closed","ping_status":"closed","sticky":false,"template":"","format":"standard","meta":{"footnotes":""},"categories":[5728],"tags":[5498,8227,77,19602,162],"acf":[],"yoast_head":"<!-- This site is optimized with the Yoast SEO plugin v23.0 - https:\/\/yoast.com\/wordpress\/plugins\/seo\/ -->\n<title>Convoca\u00e7\u00e3o de 18 profissionais aprovados no concurso da Semsa<\/title>\n<meta name=\"description\" content=\"Prefeitura de Manaus convoca 18 profissionais de diversos cargos, do n\u00edvel fundamental ao superior, aprovados no concurso da Semsa.\" \/>\n<meta name=\"robots\" content=\"index, follow, max-snippet:-1, max-image-preview:large, max-video-preview:-1\" \/>\n<link rel=\"canonical\" href=\"https:\/\/www.manaus.am.gov.br\/semcom\/convocacao-profissionais-aprovados-concurso-semsa-2\/\" \/>\n<meta property=\"og:locale\" content=\"pt_BR\" \/>\n<meta property=\"og:type\" content=\"article\" \/>\n<meta property=\"og:title\" content=\"Convoca\u00e7\u00e3o de 18 profissionais aprovados no concurso da Semsa\" \/>\n<meta property=\"og:description\" content=\"Prefeitura de Manaus convoca 18 profissionais de diversos cargos, do n\u00edvel fundamental ao superior, aprovados no concurso da Semsa.\" \/>\n<meta property=\"og:url\" content=\"https:\/\/www.manaus.am.gov.br\/semcom\/convocacao-profissionais-aprovados-concurso-semsa-2\/\" \/>\n<meta property=\"og:site_name\" content=\"SEMCOM\" \/>\n<meta property=\"article:published_time\" content=\"2026-03-03T19:55:30+00:00\" \/>\n<meta property=\"article:modified_time\" content=\"2026-03-03T19:59:54+00:00\" \/>\n<meta property=\"og:image\" content=\"https:\/\/www.manaus.am.gov.br\/semcom\/wp-content\/uploads\/sites\/5\/2026\/03\/SEMSA-MANAUS-Convocacao-Concurso-3.jpg\" \/>\n\t<meta property=\"og:image:width\" content=\"3000\" \/>\n\t<meta property=\"og:image:height\" content=\"2000\" \/>\n\t<meta property=\"og:image:type\" content=\"image\/jpeg\" \/>\n<meta name=\"author\" content=\"Bruna Greco\" \/>\n<meta name=\"twitter:card\" content=\"summary_large_image\" \/>\n<meta name=\"twitter:label1\" content=\"Written by\" \/>\n\t<meta name=\"twitter:data1\" content=\"Bruna Greco\" \/>\n\t<meta name=\"twitter:label2\" content=\"Est. reading time\" \/>\n\t<meta name=\"twitter:data2\" content=\"4 minutos\" \/>\n<script type=\"application\/ld+json\" class=\"yoast-schema-graph\">{\"@context\":\"https:\/\/schema.org\",\"@graph\":[{\"@type\":\"WebPage\",\"@id\":\"https:\/\/www.manaus.am.gov.br\/semcom\/convocacao-profissionais-aprovados-concurso-semsa-2\/\",\"url\":\"https:\/\/www.manaus.am.gov.br\/semcom\/convocacao-profissionais-aprovados-concurso-semsa-2\/\",\"name\":\"Convoca\u00e7\u00e3o de 18 profissionais aprovados no concurso da Semsa\",\"isPartOf\":{\"@id\":\"https:\/\/www.manaus.am.gov.br\/semcom\/#website\"},\"primaryImageOfPage\":{\"@id\":\"https:\/\/www.manaus.am.gov.br\/semcom\/convocacao-profissionais-aprovados-concurso-semsa-2\/#primaryimage\"},\"image\":{\"@id\":\"https:\/\/www.manaus.am.gov.br\/semcom\/convocacao-profissionais-aprovados-concurso-semsa-2\/#primaryimage\"},\"thumbnailUrl\":\"https:\/\/www.manaus.am.gov.br\/semcom\/wp-content\/uploads\/sites\/5\/2026\/03\/SEMSA-MANAUS-Convocacao-Concurso-3.jpg\",\"datePublished\":\"2026-03-03T19:55:30+00:00\",\"dateModified\":\"2026-03-03T19:59:54+00:00\",\"author\":{\"@id\":\"https:\/\/www.manaus.am.gov.br\/semcom\/#\/schema\/person\/05d223aea2bf115f9883a6ff3683d81b\"},\"description\":\"Prefeitura de Manaus convoca 18 profissionais de diversos cargos, do n\u00edvel fundamental ao superior, aprovados no concurso da Semsa.\",\"inLanguage\":\"pt-BR\",\"potentialAction\":[{\"@type\":\"ReadAction\",\"target\":[\"https:\/\/www.manaus.am.gov.br\/semcom\/convocacao-profissionais-aprovados-concurso-semsa-2\/\"]}]},{\"@type\":\"ImageObject\",\"inLanguage\":\"pt-BR\",\"@id\":\"https:\/\/www.manaus.am.gov.br\/semcom\/convocacao-profissionais-aprovados-concurso-semsa-2\/#primaryimage\",\"url\":\"https:\/\/www.manaus.am.gov.br\/semcom\/wp-content\/uploads\/sites\/5\/2026\/03\/SEMSA-MANAUS-Convocacao-Concurso-3.jpg\",\"contentUrl\":\"https:\/\/www.manaus.am.gov.br\/semcom\/wp-content\/uploads\/sites\/5\/2026\/03\/SEMSA-MANAUS-Convocacao-Concurso-3.jpg\",\"width\":3000,\"height\":2000,\"caption\":\"#paratodosverem - Idosa recebendo atendimento de profissional da Semsa\"},{\"@type\":\"WebSite\",\"@id\":\"https:\/\/www.manaus.am.gov.br\/semcom\/#website\",\"url\":\"https:\/\/www.manaus.am.gov.br\/semcom\/\",\"name\":\"SEMCOM\",\"description\":\"Secretaria Municipal de Comunica\u00e7\u00e3o\",\"potentialAction\":[{\"@type\":\"SearchAction\",\"target\":{\"@type\":\"EntryPoint\",\"urlTemplate\":\"https:\/\/www.manaus.am.gov.br\/semcom\/?s={search_term_string}\"},\"query-input\":\"required name=search_term_string\"}],\"inLanguage\":\"pt-BR\"},{\"@type\":\"Person\",\"@id\":\"https:\/\/www.manaus.am.gov.br\/semcom\/#\/schema\/person\/05d223aea2bf115f9883a6ff3683d81b\",\"name\":\"Bruna Greco\",\"image\":{\"@type\":\"ImageObject\",\"inLanguage\":\"pt-BR\",\"@id\":\"https:\/\/www.manaus.am.gov.br\/semcom\/#\/schema\/person\/image\/\",\"url\":\"https:\/\/secure.gravatar.com\/avatar\/9c877d1a6adc2a055330e5c09a8653ce?s=96&d=mm&r=g\",\"contentUrl\":\"https:\/\/secure.gravatar.com\/avatar\/9c877d1a6adc2a055330e5c09a8653ce?s=96&d=mm&r=g\",\"caption\":\"Bruna Greco\"}}]}<\/script>\n<!-- \/ Yoast SEO plugin. -->","yoast_head_json":{"title":"Convoca\u00e7\u00e3o de 18 profissionais aprovados no concurso da Semsa","description":"Prefeitura de Manaus convoca 18 profissionais de diversos cargos, do n\u00edvel fundamental ao superior, aprovados no concurso da Semsa.","robots":{"index":"index","follow":"follow","max-snippet":"max-snippet:-1","max-image-preview":"max-image-preview:large","max-video-preview":"max-video-preview:-1"},"canonical":"https:\/\/www.manaus.am.gov.br\/semcom\/convocacao-profissionais-aprovados-concurso-semsa-2\/","og_locale":"pt_BR","og_type":"article","og_title":"Convoca\u00e7\u00e3o de 18 profissionais aprovados no concurso da Semsa","og_description":"Prefeitura de Manaus convoca 18 profissionais de diversos cargos, do n\u00edvel fundamental ao superior, aprovados no concurso da Semsa.","og_url":"https:\/\/www.manaus.am.gov.br\/semcom\/convocacao-profissionais-aprovados-concurso-semsa-2\/","og_site_name":"SEMCOM","article_published_time":"2026-03-03T19:55:30+00:00","article_modified_time":"2026-03-03T19:59:54+00:00","og_image":[{"width":3000,"height":2000,"url":"https:\/\/www.manaus.am.gov.br\/semcom\/wp-content\/uploads\/sites\/5\/2026\/03\/SEMSA-MANAUS-Convocacao-Concurso-3.jpg","type":"image\/jpeg"}],"author":"Bruna Greco","twitter_card":"summary_large_image","twitter_misc":{"Written by":"Bruna Greco","Est. reading time":"4 minutos"},"schema":{"@context":"https:\/\/schema.org","@graph":[{"@type":"WebPage","@id":"https:\/\/www.manaus.am.gov.br\/semcom\/convocacao-profissionais-aprovados-concurso-semsa-2\/","url":"https:\/\/www.manaus.am.gov.br\/semcom\/convocacao-profissionais-aprovados-concurso-semsa-2\/","name":"Convoca\u00e7\u00e3o de 18 profissionais aprovados no concurso da Semsa","isPartOf":{"@id":"https:\/\/www.manaus.am.gov.br\/semcom\/#website"},"primaryImageOfPage":{"@id":"https:\/\/www.manaus.am.gov.br\/semcom\/convocacao-profissionais-aprovados-concurso-semsa-2\/#primaryimage"},"image":{"@id":"https:\/\/www.manaus.am.gov.br\/semcom\/convocacao-profissionais-aprovados-concurso-semsa-2\/#primaryimage"},"thumbnailUrl":"https:\/\/www.manaus.am.gov.br\/semcom\/wp-content\/uploads\/sites\/5\/2026\/03\/SEMSA-MANAUS-Convocacao-Concurso-3.jpg","datePublished":"2026-03-03T19:55:30+00:00","dateModified":"2026-03-03T19:59:54+00:00","author":{"@id":"https:\/\/www.manaus.am.gov.br\/semcom\/#\/schema\/person\/05d223aea2bf115f9883a6ff3683d81b"},"description":"Prefeitura de Manaus convoca 18 profissionais de diversos cargos, do n\u00edvel fundamental ao superior, aprovados no concurso da Semsa.","inLanguage":"pt-BR","potentialAction":[{"@type":"ReadAction","target":["https:\/\/www.manaus.am.gov.br\/semcom\/convocacao-profissionais-aprovados-concurso-semsa-2\/"]}]},{"@type":"ImageObject","inLanguage":"pt-BR","@id":"https:\/\/www.manaus.am.gov.br\/semcom\/convocacao-profissionais-aprovados-concurso-semsa-2\/#primaryimage","url":"https:\/\/www.manaus.am.gov.br\/semcom\/wp-content\/uploads\/sites\/5\/2026\/03\/SEMSA-MANAUS-Convocacao-Concurso-3.jpg","contentUrl":"https:\/\/www.manaus.am.gov.br\/semcom\/wp-content\/uploads\/sites\/5\/2026\/03\/SEMSA-MANAUS-Convocacao-Concurso-3.jpg","width":3000,"height":2000,"caption":"#paratodosverem - Idosa recebendo atendimento de profissional da Semsa"},{"@type":"WebSite","@id":"https:\/\/www.manaus.am.gov.br\/semcom\/#website","url":"https:\/\/www.manaus.am.gov.br\/semcom\/","name":"SEMCOM","description":"Secretaria Municipal de Comunica\u00e7\u00e3o","potentialAction":[{"@type":"SearchAction","target":{"@type":"EntryPoint","urlTemplate":"https:\/\/www.manaus.am.gov.br\/semcom\/?s={search_term_string}"},"query-input":"required name=search_term_string"}],"inLanguage":"pt-BR"},{"@type":"Person","@id":"https:\/\/www.manaus.am.gov.br\/semcom\/#\/schema\/person\/05d223aea2bf115f9883a6ff3683d81b","name":"Bruna Greco","image":{"@type":"ImageObject","inLanguage":"pt-BR","@id":"https:\/\/www.manaus.am.gov.br\/semcom\/#\/schema\/person\/image\/","url":"https:\/\/secure.gravatar.com\/avatar\/9c877d1a6adc2a055330e5c09a8653ce?s=96&d=mm&r=g","contentUrl":"https:\/\/secure.gravatar.com\/avatar\/9c877d1a6adc2a055330e5c09a8653ce?s=96&d=mm&r=g","caption":"Bruna Greco"}}]}},"_links":{"self":[{"href":"https:\/\/www.manaus.am.gov.br\/semcom\/wp-json\/wp\/v2\/posts\/253769"}],"collection":[{"href":"https:\/\/www.manaus.am.gov.br\/semcom\/wp-json\/wp\/v2\/posts"}],"about":[{"href":"https:\/\/www.manaus.am.gov.br\/semcom\/wp-json\/wp\/v2\/types\/post"}],"author":[{"embeddable":true,"href":"https:\/\/www.manaus.am.gov.br\/semcom\/wp-json\/wp\/v2\/users\/39"}],"replies":[{"embeddable":true,"href":"https:\/\/www.manaus.am.gov.br\/semcom\/wp-json\/wp\/v2\/comments?post=253769"}],"version-history":[{"count":5,"href":"https:\/\/www.manaus.am.gov.br\/semcom\/wp-json\/wp\/v2\/posts\/253769\/revisions"}],"predecessor-version":[{"id":253778,"href":"https:\/\/www.manaus.am.gov.br\/semcom\/wp-json\/wp\/v2\/posts\/253769\/revisions\/253778"}],"wp:featuredmedia":[{"embeddable":true,"href":"https:\/\/www.manaus.am.gov.br\/semcom\/wp-json\/wp\/v2\/media\/253771"}],"wp:attachment":[{"href":"https:\/\/www.manaus.am.gov.br\/semcom\/wp-json\/wp\/v2\/media?parent=253769"}],"wp:term":[{"taxonomy":"category","embeddable":true,"href":"https:\/\/www.manaus.am.gov.br\/semcom\/wp-json\/wp\/v2\/categories?post=253769"},{"taxonomy":"post_tag","embeddable":true,"href":"https:\/\/www.manaus.am.gov.br\/semcom\/wp-json\/wp\/v2\/tags?post=253769"}],"curies":[{"name":"wp","href":"https:\/\/api.w.org\/{rel}","templated":true}]}}