{"id":253767,"date":"2026-03-03T16:17:23","date_gmt":"2026-03-03T19:17:23","guid":{"rendered":"https:\/\/www.manaus.am.gov.br\/semcom\/validacao-seguranca-padronizacao\/"},"modified":"2026-03-03T16:17:24","modified_gmt":"2026-03-03T19:17:24","slug":"validacao-seguranca-padronizacao","status":"publish","type":"post","link":"https:\/\/www.manaus.am.gov.br\/semcom\/validacao-seguranca-padronizacao\/","title":{"rendered":"De valida\u00e7\u00e3o de numera\u00e7\u00e3o a certid\u00f5es de endere\u00e7o, Prefeitura de Manaus atua na seguran\u00e7a jur\u00eddica e padroniza\u00e7\u00e3o de vias p\u00fablicas"},"content":{"rendered":"\n<p>Com uma gama de servi\u00e7os estrat\u00e9gicos na organiza\u00e7\u00e3o e no ordenamento territorial da cidade, no primeiro bimestre de 2026 a Prefeitura de Manaus, via Instituto Municipal de Planejamento Urbano (Implurb), j\u00e1 realizou 1.454 valida\u00e7\u00f5es de numera\u00e7\u00e3o de quadras e lotes urbanos com o trabalho t\u00e9cnico da Ger\u00eancia de Mobilidade Urbana (GMU).<\/p>\n\n\n\n<p>A atividade, que \u00e9 de rotina, visa consolidar a base oficial e confi\u00e1vel com a numera\u00e7\u00e3o de cada lote da capital A numera\u00e7\u00e3o \u00e9 gerada por meio de aplicativo espec\u00edfico, seguindo os par\u00e2metros legais vigentes, e passa por rigorosa valida\u00e7\u00e3o t\u00e9cnica da equipe, assegurando precis\u00e3o e transpar\u00eancia para futura divulga\u00e7\u00e3o \u00e0 popula\u00e7\u00e3o. Este \u00e9 mais um servi\u00e7o que usa o ArcGIS, plataforma moderna de geoprocessamento e an\u00e1lise espacial que permite visualizar, planejar e gerenciar o territ\u00f3rio de forma integrada e inteligente.<\/p>\n\n\n\n<p>Dentro do ArcGIS os t\u00e9cnicos do GMU ainda atuam na Classifica\u00e7\u00e3o de Vias (67 no ano); numera\u00e7\u00e3o (418); e atualiza\u00e7\u00e3o na base de logradouros p\u00fablicos, somando 400 em janeiro e fevereiro.<\/p>\n\n\n\n<p>\u201cNossos servi\u00e7os contam com trabalho colaborativo entre diferentes \u00e1reas t\u00e9cnicas, integrando dados de mobilidade, obras, patrim\u00f4nio, zoneamento e infraestrutura, promovendo um ambiente digital mais preciso, \u00e1gil e eficiente\u201d, explicou a gerente do GMU, arquiteta e urbanista Carolina Azevedo.<\/p>\n\n\n\n<p>As a\u00e7\u00f5es fortalecem a seguran\u00e7a jur\u00eddica dos endere\u00e7os, a padroniza\u00e7\u00e3o dos logradouros e a consolida\u00e7\u00e3o das informa\u00e7\u00f5es cartogr\u00e1ficas do munic\u00edpio.<\/p>\n\n\n\n<p><strong>Vias p\u00fablicas<\/strong><\/p>\n\n\n\n<p>Com a Classifica\u00e7\u00e3o das Vias P\u00fablicas, a ger\u00eancia atualiza e organiza todas as vias de Manaus conforme as diretrizes estabelecidas no Plano Diretor, garantindo coer\u00eancia no planejamento urbano e suporte \u00e0s pol\u00edticas de mobilidade.<\/p>\n\n\n<div class=\"wp-block-image\">\n<figure class=\"aligncenter size-large\"><img decoding=\"async\" src=\"https:\/\/www.manaus.am.gov.br\/wp-content\/uploads\/2026\/03\/Implurb-GMU-2-1024x768.jpeg\" alt=\"\" class=\"wp-image-288207\" \/><figcaption class=\"wp-element-caption\">#paratodosverem &#8211; servidora do Implurb analisa mapa da cidade<\/figcaption><\/figure><\/div>\n\n\n<p>Enquanto a base definitiva de numera\u00e7\u00e3o n\u00e3o \u00e9 integralmente validada, os analistas realizam a numera\u00e7\u00e3o manual dos lotes no sistema cartogr\u00e1fico do ArcGIS, medindo tecnicamente cada via a partir de seu in\u00edcio oficial, o que possibilita a emiss\u00e3o das Certid\u00f5es de Endere\u00e7o. Ap\u00f3s emitidas, essas certid\u00f5es s\u00e3o incorporadas \u00e0 base cartogr\u00e1fica, consolidando a informa\u00e7\u00e3o oficial e garantindo rastreabilidade e consulta futura. No bimestre, j\u00e1 foram emitidos 418 documentos, cuja primeira via \u00e9 gratuita.<\/p>\n\n\n\n<p>A ger\u00eancia tamb\u00e9m atua na atualiza\u00e7\u00e3o da camada de logradouros, promovendo corre\u00e7\u00f5es de geometria, inclus\u00e3o e exclus\u00e3o de vias, ajustes de denomina\u00e7\u00e3o e codifica\u00e7\u00e3o, mantendo a base municipal permanentemente atualizada e alinhada \u00e0 realidade urbana.<\/p>\n\n\n\n<p>A atualiza\u00e7\u00e3o dos C\u00f3digos de Logradouros \u00e9 rotina no \u00f3rg\u00e3o, assim como a dos nomes das vias p\u00fablicas, conforme legisla\u00e7\u00e3o em vigor. O processo de nomenclatura atende a legisla\u00e7\u00e3o pr\u00f3pria, com as leis municipais n\u00ba 266\/94, que regula a identifica\u00e7\u00e3o dos logradouros p\u00fablicos, e a de n\u00ba 343\/96, que define nova denomina\u00e7\u00e3o dos logradouros. As mesmas obedecem a legisla\u00e7\u00e3o federal n\u00ba 6.454\/1977, que tamb\u00e9m se refere a logradouros e denomina\u00e7\u00e3o de bairros do munic\u00edpio.<\/p>\n\n\n\n<p><strong>Ger\u00eancia<\/strong><\/p>\n\n\n\n<p>Entre as principais atribui\u00e7\u00f5es da GMU est\u00e1 a emiss\u00e3o do Parecer de Avalia\u00e7\u00e3o, documento t\u00e9cnico essencial para dirimir d\u00favidas relacionadas \u00e0 mobilidade urbana, reconhecimento e nomenclatura de logradouros, numera\u00e7\u00e3o de edifica\u00e7\u00f5es e defini\u00e7\u00e3o de dom\u00ednio de \u00e1reas p\u00fablicas ou privadas. O trabalho \u00e9 fundamentado em um conjunto robusto de legisla\u00e7\u00f5es municipais que garantem respaldo legal e padroniza\u00e7\u00e3o \u00e0s decis\u00f5es t\u00e9cnicas.<\/p>\n\n\n<div class=\"wp-block-image\">\n<figure class=\"aligncenter size-large\"><img decoding=\"async\" src=\"https:\/\/www.manaus.am.gov.br\/wp-content\/uploads\/2026\/03\/Implurb-GMU-1-1024x768.jpeg\" alt=\"\" class=\"wp-image-288206\" \/><figcaption class=\"wp-element-caption\">#paratodosverem &#8211; servidor do Implurb verifica os dados na tela do computador<\/figcaption><\/figure><\/div>\n\n\n<p>Al\u00e9m do trabalho t\u00e9cnico, a GMU realiza atendimentos di\u00e1rios ao p\u00fablico, internos e externos, por telefone, e-mail, WhatsApp e presencialmente, orientando cidad\u00e3os, profissionais e \u00f3rg\u00e3os p\u00fablicos, fortalecendo a transpar\u00eancia e o acesso \u00e0 informa\u00e7\u00e3o.<\/p>\n\n\n\n<p>\u201cO atendimento presencial da Ger\u00eancia de Mobilidade Urbana acontece das 8h \u00e0s 12h, nos dias de segunda, quarta e sexta-feira, exceto feriados e pontos facultativos\u201d, afirmou a gerente. Para entrar em contato especificamente no setor, pode enviar e-mail para gmu.implurb@manaus.am.gov.br ou ligar no (92) 3625- 6582. Os contatos s\u00e3o exclusivos para o servi\u00e7o da certid\u00e3o.<\/p>\n\n\n\n<p>&#8212; &#8212; &#8212;<\/p>\n\n\n\n<p><strong>Texto<\/strong> \u2013 Claudia do Valle\/Implurb<\/p>\n\n\n\n<p><strong>Fotos<\/strong> \u2013 Divulga\u00e7\u00e3o\/Implurb<\/p>\n","protected":false},"excerpt":{"rendered":"","protected":false},"author":61,"featured_media":253768,"comment_status":"closed","ping_status":"closed","sticky":false,"template":"","format":"standard","meta":{"footnotes":""},"categories":[985],"tags":[19600,65,987,19601,77],"acf":[],"yoast_head":"<!-- This site is optimized with the Yoast SEO plugin v23.0 - https:\/\/yoast.com\/wordpress\/plugins\/seo\/ -->\n<title>De valida\u00e7\u00e3o de numera\u00e7\u00e3o a certid\u00f5es de endere\u00e7o, Prefeitura de Manaus atua na seguran\u00e7a jur\u00eddica e padroniza\u00e7\u00e3o de vias p\u00fablicas<\/title>\n<meta name=\"description\" content=\"Com uma gama de servi\u00e7os estrat\u00e9gicos na organiza\u00e7\u00e3o e no ordenamento territorial da cidade, no primeiro bimestre de 2026 a Prefeitura de Manaus, via Instituto Municipal de Planejamento Urbano (Implurb), j\u00e1 realizou 1.454 valida\u00e7\u00f5es de numera\u00e7\u00e3o de quadras e lotes urbanos.\" \/>\n<meta name=\"robots\" content=\"index, follow, max-snippet:-1, max-image-preview:large, max-video-preview:-1\" \/>\n<link rel=\"canonical\" href=\"https:\/\/www.manaus.am.gov.br\/semcom\/validacao-seguranca-padronizacao\/\" \/>\n<meta property=\"og:locale\" content=\"pt_BR\" \/>\n<meta property=\"og:type\" content=\"article\" \/>\n<meta property=\"og:title\" content=\"De valida\u00e7\u00e3o de numera\u00e7\u00e3o a certid\u00f5es de endere\u00e7o, Prefeitura de Manaus atua na seguran\u00e7a jur\u00eddica e padroniza\u00e7\u00e3o de vias p\u00fablicas\" \/>\n<meta property=\"og:description\" content=\"Com uma gama de servi\u00e7os estrat\u00e9gicos na organiza\u00e7\u00e3o e no ordenamento territorial da cidade, no primeiro bimestre de 2026 a Prefeitura de Manaus, via Instituto Municipal de Planejamento Urbano (Implurb), j\u00e1 realizou 1.454 valida\u00e7\u00f5es de numera\u00e7\u00e3o de quadras e lotes urbanos.\" \/>\n<meta property=\"og:url\" content=\"https:\/\/www.manaus.am.gov.br\/semcom\/validacao-seguranca-padronizacao\/\" \/>\n<meta property=\"og:site_name\" content=\"SEMCOM\" \/>\n<meta property=\"article:published_time\" content=\"2026-03-03T19:17:23+00:00\" \/>\n<meta property=\"article:modified_time\" content=\"2026-03-03T19:17:24+00:00\" \/>\n<meta property=\"og:image\" content=\"https:\/\/www.manaus.am.gov.br\/semcom\/wp-content\/uploads\/sites\/5\/2026\/03\/Implurb-GMU-1.jpg\" \/>\n\t<meta property=\"og:image:width\" content=\"1047\" \/>\n\t<meta property=\"og:image:height\" content=\"698\" \/>\n\t<meta property=\"og:image:type\" content=\"image\/jpeg\" \/>\n<meta name=\"author\" content=\"smonteiro\" \/>\n<meta name=\"twitter:card\" content=\"summary_large_image\" \/>\n<meta name=\"twitter:label1\" content=\"Written by\" \/>\n\t<meta name=\"twitter:data1\" content=\"smonteiro\" \/>\n\t<meta name=\"twitter:label2\" content=\"Est. reading time\" \/>\n\t<meta name=\"twitter:data2\" content=\"4 minutos\" \/>\n<script type=\"application\/ld+json\" class=\"yoast-schema-graph\">{\"@context\":\"https:\/\/schema.org\",\"@graph\":[{\"@type\":\"WebPage\",\"@id\":\"https:\/\/www.manaus.am.gov.br\/semcom\/validacao-seguranca-padronizacao\/\",\"url\":\"https:\/\/www.manaus.am.gov.br\/semcom\/validacao-seguranca-padronizacao\/\",\"name\":\"De valida\u00e7\u00e3o de numera\u00e7\u00e3o a certid\u00f5es de endere\u00e7o, Prefeitura de Manaus atua na seguran\u00e7a jur\u00eddica e padroniza\u00e7\u00e3o de vias p\u00fablicas\",\"isPartOf\":{\"@id\":\"https:\/\/www.manaus.am.gov.br\/semcom\/#website\"},\"primaryImageOfPage\":{\"@id\":\"https:\/\/www.manaus.am.gov.br\/semcom\/validacao-seguranca-padronizacao\/#primaryimage\"},\"image\":{\"@id\":\"https:\/\/www.manaus.am.gov.br\/semcom\/validacao-seguranca-padronizacao\/#primaryimage\"},\"thumbnailUrl\":\"https:\/\/www.manaus.am.gov.br\/semcom\/wp-content\/uploads\/sites\/5\/2026\/03\/Implurb-GMU-1.jpg\",\"datePublished\":\"2026-03-03T19:17:23+00:00\",\"dateModified\":\"2026-03-03T19:17:24+00:00\",\"author\":{\"@id\":\"https:\/\/www.manaus.am.gov.br\/semcom\/#\/schema\/person\/ab4dcf766a54dff74e8d267f5c591961\"},\"description\":\"Com uma gama de servi\u00e7os estrat\u00e9gicos na organiza\u00e7\u00e3o e no ordenamento territorial da cidade, no primeiro bimestre de 2026 a Prefeitura de Manaus, via Instituto Municipal de Planejamento Urbano (Implurb), j\u00e1 realizou 1.454 valida\u00e7\u00f5es de numera\u00e7\u00e3o de quadras e lotes urbanos.\",\"inLanguage\":\"pt-BR\",\"potentialAction\":[{\"@type\":\"ReadAction\",\"target\":[\"https:\/\/www.manaus.am.gov.br\/semcom\/validacao-seguranca-padronizacao\/\"]}]},{\"@type\":\"ImageObject\",\"inLanguage\":\"pt-BR\",\"@id\":\"https:\/\/www.manaus.am.gov.br\/semcom\/validacao-seguranca-padronizacao\/#primaryimage\",\"url\":\"https:\/\/www.manaus.am.gov.br\/semcom\/wp-content\/uploads\/sites\/5\/2026\/03\/Implurb-GMU-1.jpg\",\"contentUrl\":\"https:\/\/www.manaus.am.gov.br\/semcom\/wp-content\/uploads\/sites\/5\/2026\/03\/Implurb-GMU-1.jpg\",\"width\":1047,\"height\":698,\"caption\":\"#paratodosverem - equipe da Ger\u00eancia de Mobilidade Urbana do Implurb\"},{\"@type\":\"WebSite\",\"@id\":\"https:\/\/www.manaus.am.gov.br\/semcom\/#website\",\"url\":\"https:\/\/www.manaus.am.gov.br\/semcom\/\",\"name\":\"SEMCOM\",\"description\":\"Secretaria Municipal de Comunica\u00e7\u00e3o\",\"potentialAction\":[{\"@type\":\"SearchAction\",\"target\":{\"@type\":\"EntryPoint\",\"urlTemplate\":\"https:\/\/www.manaus.am.gov.br\/semcom\/?s={search_term_string}\"},\"query-input\":\"required name=search_term_string\"}],\"inLanguage\":\"pt-BR\"},{\"@type\":\"Person\",\"@id\":\"https:\/\/www.manaus.am.gov.br\/semcom\/#\/schema\/person\/ab4dcf766a54dff74e8d267f5c591961\",\"name\":\"smonteiro\",\"image\":{\"@type\":\"ImageObject\",\"inLanguage\":\"pt-BR\",\"@id\":\"https:\/\/www.manaus.am.gov.br\/semcom\/#\/schema\/person\/image\/\",\"url\":\"https:\/\/secure.gravatar.com\/avatar\/21c8776ef61d9272c73322052e042d77?s=96&d=mm&r=g\",\"contentUrl\":\"https:\/\/secure.gravatar.com\/avatar\/21c8776ef61d9272c73322052e042d77?s=96&d=mm&r=g\",\"caption\":\"smonteiro\"}}]}<\/script>\n<!-- \/ Yoast SEO plugin. -->","yoast_head_json":{"title":"De valida\u00e7\u00e3o de numera\u00e7\u00e3o a certid\u00f5es de endere\u00e7o, Prefeitura de Manaus atua na seguran\u00e7a jur\u00eddica e padroniza\u00e7\u00e3o de vias p\u00fablicas","description":"Com uma gama de servi\u00e7os estrat\u00e9gicos na organiza\u00e7\u00e3o e no ordenamento territorial da cidade, no primeiro bimestre de 2026 a Prefeitura de Manaus, via Instituto Municipal de Planejamento Urbano (Implurb), j\u00e1 realizou 1.454 valida\u00e7\u00f5es de numera\u00e7\u00e3o de quadras e lotes urbanos.","robots":{"index":"index","follow":"follow","max-snippet":"max-snippet:-1","max-image-preview":"max-image-preview:large","max-video-preview":"max-video-preview:-1"},"canonical":"https:\/\/www.manaus.am.gov.br\/semcom\/validacao-seguranca-padronizacao\/","og_locale":"pt_BR","og_type":"article","og_title":"De valida\u00e7\u00e3o de numera\u00e7\u00e3o a certid\u00f5es de endere\u00e7o, Prefeitura de Manaus atua na seguran\u00e7a jur\u00eddica e padroniza\u00e7\u00e3o de vias p\u00fablicas","og_description":"Com uma gama de servi\u00e7os estrat\u00e9gicos na organiza\u00e7\u00e3o e no ordenamento territorial da cidade, no primeiro bimestre de 2026 a Prefeitura de Manaus, via Instituto Municipal de Planejamento Urbano (Implurb), j\u00e1 realizou 1.454 valida\u00e7\u00f5es de numera\u00e7\u00e3o de quadras e lotes urbanos.","og_url":"https:\/\/www.manaus.am.gov.br\/semcom\/validacao-seguranca-padronizacao\/","og_site_name":"SEMCOM","article_published_time":"2026-03-03T19:17:23+00:00","article_modified_time":"2026-03-03T19:17:24+00:00","og_image":[{"width":1047,"height":698,"url":"https:\/\/www.manaus.am.gov.br\/semcom\/wp-content\/uploads\/sites\/5\/2026\/03\/Implurb-GMU-1.jpg","type":"image\/jpeg"}],"author":"smonteiro","twitter_card":"summary_large_image","twitter_misc":{"Written by":"smonteiro","Est. reading time":"4 minutos"},"schema":{"@context":"https:\/\/schema.org","@graph":[{"@type":"WebPage","@id":"https:\/\/www.manaus.am.gov.br\/semcom\/validacao-seguranca-padronizacao\/","url":"https:\/\/www.manaus.am.gov.br\/semcom\/validacao-seguranca-padronizacao\/","name":"De valida\u00e7\u00e3o de numera\u00e7\u00e3o a certid\u00f5es de endere\u00e7o, Prefeitura de Manaus atua na seguran\u00e7a jur\u00eddica e padroniza\u00e7\u00e3o de vias p\u00fablicas","isPartOf":{"@id":"https:\/\/www.manaus.am.gov.br\/semcom\/#website"},"primaryImageOfPage":{"@id":"https:\/\/www.manaus.am.gov.br\/semcom\/validacao-seguranca-padronizacao\/#primaryimage"},"image":{"@id":"https:\/\/www.manaus.am.gov.br\/semcom\/validacao-seguranca-padronizacao\/#primaryimage"},"thumbnailUrl":"https:\/\/www.manaus.am.gov.br\/semcom\/wp-content\/uploads\/sites\/5\/2026\/03\/Implurb-GMU-1.jpg","datePublished":"2026-03-03T19:17:23+00:00","dateModified":"2026-03-03T19:17:24+00:00","author":{"@id":"https:\/\/www.manaus.am.gov.br\/semcom\/#\/schema\/person\/ab4dcf766a54dff74e8d267f5c591961"},"description":"Com uma gama de servi\u00e7os estrat\u00e9gicos na organiza\u00e7\u00e3o e no ordenamento territorial da cidade, no primeiro bimestre de 2026 a Prefeitura de Manaus, via Instituto Municipal de Planejamento Urbano (Implurb), j\u00e1 realizou 1.454 valida\u00e7\u00f5es de numera\u00e7\u00e3o de quadras e lotes urbanos.","inLanguage":"pt-BR","potentialAction":[{"@type":"ReadAction","target":["https:\/\/www.manaus.am.gov.br\/semcom\/validacao-seguranca-padronizacao\/"]}]},{"@type":"ImageObject","inLanguage":"pt-BR","@id":"https:\/\/www.manaus.am.gov.br\/semcom\/validacao-seguranca-padronizacao\/#primaryimage","url":"https:\/\/www.manaus.am.gov.br\/semcom\/wp-content\/uploads\/sites\/5\/2026\/03\/Implurb-GMU-1.jpg","contentUrl":"https:\/\/www.manaus.am.gov.br\/semcom\/wp-content\/uploads\/sites\/5\/2026\/03\/Implurb-GMU-1.jpg","width":1047,"height":698,"caption":"#paratodosverem - equipe da Ger\u00eancia de Mobilidade Urbana do Implurb"},{"@type":"WebSite","@id":"https:\/\/www.manaus.am.gov.br\/semcom\/#website","url":"https:\/\/www.manaus.am.gov.br\/semcom\/","name":"SEMCOM","description":"Secretaria Municipal de Comunica\u00e7\u00e3o","potentialAction":[{"@type":"SearchAction","target":{"@type":"EntryPoint","urlTemplate":"https:\/\/www.manaus.am.gov.br\/semcom\/?s={search_term_string}"},"query-input":"required name=search_term_string"}],"inLanguage":"pt-BR"},{"@type":"Person","@id":"https:\/\/www.manaus.am.gov.br\/semcom\/#\/schema\/person\/ab4dcf766a54dff74e8d267f5c591961","name":"smonteiro","image":{"@type":"ImageObject","inLanguage":"pt-BR","@id":"https:\/\/www.manaus.am.gov.br\/semcom\/#\/schema\/person\/image\/","url":"https:\/\/secure.gravatar.com\/avatar\/21c8776ef61d9272c73322052e042d77?s=96&d=mm&r=g","contentUrl":"https:\/\/secure.gravatar.com\/avatar\/21c8776ef61d9272c73322052e042d77?s=96&d=mm&r=g","caption":"smonteiro"}}]}},"_links":{"self":[{"href":"https:\/\/www.manaus.am.gov.br\/semcom\/wp-json\/wp\/v2\/posts\/253767"}],"collection":[{"href":"https:\/\/www.manaus.am.gov.br\/semcom\/wp-json\/wp\/v2\/posts"}],"about":[{"href":"https:\/\/www.manaus.am.gov.br\/semcom\/wp-json\/wp\/v2\/types\/post"}],"author":[{"embeddable":true,"href":"https:\/\/www.manaus.am.gov.br\/semcom\/wp-json\/wp\/v2\/users\/61"}],"replies":[{"embeddable":true,"href":"https:\/\/www.manaus.am.gov.br\/semcom\/wp-json\/wp\/v2\/comments?post=253767"}],"version-history":[{"count":0,"href":"https:\/\/www.manaus.am.gov.br\/semcom\/wp-json\/wp\/v2\/posts\/253767\/revisions"}],"wp:featuredmedia":[{"embeddable":true,"href":"https:\/\/www.manaus.am.gov.br\/semcom\/wp-json\/wp\/v2\/media\/253768"}],"wp:attachment":[{"href":"https:\/\/www.manaus.am.gov.br\/semcom\/wp-json\/wp\/v2\/media?parent=253767"}],"wp:term":[{"taxonomy":"category","embeddable":true,"href":"https:\/\/www.manaus.am.gov.br\/semcom\/wp-json\/wp\/v2\/categories?post=253767"},{"taxonomy":"post_tag","embeddable":true,"href":"https:\/\/www.manaus.am.gov.br\/semcom\/wp-json\/wp\/v2\/tags?post=253767"}],"curies":[{"name":"wp","href":"https:\/\/api.w.org\/{rel}","templated":true}]}}