{"id":253743,"date":"2026-03-03T12:22:47","date_gmt":"2026-03-03T16:22:47","guid":{"rendered":"https:\/\/www.manaus.am.gov.br\/semcom\/projeto-curso-lingua-coreana-escolas\/"},"modified":"2026-03-03T12:22:47","modified_gmt":"2026-03-03T16:22:47","slug":"projeto-curso-lingua-coreana-escolas","status":"publish","type":"post","link":"https:\/\/www.manaus.am.gov.br\/semcom\/projeto-curso-lingua-coreana-escolas\/","title":{"rendered":"Projeto \u2018Educa\u00e7\u00e3o sem Fronteiras: Coreia em Manaus\u2019 \u00e9 ampliado para mais escolas da prefeitura"},"content":{"rendered":"\n<p>A Prefeitura de Manaus, por meio da Secretaria Municipal de Educa\u00e7\u00e3o (Semed), em parceria com o Centro Cultural Coreano no Brasil (CCCB), realizou, nesta ter\u00e7a-feira, 3\/3, a abertura oficial do projeto \u201cEduca\u00e7\u00e3o sem Fronteiras: Coreia em Manaus\u201d para o ano letivo de 2026, que vai atender mais sete escolas. A cerim\u00f4nia ocorreu na escola municipal Nossa Senhora das Gra\u00e7as, localizada no bairro Col\u00f4nia Ant\u00f4nio Aleixo, zona Leste da capital, e contou com a participa\u00e7\u00e3o de estudantes do 7\u00ba ano, professores e o gestor da unidade.&nbsp;<\/p>\n\n\n\n<p>O curso oferece, gratuitamente, aulas de l\u00edngua coreana aos alunos do ensino fundamental, contribuindo para a amplia\u00e7\u00e3o do repert\u00f3rio cultural e lingu\u00edstico dos estudantes. Al\u00e9m disso, o projeto fortalece as rela\u00e7\u00f5es de coopera\u00e7\u00e3o educacional e cultural entre o Brasil e a Coreia do Sul, promovendo o interc\u00e2mbio de conhecimentos e experi\u00eancias entre os dois pa\u00edses.&nbsp;<\/p>\n\n\n\n<p>&nbsp;A diretora Geysa Nascimento falou sobre a parceria entre a&nbsp;Semed&nbsp;e o Centro Coreano de S\u00e3o Paulo.&nbsp;<\/p>\n\n\n\n<p>\u201cIniciamos&nbsp;o projeto&nbsp;no ano passado,&nbsp;nossa escola foi projeto-piloto, com tr\u00eas meses de aulas ministradas pelo Centro, via Zoom. Neste ano, a iniciativa foi ampliada para mais sete escolas. O curso ser\u00e1 realizado uma vez por semana para os alunos do 7\u00ba ano. Ao final, os estudantes receber\u00e3o certifica\u00e7\u00e3o. Acredito muito que dar\u00e1 certo. Os alunos adoraram o curso, pois ele proporciona a oportunidade de adquirir conhecimentos em uma nova l\u00edngua\u201d, declarou Geysa.&nbsp;<\/p>\n\n\n\n<p>De acordo com o c\u00f4nsul honor\u00e1rio da Coreia, Euler Guimar\u00e3es, a ideia do projeto surgiu quando ele assumiu o consulado em 2019.&nbsp;<\/p>\n\n\n\n<p>\u201cO projeto nasceu de um sonho antigo,&nbsp;trazer o ensino do idioma coreano para&nbsp;Manaus, que j\u00e1 conta com a presen\u00e7a de empresas e forte influ\u00eancia cultural da Coreia, como a m\u00fasica e os doramas. Conversei com o embaixador, que apoiou a iniciativa e acionou o Centro Coreano em S\u00e3o Paulo. Ap\u00f3s reuni\u00e3o com o secret\u00e1rio da Semed, J\u00fanior Mar, conseguimos viabilizar aulas on-line, que deram muito certo. Agora iniciamos essa nova etapa, com a expectativa de ampliar oportunidades para as crian\u00e7as, seja no mercado de trabalho ou em futuros estudos na Coreia\u201d, afirmou o c\u00f4nsul.&nbsp;<\/p>\n\n\n\n<p>O estudante do 7\u00ba ano, Murilo Castro, ressaltou a alegria em participar do curso de l\u00edngua coreana e as oportunidades que poder\u00e3o surgir no futuro.&nbsp;<\/p>\n\n\n\n<p>\u201cEstou gostando muito. Vou aprender a l\u00edngua coreana, e o professor ensina muito bem. Futuramente, poderei trabalhar&nbsp;em uma empresa no Distrito, que \u00e9 meu sonho. Esse curso est\u00e1 sendo de grande import\u00e2ncia para mim\u201d, disse Murilo.<\/p>\n\n\n\n<p><strong>Sobre o curso de L\u00edngua Coreana&nbsp;<\/strong><\/p>\n\n\n\n<p>Voltado a estudantes regularmente matriculados no 7\u00ba ano do ensino fundamental da rede p\u00fablica municipal de Manaus, o projeto teve in\u00edcio em 2025, com a implanta\u00e7\u00e3o de uma turma-piloto, com dura\u00e7\u00e3o de tr\u00eas meses. A experi\u00eancia inicial possibilitou a consolida\u00e7\u00e3o da proposta pedag\u00f3gica e a amplia\u00e7\u00e3o da iniciativa para o ano seguinte.&nbsp;&nbsp;<\/p>\n\n\n\n<p>Neste ano, o projeto passa a atender novas turmas do 7\u00ba ano, com a forma\u00e7\u00e3o de uma turma por Divis\u00e3o Distrital Zonal (DDZ). Os estudantes selecionados dar\u00e3o continuidade \u00e0 forma\u00e7\u00e3o at\u00e9 a conclus\u00e3o do 9\u00ba ano do ensino fundamental, assegurando a progress\u00e3o do aprendizado ao longo de tr\u00eas anos.\u00a0<\/p>\n\n\n\n<figure class=\"wp-block-image size-large\"><img loading=\"lazy\" decoding=\"async\" width=\"1024\" height=\"762\" src=\"https:\/\/www.manaus.am.gov.br\/semcom\/wp-content\/uploads\/sites\/5\/2026\/03\/WhatsApp-Image-2026-03-03-at-10.55.03-e1772554816910-1024x762.jpeg\" alt=\"\" class=\"wp-image-253744\" srcset=\"https:\/\/www.manaus.am.gov.br\/semcom\/wp-content\/uploads\/sites\/5\/2026\/03\/WhatsApp-Image-2026-03-03-at-10.55.03-e1772554816910-1024x762.jpeg 1024w, https:\/\/www.manaus.am.gov.br\/semcom\/wp-content\/uploads\/sites\/5\/2026\/03\/WhatsApp-Image-2026-03-03-at-10.55.03-e1772554816910-300x223.jpeg 300w, https:\/\/www.manaus.am.gov.br\/semcom\/wp-content\/uploads\/sites\/5\/2026\/03\/WhatsApp-Image-2026-03-03-at-10.55.03-e1772554816910-768x572.jpeg 768w, https:\/\/www.manaus.am.gov.br\/semcom\/wp-content\/uploads\/sites\/5\/2026\/03\/WhatsApp-Image-2026-03-03-at-10.55.03-e1772554816910.jpeg 1200w\" sizes=\"(max-width: 1024px) 100vw, 1024px\" \/><figcaption class=\"wp-element-caption\">#paratodosverem &#8211; Apresenta\u00e7\u00e3o<\/figcaption><\/figure>\n\n\n\n<p>&#8212; &#8212; &#8212;<\/p>\n\n\n\n<p><strong>Texto<\/strong> &#8211; Jorgiane&nbsp;Castinares\/Semed&nbsp;<\/p>\n\n\n\n<p><strong>Fotos &#8211;<\/strong> Divulga\u00e7\u00e3o\/Semed&nbsp;<\/p>\n","protected":false},"excerpt":{"rendered":"","protected":false},"author":39,"featured_media":253745,"comment_status":"closed","ping_status":"closed","sticky":false,"template":"","format":"standard","meta":{"footnotes":""},"categories":[40],"tags":[19588,19589,77,19590,62],"acf":[],"yoast_head":"<!-- This site is optimized with the Yoast SEO plugin v23.0 - https:\/\/yoast.com\/wordpress\/plugins\/seo\/ -->\n<title>Projeto \u2018Educa\u00e7\u00e3o sem Fronteiras: Coreia em Manaus\u2019 em escolas<\/title>\n<meta name=\"description\" content=\"Projeto &#039;Educa\u00e7\u00e3o sem Fronteiras: Coreia em Manaus\u2019 \u00e9 ampliado para mais escolas da prefeitura em parceria com o CCCB.\" \/>\n<meta name=\"robots\" content=\"index, follow, max-snippet:-1, max-image-preview:large, max-video-preview:-1\" \/>\n<link rel=\"canonical\" href=\"https:\/\/www.manaus.am.gov.br\/semcom\/projeto-curso-lingua-coreana-escolas\/\" \/>\n<meta property=\"og:locale\" content=\"pt_BR\" \/>\n<meta property=\"og:type\" content=\"article\" \/>\n<meta property=\"og:title\" content=\"Projeto \u2018Educa\u00e7\u00e3o sem Fronteiras: Coreia em Manaus\u2019 em escolas\" \/>\n<meta property=\"og:description\" content=\"Projeto &#039;Educa\u00e7\u00e3o sem Fronteiras: Coreia em Manaus\u2019 \u00e9 ampliado para mais escolas da prefeitura em parceria com o CCCB.\" \/>\n<meta property=\"og:url\" content=\"https:\/\/www.manaus.am.gov.br\/semcom\/projeto-curso-lingua-coreana-escolas\/\" \/>\n<meta property=\"og:site_name\" content=\"SEMCOM\" \/>\n<meta property=\"article:published_time\" content=\"2026-03-03T16:22:47+00:00\" \/>\n<meta property=\"og:image\" content=\"https:\/\/www.manaus.am.gov.br\/semcom\/wp-content\/uploads\/sites\/5\/2026\/03\/WhatsApp-Image-2026-03-03-at-10.55.02.jpeg\" \/>\n\t<meta property=\"og:image:width\" content=\"1600\" \/>\n\t<meta property=\"og:image:height\" content=\"1200\" \/>\n\t<meta property=\"og:image:type\" content=\"image\/jpeg\" \/>\n<meta name=\"author\" content=\"Bruna Greco\" \/>\n<meta name=\"twitter:card\" content=\"summary_large_image\" \/>\n<meta name=\"twitter:label1\" content=\"Written by\" \/>\n\t<meta name=\"twitter:data1\" content=\"Bruna Greco\" \/>\n\t<meta name=\"twitter:label2\" content=\"Est. reading time\" \/>\n\t<meta name=\"twitter:data2\" content=\"4 minutos\" \/>\n<script type=\"application\/ld+json\" class=\"yoast-schema-graph\">{\"@context\":\"https:\/\/schema.org\",\"@graph\":[{\"@type\":\"WebPage\",\"@id\":\"https:\/\/www.manaus.am.gov.br\/semcom\/projeto-curso-lingua-coreana-escolas\/\",\"url\":\"https:\/\/www.manaus.am.gov.br\/semcom\/projeto-curso-lingua-coreana-escolas\/\",\"name\":\"Projeto \u2018Educa\u00e7\u00e3o sem Fronteiras: Coreia em Manaus\u2019 em escolas\",\"isPartOf\":{\"@id\":\"https:\/\/www.manaus.am.gov.br\/semcom\/#website\"},\"primaryImageOfPage\":{\"@id\":\"https:\/\/www.manaus.am.gov.br\/semcom\/projeto-curso-lingua-coreana-escolas\/#primaryimage\"},\"image\":{\"@id\":\"https:\/\/www.manaus.am.gov.br\/semcom\/projeto-curso-lingua-coreana-escolas\/#primaryimage\"},\"thumbnailUrl\":\"https:\/\/www.manaus.am.gov.br\/semcom\/wp-content\/uploads\/sites\/5\/2026\/03\/WhatsApp-Image-2026-03-03-at-10.55.02.jpeg\",\"datePublished\":\"2026-03-03T16:22:47+00:00\",\"dateModified\":\"2026-03-03T16:22:47+00:00\",\"author\":{\"@id\":\"https:\/\/www.manaus.am.gov.br\/semcom\/#\/schema\/person\/05d223aea2bf115f9883a6ff3683d81b\"},\"description\":\"Projeto 'Educa\u00e7\u00e3o sem Fronteiras: Coreia em Manaus\u2019 \u00e9 ampliado para mais escolas da prefeitura em parceria com o CCCB.\",\"inLanguage\":\"pt-BR\",\"potentialAction\":[{\"@type\":\"ReadAction\",\"target\":[\"https:\/\/www.manaus.am.gov.br\/semcom\/projeto-curso-lingua-coreana-escolas\/\"]}]},{\"@type\":\"ImageObject\",\"inLanguage\":\"pt-BR\",\"@id\":\"https:\/\/www.manaus.am.gov.br\/semcom\/projeto-curso-lingua-coreana-escolas\/#primaryimage\",\"url\":\"https:\/\/www.manaus.am.gov.br\/semcom\/wp-content\/uploads\/sites\/5\/2026\/03\/WhatsApp-Image-2026-03-03-at-10.55.02.jpeg\",\"contentUrl\":\"https:\/\/www.manaus.am.gov.br\/semcom\/wp-content\/uploads\/sites\/5\/2026\/03\/WhatsApp-Image-2026-03-03-at-10.55.02.jpeg\",\"width\":1600,\"height\":1200,\"caption\":\"#paratodosverem - Estudantes da Semed participando de curso de L\u00edngua Coreana como parte do projeto \u201cEduca\u00e7\u00e3o sem Fronteiras: Coreia em Manaus\u201d\"},{\"@type\":\"WebSite\",\"@id\":\"https:\/\/www.manaus.am.gov.br\/semcom\/#website\",\"url\":\"https:\/\/www.manaus.am.gov.br\/semcom\/\",\"name\":\"SEMCOM\",\"description\":\"Secretaria Municipal de Comunica\u00e7\u00e3o\",\"potentialAction\":[{\"@type\":\"SearchAction\",\"target\":{\"@type\":\"EntryPoint\",\"urlTemplate\":\"https:\/\/www.manaus.am.gov.br\/semcom\/?s={search_term_string}\"},\"query-input\":\"required name=search_term_string\"}],\"inLanguage\":\"pt-BR\"},{\"@type\":\"Person\",\"@id\":\"https:\/\/www.manaus.am.gov.br\/semcom\/#\/schema\/person\/05d223aea2bf115f9883a6ff3683d81b\",\"name\":\"Bruna Greco\",\"image\":{\"@type\":\"ImageObject\",\"inLanguage\":\"pt-BR\",\"@id\":\"https:\/\/www.manaus.am.gov.br\/semcom\/#\/schema\/person\/image\/\",\"url\":\"https:\/\/secure.gravatar.com\/avatar\/9c877d1a6adc2a055330e5c09a8653ce?s=96&d=mm&r=g\",\"contentUrl\":\"https:\/\/secure.gravatar.com\/avatar\/9c877d1a6adc2a055330e5c09a8653ce?s=96&d=mm&r=g\",\"caption\":\"Bruna Greco\"}}]}<\/script>\n<!-- \/ Yoast SEO plugin. -->","yoast_head_json":{"title":"Projeto \u2018Educa\u00e7\u00e3o sem Fronteiras: Coreia em Manaus\u2019 em escolas","description":"Projeto 'Educa\u00e7\u00e3o sem Fronteiras: Coreia em Manaus\u2019 \u00e9 ampliado para mais escolas da prefeitura em parceria com o CCCB.","robots":{"index":"index","follow":"follow","max-snippet":"max-snippet:-1","max-image-preview":"max-image-preview:large","max-video-preview":"max-video-preview:-1"},"canonical":"https:\/\/www.manaus.am.gov.br\/semcom\/projeto-curso-lingua-coreana-escolas\/","og_locale":"pt_BR","og_type":"article","og_title":"Projeto \u2018Educa\u00e7\u00e3o sem Fronteiras: Coreia em Manaus\u2019 em escolas","og_description":"Projeto 'Educa\u00e7\u00e3o sem Fronteiras: Coreia em Manaus\u2019 \u00e9 ampliado para mais escolas da prefeitura em parceria com o CCCB.","og_url":"https:\/\/www.manaus.am.gov.br\/semcom\/projeto-curso-lingua-coreana-escolas\/","og_site_name":"SEMCOM","article_published_time":"2026-03-03T16:22:47+00:00","og_image":[{"width":1600,"height":1200,"url":"https:\/\/www.manaus.am.gov.br\/semcom\/wp-content\/uploads\/sites\/5\/2026\/03\/WhatsApp-Image-2026-03-03-at-10.55.02.jpeg","type":"image\/jpeg"}],"author":"Bruna Greco","twitter_card":"summary_large_image","twitter_misc":{"Written by":"Bruna Greco","Est. reading time":"4 minutos"},"schema":{"@context":"https:\/\/schema.org","@graph":[{"@type":"WebPage","@id":"https:\/\/www.manaus.am.gov.br\/semcom\/projeto-curso-lingua-coreana-escolas\/","url":"https:\/\/www.manaus.am.gov.br\/semcom\/projeto-curso-lingua-coreana-escolas\/","name":"Projeto \u2018Educa\u00e7\u00e3o sem Fronteiras: Coreia em Manaus\u2019 em escolas","isPartOf":{"@id":"https:\/\/www.manaus.am.gov.br\/semcom\/#website"},"primaryImageOfPage":{"@id":"https:\/\/www.manaus.am.gov.br\/semcom\/projeto-curso-lingua-coreana-escolas\/#primaryimage"},"image":{"@id":"https:\/\/www.manaus.am.gov.br\/semcom\/projeto-curso-lingua-coreana-escolas\/#primaryimage"},"thumbnailUrl":"https:\/\/www.manaus.am.gov.br\/semcom\/wp-content\/uploads\/sites\/5\/2026\/03\/WhatsApp-Image-2026-03-03-at-10.55.02.jpeg","datePublished":"2026-03-03T16:22:47+00:00","dateModified":"2026-03-03T16:22:47+00:00","author":{"@id":"https:\/\/www.manaus.am.gov.br\/semcom\/#\/schema\/person\/05d223aea2bf115f9883a6ff3683d81b"},"description":"Projeto 'Educa\u00e7\u00e3o sem Fronteiras: Coreia em Manaus\u2019 \u00e9 ampliado para mais escolas da prefeitura em parceria com o CCCB.","inLanguage":"pt-BR","potentialAction":[{"@type":"ReadAction","target":["https:\/\/www.manaus.am.gov.br\/semcom\/projeto-curso-lingua-coreana-escolas\/"]}]},{"@type":"ImageObject","inLanguage":"pt-BR","@id":"https:\/\/www.manaus.am.gov.br\/semcom\/projeto-curso-lingua-coreana-escolas\/#primaryimage","url":"https:\/\/www.manaus.am.gov.br\/semcom\/wp-content\/uploads\/sites\/5\/2026\/03\/WhatsApp-Image-2026-03-03-at-10.55.02.jpeg","contentUrl":"https:\/\/www.manaus.am.gov.br\/semcom\/wp-content\/uploads\/sites\/5\/2026\/03\/WhatsApp-Image-2026-03-03-at-10.55.02.jpeg","width":1600,"height":1200,"caption":"#paratodosverem - Estudantes da Semed participando de curso de L\u00edngua Coreana como parte do projeto \u201cEduca\u00e7\u00e3o sem Fronteiras: Coreia em Manaus\u201d"},{"@type":"WebSite","@id":"https:\/\/www.manaus.am.gov.br\/semcom\/#website","url":"https:\/\/www.manaus.am.gov.br\/semcom\/","name":"SEMCOM","description":"Secretaria Municipal de Comunica\u00e7\u00e3o","potentialAction":[{"@type":"SearchAction","target":{"@type":"EntryPoint","urlTemplate":"https:\/\/www.manaus.am.gov.br\/semcom\/?s={search_term_string}"},"query-input":"required name=search_term_string"}],"inLanguage":"pt-BR"},{"@type":"Person","@id":"https:\/\/www.manaus.am.gov.br\/semcom\/#\/schema\/person\/05d223aea2bf115f9883a6ff3683d81b","name":"Bruna Greco","image":{"@type":"ImageObject","inLanguage":"pt-BR","@id":"https:\/\/www.manaus.am.gov.br\/semcom\/#\/schema\/person\/image\/","url":"https:\/\/secure.gravatar.com\/avatar\/9c877d1a6adc2a055330e5c09a8653ce?s=96&d=mm&r=g","contentUrl":"https:\/\/secure.gravatar.com\/avatar\/9c877d1a6adc2a055330e5c09a8653ce?s=96&d=mm&r=g","caption":"Bruna Greco"}}]}},"_links":{"self":[{"href":"https:\/\/www.manaus.am.gov.br\/semcom\/wp-json\/wp\/v2\/posts\/253743"}],"collection":[{"href":"https:\/\/www.manaus.am.gov.br\/semcom\/wp-json\/wp\/v2\/posts"}],"about":[{"href":"https:\/\/www.manaus.am.gov.br\/semcom\/wp-json\/wp\/v2\/types\/post"}],"author":[{"embeddable":true,"href":"https:\/\/www.manaus.am.gov.br\/semcom\/wp-json\/wp\/v2\/users\/39"}],"replies":[{"embeddable":true,"href":"https:\/\/www.manaus.am.gov.br\/semcom\/wp-json\/wp\/v2\/comments?post=253743"}],"version-history":[{"count":1,"href":"https:\/\/www.manaus.am.gov.br\/semcom\/wp-json\/wp\/v2\/posts\/253743\/revisions"}],"predecessor-version":[{"id":253746,"href":"https:\/\/www.manaus.am.gov.br\/semcom\/wp-json\/wp\/v2\/posts\/253743\/revisions\/253746"}],"wp:featuredmedia":[{"embeddable":true,"href":"https:\/\/www.manaus.am.gov.br\/semcom\/wp-json\/wp\/v2\/media\/253745"}],"wp:attachment":[{"href":"https:\/\/www.manaus.am.gov.br\/semcom\/wp-json\/wp\/v2\/media?parent=253743"}],"wp:term":[{"taxonomy":"category","embeddable":true,"href":"https:\/\/www.manaus.am.gov.br\/semcom\/wp-json\/wp\/v2\/categories?post=253743"},{"taxonomy":"post_tag","embeddable":true,"href":"https:\/\/www.manaus.am.gov.br\/semcom\/wp-json\/wp\/v2\/tags?post=253743"}],"curies":[{"name":"wp","href":"https:\/\/api.w.org\/{rel}","templated":true}]}}