{"id":253706,"date":"2026-03-02T15:48:04","date_gmt":"2026-03-02T18:48:04","guid":{"rendered":"https:\/\/www.manaus.am.gov.br\/semcom\/prefeitura-ageman-iluminacao-saofrancisco\/"},"modified":"2026-03-03T11:47:50","modified_gmt":"2026-03-03T14:47:50","slug":"prefeitura-ageman-iluminacao-publica-saofrancisco","status":"publish","type":"post","link":"https:\/\/www.manaus.am.gov.br\/semcom\/prefeitura-ageman-iluminacao-publica-saofrancisco\/","title":{"rendered":"Prefeitura de Manaus amplia capacidade da ilumina\u00e7\u00e3o p\u00fablica em ruas do bairro S\u00e3o Francisco"},"content":{"rendered":"\n<p>Os moradores da rua Vasconcelos Chaves, no bairro S\u00e3o Francisco, zona Sul de <a href=\"https:\/\/www.instagram.com\/prefeiturademanaus\/\">Manau<\/a>s, foram beneficiados com a melhoria da ilumina\u00e7\u00e3o p\u00fablica. A localidade, que contava com lumin\u00e1rias de 30 watts, recebeu 14 novas lumin\u00e1rias com pot\u00eancia de 70 watts no fim de semana.<\/p>\n\n\n\n<p>O trabalho de instala\u00e7\u00e3o das novas lumin\u00e1rias foi acompanhado pelas equipes da <a href=\"https:\/\/www.instagram.com\/ageman_manaus\/\">Ag\u00eancia Reguladora dos Servi\u00e7os P\u00fablicos Delegados do Munic\u00edpio de Manaus<\/a><a href=\"https:\/\/www.manaus.am.gov.br\/\"> (Ageman).<\/a><\/p>\n\n\n\n<p>O diretor-executivo de Regula\u00e7\u00e3o e Fiscaliza\u00e7\u00e3o do Servi\u00e7o de Ilumina\u00e7\u00e3o P\u00fablica da Ageman, Everaldo Leal Santar\u00e9m, informou que a mudan\u00e7a se deu a pedido dos moradores.<\/p>\n\n\n\n<p>\u201cA comunidade solicitou que a ilumina\u00e7\u00e3o da quadra de esportes da rua ficasse acesa durante a madrugada, porque ajudava a iluminar melhor a via. Acionamos a Manaus Luz, que fez um teste de luminesc\u00eancia no per\u00edodo da noite e foi constatada a necessidade de ampliar a pot\u00eancia das lumin\u00e1rias para garantir uma melhor luminosidade na rua, ampliando a seguran\u00e7a para motoristas e pedestres\u201d, explicou ele.<\/p>\n\n\n\n<p>A dom\u00e9stica Tereza Torres, que mora na localidade h\u00e1 mais de 30 anos, disse que o trecho tem fluxo intenso de ve\u00edculos e apresentava pouca luminosidade, mesmo com todos os equipamentos em funcionamento. \u201cAgora, sim, ficamos at\u00e9 mais tranquilos e nos sentindo mais seguros\u201d, destacou.<\/p>\n\n\n\n<p>Al\u00e9m da rua Vasconcelos Chaves, a Ageman tamb\u00e9m solicitou uma avalia\u00e7\u00e3o das condi\u00e7\u00f5es de ilumina\u00e7\u00e3o da rua Ara\u00fajo Filho, localizada nos fundos da sede da Funda\u00e7\u00e3o Hospital Adriano Jorge. Nos pr\u00f3ximos dias, a concession\u00e1ria Manaus Luz dever\u00e1 realizar um estudo para verificar a necessidade de melhorias no local.<\/p>\n\n\n\n<p>A Ageman refor\u00e7a que problemas envolvendo os servi\u00e7os de ilumina\u00e7\u00e3o p\u00fablica podem ser registrados por meio do aplicativo Manaus Mais Luz, pelo n\u00famero 0800-201-0001 ou ainda junto \u00e0 Ouvidoria da ag\u00eancia reguladora, pelos n\u00fameros de WhatsApp 98842-2919 e 98410-3247.<\/p>\n\n\n\n<p>&#8212; &#8212; &#8212;<\/p>\n\n\n\n<p><strong>Texto<\/strong> \u2013 Tereza Te\u00f3filo\/Ageman<\/p>\n\n\n\n<p><strong>Fotos<\/strong> \u2013 Divulga\u00e7\u00e3o\/Ageman<\/p>\n","protected":false},"excerpt":{"rendered":"","protected":false},"author":23,"featured_media":253707,"comment_status":"closed","ping_status":"closed","sticky":false,"template":"","format":"standard","meta":{"footnotes":""},"categories":[2807],"tags":[215,373,77,17026],"acf":[],"yoast_head":"<!-- This site is optimized with the Yoast SEO plugin v23.0 - https:\/\/yoast.com\/wordpress\/plugins\/seo\/ -->\n<title>Prefeitura de Manaus amplia capacidade da ilumina\u00e7\u00e3o p\u00fablica em ruas do bairro S\u00e3o Francisco<\/title>\n<meta name=\"description\" content=\"Os moradores da rua Vasconcelos Chaves, no bairro S\u00e3o Francisco, zona Sul de Manaus, foram beneficiados com a melhoria da ilumina\u00e7\u00e3o p\u00fablica.\" \/>\n<meta name=\"robots\" content=\"index, follow, max-snippet:-1, max-image-preview:large, max-video-preview:-1\" \/>\n<link rel=\"canonical\" href=\"https:\/\/www.manaus.am.gov.br\/semcom\/prefeitura-ageman-iluminacao-saofrancisco\/\" \/>\n<meta property=\"og:locale\" content=\"pt_BR\" \/>\n<meta property=\"og:type\" content=\"article\" \/>\n<meta property=\"og:title\" content=\"Prefeitura de Manaus amplia capacidade da ilumina\u00e7\u00e3o p\u00fablica em ruas do bairro S\u00e3o Francisco\" \/>\n<meta property=\"og:description\" content=\"Os moradores da rua Vasconcelos Chaves, no bairro S\u00e3o Francisco, zona Sul de Manaus, foram beneficiados com a melhoria da ilumina\u00e7\u00e3o p\u00fablica.\" \/>\n<meta property=\"og:url\" content=\"https:\/\/www.manaus.am.gov.br\/semcom\/prefeitura-ageman-iluminacao-saofrancisco\/\" \/>\n<meta property=\"og:site_name\" content=\"SEMCOM\" \/>\n<meta property=\"article:published_time\" content=\"2026-03-02T18:48:04+00:00\" \/>\n<meta property=\"article:modified_time\" content=\"2026-03-03T14:47:50+00:00\" \/>\n<meta property=\"og:image\" content=\"https:\/\/www.manaus.am.gov.br\/semcom\/wp-content\/uploads\/sites\/5\/2026\/03\/WhatsApp-Image-2026-03-02-at-14.01.13.jpeg\" \/>\n\t<meta property=\"og:image:width\" content=\"1280\" \/>\n\t<meta property=\"og:image:height\" content=\"960\" \/>\n\t<meta property=\"og:image:type\" content=\"image\/jpeg\" \/>\n<meta name=\"author\" content=\"Adriana Costa\" \/>\n<meta name=\"twitter:card\" content=\"summary_large_image\" \/>\n<meta name=\"twitter:label1\" content=\"Written by\" \/>\n\t<meta name=\"twitter:data1\" content=\"Adriana Costa\" \/>\n\t<meta name=\"twitter:label2\" content=\"Est. reading time\" \/>\n\t<meta name=\"twitter:data2\" content=\"2 minutos\" \/>\n<script type=\"application\/ld+json\" class=\"yoast-schema-graph\">{\"@context\":\"https:\/\/schema.org\",\"@graph\":[{\"@type\":\"WebPage\",\"@id\":\"https:\/\/www.manaus.am.gov.br\/semcom\/prefeitura-ageman-iluminacao-saofrancisco\/\",\"url\":\"https:\/\/www.manaus.am.gov.br\/semcom\/prefeitura-ageman-iluminacao-saofrancisco\/\",\"name\":\"Prefeitura de Manaus amplia capacidade da ilumina\u00e7\u00e3o p\u00fablica em ruas do bairro S\u00e3o Francisco\",\"isPartOf\":{\"@id\":\"https:\/\/www.manaus.am.gov.br\/semcom\/#website\"},\"primaryImageOfPage\":{\"@id\":\"https:\/\/www.manaus.am.gov.br\/semcom\/prefeitura-ageman-iluminacao-saofrancisco\/#primaryimage\"},\"image\":{\"@id\":\"https:\/\/www.manaus.am.gov.br\/semcom\/prefeitura-ageman-iluminacao-saofrancisco\/#primaryimage\"},\"thumbnailUrl\":\"https:\/\/www.manaus.am.gov.br\/semcom\/wp-content\/uploads\/sites\/5\/2026\/03\/WhatsApp-Image-2026-03-02-at-14.01.13.jpeg\",\"datePublished\":\"2026-03-02T18:48:04+00:00\",\"dateModified\":\"2026-03-03T14:47:50+00:00\",\"author\":{\"@id\":\"https:\/\/www.manaus.am.gov.br\/semcom\/#\/schema\/person\/4e49f4e267757a06ca072ec61b2b9968\"},\"description\":\"Os moradores da rua Vasconcelos Chaves, no bairro S\u00e3o Francisco, zona Sul de Manaus, foram beneficiados com a melhoria da ilumina\u00e7\u00e3o p\u00fablica.\",\"inLanguage\":\"pt-BR\",\"potentialAction\":[{\"@type\":\"ReadAction\",\"target\":[\"https:\/\/www.manaus.am.gov.br\/semcom\/prefeitura-ageman-iluminacao-saofrancisco\/\"]}]},{\"@type\":\"ImageObject\",\"inLanguage\":\"pt-BR\",\"@id\":\"https:\/\/www.manaus.am.gov.br\/semcom\/prefeitura-ageman-iluminacao-saofrancisco\/#primaryimage\",\"url\":\"https:\/\/www.manaus.am.gov.br\/semcom\/wp-content\/uploads\/sites\/5\/2026\/03\/WhatsApp-Image-2026-03-02-at-14.01.13.jpeg\",\"contentUrl\":\"https:\/\/www.manaus.am.gov.br\/semcom\/wp-content\/uploads\/sites\/5\/2026\/03\/WhatsApp-Image-2026-03-02-at-14.01.13.jpeg\",\"width\":1280,\"height\":960,\"caption\":\"#paratodosverem - Bairro S\u00e3o Francisco recebe melhoria no servi\u00e7o de ilumina\u00e7\u00e3o p\u00fablica\"},{\"@type\":\"WebSite\",\"@id\":\"https:\/\/www.manaus.am.gov.br\/semcom\/#website\",\"url\":\"https:\/\/www.manaus.am.gov.br\/semcom\/\",\"name\":\"SEMCOM\",\"description\":\"Secretaria Municipal de Comunica\u00e7\u00e3o\",\"potentialAction\":[{\"@type\":\"SearchAction\",\"target\":{\"@type\":\"EntryPoint\",\"urlTemplate\":\"https:\/\/www.manaus.am.gov.br\/semcom\/?s={search_term_string}\"},\"query-input\":\"required name=search_term_string\"}],\"inLanguage\":\"pt-BR\"},{\"@type\":\"Person\",\"@id\":\"https:\/\/www.manaus.am.gov.br\/semcom\/#\/schema\/person\/4e49f4e267757a06ca072ec61b2b9968\",\"name\":\"Adriana Costa\",\"image\":{\"@type\":\"ImageObject\",\"inLanguage\":\"pt-BR\",\"@id\":\"https:\/\/www.manaus.am.gov.br\/semcom\/#\/schema\/person\/image\/\",\"url\":\"https:\/\/secure.gravatar.com\/avatar\/576258617ef7194f718179e766d57bd4?s=96&d=mm&r=g\",\"contentUrl\":\"https:\/\/secure.gravatar.com\/avatar\/576258617ef7194f718179e766d57bd4?s=96&d=mm&r=g\",\"caption\":\"Adriana Costa\"}}]}<\/script>\n<!-- \/ Yoast SEO plugin. -->","yoast_head_json":{"title":"Prefeitura de Manaus amplia capacidade da ilumina\u00e7\u00e3o p\u00fablica em ruas do bairro S\u00e3o Francisco","description":"Os moradores da rua Vasconcelos Chaves, no bairro S\u00e3o Francisco, zona Sul de Manaus, foram beneficiados com a melhoria da ilumina\u00e7\u00e3o p\u00fablica.","robots":{"index":"index","follow":"follow","max-snippet":"max-snippet:-1","max-image-preview":"max-image-preview:large","max-video-preview":"max-video-preview:-1"},"canonical":"https:\/\/www.manaus.am.gov.br\/semcom\/prefeitura-ageman-iluminacao-saofrancisco\/","og_locale":"pt_BR","og_type":"article","og_title":"Prefeitura de Manaus amplia capacidade da ilumina\u00e7\u00e3o p\u00fablica em ruas do bairro S\u00e3o Francisco","og_description":"Os moradores da rua Vasconcelos Chaves, no bairro S\u00e3o Francisco, zona Sul de Manaus, foram beneficiados com a melhoria da ilumina\u00e7\u00e3o p\u00fablica.","og_url":"https:\/\/www.manaus.am.gov.br\/semcom\/prefeitura-ageman-iluminacao-saofrancisco\/","og_site_name":"SEMCOM","article_published_time":"2026-03-02T18:48:04+00:00","article_modified_time":"2026-03-03T14:47:50+00:00","og_image":[{"width":1280,"height":960,"url":"https:\/\/www.manaus.am.gov.br\/semcom\/wp-content\/uploads\/sites\/5\/2026\/03\/WhatsApp-Image-2026-03-02-at-14.01.13.jpeg","type":"image\/jpeg"}],"author":"Adriana Costa","twitter_card":"summary_large_image","twitter_misc":{"Written by":"Adriana Costa","Est. reading time":"2 minutos"},"schema":{"@context":"https:\/\/schema.org","@graph":[{"@type":"WebPage","@id":"https:\/\/www.manaus.am.gov.br\/semcom\/prefeitura-ageman-iluminacao-saofrancisco\/","url":"https:\/\/www.manaus.am.gov.br\/semcom\/prefeitura-ageman-iluminacao-saofrancisco\/","name":"Prefeitura de Manaus amplia capacidade da ilumina\u00e7\u00e3o p\u00fablica em ruas do bairro S\u00e3o Francisco","isPartOf":{"@id":"https:\/\/www.manaus.am.gov.br\/semcom\/#website"},"primaryImageOfPage":{"@id":"https:\/\/www.manaus.am.gov.br\/semcom\/prefeitura-ageman-iluminacao-saofrancisco\/#primaryimage"},"image":{"@id":"https:\/\/www.manaus.am.gov.br\/semcom\/prefeitura-ageman-iluminacao-saofrancisco\/#primaryimage"},"thumbnailUrl":"https:\/\/www.manaus.am.gov.br\/semcom\/wp-content\/uploads\/sites\/5\/2026\/03\/WhatsApp-Image-2026-03-02-at-14.01.13.jpeg","datePublished":"2026-03-02T18:48:04+00:00","dateModified":"2026-03-03T14:47:50+00:00","author":{"@id":"https:\/\/www.manaus.am.gov.br\/semcom\/#\/schema\/person\/4e49f4e267757a06ca072ec61b2b9968"},"description":"Os moradores da rua Vasconcelos Chaves, no bairro S\u00e3o Francisco, zona Sul de Manaus, foram beneficiados com a melhoria da ilumina\u00e7\u00e3o p\u00fablica.","inLanguage":"pt-BR","potentialAction":[{"@type":"ReadAction","target":["https:\/\/www.manaus.am.gov.br\/semcom\/prefeitura-ageman-iluminacao-saofrancisco\/"]}]},{"@type":"ImageObject","inLanguage":"pt-BR","@id":"https:\/\/www.manaus.am.gov.br\/semcom\/prefeitura-ageman-iluminacao-saofrancisco\/#primaryimage","url":"https:\/\/www.manaus.am.gov.br\/semcom\/wp-content\/uploads\/sites\/5\/2026\/03\/WhatsApp-Image-2026-03-02-at-14.01.13.jpeg","contentUrl":"https:\/\/www.manaus.am.gov.br\/semcom\/wp-content\/uploads\/sites\/5\/2026\/03\/WhatsApp-Image-2026-03-02-at-14.01.13.jpeg","width":1280,"height":960,"caption":"#paratodosverem - Bairro S\u00e3o Francisco recebe melhoria no servi\u00e7o de ilumina\u00e7\u00e3o p\u00fablica"},{"@type":"WebSite","@id":"https:\/\/www.manaus.am.gov.br\/semcom\/#website","url":"https:\/\/www.manaus.am.gov.br\/semcom\/","name":"SEMCOM","description":"Secretaria Municipal de Comunica\u00e7\u00e3o","potentialAction":[{"@type":"SearchAction","target":{"@type":"EntryPoint","urlTemplate":"https:\/\/www.manaus.am.gov.br\/semcom\/?s={search_term_string}"},"query-input":"required name=search_term_string"}],"inLanguage":"pt-BR"},{"@type":"Person","@id":"https:\/\/www.manaus.am.gov.br\/semcom\/#\/schema\/person\/4e49f4e267757a06ca072ec61b2b9968","name":"Adriana Costa","image":{"@type":"ImageObject","inLanguage":"pt-BR","@id":"https:\/\/www.manaus.am.gov.br\/semcom\/#\/schema\/person\/image\/","url":"https:\/\/secure.gravatar.com\/avatar\/576258617ef7194f718179e766d57bd4?s=96&d=mm&r=g","contentUrl":"https:\/\/secure.gravatar.com\/avatar\/576258617ef7194f718179e766d57bd4?s=96&d=mm&r=g","caption":"Adriana Costa"}}]}},"_links":{"self":[{"href":"https:\/\/www.manaus.am.gov.br\/semcom\/wp-json\/wp\/v2\/posts\/253706"}],"collection":[{"href":"https:\/\/www.manaus.am.gov.br\/semcom\/wp-json\/wp\/v2\/posts"}],"about":[{"href":"https:\/\/www.manaus.am.gov.br\/semcom\/wp-json\/wp\/v2\/types\/post"}],"author":[{"embeddable":true,"href":"https:\/\/www.manaus.am.gov.br\/semcom\/wp-json\/wp\/v2\/users\/23"}],"replies":[{"embeddable":true,"href":"https:\/\/www.manaus.am.gov.br\/semcom\/wp-json\/wp\/v2\/comments?post=253706"}],"version-history":[{"count":3,"href":"https:\/\/www.manaus.am.gov.br\/semcom\/wp-json\/wp\/v2\/posts\/253706\/revisions"}],"predecessor-version":[{"id":253732,"href":"https:\/\/www.manaus.am.gov.br\/semcom\/wp-json\/wp\/v2\/posts\/253706\/revisions\/253732"}],"wp:featuredmedia":[{"embeddable":true,"href":"https:\/\/www.manaus.am.gov.br\/semcom\/wp-json\/wp\/v2\/media\/253707"}],"wp:attachment":[{"href":"https:\/\/www.manaus.am.gov.br\/semcom\/wp-json\/wp\/v2\/media?parent=253706"}],"wp:term":[{"taxonomy":"category","embeddable":true,"href":"https:\/\/www.manaus.am.gov.br\/semcom\/wp-json\/wp\/v2\/categories?post=253706"},{"taxonomy":"post_tag","embeddable":true,"href":"https:\/\/www.manaus.am.gov.br\/semcom\/wp-json\/wp\/v2\/tags?post=253706"}],"curies":[{"name":"wp","href":"https:\/\/api.w.org\/{rel}","templated":true}]}}