{"id":253660,"date":"2026-03-01T09:39:05","date_gmt":"2026-03-01T13:39:05","guid":{"rendered":"https:\/\/www.manaus.am.gov.br\/semcom\/3a-edicao-feirao-negocia-manaus\/"},"modified":"2026-03-02T14:41:33","modified_gmt":"2026-03-02T17:41:33","slug":"3a-edicao-feirao-negocia-manaus","status":"publish","type":"post","link":"https:\/\/www.manaus.am.gov.br\/semcom\/3a-edicao-feirao-negocia-manaus\/","title":{"rendered":"Prefeitura de Manaus realiza 3\u00aa edi\u00e7\u00e3o do feir\u00e3o \u2018Negocia Manaus\u2019 de 3 a 6 de mar\u00e7o"},"content":{"rendered":"\n<p>A <a href=\"https:\/\/www.manaus.am.gov.br\/\">Prefeitura de Manaus<\/a>, por meio do Servi\u00e7o de Atendimento e Prote\u00e7\u00e3o ao Consumidor (Procon Manaus), realizar\u00e1, de 3 a 6\/3, a 3\u00aa edi\u00e7\u00e3o do feir\u00e3o \u201cNegocia Manaus\u201d, sendo a primeira edi\u00e7\u00e3o do ano. A a\u00e7\u00e3o acontecer\u00e1 das 8h \u00e0s 16h, na sala de eventos da <a href=\"https:\/\/www.instagram.com\/semtepimanaus\/\">Secretaria Municipal do Trabalho, Empreendedorismo e Inova\u00e7\u00e3o<\/a> (Semtepi), localizada no shopping Phelippe Daou, zona Norte da capital.<\/p>\n\n\n\n<p>O objetivo da iniciativa \u00e9 proporcionar condi\u00e7\u00f5es especiais para que consumidores inadimplentes possam regularizar seus d\u00e9bitos, com acesso direto \u00e0s empresas, descontos diferenciados e possibilidade de parcelamento, contribuindo para a redu\u00e7\u00e3o da inadimpl\u00eancia na capital.<\/p>\n\n\n\n<p>Nesta edi\u00e7\u00e3o, o feir\u00e3o amplia sua atua\u00e7\u00e3o e passa a contar, pela primeira vez, com a participa\u00e7\u00e3o de outras empresas al\u00e9m da concession\u00e1ria \u00c1guas de Manaus, garantindo mais op\u00e7\u00f5es de negocia\u00e7\u00e3o para os consumidores da capital. Tamb\u00e9m participam Claro, DB Supermercados, APA M\u00f3veis e o Instituto de Estudos de Protesto de T\u00edtulos do Brasil \u2013 Se\u00e7\u00e3o Amazonas (IEPTB-AM).<\/p>\n\n\n\n<p><strong>Condi\u00e7\u00f5es de negocia\u00e7\u00e3o<\/strong><\/p>\n\n\n\n<p>A \u00c1guas de Manaus oferecer\u00e1 parcelamento em at\u00e9 80 vezes, com entrada m\u00ednima de 10% da d\u00edvida original, al\u00e9m de descontos de at\u00e9 80%, conforme a idade do d\u00e9bito e a forma de pagamento. A empresa Claro poder\u00e1 conceder at\u00e9 95% de desconto em d\u00e9bitos antigos. O IEPTB-AM realizar\u00e1 consultas gratuitas de CPF e CNPJ e emitir\u00e1 boletos para regulariza\u00e7\u00e3o de pend\u00eancias cartoriais. As demais empresas participantes tamb\u00e9m disponibilizar\u00e3o condi\u00e7\u00f5es especiais, conforme an\u00e1lise individual de cada caso.<\/p>\n\n\n\n<p>Ser\u00e3o distribu\u00eddas senhas diariamente, a partir das 8h, por ordem de chegada e com respeito \u00e0s prioridades previstas em lei. A concession\u00e1ria \u00c1guas de Manaus realizar\u00e1 at\u00e9 150 atendimentos por dia, enquanto as demais empresas contar\u00e3o com 50 senhas di\u00e1rias cada.<\/p>\n\n\n\n<p>Durante o per\u00edodo do feir\u00e3o, os atendimentos regulares na sede do Procon Manaus, localizada no shopping Phelippe Daou, estar\u00e3o suspensos, sendo mantidas apenas as audi\u00eancias previamente agendadas. J\u00e1 no posto de atendimento da galeria Esp\u00edrito Santo, no centro da cidade, o funcionamento ocorrer\u00e1 das 8h \u00e0s 12h.<\/p>\n\n\n\n<figure class=\"wp-block-image size-large\"><img loading=\"lazy\" decoding=\"async\" width=\"1024\" height=\"683\" src=\"https:\/\/www.manaus.am.gov.br\/semcom\/wp-content\/uploads\/sites\/5\/2026\/03\/Acao-2-1024x683.jpeg\" alt=\"\" class=\"wp-image-253662\" srcset=\"https:\/\/www.manaus.am.gov.br\/semcom\/wp-content\/uploads\/sites\/5\/2026\/03\/Acao-2-1024x683.jpeg 1024w, https:\/\/www.manaus.am.gov.br\/semcom\/wp-content\/uploads\/sites\/5\/2026\/03\/Acao-2-300x200.jpeg 300w, https:\/\/www.manaus.am.gov.br\/semcom\/wp-content\/uploads\/sites\/5\/2026\/03\/Acao-2-768x512.jpeg 768w, https:\/\/www.manaus.am.gov.br\/semcom\/wp-content\/uploads\/sites\/5\/2026\/03\/Acao-2-1536x1024.jpeg 1536w, https:\/\/www.manaus.am.gov.br\/semcom\/wp-content\/uploads\/sites\/5\/2026\/03\/Acao-2-2048x1365.jpeg 2048w\" sizes=\"(max-width: 1024px) 100vw, 1024px\" \/><figcaption class=\"wp-element-caption\">#paratodosverem &#8211; Atendimento<\/figcaption><\/figure>\n\n\n\n<p>&#8212; &#8212; &#8212;<\/p>\n\n\n\n<p><strong>Texto<\/strong> \u2013&nbsp; Lara Bernardes\/Procon Manaus<\/p>\n\n\n\n<p><strong>Fotos <\/strong>\u2013 Jo\u00e3o Viana\/Arquivo Semcom<\/p>\n","protected":false},"excerpt":{"rendered":"","protected":false},"author":39,"featured_media":253661,"comment_status":"closed","ping_status":"closed","sticky":false,"template":"","format":"standard","meta":{"footnotes":""},"categories":[72],"tags":[19577,18302,19578,77,9825],"acf":[],"yoast_head":"<!-- This site is optimized with the Yoast SEO plugin v23.0 - https:\/\/yoast.com\/wordpress\/plugins\/seo\/ -->\n<title>Prefeitura de Manaus realiza 3\u00aa edi\u00e7\u00e3o do feir\u00e3o \u2018Negocia Manaus\u2019<\/title>\n<meta name=\"description\" content=\"Prefeitura de Manaus, por meio do Procon Manaus, realiza 3\u00aa edi\u00e7\u00e3o do feir\u00e3o \u2018Negocia Manaus\u2019 de 3 a 6 de mar\u00e7o.\" \/>\n<meta name=\"robots\" content=\"index, follow, max-snippet:-1, max-image-preview:large, max-video-preview:-1\" \/>\n<link rel=\"canonical\" href=\"https:\/\/www.manaus.am.gov.br\/semcom\/3a-edicao-feirao-negocia-manaus\/\" \/>\n<meta property=\"og:locale\" content=\"pt_BR\" \/>\n<meta property=\"og:type\" content=\"article\" \/>\n<meta property=\"og:title\" content=\"Prefeitura de Manaus realiza 3\u00aa edi\u00e7\u00e3o do feir\u00e3o \u2018Negocia Manaus\u2019\" \/>\n<meta property=\"og:description\" content=\"Prefeitura de Manaus, por meio do Procon Manaus, realiza 3\u00aa edi\u00e7\u00e3o do feir\u00e3o \u2018Negocia Manaus\u2019 de 3 a 6 de mar\u00e7o.\" \/>\n<meta property=\"og:url\" content=\"https:\/\/www.manaus.am.gov.br\/semcom\/3a-edicao-feirao-negocia-manaus\/\" \/>\n<meta property=\"og:site_name\" content=\"SEMCOM\" \/>\n<meta property=\"article:published_time\" content=\"2026-03-01T13:39:05+00:00\" \/>\n<meta property=\"article:modified_time\" content=\"2026-03-02T17:41:33+00:00\" \/>\n<meta property=\"og:image\" content=\"https:\/\/www.manaus.am.gov.br\/semcom\/wp-content\/uploads\/sites\/5\/2026\/03\/Acao-1-1024x683.jpeg\" \/>\n\t<meta property=\"og:image:width\" content=\"1024\" \/>\n\t<meta property=\"og:image:height\" content=\"683\" \/>\n\t<meta property=\"og:image:type\" content=\"image\/jpeg\" \/>\n<meta name=\"author\" content=\"Bruna Greco\" \/>\n<meta name=\"twitter:card\" content=\"summary_large_image\" \/>\n<meta name=\"twitter:label1\" content=\"Written by\" \/>\n\t<meta name=\"twitter:data1\" content=\"Bruna Greco\" \/>\n\t<meta name=\"twitter:label2\" content=\"Est. reading time\" \/>\n\t<meta name=\"twitter:data2\" content=\"3 minutos\" \/>\n<script type=\"application\/ld+json\" class=\"yoast-schema-graph\">{\"@context\":\"https:\/\/schema.org\",\"@graph\":[{\"@type\":\"WebPage\",\"@id\":\"https:\/\/www.manaus.am.gov.br\/semcom\/3a-edicao-feirao-negocia-manaus\/\",\"url\":\"https:\/\/www.manaus.am.gov.br\/semcom\/3a-edicao-feirao-negocia-manaus\/\",\"name\":\"Prefeitura de Manaus realiza 3\u00aa edi\u00e7\u00e3o do feir\u00e3o \u2018Negocia Manaus\u2019\",\"isPartOf\":{\"@id\":\"https:\/\/www.manaus.am.gov.br\/semcom\/#website\"},\"primaryImageOfPage\":{\"@id\":\"https:\/\/www.manaus.am.gov.br\/semcom\/3a-edicao-feirao-negocia-manaus\/#primaryimage\"},\"image\":{\"@id\":\"https:\/\/www.manaus.am.gov.br\/semcom\/3a-edicao-feirao-negocia-manaus\/#primaryimage\"},\"thumbnailUrl\":\"https:\/\/www.manaus.am.gov.br\/semcom\/wp-content\/uploads\/sites\/5\/2026\/03\/Acao-1.jpeg\",\"datePublished\":\"2026-03-01T13:39:05+00:00\",\"dateModified\":\"2026-03-02T17:41:33+00:00\",\"author\":{\"@id\":\"https:\/\/www.manaus.am.gov.br\/semcom\/#\/schema\/person\/05d223aea2bf115f9883a6ff3683d81b\"},\"description\":\"Prefeitura de Manaus, por meio do Procon Manaus, realiza 3\u00aa edi\u00e7\u00e3o do feir\u00e3o \u2018Negocia Manaus\u2019 de 3 a 6 de mar\u00e7o.\",\"inLanguage\":\"pt-BR\",\"potentialAction\":[{\"@type\":\"ReadAction\",\"target\":[\"https:\/\/www.manaus.am.gov.br\/semcom\/3a-edicao-feirao-negocia-manaus\/\"]}]},{\"@type\":\"ImageObject\",\"inLanguage\":\"pt-BR\",\"@id\":\"https:\/\/www.manaus.am.gov.br\/semcom\/3a-edicao-feirao-negocia-manaus\/#primaryimage\",\"url\":\"https:\/\/www.manaus.am.gov.br\/semcom\/wp-content\/uploads\/sites\/5\/2026\/03\/Acao-1.jpeg\",\"contentUrl\":\"https:\/\/www.manaus.am.gov.br\/semcom\/wp-content\/uploads\/sites\/5\/2026\/03\/Acao-1.jpeg\",\"width\":6000,\"height\":4000,\"caption\":\"#paratodosverem - Consumidores recebendo atendimento durante feir\u00e3o \\\"Negocia Manaus\\\" do Procon Manaus\"},{\"@type\":\"WebSite\",\"@id\":\"https:\/\/www.manaus.am.gov.br\/semcom\/#website\",\"url\":\"https:\/\/www.manaus.am.gov.br\/semcom\/\",\"name\":\"SEMCOM\",\"description\":\"Secretaria Municipal de Comunica\u00e7\u00e3o\",\"potentialAction\":[{\"@type\":\"SearchAction\",\"target\":{\"@type\":\"EntryPoint\",\"urlTemplate\":\"https:\/\/www.manaus.am.gov.br\/semcom\/?s={search_term_string}\"},\"query-input\":\"required name=search_term_string\"}],\"inLanguage\":\"pt-BR\"},{\"@type\":\"Person\",\"@id\":\"https:\/\/www.manaus.am.gov.br\/semcom\/#\/schema\/person\/05d223aea2bf115f9883a6ff3683d81b\",\"name\":\"Bruna Greco\",\"image\":{\"@type\":\"ImageObject\",\"inLanguage\":\"pt-BR\",\"@id\":\"https:\/\/www.manaus.am.gov.br\/semcom\/#\/schema\/person\/image\/\",\"url\":\"https:\/\/secure.gravatar.com\/avatar\/9c877d1a6adc2a055330e5c09a8653ce?s=96&d=mm&r=g\",\"contentUrl\":\"https:\/\/secure.gravatar.com\/avatar\/9c877d1a6adc2a055330e5c09a8653ce?s=96&d=mm&r=g\",\"caption\":\"Bruna Greco\"}}]}<\/script>\n<!-- \/ Yoast SEO plugin. -->","yoast_head_json":{"title":"Prefeitura de Manaus realiza 3\u00aa edi\u00e7\u00e3o do feir\u00e3o \u2018Negocia Manaus\u2019","description":"Prefeitura de Manaus, por meio do Procon Manaus, realiza 3\u00aa edi\u00e7\u00e3o do feir\u00e3o \u2018Negocia Manaus\u2019 de 3 a 6 de mar\u00e7o.","robots":{"index":"index","follow":"follow","max-snippet":"max-snippet:-1","max-image-preview":"max-image-preview:large","max-video-preview":"max-video-preview:-1"},"canonical":"https:\/\/www.manaus.am.gov.br\/semcom\/3a-edicao-feirao-negocia-manaus\/","og_locale":"pt_BR","og_type":"article","og_title":"Prefeitura de Manaus realiza 3\u00aa edi\u00e7\u00e3o do feir\u00e3o \u2018Negocia Manaus\u2019","og_description":"Prefeitura de Manaus, por meio do Procon Manaus, realiza 3\u00aa edi\u00e7\u00e3o do feir\u00e3o \u2018Negocia Manaus\u2019 de 3 a 6 de mar\u00e7o.","og_url":"https:\/\/www.manaus.am.gov.br\/semcom\/3a-edicao-feirao-negocia-manaus\/","og_site_name":"SEMCOM","article_published_time":"2026-03-01T13:39:05+00:00","article_modified_time":"2026-03-02T17:41:33+00:00","og_image":[{"width":1024,"height":683,"url":"https:\/\/www.manaus.am.gov.br\/semcom\/wp-content\/uploads\/sites\/5\/2026\/03\/Acao-1-1024x683.jpeg","type":"image\/jpeg"}],"author":"Bruna Greco","twitter_card":"summary_large_image","twitter_misc":{"Written by":"Bruna Greco","Est. reading time":"3 minutos"},"schema":{"@context":"https:\/\/schema.org","@graph":[{"@type":"WebPage","@id":"https:\/\/www.manaus.am.gov.br\/semcom\/3a-edicao-feirao-negocia-manaus\/","url":"https:\/\/www.manaus.am.gov.br\/semcom\/3a-edicao-feirao-negocia-manaus\/","name":"Prefeitura de Manaus realiza 3\u00aa edi\u00e7\u00e3o do feir\u00e3o \u2018Negocia Manaus\u2019","isPartOf":{"@id":"https:\/\/www.manaus.am.gov.br\/semcom\/#website"},"primaryImageOfPage":{"@id":"https:\/\/www.manaus.am.gov.br\/semcom\/3a-edicao-feirao-negocia-manaus\/#primaryimage"},"image":{"@id":"https:\/\/www.manaus.am.gov.br\/semcom\/3a-edicao-feirao-negocia-manaus\/#primaryimage"},"thumbnailUrl":"https:\/\/www.manaus.am.gov.br\/semcom\/wp-content\/uploads\/sites\/5\/2026\/03\/Acao-1.jpeg","datePublished":"2026-03-01T13:39:05+00:00","dateModified":"2026-03-02T17:41:33+00:00","author":{"@id":"https:\/\/www.manaus.am.gov.br\/semcom\/#\/schema\/person\/05d223aea2bf115f9883a6ff3683d81b"},"description":"Prefeitura de Manaus, por meio do Procon Manaus, realiza 3\u00aa edi\u00e7\u00e3o do feir\u00e3o \u2018Negocia Manaus\u2019 de 3 a 6 de mar\u00e7o.","inLanguage":"pt-BR","potentialAction":[{"@type":"ReadAction","target":["https:\/\/www.manaus.am.gov.br\/semcom\/3a-edicao-feirao-negocia-manaus\/"]}]},{"@type":"ImageObject","inLanguage":"pt-BR","@id":"https:\/\/www.manaus.am.gov.br\/semcom\/3a-edicao-feirao-negocia-manaus\/#primaryimage","url":"https:\/\/www.manaus.am.gov.br\/semcom\/wp-content\/uploads\/sites\/5\/2026\/03\/Acao-1.jpeg","contentUrl":"https:\/\/www.manaus.am.gov.br\/semcom\/wp-content\/uploads\/sites\/5\/2026\/03\/Acao-1.jpeg","width":6000,"height":4000,"caption":"#paratodosverem - Consumidores recebendo atendimento durante feir\u00e3o \"Negocia Manaus\" do Procon Manaus"},{"@type":"WebSite","@id":"https:\/\/www.manaus.am.gov.br\/semcom\/#website","url":"https:\/\/www.manaus.am.gov.br\/semcom\/","name":"SEMCOM","description":"Secretaria Municipal de Comunica\u00e7\u00e3o","potentialAction":[{"@type":"SearchAction","target":{"@type":"EntryPoint","urlTemplate":"https:\/\/www.manaus.am.gov.br\/semcom\/?s={search_term_string}"},"query-input":"required name=search_term_string"}],"inLanguage":"pt-BR"},{"@type":"Person","@id":"https:\/\/www.manaus.am.gov.br\/semcom\/#\/schema\/person\/05d223aea2bf115f9883a6ff3683d81b","name":"Bruna Greco","image":{"@type":"ImageObject","inLanguage":"pt-BR","@id":"https:\/\/www.manaus.am.gov.br\/semcom\/#\/schema\/person\/image\/","url":"https:\/\/secure.gravatar.com\/avatar\/9c877d1a6adc2a055330e5c09a8653ce?s=96&d=mm&r=g","contentUrl":"https:\/\/secure.gravatar.com\/avatar\/9c877d1a6adc2a055330e5c09a8653ce?s=96&d=mm&r=g","caption":"Bruna Greco"}}]}},"_links":{"self":[{"href":"https:\/\/www.manaus.am.gov.br\/semcom\/wp-json\/wp\/v2\/posts\/253660"}],"collection":[{"href":"https:\/\/www.manaus.am.gov.br\/semcom\/wp-json\/wp\/v2\/posts"}],"about":[{"href":"https:\/\/www.manaus.am.gov.br\/semcom\/wp-json\/wp\/v2\/types\/post"}],"author":[{"embeddable":true,"href":"https:\/\/www.manaus.am.gov.br\/semcom\/wp-json\/wp\/v2\/users\/39"}],"replies":[{"embeddable":true,"href":"https:\/\/www.manaus.am.gov.br\/semcom\/wp-json\/wp\/v2\/comments?post=253660"}],"version-history":[{"count":3,"href":"https:\/\/www.manaus.am.gov.br\/semcom\/wp-json\/wp\/v2\/posts\/253660\/revisions"}],"predecessor-version":[{"id":253697,"href":"https:\/\/www.manaus.am.gov.br\/semcom\/wp-json\/wp\/v2\/posts\/253660\/revisions\/253697"}],"wp:featuredmedia":[{"embeddable":true,"href":"https:\/\/www.manaus.am.gov.br\/semcom\/wp-json\/wp\/v2\/media\/253661"}],"wp:attachment":[{"href":"https:\/\/www.manaus.am.gov.br\/semcom\/wp-json\/wp\/v2\/media?parent=253660"}],"wp:term":[{"taxonomy":"category","embeddable":true,"href":"https:\/\/www.manaus.am.gov.br\/semcom\/wp-json\/wp\/v2\/categories?post=253660"},{"taxonomy":"post_tag","embeddable":true,"href":"https:\/\/www.manaus.am.gov.br\/semcom\/wp-json\/wp\/v2\/tags?post=253660"}],"curies":[{"name":"wp","href":"https:\/\/api.w.org\/{rel}","templated":true}]}}