{"id":253648,"date":"2026-02-28T16:08:24","date_gmt":"2026-02-28T20:08:24","guid":{"rendered":"https:\/\/www.manaus.am.gov.br\/semcom\/beiradao-da-cultura-feira-modelo-da-compensa\/"},"modified":"2026-02-28T17:08:44","modified_gmt":"2026-02-28T20:08:44","slug":"beiradao-da-cultura-feira-modelo-da-compensa","status":"publish","type":"post","link":"https:\/\/www.manaus.am.gov.br\/semcom\/beiradao-da-cultura-feira-modelo-da-compensa\/","title":{"rendered":"Terceira edi\u00e7\u00e3o do \u2018Beirad\u00e3o da Cultura\u2019 da prefeitura movimenta a feira modelo da Compensa"},"content":{"rendered":"\n<p>Como parte do programa Manaus Faz Cultura, a Prefeitura de Manaus, por meio do Conselho Municipal de Cultura (Concultura), realizou, na manh\u00e3 deste s\u00e1bado, 28\/2, a 3\u00aa edi\u00e7\u00e3o do projeto \u201cBeirad\u00e3o da Cultura\u201d, na feira modelo da Compensa, na zona Oeste, com intuito de fomentar a identidade cultural manauara. O evento contou com a apresenta\u00e7\u00e3o vibrante do cantor de beirad\u00e3o Adryaninho Star e banda, que trouxe ao p\u00fablico uma mistura de ritmos tradicionais e populares, embalando a comunidade presente.<\/p>\n\n\n\n<p>A a\u00e7\u00e3o \u00e9 fruto da parceria entre o Concultura e a Secretaria Municipal de Agricultura, Abastecimento, Centro e Com\u00e9rcio Informal (Semacc), \u00f3rg\u00e3os da administra\u00e7\u00e3o municipal que t\u00eam investido em iniciativas voltadas para a valoriza\u00e7\u00e3o da cultura local e o fortalecimento dos espa\u00e7os comunit\u00e1rios.<\/p>\n\n\n\n<p>O presidente do Conselho Municipal de Cultura,&nbsp;Tony Medeiros, ressaltou a relev\u00e2ncia da continuidade do projeto e o papel transformador que o \u201cBeirad\u00e3o da Cultura\u201d exerce nos espa\u00e7os comunit\u00e1rios.<\/p>\n\n\n\n<p>\u201cEstamos aqui na feira da Compensa realizando a terceira edi\u00e7\u00e3o do \u2018Beirad\u00e3o da Cultura\u2019 em um espa\u00e7o onde permission\u00e1rios e frequentadores t\u00eam a oportunidade de conhecer a arte e a cultura musical da nossa cidade, enquanto trabalham e adquirem seus produtos. Isso \u00e9 sensacional\u201d, afirmou Tony, destacando que iniciativas como esta aproximam a popula\u00e7\u00e3o da riqueza cultural de Manaus e potencializam a identidade art\u00edstica local.<\/p>\n\n\n\n<p>Eventos como o \u201cBeirad\u00e3o da Cultura\u201d t\u00eam papel fundamental na preserva\u00e7\u00e3o e difus\u00e3o das tradi\u00e7\u00f5es musicais amaz\u00f4nicas. Al\u00e9m de oferecer lazer e entretenimento, fortalecem a identidade cultural da cidade, aproximam artistas da comunidade, criando v\u00ednculos diretos com o p\u00fablico, revitalizam espa\u00e7os p\u00fablicos, como a feira modelo da Compensa, transformando em pontos de encontro cultural e incentivando novos talentos, ao abrir espa\u00e7o para a m\u00fasica regional e suas varia\u00e7\u00f5es.<\/p>\n\n\n\n<p>\u201c\u00c9 muito importante receber o beirad\u00e3o aqui na Compensa, dentro da feira, porque representa um avan\u00e7o na aproxima\u00e7\u00e3o da comunidade com a arte. Que eventos assim aconte\u00e7am mais vezes\u201d, disse o frequentador da feira Fernando Junior, que prestigiou o evento.<\/p>\n\n\n\n<figure class=\"wp-block-image size-large\"><img loading=\"lazy\" decoding=\"async\" width=\"1024\" height=\"682\" src=\"https:\/\/www.manaus.am.gov.br\/semcom\/wp-content\/uploads\/sites\/5\/2026\/02\/Beiradao-da-Cultura-4-1024x682.jpeg\" alt=\"\" class=\"wp-image-253649\" srcset=\"https:\/\/www.manaus.am.gov.br\/semcom\/wp-content\/uploads\/sites\/5\/2026\/02\/Beiradao-da-Cultura-4-1024x682.jpeg 1024w, https:\/\/www.manaus.am.gov.br\/semcom\/wp-content\/uploads\/sites\/5\/2026\/02\/Beiradao-da-Cultura-4-300x200.jpeg 300w, https:\/\/www.manaus.am.gov.br\/semcom\/wp-content\/uploads\/sites\/5\/2026\/02\/Beiradao-da-Cultura-4-768x512.jpeg 768w, https:\/\/www.manaus.am.gov.br\/semcom\/wp-content\/uploads\/sites\/5\/2026\/02\/Beiradao-da-Cultura-4-1536x1023.jpeg 1536w, https:\/\/www.manaus.am.gov.br\/semcom\/wp-content\/uploads\/sites\/5\/2026\/02\/Beiradao-da-Cultura-4.jpeg 1600w\" sizes=\"(max-width: 1024px) 100vw, 1024px\" \/><figcaption class=\"wp-element-caption\">#paratodosverem &#8211; P\u00fablico prestigiando programa\u00e7\u00e3o<\/figcaption><\/figure>\n\n\n\n<p>&#8212; &#8212; &#8212;<\/p>\n\n\n\n<p><strong>Texto&nbsp;<\/strong>\u2013 Saleyna Borges\/Concultura<\/p>\n\n\n\n<p><strong>Fotos&nbsp;<\/strong>\u2013 Cleuton Mendon\u00e7a\/Concultura<\/p>\n","protected":false},"excerpt":{"rendered":"","protected":false},"author":39,"featured_media":253650,"comment_status":"closed","ping_status":"closed","sticky":false,"template":"","format":"standard","meta":{"footnotes":""},"categories":[530],"tags":[19574,695,12399,77,7069],"acf":[],"yoast_head":"<!-- This site is optimized with the Yoast SEO plugin v23.0 - https:\/\/yoast.com\/wordpress\/plugins\/seo\/ -->\n<title>\u2018Beirad\u00e3o da Cultura\u2019 movimenta a feira modelo da Compensa<\/title>\n<meta name=\"description\" content=\"Terceira edi\u00e7\u00e3o do \u2018Beirad\u00e3o da Cultura\u2019 da Prefeitura de Manaus, por meio do Concultura, movimenta a feira modelo da Compensa.\" \/>\n<meta name=\"robots\" content=\"index, follow, max-snippet:-1, max-image-preview:large, max-video-preview:-1\" \/>\n<link rel=\"canonical\" href=\"https:\/\/www.manaus.am.gov.br\/semcom\/beiradao-da-cultura-feira-modelo-da-compensa\/\" \/>\n<meta property=\"og:locale\" content=\"pt_BR\" \/>\n<meta property=\"og:type\" content=\"article\" \/>\n<meta property=\"og:title\" content=\"\u2018Beirad\u00e3o da Cultura\u2019 movimenta a feira modelo da Compensa\" \/>\n<meta property=\"og:description\" content=\"Terceira edi\u00e7\u00e3o do \u2018Beirad\u00e3o da Cultura\u2019 da Prefeitura de Manaus, por meio do Concultura, movimenta a feira modelo da Compensa.\" \/>\n<meta property=\"og:url\" content=\"https:\/\/www.manaus.am.gov.br\/semcom\/beiradao-da-cultura-feira-modelo-da-compensa\/\" \/>\n<meta property=\"og:site_name\" content=\"SEMCOM\" \/>\n<meta property=\"article:published_time\" content=\"2026-02-28T20:08:24+00:00\" \/>\n<meta property=\"article:modified_time\" content=\"2026-02-28T20:08:44+00:00\" \/>\n<meta property=\"og:image\" content=\"https:\/\/www.manaus.am.gov.br\/semcom\/wp-content\/uploads\/sites\/5\/2026\/02\/WhatsApp-Image-2026-02-28-at-16.02.47-5.jpeg\" \/>\n\t<meta property=\"og:image:width\" content=\"1600\" \/>\n\t<meta property=\"og:image:height\" content=\"1066\" \/>\n\t<meta property=\"og:image:type\" content=\"image\/jpeg\" \/>\n<meta name=\"author\" content=\"Bruna Greco\" \/>\n<meta name=\"twitter:card\" content=\"summary_large_image\" \/>\n<meta name=\"twitter:label1\" content=\"Written by\" \/>\n\t<meta name=\"twitter:data1\" content=\"Bruna Greco\" \/>\n\t<meta name=\"twitter:label2\" content=\"Est. reading time\" \/>\n\t<meta name=\"twitter:data2\" content=\"3 minutos\" \/>\n<script type=\"application\/ld+json\" class=\"yoast-schema-graph\">{\"@context\":\"https:\/\/schema.org\",\"@graph\":[{\"@type\":\"WebPage\",\"@id\":\"https:\/\/www.manaus.am.gov.br\/semcom\/beiradao-da-cultura-feira-modelo-da-compensa\/\",\"url\":\"https:\/\/www.manaus.am.gov.br\/semcom\/beiradao-da-cultura-feira-modelo-da-compensa\/\",\"name\":\"\u2018Beirad\u00e3o da Cultura\u2019 movimenta a feira modelo da Compensa\",\"isPartOf\":{\"@id\":\"https:\/\/www.manaus.am.gov.br\/semcom\/#website\"},\"primaryImageOfPage\":{\"@id\":\"https:\/\/www.manaus.am.gov.br\/semcom\/beiradao-da-cultura-feira-modelo-da-compensa\/#primaryimage\"},\"image\":{\"@id\":\"https:\/\/www.manaus.am.gov.br\/semcom\/beiradao-da-cultura-feira-modelo-da-compensa\/#primaryimage\"},\"thumbnailUrl\":\"https:\/\/www.manaus.am.gov.br\/semcom\/wp-content\/uploads\/sites\/5\/2026\/02\/WhatsApp-Image-2026-02-28-at-16.02.47-5.jpeg\",\"datePublished\":\"2026-02-28T20:08:24+00:00\",\"dateModified\":\"2026-02-28T20:08:44+00:00\",\"author\":{\"@id\":\"https:\/\/www.manaus.am.gov.br\/semcom\/#\/schema\/person\/05d223aea2bf115f9883a6ff3683d81b\"},\"description\":\"Terceira edi\u00e7\u00e3o do \u2018Beirad\u00e3o da Cultura\u2019 da Prefeitura de Manaus, por meio do Concultura, movimenta a feira modelo da Compensa.\",\"inLanguage\":\"pt-BR\",\"potentialAction\":[{\"@type\":\"ReadAction\",\"target\":[\"https:\/\/www.manaus.am.gov.br\/semcom\/beiradao-da-cultura-feira-modelo-da-compensa\/\"]}]},{\"@type\":\"ImageObject\",\"inLanguage\":\"pt-BR\",\"@id\":\"https:\/\/www.manaus.am.gov.br\/semcom\/beiradao-da-cultura-feira-modelo-da-compensa\/#primaryimage\",\"url\":\"https:\/\/www.manaus.am.gov.br\/semcom\/wp-content\/uploads\/sites\/5\/2026\/02\/WhatsApp-Image-2026-02-28-at-16.02.47-5.jpeg\",\"contentUrl\":\"https:\/\/www.manaus.am.gov.br\/semcom\/wp-content\/uploads\/sites\/5\/2026\/02\/WhatsApp-Image-2026-02-28-at-16.02.47-5.jpeg\",\"width\":1600,\"height\":1066,\"caption\":\"#paratodosverem - Cantor de beirad\u00e3o Adryaninho Star e banda se apresentando na feira modelo da Compensa durante a terceira edi\u00e7\u00e3o do \\\"Beirad\u00e3o da Cultura\\\"\"},{\"@type\":\"WebSite\",\"@id\":\"https:\/\/www.manaus.am.gov.br\/semcom\/#website\",\"url\":\"https:\/\/www.manaus.am.gov.br\/semcom\/\",\"name\":\"SEMCOM\",\"description\":\"Secretaria Municipal de Comunica\u00e7\u00e3o\",\"potentialAction\":[{\"@type\":\"SearchAction\",\"target\":{\"@type\":\"EntryPoint\",\"urlTemplate\":\"https:\/\/www.manaus.am.gov.br\/semcom\/?s={search_term_string}\"},\"query-input\":\"required name=search_term_string\"}],\"inLanguage\":\"pt-BR\"},{\"@type\":\"Person\",\"@id\":\"https:\/\/www.manaus.am.gov.br\/semcom\/#\/schema\/person\/05d223aea2bf115f9883a6ff3683d81b\",\"name\":\"Bruna Greco\",\"image\":{\"@type\":\"ImageObject\",\"inLanguage\":\"pt-BR\",\"@id\":\"https:\/\/www.manaus.am.gov.br\/semcom\/#\/schema\/person\/image\/\",\"url\":\"https:\/\/secure.gravatar.com\/avatar\/9c877d1a6adc2a055330e5c09a8653ce?s=96&d=mm&r=g\",\"contentUrl\":\"https:\/\/secure.gravatar.com\/avatar\/9c877d1a6adc2a055330e5c09a8653ce?s=96&d=mm&r=g\",\"caption\":\"Bruna Greco\"}}]}<\/script>\n<!-- \/ Yoast SEO plugin. -->","yoast_head_json":{"title":"\u2018Beirad\u00e3o da Cultura\u2019 movimenta a feira modelo da Compensa","description":"Terceira edi\u00e7\u00e3o do \u2018Beirad\u00e3o da Cultura\u2019 da Prefeitura de Manaus, por meio do Concultura, movimenta a feira modelo da Compensa.","robots":{"index":"index","follow":"follow","max-snippet":"max-snippet:-1","max-image-preview":"max-image-preview:large","max-video-preview":"max-video-preview:-1"},"canonical":"https:\/\/www.manaus.am.gov.br\/semcom\/beiradao-da-cultura-feira-modelo-da-compensa\/","og_locale":"pt_BR","og_type":"article","og_title":"\u2018Beirad\u00e3o da Cultura\u2019 movimenta a feira modelo da Compensa","og_description":"Terceira edi\u00e7\u00e3o do \u2018Beirad\u00e3o da Cultura\u2019 da Prefeitura de Manaus, por meio do Concultura, movimenta a feira modelo da Compensa.","og_url":"https:\/\/www.manaus.am.gov.br\/semcom\/beiradao-da-cultura-feira-modelo-da-compensa\/","og_site_name":"SEMCOM","article_published_time":"2026-02-28T20:08:24+00:00","article_modified_time":"2026-02-28T20:08:44+00:00","og_image":[{"width":1600,"height":1066,"url":"https:\/\/www.manaus.am.gov.br\/semcom\/wp-content\/uploads\/sites\/5\/2026\/02\/WhatsApp-Image-2026-02-28-at-16.02.47-5.jpeg","type":"image\/jpeg"}],"author":"Bruna Greco","twitter_card":"summary_large_image","twitter_misc":{"Written by":"Bruna Greco","Est. reading time":"3 minutos"},"schema":{"@context":"https:\/\/schema.org","@graph":[{"@type":"WebPage","@id":"https:\/\/www.manaus.am.gov.br\/semcom\/beiradao-da-cultura-feira-modelo-da-compensa\/","url":"https:\/\/www.manaus.am.gov.br\/semcom\/beiradao-da-cultura-feira-modelo-da-compensa\/","name":"\u2018Beirad\u00e3o da Cultura\u2019 movimenta a feira modelo da Compensa","isPartOf":{"@id":"https:\/\/www.manaus.am.gov.br\/semcom\/#website"},"primaryImageOfPage":{"@id":"https:\/\/www.manaus.am.gov.br\/semcom\/beiradao-da-cultura-feira-modelo-da-compensa\/#primaryimage"},"image":{"@id":"https:\/\/www.manaus.am.gov.br\/semcom\/beiradao-da-cultura-feira-modelo-da-compensa\/#primaryimage"},"thumbnailUrl":"https:\/\/www.manaus.am.gov.br\/semcom\/wp-content\/uploads\/sites\/5\/2026\/02\/WhatsApp-Image-2026-02-28-at-16.02.47-5.jpeg","datePublished":"2026-02-28T20:08:24+00:00","dateModified":"2026-02-28T20:08:44+00:00","author":{"@id":"https:\/\/www.manaus.am.gov.br\/semcom\/#\/schema\/person\/05d223aea2bf115f9883a6ff3683d81b"},"description":"Terceira edi\u00e7\u00e3o do \u2018Beirad\u00e3o da Cultura\u2019 da Prefeitura de Manaus, por meio do Concultura, movimenta a feira modelo da Compensa.","inLanguage":"pt-BR","potentialAction":[{"@type":"ReadAction","target":["https:\/\/www.manaus.am.gov.br\/semcom\/beiradao-da-cultura-feira-modelo-da-compensa\/"]}]},{"@type":"ImageObject","inLanguage":"pt-BR","@id":"https:\/\/www.manaus.am.gov.br\/semcom\/beiradao-da-cultura-feira-modelo-da-compensa\/#primaryimage","url":"https:\/\/www.manaus.am.gov.br\/semcom\/wp-content\/uploads\/sites\/5\/2026\/02\/WhatsApp-Image-2026-02-28-at-16.02.47-5.jpeg","contentUrl":"https:\/\/www.manaus.am.gov.br\/semcom\/wp-content\/uploads\/sites\/5\/2026\/02\/WhatsApp-Image-2026-02-28-at-16.02.47-5.jpeg","width":1600,"height":1066,"caption":"#paratodosverem - Cantor de beirad\u00e3o Adryaninho Star e banda se apresentando na feira modelo da Compensa durante a terceira edi\u00e7\u00e3o do \"Beirad\u00e3o da Cultura\""},{"@type":"WebSite","@id":"https:\/\/www.manaus.am.gov.br\/semcom\/#website","url":"https:\/\/www.manaus.am.gov.br\/semcom\/","name":"SEMCOM","description":"Secretaria Municipal de Comunica\u00e7\u00e3o","potentialAction":[{"@type":"SearchAction","target":{"@type":"EntryPoint","urlTemplate":"https:\/\/www.manaus.am.gov.br\/semcom\/?s={search_term_string}"},"query-input":"required name=search_term_string"}],"inLanguage":"pt-BR"},{"@type":"Person","@id":"https:\/\/www.manaus.am.gov.br\/semcom\/#\/schema\/person\/05d223aea2bf115f9883a6ff3683d81b","name":"Bruna Greco","image":{"@type":"ImageObject","inLanguage":"pt-BR","@id":"https:\/\/www.manaus.am.gov.br\/semcom\/#\/schema\/person\/image\/","url":"https:\/\/secure.gravatar.com\/avatar\/9c877d1a6adc2a055330e5c09a8653ce?s=96&d=mm&r=g","contentUrl":"https:\/\/secure.gravatar.com\/avatar\/9c877d1a6adc2a055330e5c09a8653ce?s=96&d=mm&r=g","caption":"Bruna Greco"}}]}},"_links":{"self":[{"href":"https:\/\/www.manaus.am.gov.br\/semcom\/wp-json\/wp\/v2\/posts\/253648"}],"collection":[{"href":"https:\/\/www.manaus.am.gov.br\/semcom\/wp-json\/wp\/v2\/posts"}],"about":[{"href":"https:\/\/www.manaus.am.gov.br\/semcom\/wp-json\/wp\/v2\/types\/post"}],"author":[{"embeddable":true,"href":"https:\/\/www.manaus.am.gov.br\/semcom\/wp-json\/wp\/v2\/users\/39"}],"replies":[{"embeddable":true,"href":"https:\/\/www.manaus.am.gov.br\/semcom\/wp-json\/wp\/v2\/comments?post=253648"}],"version-history":[{"count":3,"href":"https:\/\/www.manaus.am.gov.br\/semcom\/wp-json\/wp\/v2\/posts\/253648\/revisions"}],"predecessor-version":[{"id":253653,"href":"https:\/\/www.manaus.am.gov.br\/semcom\/wp-json\/wp\/v2\/posts\/253648\/revisions\/253653"}],"wp:featuredmedia":[{"embeddable":true,"href":"https:\/\/www.manaus.am.gov.br\/semcom\/wp-json\/wp\/v2\/media\/253650"}],"wp:attachment":[{"href":"https:\/\/www.manaus.am.gov.br\/semcom\/wp-json\/wp\/v2\/media?parent=253648"}],"wp:term":[{"taxonomy":"category","embeddable":true,"href":"https:\/\/www.manaus.am.gov.br\/semcom\/wp-json\/wp\/v2\/categories?post=253648"},{"taxonomy":"post_tag","embeddable":true,"href":"https:\/\/www.manaus.am.gov.br\/semcom\/wp-json\/wp\/v2\/tags?post=253648"}],"curies":[{"name":"wp","href":"https:\/\/api.w.org\/{rel}","templated":true}]}}