{"id":253615,"date":"2026-02-27T17:15:08","date_gmt":"2026-02-27T21:15:08","guid":{"rendered":"https:\/\/www.manaus.am.gov.br\/semcom\/projeto-matriciamento-maternidades-tocantins\/"},"modified":"2026-03-02T14:06:07","modified_gmt":"2026-03-02T17:06:07","slug":"projeto-moura-tapajoz-matriciamento-maternidades-tocantins","status":"publish","type":"post","link":"https:\/\/www.manaus.am.gov.br\/semcom\/projeto-moura-tapajoz-matriciamento-maternidades-tocantins\/","title":{"rendered":"Moura Tapaj\u00f3z realiza projeto de\u00a0matriciamento de\u00a0maternidades de Tocantins"},"content":{"rendered":"\n<p>A Maternidade Dr. Moura Tapaj\u00f3z (MMT), da <a href=\"https:\/\/www.manaus.am.gov.br\/\">Prefeitura de Manaus<\/a>, por meio do projeto \u201cQualifica\u00e7\u00e3o do Modelo de Gest\u00e3o e Aten\u00e7\u00e3o em Maternidades Estrat\u00e9gicas da Rede Alyne\u201d, do Minist\u00e9rio da Sa\u00fade, realizou, na quinta-feira, 26\/2, o matriciamento de duas maternidades do estado de Tocantins, o Hospital Dom Orione e o Hospital e Maternidade Dona Regina Siqueira Campos. O encontro, via teleconfer\u00eancia, teve como objetivo primordial a qualifica\u00e7\u00e3o das pr\u00e1ticas de contato pele a pele das maternidades tocantinenses.<\/p>\n\n\n\n<p>A iniciativa foi motivada pelo desempenho institucional acima da m\u00e9dia que a Moura Tapaj\u00f3z vem apresentando nesse indicador espec\u00edfico, tendo alcan\u00e7ado a marca de 88% de realiza\u00e7\u00e3o de contato pele a pele na primeira hora de vida, considerando todos os partos ocorridos no ano de 2025.<\/p>\n\n\n\n<p>De acordo com o Minist\u00e9rio da Sa\u00fade, o contato pele a pele entre m\u00e3e e beb\u00ea iniciado imediatamente ap\u00f3s o nascimento, tem se mostrado uma pr\u00e1tica extremamente ben\u00e9fica e eficaz, especialmente importante no caso de beb\u00eas prematuros.<\/p>\n\n\n\n<p>\u201cEssa pr\u00e1tica contribui para incentivar o in\u00edcio e manuten\u00e7\u00e3o da amamenta\u00e7\u00e3o; favorece a estabiliza\u00e7\u00e3o de par\u00e2metros vitais logo ap\u00f3s o nascimento, como frequ\u00eancia card\u00edaca e glicemia; e ainda auxilia no estabelecimento de uma microbiota saud\u00e1vel\u201d, explicou a diretora da Moura Tapaj\u00f3z, enfermeira obstetra N\u00fabia Pereira da Cruz.<\/p>\n\n\n\n<p>A presidente do Comit\u00ea Hospitalar de Aleitamento Materno da Maternidade Moura Tapaj\u00f3z, m\u00e9dica neonatologista Briza Rocha, destacou o trabalho \u00e1rduo de capacita\u00e7\u00e3o e sensibiliza\u00e7\u00e3o que vem sendo realizado pelo comit\u00ea desde sua cria\u00e7\u00e3o, h\u00e1 menos de dois anos, e que j\u00e1 apresentou resultados positivos nos indicadores de 2025.<\/p>\n\n\n\n<p>\u201cO fortalecimento do nosso comit\u00ea nos permitiu criar e verdadeiramente conseguir institucionalizar fluxos e protocolos que j\u00e1 geraram um impacto muito positivo nos nossos indicadores sobre o contato pele a pele e ficamos muito felizes em poder participar dessa troca e relatar tudo que fizemos para chegar at\u00e9 aqui\u201d, disse a m\u00e9dica.<\/p>\n\n\n\n<p>A enfermeira Dione Fonseca ressaltou algumas das estrat\u00e9gias desenvolvidas pela equipe para viabilizar o contato pele a pele na Moura Tapaj\u00f3z, especialmente em partos cir\u00fargicos. \u201cOs partos cir\u00fargicos, por exemplo, mais conhecidos como cirurgias cesarianas, s\u00e3o os partos em que a equipe encontra mais barreiras para realizar o contato pele a pele. Ent\u00e3o, por essa raz\u00e3o, desenvolvemos um campo fenestrado com janela, criado especialmente para facilitar a passagem do rec\u00e9m-nascido direto para o colo da m\u00e3e durante a cesariana e permitir que essas m\u00e3es tamb\u00e9m possam ter essa experi\u00eancia\u201d, explicou Dione.<\/p>\n\n\n\n<p>N\u00fabia Cruz ressaltou a import\u00e2ncia do compartilhamento de experi\u00eancias e da oportunidade de levar conhecimento t\u00e9cnico da Moura Tapaj\u00f3z a outras unidades do Brasil. \u201cNosso objetivo sempre \u00e9 de fortalecer as pr\u00e1ticas assistenciais, estimular a troca de experi\u00eancias e promover a qualifica\u00e7\u00e3o cont\u00ednua do cuidado materno-infantil, seja aqui ou em outro estado do pa\u00eds, pois, dessa forma, todos sa\u00edmos ganhando\u201d, concluiu a diretora.<\/p>\n\n\n\n<figure class=\"wp-block-image size-large\"><img loading=\"lazy\" decoding=\"async\" width=\"1024\" height=\"799\" src=\"https:\/\/www.manaus.am.gov.br\/semcom\/wp-content\/uploads\/sites\/5\/2026\/02\/WhatsApp-Image-2026-02-27-at-15.18.40-1-e1772226725576-1024x799.jpeg\" alt=\"\" class=\"wp-image-253616\" srcset=\"https:\/\/www.manaus.am.gov.br\/semcom\/wp-content\/uploads\/sites\/5\/2026\/02\/WhatsApp-Image-2026-02-27-at-15.18.40-1-e1772226725576-1024x799.jpeg 1024w, https:\/\/www.manaus.am.gov.br\/semcom\/wp-content\/uploads\/sites\/5\/2026\/02\/WhatsApp-Image-2026-02-27-at-15.18.40-1-e1772226725576-300x234.jpeg 300w, https:\/\/www.manaus.am.gov.br\/semcom\/wp-content\/uploads\/sites\/5\/2026\/02\/WhatsApp-Image-2026-02-27-at-15.18.40-1-e1772226725576-768x599.jpeg 768w, https:\/\/www.manaus.am.gov.br\/semcom\/wp-content\/uploads\/sites\/5\/2026\/02\/WhatsApp-Image-2026-02-27-at-15.18.40-1-e1772226725576.jpeg 1200w\" sizes=\"(max-width: 1024px) 100vw, 1024px\" \/><figcaption class=\"wp-element-caption\">#paratodosverem &#8211; Equipe da maternidade Moura Tapaj\u00f3z<\/figcaption><\/figure>\n\n\n\n<p>&#8212; &#8212; &#8212;<\/p>\n\n\n\n<p><strong>Texto &#8211;<\/strong>&nbsp;Marcella Normando\/Semsa<br><strong>Fotos &#8211;<\/strong>&nbsp;Divulga\u00e7\u00e3o\/Semsa<\/p>\n","protected":false},"excerpt":{"rendered":"","protected":false},"author":39,"featured_media":253617,"comment_status":"closed","ping_status":"closed","sticky":false,"template":"","format":"standard","meta":{"footnotes":""},"categories":[51],"tags":[752,19555,77,19556,162],"acf":[],"yoast_head":"<!-- This site is optimized with the Yoast SEO plugin v23.0 - https:\/\/yoast.com\/wordpress\/plugins\/seo\/ -->\n<title>Moura Tapaj\u00f3z realiza projeto de matriciamento de maternidades de Tocantins<\/title>\n<meta name=\"description\" content=\"Maternidade Moura Tapaj\u00f3z, da Prefeitura de Manaus, realiza projeto de matriciamento de maternidades de Tocantins\" \/>\n<meta name=\"robots\" content=\"index, follow, max-snippet:-1, max-image-preview:large, max-video-preview:-1\" \/>\n<link rel=\"canonical\" href=\"https:\/\/www.manaus.am.gov.br\/semcom\/projeto-matriciamento-maternidades-tocantins\/\" \/>\n<meta property=\"og:locale\" content=\"pt_BR\" \/>\n<meta property=\"og:type\" content=\"article\" \/>\n<meta property=\"og:title\" content=\"Moura Tapaj\u00f3z realiza projeto de matriciamento de maternidades de Tocantins\" \/>\n<meta property=\"og:description\" content=\"Maternidade Moura Tapaj\u00f3z, da Prefeitura de Manaus, realiza projeto de matriciamento de maternidades de Tocantins\" \/>\n<meta property=\"og:url\" content=\"https:\/\/www.manaus.am.gov.br\/semcom\/projeto-matriciamento-maternidades-tocantins\/\" \/>\n<meta property=\"og:site_name\" content=\"SEMCOM\" \/>\n<meta property=\"article:published_time\" content=\"2026-02-27T21:15:08+00:00\" \/>\n<meta property=\"article:modified_time\" content=\"2026-03-02T17:06:07+00:00\" \/>\n<meta property=\"og:image\" content=\"https:\/\/www.manaus.am.gov.br\/semcom\/wp-content\/uploads\/sites\/5\/2026\/02\/WhatsApp-Image-2026-02-27-at-15.18.41.jpeg\" \/>\n\t<meta property=\"og:image:width\" content=\"1600\" \/>\n\t<meta property=\"og:image:height\" content=\"1200\" \/>\n\t<meta property=\"og:image:type\" content=\"image\/jpeg\" \/>\n<meta name=\"author\" content=\"Bruna Greco\" \/>\n<meta name=\"twitter:card\" content=\"summary_large_image\" \/>\n<meta name=\"twitter:label1\" content=\"Written by\" \/>\n\t<meta name=\"twitter:data1\" content=\"Bruna Greco\" \/>\n\t<meta name=\"twitter:label2\" content=\"Est. reading time\" \/>\n\t<meta name=\"twitter:data2\" content=\"4 minutos\" \/>\n<script type=\"application\/ld+json\" class=\"yoast-schema-graph\">{\"@context\":\"https:\/\/schema.org\",\"@graph\":[{\"@type\":\"WebPage\",\"@id\":\"https:\/\/www.manaus.am.gov.br\/semcom\/projeto-matriciamento-maternidades-tocantins\/\",\"url\":\"https:\/\/www.manaus.am.gov.br\/semcom\/projeto-matriciamento-maternidades-tocantins\/\",\"name\":\"Moura Tapaj\u00f3z realiza projeto de matriciamento de maternidades de Tocantins\",\"isPartOf\":{\"@id\":\"https:\/\/www.manaus.am.gov.br\/semcom\/#website\"},\"primaryImageOfPage\":{\"@id\":\"https:\/\/www.manaus.am.gov.br\/semcom\/projeto-matriciamento-maternidades-tocantins\/#primaryimage\"},\"image\":{\"@id\":\"https:\/\/www.manaus.am.gov.br\/semcom\/projeto-matriciamento-maternidades-tocantins\/#primaryimage\"},\"thumbnailUrl\":\"https:\/\/www.manaus.am.gov.br\/semcom\/wp-content\/uploads\/sites\/5\/2026\/02\/WhatsApp-Image-2026-02-27-at-15.18.41.jpeg\",\"datePublished\":\"2026-02-27T21:15:08+00:00\",\"dateModified\":\"2026-03-02T17:06:07+00:00\",\"author\":{\"@id\":\"https:\/\/www.manaus.am.gov.br\/semcom\/#\/schema\/person\/05d223aea2bf115f9883a6ff3683d81b\"},\"description\":\"Maternidade Moura Tapaj\u00f3z, da Prefeitura de Manaus, realiza projeto de matriciamento de maternidades de Tocantins\",\"inLanguage\":\"pt-BR\",\"potentialAction\":[{\"@type\":\"ReadAction\",\"target\":[\"https:\/\/www.manaus.am.gov.br\/semcom\/projeto-matriciamento-maternidades-tocantins\/\"]}]},{\"@type\":\"ImageObject\",\"inLanguage\":\"pt-BR\",\"@id\":\"https:\/\/www.manaus.am.gov.br\/semcom\/projeto-matriciamento-maternidades-tocantins\/#primaryimage\",\"url\":\"https:\/\/www.manaus.am.gov.br\/semcom\/wp-content\/uploads\/sites\/5\/2026\/02\/WhatsApp-Image-2026-02-27-at-15.18.41.jpeg\",\"contentUrl\":\"https:\/\/www.manaus.am.gov.br\/semcom\/wp-content\/uploads\/sites\/5\/2026\/02\/WhatsApp-Image-2026-02-27-at-15.18.41.jpeg\",\"width\":1600,\"height\":1200,\"caption\":\"#paratodosverem - Representante da maternidade Moura Tapajoz participando de teleconfer\u00eancia do projeto de matriciamento de maternidades de Tocantins\"},{\"@type\":\"WebSite\",\"@id\":\"https:\/\/www.manaus.am.gov.br\/semcom\/#website\",\"url\":\"https:\/\/www.manaus.am.gov.br\/semcom\/\",\"name\":\"SEMCOM\",\"description\":\"Secretaria Municipal de Comunica\u00e7\u00e3o\",\"potentialAction\":[{\"@type\":\"SearchAction\",\"target\":{\"@type\":\"EntryPoint\",\"urlTemplate\":\"https:\/\/www.manaus.am.gov.br\/semcom\/?s={search_term_string}\"},\"query-input\":\"required name=search_term_string\"}],\"inLanguage\":\"pt-BR\"},{\"@type\":\"Person\",\"@id\":\"https:\/\/www.manaus.am.gov.br\/semcom\/#\/schema\/person\/05d223aea2bf115f9883a6ff3683d81b\",\"name\":\"Bruna Greco\",\"image\":{\"@type\":\"ImageObject\",\"inLanguage\":\"pt-BR\",\"@id\":\"https:\/\/www.manaus.am.gov.br\/semcom\/#\/schema\/person\/image\/\",\"url\":\"https:\/\/secure.gravatar.com\/avatar\/9c877d1a6adc2a055330e5c09a8653ce?s=96&d=mm&r=g\",\"contentUrl\":\"https:\/\/secure.gravatar.com\/avatar\/9c877d1a6adc2a055330e5c09a8653ce?s=96&d=mm&r=g\",\"caption\":\"Bruna Greco\"}}]}<\/script>\n<!-- \/ Yoast SEO plugin. -->","yoast_head_json":{"title":"Moura Tapaj\u00f3z realiza projeto de matriciamento de maternidades de Tocantins","description":"Maternidade Moura Tapaj\u00f3z, da Prefeitura de Manaus, realiza projeto de matriciamento de maternidades de Tocantins","robots":{"index":"index","follow":"follow","max-snippet":"max-snippet:-1","max-image-preview":"max-image-preview:large","max-video-preview":"max-video-preview:-1"},"canonical":"https:\/\/www.manaus.am.gov.br\/semcom\/projeto-matriciamento-maternidades-tocantins\/","og_locale":"pt_BR","og_type":"article","og_title":"Moura Tapaj\u00f3z realiza projeto de matriciamento de maternidades de Tocantins","og_description":"Maternidade Moura Tapaj\u00f3z, da Prefeitura de Manaus, realiza projeto de matriciamento de maternidades de Tocantins","og_url":"https:\/\/www.manaus.am.gov.br\/semcom\/projeto-matriciamento-maternidades-tocantins\/","og_site_name":"SEMCOM","article_published_time":"2026-02-27T21:15:08+00:00","article_modified_time":"2026-03-02T17:06:07+00:00","og_image":[{"width":1600,"height":1200,"url":"https:\/\/www.manaus.am.gov.br\/semcom\/wp-content\/uploads\/sites\/5\/2026\/02\/WhatsApp-Image-2026-02-27-at-15.18.41.jpeg","type":"image\/jpeg"}],"author":"Bruna Greco","twitter_card":"summary_large_image","twitter_misc":{"Written by":"Bruna Greco","Est. reading time":"4 minutos"},"schema":{"@context":"https:\/\/schema.org","@graph":[{"@type":"WebPage","@id":"https:\/\/www.manaus.am.gov.br\/semcom\/projeto-matriciamento-maternidades-tocantins\/","url":"https:\/\/www.manaus.am.gov.br\/semcom\/projeto-matriciamento-maternidades-tocantins\/","name":"Moura Tapaj\u00f3z realiza projeto de matriciamento de maternidades de Tocantins","isPartOf":{"@id":"https:\/\/www.manaus.am.gov.br\/semcom\/#website"},"primaryImageOfPage":{"@id":"https:\/\/www.manaus.am.gov.br\/semcom\/projeto-matriciamento-maternidades-tocantins\/#primaryimage"},"image":{"@id":"https:\/\/www.manaus.am.gov.br\/semcom\/projeto-matriciamento-maternidades-tocantins\/#primaryimage"},"thumbnailUrl":"https:\/\/www.manaus.am.gov.br\/semcom\/wp-content\/uploads\/sites\/5\/2026\/02\/WhatsApp-Image-2026-02-27-at-15.18.41.jpeg","datePublished":"2026-02-27T21:15:08+00:00","dateModified":"2026-03-02T17:06:07+00:00","author":{"@id":"https:\/\/www.manaus.am.gov.br\/semcom\/#\/schema\/person\/05d223aea2bf115f9883a6ff3683d81b"},"description":"Maternidade Moura Tapaj\u00f3z, da Prefeitura de Manaus, realiza projeto de matriciamento de maternidades de Tocantins","inLanguage":"pt-BR","potentialAction":[{"@type":"ReadAction","target":["https:\/\/www.manaus.am.gov.br\/semcom\/projeto-matriciamento-maternidades-tocantins\/"]}]},{"@type":"ImageObject","inLanguage":"pt-BR","@id":"https:\/\/www.manaus.am.gov.br\/semcom\/projeto-matriciamento-maternidades-tocantins\/#primaryimage","url":"https:\/\/www.manaus.am.gov.br\/semcom\/wp-content\/uploads\/sites\/5\/2026\/02\/WhatsApp-Image-2026-02-27-at-15.18.41.jpeg","contentUrl":"https:\/\/www.manaus.am.gov.br\/semcom\/wp-content\/uploads\/sites\/5\/2026\/02\/WhatsApp-Image-2026-02-27-at-15.18.41.jpeg","width":1600,"height":1200,"caption":"#paratodosverem - Representante da maternidade Moura Tapajoz participando de teleconfer\u00eancia do projeto de matriciamento de maternidades de Tocantins"},{"@type":"WebSite","@id":"https:\/\/www.manaus.am.gov.br\/semcom\/#website","url":"https:\/\/www.manaus.am.gov.br\/semcom\/","name":"SEMCOM","description":"Secretaria Municipal de Comunica\u00e7\u00e3o","potentialAction":[{"@type":"SearchAction","target":{"@type":"EntryPoint","urlTemplate":"https:\/\/www.manaus.am.gov.br\/semcom\/?s={search_term_string}"},"query-input":"required name=search_term_string"}],"inLanguage":"pt-BR"},{"@type":"Person","@id":"https:\/\/www.manaus.am.gov.br\/semcom\/#\/schema\/person\/05d223aea2bf115f9883a6ff3683d81b","name":"Bruna Greco","image":{"@type":"ImageObject","inLanguage":"pt-BR","@id":"https:\/\/www.manaus.am.gov.br\/semcom\/#\/schema\/person\/image\/","url":"https:\/\/secure.gravatar.com\/avatar\/9c877d1a6adc2a055330e5c09a8653ce?s=96&d=mm&r=g","contentUrl":"https:\/\/secure.gravatar.com\/avatar\/9c877d1a6adc2a055330e5c09a8653ce?s=96&d=mm&r=g","caption":"Bruna Greco"}}]}},"_links":{"self":[{"href":"https:\/\/www.manaus.am.gov.br\/semcom\/wp-json\/wp\/v2\/posts\/253615"}],"collection":[{"href":"https:\/\/www.manaus.am.gov.br\/semcom\/wp-json\/wp\/v2\/posts"}],"about":[{"href":"https:\/\/www.manaus.am.gov.br\/semcom\/wp-json\/wp\/v2\/types\/post"}],"author":[{"embeddable":true,"href":"https:\/\/www.manaus.am.gov.br\/semcom\/wp-json\/wp\/v2\/users\/39"}],"replies":[{"embeddable":true,"href":"https:\/\/www.manaus.am.gov.br\/semcom\/wp-json\/wp\/v2\/comments?post=253615"}],"version-history":[{"count":3,"href":"https:\/\/www.manaus.am.gov.br\/semcom\/wp-json\/wp\/v2\/posts\/253615\/revisions"}],"predecessor-version":[{"id":253688,"href":"https:\/\/www.manaus.am.gov.br\/semcom\/wp-json\/wp\/v2\/posts\/253615\/revisions\/253688"}],"wp:featuredmedia":[{"embeddable":true,"href":"https:\/\/www.manaus.am.gov.br\/semcom\/wp-json\/wp\/v2\/media\/253617"}],"wp:attachment":[{"href":"https:\/\/www.manaus.am.gov.br\/semcom\/wp-json\/wp\/v2\/media?parent=253615"}],"wp:term":[{"taxonomy":"category","embeddable":true,"href":"https:\/\/www.manaus.am.gov.br\/semcom\/wp-json\/wp\/v2\/categories?post=253615"},{"taxonomy":"post_tag","embeddable":true,"href":"https:\/\/www.manaus.am.gov.br\/semcom\/wp-json\/wp\/v2\/tags?post=253615"}],"curies":[{"name":"wp","href":"https:\/\/api.w.org\/{rel}","templated":true}]}}